{"id":1620,"date":"2016-07-04T06:54:14","date_gmt":"2016-07-04T06:54:14","guid":{"rendered":"http:\/\/www.datecuenta.org\/escuelalibre\/?p=1620"},"modified":"2016-08-30T16:00:40","modified_gmt":"2016-08-30T16:00:40","slug":"patricia-bobillo-premio-datecuenta","status":"publish","type":"post","link":"https:\/\/www.datecuenta.org\/escuelalibre\/patricia-bobillo-premio-datecuenta\/","title":{"rendered":"Premio DateCuenta de Fotoperiodismo 2016: \u00abLas mujeres dan vida y son claves en los procesos de paz\u00bb"},"content":{"rendered":"<h2><iframe loading=\"lazy\" src=\"https:\/\/player.vimeo.com\/video\/173317312?portrait=0\" width=\"640\" height=\"360\" frameborder=\"0\" allowfullscreen=\"allowfullscreen\"><\/iframe><\/h2>\n<h2><span style=\"color: #ff6600;\">Patricia Bobillo, fot\u00f3grafa y auxiliar de enfermer\u00eda, gana el Premio DateCuenta de Fotoperiodismo 2016<\/span><\/h2>\n<h3><span style=\"color: #ff6600;\">\u00abMaternidad, en <strong>Tshiluba Nzubu wa balele\u00bb <\/strong>es una mirada fugaz a la manera de ser madre de las mujeres africanas<\/span><\/h3>\n<p><strong><span style=\"color: #ff6600;\">Por AITOR FERN\u00c1NDEZ | <a style=\"color: #ff6600;\" href=\"http:\/\/www.twitter.com\/aitorfe\" rel=\"no follow\">@aitorfe<\/a><\/span><\/strong><\/p>\n<p>Cuando Patricia Bobillo Rodr\u00edguez (Barcelona, 1977) estudiaba auxiliar de enfermer\u00eda, una compa\u00f1era de pr\u00e1cticas le ofreci\u00f3 la posibilidad de trabajar como voluntaria en la Rep\u00fablica Democr\u00e1tica del Congo a cambio de alojamiento y manutenci\u00f3n. En abril de 2014 viaj\u00f3 a Ngandanjika (Kasai Oriental) junto a un equipo m\u00e9dico de 20 personas.<\/p>\n<p>Patricia permaneci\u00f3 con ellos una semana, trabajando en el Hospital Central. Cuando el equipo m\u00e9dico volvi\u00f3 a Espa\u00f1a, ella decidi\u00f3 quedarse tres semanas m\u00e1s. Entonces document\u00f3 una decena de proyectos que una ONG local realizaba en el pa\u00eds. Pronto se interes\u00f3 por el tema de la maternidad.<\/p>\n<p>\u00abEntre visita y visita en moto a todos los proyectos le coment\u00e9 a Tarsis, mi conductor, que quer\u00eda hacer el seguimiento del d\u00eda a d\u00eda de una mujer y \u00e9l me propuso a Sof\u00eda, que aparece en varias fotos\u00bb, explica Patricia.<\/p>\n<p>En otra ocasi\u00f3n, le pidi\u00f3 que le llevara a una maternidad. \u00abLas hab\u00eda visto por fuera de manera muy fugaz y sent\u00eda curiosidad\u00bb, sostiene. \u00abLa primera visita fue muy breve e intensa. La matrona estaba emocionada de que una blanca quisiera hacerle fotos, pero no entend\u00eda que hiciera fotos a las mam\u00e1s que acababan de parir\u00bb.<\/p>\n<p>Como constata <a href=\"http:\/\/www.patriciabobillorodriguez.com\">su trayectoria profesional<\/a>, Patricia nunca pierde de vista las realidades de las mujeres y de la infancia. \u00abEs un hilo conductor de todos mis viajes y mis trabajos, una idea permanente que me acompa\u00f1a\u00bb, explica a DateCuenta.<\/p>\n<p>\u00abSi existiera igualdad de g\u00e9nero se acabar\u00edan muchos de los problemas que vivimos\u00bb, prosigue. \u00abLas mujeres y las ni\u00f1as sufren las peores discriminaciones y violencias. La otra mitad de la humanidad, los hombres, las acosa, las agrede, las tortura, las viola, las mata. Sin embargo el g\u00e9nero femenino no se caracteriza por el uso de la violencia. Las mujeres luchan normalmente por v\u00edas no violentas. Me fascina que sean capaz de dar vida y mantenerla y que sean clave en los procesos de paz\u00bb.<\/p>\n<p><strong>La fot\u00f3grafa apuesta por difundir la realidad de las mujeres y la infancia<\/strong>. Considera que, aunque parezca sencillo, en ocasiones no le ha sido f\u00e1cil. El a\u00f1o 2011, <a href=\"http:\/\/upisindi.cat\/cat\/patricia-bobillo-upifc-dones-palestines-sota-locupacio-israeliana\/\">la Casa Elizalde de Barcelona censur\u00f3 su exposici\u00f3n<\/a> \u00abMujeres palestinas bajo la ocupaci\u00f3n israel\u00ed\u00bb con el argumento de no generar debates.<\/p>\n<p>\u00abAs\u00ed lo dijeron, no quer\u00edan generar debates\u00bb, sostiene Bobillo. \u00abQuiz\u00e1s tuvieran un gestor cultural que los limitaba de alguna manera o se sent\u00edan inc\u00f3modos por qui\u00e9n pudiera asistir a la exposici\u00f3n. Es cierto que el tema de la exposici\u00f3n abr\u00eda debate, pero \u00e9ste siempre fue enriquecedor, dado que las personas asistentes se interesaban por la realidad de las mujeres palestinas\u00bb.<\/p>\n<p>Patricia Bobillo se gradu\u00f3 en Fotograf\u00eda en el Institut d&#8217;Estudis Fotogr\u00e0fics el a\u00f1o 1999, pero est\u00e1 en constante formaci\u00f3n y aprendizaje. Combina el fotoperiodismo con trabajos intermitentes como auxiliar de enfermer\u00eda en la residencia para personas mayores de la Diputaci\u00f3n de Barcelona (programa Respir) y como fot\u00f3grafa social y publicitaria.\u00bbDesempe\u00f1o las dos profesiones por separado, sin perder de vista ninguna de las dos\u00bb, afirma.<\/p>\n<p>Cuando le preguntamos por el futuro de la fotograf\u00eda, Patricia opina que la profesi\u00f3n ha cambiado mucho, en poco tiempo y a peor. \u00abEst\u00e1 como de resaca\u00bb, sostiene. Y apunta que vivir \u00fanicamente de la fotograf\u00eda ser\u00e1 muy dif\u00edcil si la persona no es muy polivalente y tiene diversas aptitudes, ya sea a nivel t\u00e9cnico, tem\u00e1tico o personal.<\/p>\n<p>La fot\u00f3grafa acababa de llegar de pasar dos semanas en un campo de refugiados en Grecia cuando la llamamos para darle la noticia del premio DateCuenta. \u00bfC\u00f3mo pueden ocurrir esas cosas, Patricia?, le preguntamos.<\/p>\n<p>\u00abEn un sistema heteropatriarcal, senil, inculto y corrupto, \u00bfqu\u00e9 se puede esperar?\u00bb, nos responde, indignada tras las \u00faltimas votaciones del 26 de junio. \u00abVivimos en un sistema que permite que hayan muerto a manos de sus parejas 412 mujeres desde 201o. Europa solo es el reflejo de lo miserables que son nuestros gobernantes y las personas que los votan\u00bb.<\/p>\n<h3><span style=\"color: #ff6600;\">Patricia Bobillo ha sido premiada con el Premio DateCuenta de Fotoperiodismo 2016, otorgado durante el<a style=\"color: #ff6600;\" href=\"http:\/\/amicscinevallderibes.com\/index.php\/es\/festival-gollut.html\"> Tercer Festival Gollut de Ribes de Freser<\/a>. Valorado en 500\u20ac y dotado de material y un curso en nuestra escuela.<br \/>\n<\/span><\/h3>\n","protected":false},"excerpt":{"rendered":"<p>Patricia Bobillo, fot\u00f3grafa y auxiliar de enfermer\u00eda, gana el Premio DateCuenta de Fotoperiodismo 2016 \u00abMaternidad, en Tshiluba Nzubu wa balele\u00bb es una mirada fugaz a la manera de ser madre de las mujeres africanas Por AITOR FERN\u00c1NDEZ | @aitorfe Cuando Patricia Bobillo Rodr\u00edguez (Barcelona, 1977) estudiaba auxiliar de enfermer\u00eda, una compa\u00f1era de pr\u00e1cticas le ofreci\u00f3 [&hellip;]<\/p>\n","protected":false},"author":1001003,"featured_media":1633,"comment_status":"closed","ping_status":"closed","sticky":false,"template":"","format":"gallery","meta":{"_et_pb_use_builder":"","_et_pb_old_content":"","_et_gb_content_width":"","content-type":"","_monsterinsights_skip_tracking":false,"_monsterinsights_sitenote_active":false,"_monsterinsights_sitenote_note":"","_monsterinsights_sitenote_category":0,"_joinchat":[],"footnotes":""},"categories":[187],"tags":[],"class_list":["post-1620","post","type-post","status-publish","format-gallery","has-post-thumbnail","hentry","category-noticias","post_format-post-format-gallery"],"yoast_head":"<!-- This site is optimized with the Yoast SEO plugin v26.9 - https:\/\/yoast.com\/product\/yoast-seo-wordpress\/ -->\n<title>Premio DateCuenta Fotoperiodismo 2016: Fot\u00f3grafa Patricia Bobillo<\/title>\n<meta name=\"description\" content=\"Patricia Bobillo ha ganado el Premio DateCuenta de Fotoperiodismo 2016, por su trabajo fotogr\u00e1fico que difunde la realidad de las mujeres y la infancia.\" \/>\n<meta name=\"robots\" content=\"index, follow, max-snippet:-1, max-image-preview:large, max-video-preview:-1\" \/>\n<link rel=\"canonical\" href=\"https:\/\/www.datecuenta.org\/escuelalibre\/patricia-bobillo-premio-datecuenta\/\" \/>\n<meta property=\"og:locale\" content=\"es_ES\" \/>\n<meta property=\"og:type\" content=\"article\" \/>\n<meta property=\"og:title\" content=\"Premio DateCuenta Fotoperiodismo 2016: Fot\u00f3grafa Patricia Bobillo\" \/>\n<meta property=\"og:description\" content=\"Patricia Bobillo ha ganado el Premio DateCuenta de Fotoperiodismo 2016, por su trabajo fotogr\u00e1fico que difunde la realidad de las mujeres y la infancia.\" \/>\n<meta property=\"og:url\" content=\"https:\/\/www.datecuenta.org\/escuelalibre\/patricia-bobillo-premio-datecuenta\/\" \/>\n<meta property=\"og:site_name\" content=\"Escuela de fotograf\u00eda en Barcelona | DateCuenta\" \/>\n<meta property=\"article:published_time\" content=\"2016-07-04T06:54:14+00:00\" \/>\n<meta property=\"article:modified_time\" content=\"2016-08-30T16:00:40+00:00\" \/>\n<meta property=\"og:image\" content=\"http:\/\/www.datecuenta.org\/escuelalibre\/wp-content\/uploads\/patricia-bobillo.jpg\" \/>\n\t<meta property=\"og:image:width\" content=\"500\" \/>\n\t<meta property=\"og:image:height\" content=\"337\" \/>\n\t<meta property=\"og:image:type\" content=\"image\/jpeg\" \/>\n<meta name=\"author\" content=\"Ver\u00f3nica Taranilla\" \/>\n<meta name=\"twitter:card\" content=\"summary_large_image\" \/>\n<meta name=\"twitter:label1\" content=\"Escrito por\" \/>\n\t<meta name=\"twitter:data1\" content=\"Ver\u00f3nica Taranilla\" \/>\n\t<meta name=\"twitter:label2\" content=\"Tiempo de lectura\" \/>\n\t<meta name=\"twitter:data2\" content=\"4 minutos\" \/>\n<script type=\"application\/ld+json\" class=\"yoast-schema-graph\">{\"@context\":\"https:\/\/schema.org\",\"@graph\":[{\"@type\":\"Article\",\"@id\":\"https:\/\/www.datecuenta.org\/escuelalibre\/patricia-bobillo-premio-datecuenta\/#article\",\"isPartOf\":{\"@id\":\"https:\/\/www.datecuenta.org\/escuelalibre\/patricia-bobillo-premio-datecuenta\/\"},\"author\":{\"name\":\"Ver\u00f3nica Taranilla\",\"@id\":\"https:\/\/www.datecuenta.org\/escuelalibre\/#\/schema\/person\/ca41727b97255c3572022d13623fc0d4\"},\"headline\":\"Premio DateCuenta de Fotoperiodismo 2016: \u00abLas mujeres dan vida y son claves en los procesos de paz\u00bb\",\"datePublished\":\"2016-07-04T06:54:14+00:00\",\"dateModified\":\"2016-08-30T16:00:40+00:00\",\"mainEntityOfPage\":{\"@id\":\"https:\/\/www.datecuenta.org\/escuelalibre\/patricia-bobillo-premio-datecuenta\/\"},\"wordCount\":782,\"image\":{\"@id\":\"https:\/\/www.datecuenta.org\/escuelalibre\/patricia-bobillo-premio-datecuenta\/#primaryimage\"},\"thumbnailUrl\":\"https:\/\/www.datecuenta.org\/escuelalibre\/wp-content\/uploads\/patricia-bobillo.jpg\",\"articleSection\":[\"BLOG\"],\"inLanguage\":\"es\"},{\"@type\":\"WebPage\",\"@id\":\"https:\/\/www.datecuenta.org\/escuelalibre\/patricia-bobillo-premio-datecuenta\/\",\"url\":\"https:\/\/www.datecuenta.org\/escuelalibre\/patricia-bobillo-premio-datecuenta\/\",\"name\":\"Premio DateCuenta Fotoperiodismo 2016: Fot\u00f3grafa Patricia Bobillo\",\"isPartOf\":{\"@id\":\"https:\/\/www.datecuenta.org\/escuelalibre\/#website\"},\"primaryImageOfPage\":{\"@id\":\"https:\/\/www.datecuenta.org\/escuelalibre\/patricia-bobillo-premio-datecuenta\/#primaryimage\"},\"image\":{\"@id\":\"https:\/\/www.datecuenta.org\/escuelalibre\/patricia-bobillo-premio-datecuenta\/#primaryimage\"},\"thumbnailUrl\":\"https:\/\/www.datecuenta.org\/escuelalibre\/wp-content\/uploads\/patricia-bobillo.jpg\",\"datePublished\":\"2016-07-04T06:54:14+00:00\",\"dateModified\":\"2016-08-30T16:00:40+00:00\",\"author\":{\"@id\":\"https:\/\/www.datecuenta.org\/escuelalibre\/#\/schema\/person\/ca41727b97255c3572022d13623fc0d4\"},\"description\":\"Patricia Bobillo ha ganado el Premio DateCuenta de Fotoperiodismo 2016, por su trabajo fotogr\u00e1fico que difunde la realidad de las mujeres y la infancia.\",\"breadcrumb\":{\"@id\":\"https:\/\/www.datecuenta.org\/escuelalibre\/patricia-bobillo-premio-datecuenta\/#breadcrumb\"},\"inLanguage\":\"es\",\"potentialAction\":[{\"@type\":\"ReadAction\",\"target\":[\"https:\/\/www.datecuenta.org\/escuelalibre\/patricia-bobillo-premio-datecuenta\/\"]}]},{\"@type\":\"ImageObject\",\"inLanguage\":\"es\",\"@id\":\"https:\/\/www.datecuenta.org\/escuelalibre\/patricia-bobillo-premio-datecuenta\/#primaryimage\",\"url\":\"https:\/\/www.datecuenta.org\/escuelalibre\/wp-content\/uploads\/patricia-bobillo.jpg\",\"contentUrl\":\"https:\/\/www.datecuenta.org\/escuelalibre\/wp-content\/uploads\/patricia-bobillo.jpg\",\"width\":500,\"height\":337},{\"@type\":\"BreadcrumbList\",\"@id\":\"https:\/\/www.datecuenta.org\/escuelalibre\/patricia-bobillo-premio-datecuenta\/#breadcrumb\",\"itemListElement\":[{\"@type\":\"ListItem\",\"position\":1,\"name\":\"Portada\",\"item\":\"https:\/\/www.datecuenta.org\/escuelalibre\/\"},{\"@type\":\"ListItem\",\"position\":2,\"name\":\"Premio DateCuenta de Fotoperiodismo 2016: \u00abLas mujeres dan vida y son claves en los procesos de paz\u00bb\"}]},{\"@type\":\"WebSite\",\"@id\":\"https:\/\/www.datecuenta.org\/escuelalibre\/#website\",\"url\":\"https:\/\/www.datecuenta.org\/escuelalibre\/\",\"name\":\"Escuela de fotograf\u00eda en Barcelona | DateCuenta\",\"description\":\"\",\"potentialAction\":[{\"@type\":\"SearchAction\",\"target\":{\"@type\":\"EntryPoint\",\"urlTemplate\":\"https:\/\/www.datecuenta.org\/escuelalibre\/?s={search_term_string}\"},\"query-input\":{\"@type\":\"PropertyValueSpecification\",\"valueRequired\":true,\"valueName\":\"search_term_string\"}}],\"inLanguage\":\"es\"},{\"@type\":\"Person\",\"@id\":\"https:\/\/www.datecuenta.org\/escuelalibre\/#\/schema\/person\/ca41727b97255c3572022d13623fc0d4\",\"name\":\"Ver\u00f3nica Taranilla\",\"image\":{\"@type\":\"ImageObject\",\"inLanguage\":\"es\",\"@id\":\"https:\/\/www.datecuenta.org\/escuelalibre\/#\/schema\/person\/image\/\",\"url\":\"https:\/\/secure.gravatar.com\/avatar\/ba5f636fa5cbee734882250e75f6dac1985177e852493abbde6bbd59d6933550?s=96&d=mm&r=g\",\"contentUrl\":\"https:\/\/secure.gravatar.com\/avatar\/ba5f636fa5cbee734882250e75f6dac1985177e852493abbde6bbd59d6933550?s=96&d=mm&r=g\",\"caption\":\"Ver\u00f3nica Taranilla\"}}]}<\/script>\n<!-- \/ Yoast SEO plugin. -->","yoast_head_json":{"title":"Premio DateCuenta Fotoperiodismo 2016: Fot\u00f3grafa Patricia Bobillo","description":"Patricia Bobillo ha ganado el Premio DateCuenta de Fotoperiodismo 2016, por su trabajo fotogr\u00e1fico que difunde la realidad de las mujeres y la infancia.","robots":{"index":"index","follow":"follow","max-snippet":"max-snippet:-1","max-image-preview":"max-image-preview:large","max-video-preview":"max-video-preview:-1"},"canonical":"https:\/\/www.datecuenta.org\/escuelalibre\/patricia-bobillo-premio-datecuenta\/","og_locale":"es_ES","og_type":"article","og_title":"Premio DateCuenta Fotoperiodismo 2016: Fot\u00f3grafa Patricia Bobillo","og_description":"Patricia Bobillo ha ganado el Premio DateCuenta de Fotoperiodismo 2016, por su trabajo fotogr\u00e1fico que difunde la realidad de las mujeres y la infancia.","og_url":"https:\/\/www.datecuenta.org\/escuelalibre\/patricia-bobillo-premio-datecuenta\/","og_site_name":"Escuela de fotograf\u00eda en Barcelona | DateCuenta","article_published_time":"2016-07-04T06:54:14+00:00","article_modified_time":"2016-08-30T16:00:40+00:00","og_image":[{"width":500,"height":337,"url":"http:\/\/www.datecuenta.org\/escuelalibre\/wp-content\/uploads\/patricia-bobillo.jpg","type":"image\/jpeg"}],"author":"Ver\u00f3nica Taranilla","twitter_card":"summary_large_image","twitter_misc":{"Escrito por":"Ver\u00f3nica Taranilla","Tiempo de lectura":"4 minutos"},"schema":{"@context":"https:\/\/schema.org","@graph":[{"@type":"Article","@id":"https:\/\/www.datecuenta.org\/escuelalibre\/patricia-bobillo-premio-datecuenta\/#article","isPartOf":{"@id":"https:\/\/www.datecuenta.org\/escuelalibre\/patricia-bobillo-premio-datecuenta\/"},"author":{"name":"Ver\u00f3nica Taranilla","@id":"https:\/\/www.datecuenta.org\/escuelalibre\/#\/schema\/person\/ca41727b97255c3572022d13623fc0d4"},"headline":"Premio DateCuenta de Fotoperiodismo 2016: \u00abLas mujeres dan vida y son claves en los procesos de paz\u00bb","datePublished":"2016-07-04T06:54:14+00:00","dateModified":"2016-08-30T16:00:40+00:00","mainEntityOfPage":{"@id":"https:\/\/www.datecuenta.org\/escuelalibre\/patricia-bobillo-premio-datecuenta\/"},"wordCount":782,"image":{"@id":"https:\/\/www.datecuenta.org\/escuelalibre\/patricia-bobillo-premio-datecuenta\/#primaryimage"},"thumbnailUrl":"https:\/\/www.datecuenta.org\/escuelalibre\/wp-content\/uploads\/patricia-bobillo.jpg","articleSection":["BLOG"],"inLanguage":"es"},{"@type":"WebPage","@id":"https:\/\/www.datecuenta.org\/escuelalibre\/patricia-bobillo-premio-datecuenta\/","url":"https:\/\/www.datecuenta.org\/escuelalibre\/patricia-bobillo-premio-datecuenta\/","name":"Premio DateCuenta Fotoperiodismo 2016: Fot\u00f3grafa Patricia Bobillo","isPartOf":{"@id":"https:\/\/www.datecuenta.org\/escuelalibre\/#website"},"primaryImageOfPage":{"@id":"https:\/\/www.datecuenta.org\/escuelalibre\/patricia-bobillo-premio-datecuenta\/#primaryimage"},"image":{"@id":"https:\/\/www.datecuenta.org\/escuelalibre\/patricia-bobillo-premio-datecuenta\/#primaryimage"},"thumbnailUrl":"https:\/\/www.datecuenta.org\/escuelalibre\/wp-content\/uploads\/patricia-bobillo.jpg","datePublished":"2016-07-04T06:54:14+00:00","dateModified":"2016-08-30T16:00:40+00:00","author":{"@id":"https:\/\/www.datecuenta.org\/escuelalibre\/#\/schema\/person\/ca41727b97255c3572022d13623fc0d4"},"description":"Patricia Bobillo ha ganado el Premio DateCuenta de Fotoperiodismo 2016, por su trabajo fotogr\u00e1fico que difunde la realidad de las mujeres y la infancia.","breadcrumb":{"@id":"https:\/\/www.datecuenta.org\/escuelalibre\/patricia-bobillo-premio-datecuenta\/#breadcrumb"},"inLanguage":"es","potentialAction":[{"@type":"ReadAction","target":["https:\/\/www.datecuenta.org\/escuelalibre\/patricia-bobillo-premio-datecuenta\/"]}]},{"@type":"ImageObject","inLanguage":"es","@id":"https:\/\/www.datecuenta.org\/escuelalibre\/patricia-bobillo-premio-datecuenta\/#primaryimage","url":"https:\/\/www.datecuenta.org\/escuelalibre\/wp-content\/uploads\/patricia-bobillo.jpg","contentUrl":"https:\/\/www.datecuenta.org\/escuelalibre\/wp-content\/uploads\/patricia-bobillo.jpg","width":500,"height":337},{"@type":"BreadcrumbList","@id":"https:\/\/www.datecuenta.org\/escuelalibre\/patricia-bobillo-premio-datecuenta\/#breadcrumb","itemListElement":[{"@type":"ListItem","position":1,"name":"Portada","item":"https:\/\/www.datecuenta.org\/escuelalibre\/"},{"@type":"ListItem","position":2,"name":"Premio DateCuenta de Fotoperiodismo 2016: \u00abLas mujeres dan vida y son claves en los procesos de paz\u00bb"}]},{"@type":"WebSite","@id":"https:\/\/www.datecuenta.org\/escuelalibre\/#website","url":"https:\/\/www.datecuenta.org\/escuelalibre\/","name":"Escuela de fotograf\u00eda en Barcelona | DateCuenta","description":"","potentialAction":[{"@type":"SearchAction","target":{"@type":"EntryPoint","urlTemplate":"https:\/\/www.datecuenta.org\/escuelalibre\/?s={search_term_string}"},"query-input":{"@type":"PropertyValueSpecification","valueRequired":true,"valueName":"search_term_string"}}],"inLanguage":"es"},{"@type":"Person","@id":"https:\/\/www.datecuenta.org\/escuelalibre\/#\/schema\/person\/ca41727b97255c3572022d13623fc0d4","name":"Ver\u00f3nica Taranilla","image":{"@type":"ImageObject","inLanguage":"es","@id":"https:\/\/www.datecuenta.org\/escuelalibre\/#\/schema\/person\/image\/","url":"https:\/\/secure.gravatar.com\/avatar\/ba5f636fa5cbee734882250e75f6dac1985177e852493abbde6bbd59d6933550?s=96&d=mm&r=g","contentUrl":"https:\/\/secure.gravatar.com\/avatar\/ba5f636fa5cbee734882250e75f6dac1985177e852493abbde6bbd59d6933550?s=96&d=mm&r=g","caption":"Ver\u00f3nica Taranilla"}}]}},"_links":{"self":[{"href":"https:\/\/www.datecuenta.org\/escuelalibre\/wp-json\/wp\/v2\/posts\/1620","targetHints":{"allow":["GET"]}}],"collection":[{"href":"https:\/\/www.datecuenta.org\/escuelalibre\/wp-json\/wp\/v2\/posts"}],"about":[{"href":"https:\/\/www.datecuenta.org\/escuelalibre\/wp-json\/wp\/v2\/types\/post"}],"author":[{"embeddable":true,"href":"https:\/\/www.datecuenta.org\/escuelalibre\/wp-json\/wp\/v2\/users\/1001003"}],"replies":[{"embeddable":true,"href":"https:\/\/www.datecuenta.org\/escuelalibre\/wp-json\/wp\/v2\/comments?post=1620"}],"version-history":[{"count":23,"href":"https:\/\/www.datecuenta.org\/escuelalibre\/wp-json\/wp\/v2\/posts\/1620\/revisions"}],"predecessor-version":[{"id":1668,"href":"https:\/\/www.datecuenta.org\/escuelalibre\/wp-json\/wp\/v2\/posts\/1620\/revisions\/1668"}],"wp:featuredmedia":[{"embeddable":true,"href":"https:\/\/www.datecuenta.org\/escuelalibre\/wp-json\/wp\/v2\/media\/1633"}],"wp:attachment":[{"href":"https:\/\/www.datecuenta.org\/escuelalibre\/wp-json\/wp\/v2\/media?parent=1620"}],"wp:term":[{"taxonomy":"category","embeddable":true,"href":"https:\/\/www.datecuenta.org\/escuelalibre\/wp-json\/wp\/v2\/categories?post=1620"},{"taxonomy":"post_tag","embeddable":true,"href":"https:\/\/www.datecuenta.org\/escuelalibre\/wp-json\/wp\/v2\/tags?post=1620"}],"curies":[{"name":"wp","href":"https:\/\/api.w.org\/{rel}","templated":true}]}}