{"id":2158,"date":"2016-12-12T07:52:39","date_gmt":"2016-12-12T07:52:39","guid":{"rendered":"http:\/\/www.datecuenta.org\/escuelalibre\/?p=2158"},"modified":"2017-06-15T11:24:04","modified_gmt":"2017-06-15T11:24:04","slug":"sofia-moro-entrevista","status":"publish","type":"post","link":"https:\/\/www.datecuenta.org\/escuelalibre\/sofia-moro-entrevista\/","title":{"rendered":"Sof\u00eda Moro: \u00abLo que nos interese va a ser siempre lo interesante\u00bb"},"content":{"rendered":"<p>\u201cMe gusta la manera en la que Sof\u00eda entiende la fotograf\u00eda\u201d, afirma Eduardo Mome\u00f1e, te\u00f3rico de la fotograf\u00eda y autor del magistral libro <em>La visi\u00f3n fotogr\u00e1fica. Curso de fotograf\u00eda para j\u00f3venes fot\u00f3grafos<\/em>. \u201cEsa <em>idea<\/em> del <strong>retrato<\/strong> en la que ves al ser humano reflejado\u201d, prosigue, \u201cla cercan\u00eda de ese blanco y negro posado, tambi\u00e9n la belleza fotogr\u00e1fica de esos otros protagonistas en un paisaje cercado por ese formato (cuadrado) dif\u00edcil y que, una vez resuelto, tanto nos dice\u201d.<\/p>\n<h2><span style=\"color: #ff6600;\">Nuestro alumnado entrevista a Sof\u00eda Moro<br \/>\n<\/span><\/h2>\n<p><strong><span style=\"color: #ff6600;\">Entrevista coordinada por VER\u00d3NICA TARANILLA | <a href=\"http:\/\/twitter.com\/vtaranilla\" rel=\"nofollow\">@vtaranilla<\/a><br \/>\nV\u00eddeo coordinado por PABLO ROGERO\u00a0 | <a href=\"http:\/\/twitter.com\/pablorogero\" rel=\"nofollow\">@pablorogero<\/a><br \/>\nTexto de AITOR FERN\u00c1NDEZ\u00a0| <a href=\"http:\/\/twitter.com\/aitorfe\" rel=\"nofollow\">@aitorfe<\/a><\/span><\/strong><\/p>\n<p>Sof\u00eda Moro naci\u00f3 en Madrid en 1966 y desde muy peque\u00f1a sinti\u00f3 una vinculaci\u00f3n por la fotograf\u00eda, <em>a pesar<\/em> de que estudi\u00f3 Ciencias Biol\u00f3gicas en la Universidad Aut\u00f3noma de Madrid. Tras realizar un cursillo nocturno de fotograf\u00eda y licenciarse, se matricul\u00f3 en un instituto de fotograf\u00eda en California (Estados Unidos), donde le surgi\u00f3 la oportunidad de realizar un reportaje para una ONG local en Guatemala. All\u00ed, en un locutorio, conoci\u00f3 al que ser\u00eda su <em>mentor<\/em> en Espa\u00f1a, el fot\u00f3grafo Jos\u00e9 Manuel Navia, quien le afirm\u00f3 que \u201cen Espa\u00f1a hac\u00edan falta m\u00e1s mujeres fot\u00f3grafas\u201d.<\/p>\n<p><iframe loading=\"lazy\" src=\"https:\/\/www.youtube.com\/embed\/Oa9iimaJ3xs\" width=\"700\" height=\"394\" frameborder=\"0\" allowfullscreen=\"allowfullscreen\"><\/iframe><\/p>\n<p>Desde entonces, y en sus veinticinco a\u00f1os como fot\u00f3grafa, Sof\u00eda trabaj\u00f3 y trabaja para medios de comunicaci\u00f3n como <em>El Pa\u00eds Semanal<\/em>, <em>Vanity Fair<\/em>, <em>Vogue<\/em>, <em>Marie Claire,<\/em> <em>Harper\u2019s Bazaar o <\/em>la agencia Cover<em>. <\/em>Sin embargo, distingue la fotograf\u00eda de encargo -donde hay que trabajar r\u00e1pidamente y utilizando muchas estrategias para que el resultado sea publicable- de sus proyectos documentales -que le sirven para conocer realidades a las que, como ella misma indica, de otra manera no hubiera tenido el <em>derecho<\/em> de acercarse-.<\/p>\n<p>Es en esta parte de su vida donde surgen proyectos como \u201cEllos y nosotros\u201d (Blume, 2006), el resultado de un valioso trabajo de investigaci\u00f3n de una d\u00e9cada donde Moro rescata medio centenar de testimonios de protagonistas del golpe de Estado de 1936 o \u201cDefensores. El testimonio obstinado\u201d (Amnist\u00eda Internacional, 2008), una colecci\u00f3n de retratos de activistas de varios pa\u00edses. Actualmente trabaja en otro proyecto global sobre la pena de muerte, con perspectiva de publicaci\u00f3n en 2017.<\/p>\n<p>Es practicando la <strong>fotograf\u00eda<\/strong> <strong>de retrato editorial<\/strong> donde Sof\u00eda Moro encuentra la mejor forma para obtener respuestas del mundo que le rodea y eso es lo que, fundamentalmente, le explic\u00f3 a nuestro alumnado en la clase magistral que realiz\u00f3 en nuestra escuela el pasado 3 de diciembre.<\/p>\n<p>Por la ma\u00f1ana, algunos alumnos del <a href=\"http:\/\/www.datecuenta.org\/escuelalibre\/curso-cine\/\">curso de Cine Documental<\/a> aprovecharon para grabar una entrevista con las cuestiones que sus compa\u00f1eros del <a href=\"http:\/\/www.datecuenta.org\/escuelalibre\/curso-fotografia-fotoperiodismo\/\">Curso de Fotoperiodismo Libre<\/a> hab\u00edan decidido preguntarle. Y de esas preguntas surge este sencillo y revelador resumen.<\/p>\n<p>\u201cTenemos que comer de nuestro trabajo, pero yo cuando hice \u2018Ellos y nosotros\u2019 pens\u00e9 que no interesar\u00eda a nadie\u201d, afirma Sof\u00eda en la entrevista. \u201cPero es verdad que el punto fuerte de las historias va a ser siempre nuestro propio inter\u00e9s, y lo que nos interese va a ser siempre lo interesante. Nuestro inter\u00e9s personal debe ser lo que nos mueva a hacer cosas\u201d.<\/p>\n<div id=\"attachment_2194\" style=\"width: 810px\" class=\"wp-caption alignnone\"><img loading=\"lazy\" decoding=\"async\" aria-describedby=\"caption-attachment-2194\" class=\"size-full wp-image-2194\" src=\"http:\/\/www.datecuenta.org\/escuelalibre\/wp-content\/uploads\/Hector-Flores-por-Sofia-Moro.jpg\" alt=\"El m\u00fasico H\u00e9ctor Flores fotografiado por Sof\u00eda Moro durante la masterclass\" width=\"800\" height=\"533\" srcset=\"https:\/\/www.datecuenta.org\/escuelalibre\/wp-content\/uploads\/Hector-Flores-por-Sofia-Moro.jpg 800w, https:\/\/www.datecuenta.org\/escuelalibre\/wp-content\/uploads\/Hector-Flores-por-Sofia-Moro-150x100.jpg 150w, https:\/\/www.datecuenta.org\/escuelalibre\/wp-content\/uploads\/Hector-Flores-por-Sofia-Moro-300x200.jpg 300w, https:\/\/www.datecuenta.org\/escuelalibre\/wp-content\/uploads\/Hector-Flores-por-Sofia-Moro-768x512.jpg 768w, https:\/\/www.datecuenta.org\/escuelalibre\/wp-content\/uploads\/Hector-Flores-por-Sofia-Moro-436x290.jpg 436w, https:\/\/www.datecuenta.org\/escuelalibre\/wp-content\/uploads\/Hector-Flores-por-Sofia-Moro-673x449.jpg 673w\" sizes=\"(max-width: 800px) 100vw, 800px\" \/><p id=\"caption-attachment-2194\" class=\"wp-caption-text\"><em>El m\u00fasico H\u00e9ctor Flores fotografiado por Sof\u00eda Moro durante la masterclass<\/em><\/p><\/div>\n","protected":false},"excerpt":{"rendered":"<p>\u201cMe gusta la manera en la que Sof\u00eda entiende la fotograf\u00eda\u201d, afirma Eduardo Mome\u00f1e, te\u00f3rico de la fotograf\u00eda y autor del magistral libro La visi\u00f3n fotogr\u00e1fica. Curso de fotograf\u00eda para j\u00f3venes fot\u00f3grafos. \u201cEsa idea del retrato en la que ves al ser humano reflejado\u201d, prosigue, \u201cla cercan\u00eda de ese blanco y negro posado, tambi\u00e9n la [&hellip;]<\/p>\n","protected":false},"author":1001002,"featured_media":2162,"comment_status":"closed","ping_status":"closed","sticky":false,"template":"","format":"standard","meta":{"_et_pb_use_builder":"","_et_pb_old_content":"","_et_gb_content_width":"","content-type":"","_monsterinsights_skip_tracking":false,"_monsterinsights_sitenote_active":false,"_monsterinsights_sitenote_note":"","_monsterinsights_sitenote_category":0,"_joinchat":[],"footnotes":""},"categories":[187],"tags":[],"class_list":["post-2158","post","type-post","status-publish","format-standard","has-post-thumbnail","hentry","category-noticias"],"yoast_head":"<!-- This site is optimized with the Yoast SEO plugin v26.9 - https:\/\/yoast.com\/product\/yoast-seo-wordpress\/ -->\n<title>Entrevista de nuestros alumnos de fotograf\u00eda a Sof\u00eda Moro | Datecuenta<\/title>\n<meta name=\"description\" content=\"Entrevista a Sof\u00eda Moro por el alumnado de la escuela DateCuenta. Autora de proyectos documentales imprescindibles y colaboradora de medios internacionales.\" \/>\n<meta name=\"robots\" content=\"index, follow, max-snippet:-1, max-image-preview:large, max-video-preview:-1\" \/>\n<link rel=\"canonical\" href=\"https:\/\/www.datecuenta.org\/escuelalibre\/sofia-moro-entrevista\/\" \/>\n<meta property=\"og:locale\" content=\"es_ES\" \/>\n<meta property=\"og:type\" content=\"article\" \/>\n<meta property=\"og:title\" content=\"Entrevista de nuestros alumnos de fotograf\u00eda a Sof\u00eda Moro | Datecuenta\" \/>\n<meta property=\"og:description\" content=\"Entrevista a Sof\u00eda Moro por el alumnado de la escuela DateCuenta. Autora de proyectos documentales imprescindibles y colaboradora de medios internacionales.\" \/>\n<meta property=\"og:url\" content=\"https:\/\/www.datecuenta.org\/escuelalibre\/sofia-moro-entrevista\/\" \/>\n<meta property=\"og:site_name\" content=\"Escuela de fotograf\u00eda en Barcelona | DateCuenta\" \/>\n<meta property=\"article:published_time\" content=\"2016-12-12T07:52:39+00:00\" \/>\n<meta property=\"article:modified_time\" content=\"2017-06-15T11:24:04+00:00\" \/>\n<meta property=\"og:image\" content=\"https:\/\/www.datecuenta.org\/escuelalibre\/wp-content\/uploads\/Sin-ti\u0301tulo-1.jpg\" \/>\n\t<meta property=\"og:image:width\" content=\"855\" \/>\n\t<meta property=\"og:image:height\" content=\"476\" \/>\n\t<meta property=\"og:image:type\" content=\"image\/jpeg\" \/>\n<meta name=\"author\" content=\"Date Cuenta\" \/>\n<meta name=\"twitter:card\" content=\"summary_large_image\" \/>\n<meta name=\"twitter:label1\" content=\"Escrito por\" \/>\n\t<meta name=\"twitter:data1\" content=\"Date Cuenta\" \/>\n\t<meta name=\"twitter:label2\" content=\"Tiempo de lectura\" \/>\n\t<meta name=\"twitter:data2\" content=\"3 minutos\" \/>\n<script type=\"application\/ld+json\" class=\"yoast-schema-graph\">{\"@context\":\"https:\/\/schema.org\",\"@graph\":[{\"@type\":\"Article\",\"@id\":\"https:\/\/www.datecuenta.org\/escuelalibre\/sofia-moro-entrevista\/#article\",\"isPartOf\":{\"@id\":\"https:\/\/www.datecuenta.org\/escuelalibre\/sofia-moro-entrevista\/\"},\"author\":{\"name\":\"Date Cuenta\",\"@id\":\"https:\/\/www.datecuenta.org\/escuelalibre\/#\/schema\/person\/2461c4b87eecd19501ff25c8158edfce\"},\"headline\":\"Sof\u00eda Moro: \u00abLo que nos interese va a ser siempre lo interesante\u00bb\",\"datePublished\":\"2016-12-12T07:52:39+00:00\",\"dateModified\":\"2017-06-15T11:24:04+00:00\",\"mainEntityOfPage\":{\"@id\":\"https:\/\/www.datecuenta.org\/escuelalibre\/sofia-moro-entrevista\/\"},\"wordCount\":585,\"image\":{\"@id\":\"https:\/\/www.datecuenta.org\/escuelalibre\/sofia-moro-entrevista\/#primaryimage\"},\"thumbnailUrl\":\"https:\/\/www.datecuenta.org\/escuelalibre\/wp-content\/uploads\/Sin-ti\u0301tulo-1.jpg\",\"articleSection\":[\"BLOG\"],\"inLanguage\":\"es\"},{\"@type\":\"WebPage\",\"@id\":\"https:\/\/www.datecuenta.org\/escuelalibre\/sofia-moro-entrevista\/\",\"url\":\"https:\/\/www.datecuenta.org\/escuelalibre\/sofia-moro-entrevista\/\",\"name\":\"Entrevista de nuestros alumnos de fotograf\u00eda a Sof\u00eda Moro | Datecuenta\",\"isPartOf\":{\"@id\":\"https:\/\/www.datecuenta.org\/escuelalibre\/#website\"},\"primaryImageOfPage\":{\"@id\":\"https:\/\/www.datecuenta.org\/escuelalibre\/sofia-moro-entrevista\/#primaryimage\"},\"image\":{\"@id\":\"https:\/\/www.datecuenta.org\/escuelalibre\/sofia-moro-entrevista\/#primaryimage\"},\"thumbnailUrl\":\"https:\/\/www.datecuenta.org\/escuelalibre\/wp-content\/uploads\/Sin-ti\u0301tulo-1.jpg\",\"datePublished\":\"2016-12-12T07:52:39+00:00\",\"dateModified\":\"2017-06-15T11:24:04+00:00\",\"author\":{\"@id\":\"https:\/\/www.datecuenta.org\/escuelalibre\/#\/schema\/person\/2461c4b87eecd19501ff25c8158edfce\"},\"description\":\"Entrevista a Sof\u00eda Moro por el alumnado de la escuela DateCuenta. Autora de proyectos documentales imprescindibles y colaboradora de medios internacionales.\",\"breadcrumb\":{\"@id\":\"https:\/\/www.datecuenta.org\/escuelalibre\/sofia-moro-entrevista\/#breadcrumb\"},\"inLanguage\":\"es\",\"potentialAction\":[{\"@type\":\"ReadAction\",\"target\":[\"https:\/\/www.datecuenta.org\/escuelalibre\/sofia-moro-entrevista\/\"]}]},{\"@type\":\"ImageObject\",\"inLanguage\":\"es\",\"@id\":\"https:\/\/www.datecuenta.org\/escuelalibre\/sofia-moro-entrevista\/#primaryimage\",\"url\":\"https:\/\/www.datecuenta.org\/escuelalibre\/wp-content\/uploads\/Sin-ti\u0301tulo-1.jpg\",\"contentUrl\":\"https:\/\/www.datecuenta.org\/escuelalibre\/wp-content\/uploads\/Sin-ti\u0301tulo-1.jpg\",\"width\":855,\"height\":476},{\"@type\":\"BreadcrumbList\",\"@id\":\"https:\/\/www.datecuenta.org\/escuelalibre\/sofia-moro-entrevista\/#breadcrumb\",\"itemListElement\":[{\"@type\":\"ListItem\",\"position\":1,\"name\":\"Portada\",\"item\":\"https:\/\/www.datecuenta.org\/escuelalibre\/\"},{\"@type\":\"ListItem\",\"position\":2,\"name\":\"Sof\u00eda Moro: \u00abLo que nos interese va a ser siempre lo interesante\u00bb\"}]},{\"@type\":\"WebSite\",\"@id\":\"https:\/\/www.datecuenta.org\/escuelalibre\/#website\",\"url\":\"https:\/\/www.datecuenta.org\/escuelalibre\/\",\"name\":\"Escuela de fotograf\u00eda en Barcelona | DateCuenta\",\"description\":\"\",\"potentialAction\":[{\"@type\":\"SearchAction\",\"target\":{\"@type\":\"EntryPoint\",\"urlTemplate\":\"https:\/\/www.datecuenta.org\/escuelalibre\/?s={search_term_string}\"},\"query-input\":{\"@type\":\"PropertyValueSpecification\",\"valueRequired\":true,\"valueName\":\"search_term_string\"}}],\"inLanguage\":\"es\"},{\"@type\":\"Person\",\"@id\":\"https:\/\/www.datecuenta.org\/escuelalibre\/#\/schema\/person\/2461c4b87eecd19501ff25c8158edfce\",\"name\":\"Date Cuenta\",\"image\":{\"@type\":\"ImageObject\",\"inLanguage\":\"es\",\"@id\":\"https:\/\/www.datecuenta.org\/escuelalibre\/#\/schema\/person\/image\/\",\"url\":\"https:\/\/secure.gravatar.com\/avatar\/cef072a10d2f235035add558d19bd890155332fc9d829546849b6af5dba440c4?s=96&d=mm&r=g\",\"contentUrl\":\"https:\/\/secure.gravatar.com\/avatar\/cef072a10d2f235035add558d19bd890155332fc9d829546849b6af5dba440c4?s=96&d=mm&r=g\",\"caption\":\"Date Cuenta\"}}]}<\/script>\n<!-- \/ Yoast SEO plugin. -->","yoast_head_json":{"title":"Entrevista de nuestros alumnos de fotograf\u00eda a Sof\u00eda Moro | Datecuenta","description":"Entrevista a Sof\u00eda Moro por el alumnado de la escuela DateCuenta. Autora de proyectos documentales imprescindibles y colaboradora de medios internacionales.","robots":{"index":"index","follow":"follow","max-snippet":"max-snippet:-1","max-image-preview":"max-image-preview:large","max-video-preview":"max-video-preview:-1"},"canonical":"https:\/\/www.datecuenta.org\/escuelalibre\/sofia-moro-entrevista\/","og_locale":"es_ES","og_type":"article","og_title":"Entrevista de nuestros alumnos de fotograf\u00eda a Sof\u00eda Moro | Datecuenta","og_description":"Entrevista a Sof\u00eda Moro por el alumnado de la escuela DateCuenta. Autora de proyectos documentales imprescindibles y colaboradora de medios internacionales.","og_url":"https:\/\/www.datecuenta.org\/escuelalibre\/sofia-moro-entrevista\/","og_site_name":"Escuela de fotograf\u00eda en Barcelona | DateCuenta","article_published_time":"2016-12-12T07:52:39+00:00","article_modified_time":"2017-06-15T11:24:04+00:00","og_image":[{"width":855,"height":476,"url":"https:\/\/www.datecuenta.org\/escuelalibre\/wp-content\/uploads\/Sin-ti\u0301tulo-1.jpg","type":"image\/jpeg"}],"author":"Date Cuenta","twitter_card":"summary_large_image","twitter_misc":{"Escrito por":"Date Cuenta","Tiempo de lectura":"3 minutos"},"schema":{"@context":"https:\/\/schema.org","@graph":[{"@type":"Article","@id":"https:\/\/www.datecuenta.org\/escuelalibre\/sofia-moro-entrevista\/#article","isPartOf":{"@id":"https:\/\/www.datecuenta.org\/escuelalibre\/sofia-moro-entrevista\/"},"author":{"name":"Date Cuenta","@id":"https:\/\/www.datecuenta.org\/escuelalibre\/#\/schema\/person\/2461c4b87eecd19501ff25c8158edfce"},"headline":"Sof\u00eda Moro: \u00abLo que nos interese va a ser siempre lo interesante\u00bb","datePublished":"2016-12-12T07:52:39+00:00","dateModified":"2017-06-15T11:24:04+00:00","mainEntityOfPage":{"@id":"https:\/\/www.datecuenta.org\/escuelalibre\/sofia-moro-entrevista\/"},"wordCount":585,"image":{"@id":"https:\/\/www.datecuenta.org\/escuelalibre\/sofia-moro-entrevista\/#primaryimage"},"thumbnailUrl":"https:\/\/www.datecuenta.org\/escuelalibre\/wp-content\/uploads\/Sin-ti\u0301tulo-1.jpg","articleSection":["BLOG"],"inLanguage":"es"},{"@type":"WebPage","@id":"https:\/\/www.datecuenta.org\/escuelalibre\/sofia-moro-entrevista\/","url":"https:\/\/www.datecuenta.org\/escuelalibre\/sofia-moro-entrevista\/","name":"Entrevista de nuestros alumnos de fotograf\u00eda a Sof\u00eda Moro | Datecuenta","isPartOf":{"@id":"https:\/\/www.datecuenta.org\/escuelalibre\/#website"},"primaryImageOfPage":{"@id":"https:\/\/www.datecuenta.org\/escuelalibre\/sofia-moro-entrevista\/#primaryimage"},"image":{"@id":"https:\/\/www.datecuenta.org\/escuelalibre\/sofia-moro-entrevista\/#primaryimage"},"thumbnailUrl":"https:\/\/www.datecuenta.org\/escuelalibre\/wp-content\/uploads\/Sin-ti\u0301tulo-1.jpg","datePublished":"2016-12-12T07:52:39+00:00","dateModified":"2017-06-15T11:24:04+00:00","author":{"@id":"https:\/\/www.datecuenta.org\/escuelalibre\/#\/schema\/person\/2461c4b87eecd19501ff25c8158edfce"},"description":"Entrevista a Sof\u00eda Moro por el alumnado de la escuela DateCuenta. Autora de proyectos documentales imprescindibles y colaboradora de medios internacionales.","breadcrumb":{"@id":"https:\/\/www.datecuenta.org\/escuelalibre\/sofia-moro-entrevista\/#breadcrumb"},"inLanguage":"es","potentialAction":[{"@type":"ReadAction","target":["https:\/\/www.datecuenta.org\/escuelalibre\/sofia-moro-entrevista\/"]}]},{"@type":"ImageObject","inLanguage":"es","@id":"https:\/\/www.datecuenta.org\/escuelalibre\/sofia-moro-entrevista\/#primaryimage","url":"https:\/\/www.datecuenta.org\/escuelalibre\/wp-content\/uploads\/Sin-ti\u0301tulo-1.jpg","contentUrl":"https:\/\/www.datecuenta.org\/escuelalibre\/wp-content\/uploads\/Sin-ti\u0301tulo-1.jpg","width":855,"height":476},{"@type":"BreadcrumbList","@id":"https:\/\/www.datecuenta.org\/escuelalibre\/sofia-moro-entrevista\/#breadcrumb","itemListElement":[{"@type":"ListItem","position":1,"name":"Portada","item":"https:\/\/www.datecuenta.org\/escuelalibre\/"},{"@type":"ListItem","position":2,"name":"Sof\u00eda Moro: \u00abLo que nos interese va a ser siempre lo interesante\u00bb"}]},{"@type":"WebSite","@id":"https:\/\/www.datecuenta.org\/escuelalibre\/#website","url":"https:\/\/www.datecuenta.org\/escuelalibre\/","name":"Escuela de fotograf\u00eda en Barcelona | DateCuenta","description":"","potentialAction":[{"@type":"SearchAction","target":{"@type":"EntryPoint","urlTemplate":"https:\/\/www.datecuenta.org\/escuelalibre\/?s={search_term_string}"},"query-input":{"@type":"PropertyValueSpecification","valueRequired":true,"valueName":"search_term_string"}}],"inLanguage":"es"},{"@type":"Person","@id":"https:\/\/www.datecuenta.org\/escuelalibre\/#\/schema\/person\/2461c4b87eecd19501ff25c8158edfce","name":"Date Cuenta","image":{"@type":"ImageObject","inLanguage":"es","@id":"https:\/\/www.datecuenta.org\/escuelalibre\/#\/schema\/person\/image\/","url":"https:\/\/secure.gravatar.com\/avatar\/cef072a10d2f235035add558d19bd890155332fc9d829546849b6af5dba440c4?s=96&d=mm&r=g","contentUrl":"https:\/\/secure.gravatar.com\/avatar\/cef072a10d2f235035add558d19bd890155332fc9d829546849b6af5dba440c4?s=96&d=mm&r=g","caption":"Date Cuenta"}}]}},"_links":{"self":[{"href":"https:\/\/www.datecuenta.org\/escuelalibre\/wp-json\/wp\/v2\/posts\/2158","targetHints":{"allow":["GET"]}}],"collection":[{"href":"https:\/\/www.datecuenta.org\/escuelalibre\/wp-json\/wp\/v2\/posts"}],"about":[{"href":"https:\/\/www.datecuenta.org\/escuelalibre\/wp-json\/wp\/v2\/types\/post"}],"author":[{"embeddable":true,"href":"https:\/\/www.datecuenta.org\/escuelalibre\/wp-json\/wp\/v2\/users\/1001002"}],"replies":[{"embeddable":true,"href":"https:\/\/www.datecuenta.org\/escuelalibre\/wp-json\/wp\/v2\/comments?post=2158"}],"version-history":[{"count":7,"href":"https:\/\/www.datecuenta.org\/escuelalibre\/wp-json\/wp\/v2\/posts\/2158\/revisions"}],"predecessor-version":[{"id":2511,"href":"https:\/\/www.datecuenta.org\/escuelalibre\/wp-json\/wp\/v2\/posts\/2158\/revisions\/2511"}],"wp:featuredmedia":[{"embeddable":true,"href":"https:\/\/www.datecuenta.org\/escuelalibre\/wp-json\/wp\/v2\/media\/2162"}],"wp:attachment":[{"href":"https:\/\/www.datecuenta.org\/escuelalibre\/wp-json\/wp\/v2\/media?parent=2158"}],"wp:term":[{"taxonomy":"category","embeddable":true,"href":"https:\/\/www.datecuenta.org\/escuelalibre\/wp-json\/wp\/v2\/categories?post=2158"},{"taxonomy":"post_tag","embeddable":true,"href":"https:\/\/www.datecuenta.org\/escuelalibre\/wp-json\/wp\/v2\/tags?post=2158"}],"curies":[{"name":"wp","href":"https:\/\/api.w.org\/{rel}","templated":true}]}}