{"id":2241,"date":"2017-05-02T07:40:58","date_gmt":"2017-05-02T07:40:58","guid":{"rendered":"http:\/\/www.datecuenta.org\/escuelalibre\/?p=2241"},"modified":"2017-06-14T10:59:38","modified_gmt":"2017-06-14T10:59:38","slug":"fotoperiodismo-conflictos","status":"publish","type":"post","link":"https:\/\/www.datecuenta.org\/escuelalibre\/fotoperiodismo-conflictos\/","title":{"rendered":"Fotoperiodismo de conflictos: ayer y hoy"},"content":{"rendered":"<p>Juan Carlos Tomasi y Anna Surinyach, <strong>fotoperiodistas de conflictos<\/strong> forjados en la ONG M\u00e9dicos Sin Fronteras (MSF) y en medios nacionales e internacionales, ofrecieron un encuentro con nuestro alumnado el pasado 25 de marzo.<\/p>\n<h2><span style=\"color: #ff6600;\">Juan Carlos Tomasi, fotoperiodista de conflictos: \u00abHay que leer\u00bb<br \/>\n<\/span><\/h2>\n<p><strong><span style=\"color: #ff6600;\">Por\u00a0AITOR FERN\u00c1NDEZ\u00a0| <a href=\"http:\/\/twitter.com\/aitorfe\" rel=\"nofollow\">@aitorfe<\/a><\/span><\/strong><\/p>\n<p><strong><span style=\"color: #ff6600;\">V\u00eddeo de PABLO ROGERO | <a href=\"http:\/\/twitter.com\/pablorogero\" rel=\"nofollow\">@pablorogero<\/a><\/span><\/strong><\/p>\n<p>El pasado 25 de marzo, <strong>dos generaciones de fotoperiodistas<\/strong>, Juan Carlos Tomasi y Anna Surinyach, se encontraron con nuestros alumnos tanto de <a href=\"http:\/\/www.datecuenta.org\/escuelalibre\/curso-fotografia-fotoperiodismo\/\">fotoperiodismo<\/a> como de otros cursos, \u00a0en una conferencia abierta al p\u00fablico. Nuestro alumnado, que hab\u00eda preparado una lista de preguntas, fue guiando la cita.<\/p>\n<p><strong>Juan Carlos Tomasi<\/strong> (Madrid, 1959), abandon\u00f3 la fotograf\u00eda deportiva tras cubrir los Juegos Ol\u00edmpicos de Barcelona 1992 para dedicarse al <strong>fotoperiodismo de conflictos<\/strong>. En 1996 entr\u00f3 a formar parte del equipo de periodistas de la organizaci\u00f3n humanitaria M\u00e9dicos Sin Fronteras (MSF) y combin\u00f3 esta tarea con el trabajo de colaborador freelance con El Pa\u00eds, El Peri\u00f3dico y La Vanguardia.<\/p>\n<p>\u00ab\u00bfCu\u00e1ndo empec\u00e9?\u00bb. Juan Carlos Tomasi hizo memoria para presentarse: \u00abEmpec\u00e9 en Ruanda, luego Congo&#8230;\u00bb Tomasi, como muchos, ya cuenta su carrera en a\u00f1os, si no en guerras, posguerras, hambrunas y \u00e9xodos.<\/p>\n<p><strong>Anna Surinyach<\/strong> (Barcelona, 1985), hija de m\u00e9dicos, siempre crey\u00f3 que se iba a dedicar a la medicina. Pero finalmente decidi\u00f3 estudiar Periodismo porque quer\u00eda \u00abviajar, contar historias&#8230;\u00bb Y la mejor manera para contarlas, asegur\u00f3, era empu\u00f1ando una c\u00e1mara de fotos.<\/p>\n<p>\u00abEntr\u00e9 de becaria en MSF, donde estaba Tomasi trabajando solo\u00bb, cont\u00f3 en la masterclass. De \u00e9l aprendi\u00f3 a hacer im\u00e1genes llenas de dignidad, que huyeran de la l\u00e1stima y personificaran las historias.<\/p>\n<p>Hoy, con decenas de reportajes y conflictos a sus espaldas -las crisis del Mediterr\u00e1neo, la epidemia de \u00e9bola, Yemen, Colombia, Sud\u00e1n del Sur, Siria, Congo o la gran olvidada Rep\u00fablica Centroafricana-, es la editora gr\u00e1fica de un gran proyecto period\u00edstico: la revista 5W.<\/p>\n<p>Tomasi tambi\u00e9n nos habl\u00f3 de las personas que le ayudaron. \u00abDe Sebastiao Salgado aprend\u00ed a acercarme a la gente\u00bb, afirm\u00f3. \u00c9l tambi\u00e9n utiliza el lenguaje universal para entrar en las comunidades, la m\u00fasica: \u00abLas personas bajan la guardia autom\u00e1ticamente\u00bb.<\/p>\n<p>Muchos aprenden esta profesi\u00f3n,\u00a0carente de un plan formativo, as\u00ed, recibiendo consejos,\u00a0 en la calle y con duro trabajo diario. Desgraciadamente, no todos los fotoperiodistas trabajan con la misma humanidad: \u00ab\u00bfCu\u00e1nta gente ser\u00eda fotoperiodista si no se pudieran firmar las fotos?\u00bb, afirm\u00f3 Tomasi. \u00abEl fotoperiodismo es un mundo de egos\u00bb. \u00abOjal\u00e1 a muchos se les obligara a ser persona antes de ponerse a fotografiar\u00bb, afirm\u00f3 Surinyach.<\/p>\n<p>\u00bfUn consejo para nuestro alumnado?\u00bb, le preguntamos a Tomasi antes de finalizar: <strong>\u00abLo mejor que puede hacer un fotoperiodista que comienza es leer\u00bb.<\/strong><\/p>\n","protected":false},"excerpt":{"rendered":"<p>Juan Carlos Tomasi y Anna Surinyach, fotoperiodistas de conflictos forjados en la ONG M\u00e9dicos Sin Fronteras (MSF) y en medios nacionales e internacionales, ofrecieron un encuentro con nuestro alumnado el pasado 25 de marzo. Juan Carlos Tomasi, fotoperiodista de conflictos: \u00abHay que leer\u00bb Por\u00a0AITOR FERN\u00c1NDEZ\u00a0| @aitorfe V\u00eddeo de PABLO ROGERO | @pablorogero El pasado 25 [&hellip;]<\/p>\n","protected":false},"author":1001002,"featured_media":2243,"comment_status":"closed","ping_status":"closed","sticky":false,"template":"","format":"video","meta":{"_et_pb_use_builder":"","_et_pb_old_content":"","_et_gb_content_width":"","content-type":"","_monsterinsights_skip_tracking":false,"_monsterinsights_sitenote_active":false,"_monsterinsights_sitenote_note":"","_monsterinsights_sitenote_category":0,"_joinchat":[],"footnotes":""},"categories":[187],"tags":[],"class_list":["post-2241","post","type-post","status-publish","format-video","has-post-thumbnail","hentry","category-noticias","post_format-post-format-video"],"yoast_head":"<!-- This site is optimized with the Yoast SEO plugin v26.9 - https:\/\/yoast.com\/product\/yoast-seo-wordpress\/ -->\n<title>Fotoperiodismo de conflictos: Juan Carlos Tomasi | Escuela Date Cuenta<\/title>\n<meta name=\"description\" content=\"Juan Carlos Tomasi y Anna Surinyach, fot\u00f3grafos de conflictos, ofrecieron un encuentro con nuestro alumnado el pasado 25 de marzo.\" \/>\n<meta name=\"robots\" content=\"index, follow, max-snippet:-1, max-image-preview:large, max-video-preview:-1\" \/>\n<link rel=\"canonical\" href=\"https:\/\/www.datecuenta.org\/escuelalibre\/fotoperiodismo-conflictos\/\" \/>\n<meta property=\"og:locale\" content=\"es_ES\" \/>\n<meta property=\"og:type\" content=\"article\" \/>\n<meta property=\"og:title\" content=\"Fotoperiodismo de conflictos: Juan Carlos Tomasi | Escuela Date Cuenta\" \/>\n<meta property=\"og:description\" content=\"Juan Carlos Tomasi y Anna Surinyach, fot\u00f3grafos de conflictos, ofrecieron un encuentro con nuestro alumnado el pasado 25 de marzo.\" \/>\n<meta property=\"og:url\" content=\"https:\/\/www.datecuenta.org\/escuelalibre\/fotoperiodismo-conflictos\/\" \/>\n<meta property=\"og:site_name\" content=\"Escuela de fotograf\u00eda en Barcelona | DateCuenta\" \/>\n<meta property=\"article:published_time\" content=\"2017-05-02T07:40:58+00:00\" \/>\n<meta property=\"article:modified_time\" content=\"2017-06-14T10:59:38+00:00\" \/>\n<meta property=\"og:image\" content=\"https:\/\/www.datecuenta.org\/escuelalibre\/wp-content\/uploads\/C7wXdN_WsAIG7mL.jpg\" \/>\n\t<meta property=\"og:image:width\" content=\"2048\" \/>\n\t<meta property=\"og:image:height\" content=\"1536\" \/>\n\t<meta property=\"og:image:type\" content=\"image\/jpeg\" \/>\n<meta name=\"author\" content=\"Date Cuenta\" \/>\n<meta name=\"twitter:card\" content=\"summary_large_image\" \/>\n<meta name=\"twitter:label1\" content=\"Escrito por\" \/>\n\t<meta name=\"twitter:data1\" content=\"Date Cuenta\" \/>\n\t<meta name=\"twitter:label2\" content=\"Tiempo de lectura\" \/>\n\t<meta name=\"twitter:data2\" content=\"2 minutos\" \/>\n<script type=\"application\/ld+json\" class=\"yoast-schema-graph\">{\"@context\":\"https:\/\/schema.org\",\"@graph\":[{\"@type\":\"Article\",\"@id\":\"https:\/\/www.datecuenta.org\/escuelalibre\/fotoperiodismo-conflictos\/#article\",\"isPartOf\":{\"@id\":\"https:\/\/www.datecuenta.org\/escuelalibre\/fotoperiodismo-conflictos\/\"},\"author\":{\"name\":\"Date Cuenta\",\"@id\":\"https:\/\/www.datecuenta.org\/escuelalibre\/#\/schema\/person\/2461c4b87eecd19501ff25c8158edfce\"},\"headline\":\"Fotoperiodismo de conflictos: ayer y hoy\",\"datePublished\":\"2017-05-02T07:40:58+00:00\",\"dateModified\":\"2017-06-14T10:59:38+00:00\",\"mainEntityOfPage\":{\"@id\":\"https:\/\/www.datecuenta.org\/escuelalibre\/fotoperiodismo-conflictos\/\"},\"wordCount\":462,\"image\":{\"@id\":\"https:\/\/www.datecuenta.org\/escuelalibre\/fotoperiodismo-conflictos\/#primaryimage\"},\"thumbnailUrl\":\"https:\/\/www.datecuenta.org\/escuelalibre\/wp-content\/uploads\/C7wXdN_WsAIG7mL.jpg\",\"articleSection\":[\"BLOG\"],\"inLanguage\":\"es\"},{\"@type\":\"WebPage\",\"@id\":\"https:\/\/www.datecuenta.org\/escuelalibre\/fotoperiodismo-conflictos\/\",\"url\":\"https:\/\/www.datecuenta.org\/escuelalibre\/fotoperiodismo-conflictos\/\",\"name\":\"Fotoperiodismo de conflictos: Juan Carlos Tomasi | Escuela Date Cuenta\",\"isPartOf\":{\"@id\":\"https:\/\/www.datecuenta.org\/escuelalibre\/#website\"},\"primaryImageOfPage\":{\"@id\":\"https:\/\/www.datecuenta.org\/escuelalibre\/fotoperiodismo-conflictos\/#primaryimage\"},\"image\":{\"@id\":\"https:\/\/www.datecuenta.org\/escuelalibre\/fotoperiodismo-conflictos\/#primaryimage\"},\"thumbnailUrl\":\"https:\/\/www.datecuenta.org\/escuelalibre\/wp-content\/uploads\/C7wXdN_WsAIG7mL.jpg\",\"datePublished\":\"2017-05-02T07:40:58+00:00\",\"dateModified\":\"2017-06-14T10:59:38+00:00\",\"author\":{\"@id\":\"https:\/\/www.datecuenta.org\/escuelalibre\/#\/schema\/person\/2461c4b87eecd19501ff25c8158edfce\"},\"description\":\"Juan Carlos Tomasi y Anna Surinyach, fot\u00f3grafos de conflictos, ofrecieron un encuentro con nuestro alumnado el pasado 25 de marzo.\",\"breadcrumb\":{\"@id\":\"https:\/\/www.datecuenta.org\/escuelalibre\/fotoperiodismo-conflictos\/#breadcrumb\"},\"inLanguage\":\"es\",\"potentialAction\":[{\"@type\":\"ReadAction\",\"target\":[\"https:\/\/www.datecuenta.org\/escuelalibre\/fotoperiodismo-conflictos\/\"]}]},{\"@type\":\"ImageObject\",\"inLanguage\":\"es\",\"@id\":\"https:\/\/www.datecuenta.org\/escuelalibre\/fotoperiodismo-conflictos\/#primaryimage\",\"url\":\"https:\/\/www.datecuenta.org\/escuelalibre\/wp-content\/uploads\/C7wXdN_WsAIG7mL.jpg\",\"contentUrl\":\"https:\/\/www.datecuenta.org\/escuelalibre\/wp-content\/uploads\/C7wXdN_WsAIG7mL.jpg\",\"width\":2048,\"height\":1536},{\"@type\":\"BreadcrumbList\",\"@id\":\"https:\/\/www.datecuenta.org\/escuelalibre\/fotoperiodismo-conflictos\/#breadcrumb\",\"itemListElement\":[{\"@type\":\"ListItem\",\"position\":1,\"name\":\"Portada\",\"item\":\"https:\/\/www.datecuenta.org\/escuelalibre\/\"},{\"@type\":\"ListItem\",\"position\":2,\"name\":\"Fotoperiodismo de conflictos: ayer y hoy\"}]},{\"@type\":\"WebSite\",\"@id\":\"https:\/\/www.datecuenta.org\/escuelalibre\/#website\",\"url\":\"https:\/\/www.datecuenta.org\/escuelalibre\/\",\"name\":\"Escuela de fotograf\u00eda en Barcelona | DateCuenta\",\"description\":\"\",\"potentialAction\":[{\"@type\":\"SearchAction\",\"target\":{\"@type\":\"EntryPoint\",\"urlTemplate\":\"https:\/\/www.datecuenta.org\/escuelalibre\/?s={search_term_string}\"},\"query-input\":{\"@type\":\"PropertyValueSpecification\",\"valueRequired\":true,\"valueName\":\"search_term_string\"}}],\"inLanguage\":\"es\"},{\"@type\":\"Person\",\"@id\":\"https:\/\/www.datecuenta.org\/escuelalibre\/#\/schema\/person\/2461c4b87eecd19501ff25c8158edfce\",\"name\":\"Date Cuenta\",\"image\":{\"@type\":\"ImageObject\",\"inLanguage\":\"es\",\"@id\":\"https:\/\/www.datecuenta.org\/escuelalibre\/#\/schema\/person\/image\/\",\"url\":\"https:\/\/secure.gravatar.com\/avatar\/cef072a10d2f235035add558d19bd890155332fc9d829546849b6af5dba440c4?s=96&d=mm&r=g\",\"contentUrl\":\"https:\/\/secure.gravatar.com\/avatar\/cef072a10d2f235035add558d19bd890155332fc9d829546849b6af5dba440c4?s=96&d=mm&r=g\",\"caption\":\"Date Cuenta\"}}]}<\/script>\n<!-- \/ Yoast SEO plugin. -->","yoast_head_json":{"title":"Fotoperiodismo de conflictos: Juan Carlos Tomasi | Escuela Date Cuenta","description":"Juan Carlos Tomasi y Anna Surinyach, fot\u00f3grafos de conflictos, ofrecieron un encuentro con nuestro alumnado el pasado 25 de marzo.","robots":{"index":"index","follow":"follow","max-snippet":"max-snippet:-1","max-image-preview":"max-image-preview:large","max-video-preview":"max-video-preview:-1"},"canonical":"https:\/\/www.datecuenta.org\/escuelalibre\/fotoperiodismo-conflictos\/","og_locale":"es_ES","og_type":"article","og_title":"Fotoperiodismo de conflictos: Juan Carlos Tomasi | Escuela Date Cuenta","og_description":"Juan Carlos Tomasi y Anna Surinyach, fot\u00f3grafos de conflictos, ofrecieron un encuentro con nuestro alumnado el pasado 25 de marzo.","og_url":"https:\/\/www.datecuenta.org\/escuelalibre\/fotoperiodismo-conflictos\/","og_site_name":"Escuela de fotograf\u00eda en Barcelona | DateCuenta","article_published_time":"2017-05-02T07:40:58+00:00","article_modified_time":"2017-06-14T10:59:38+00:00","og_image":[{"width":2048,"height":1536,"url":"https:\/\/www.datecuenta.org\/escuelalibre\/wp-content\/uploads\/C7wXdN_WsAIG7mL.jpg","type":"image\/jpeg"}],"author":"Date Cuenta","twitter_card":"summary_large_image","twitter_misc":{"Escrito por":"Date Cuenta","Tiempo de lectura":"2 minutos"},"schema":{"@context":"https:\/\/schema.org","@graph":[{"@type":"Article","@id":"https:\/\/www.datecuenta.org\/escuelalibre\/fotoperiodismo-conflictos\/#article","isPartOf":{"@id":"https:\/\/www.datecuenta.org\/escuelalibre\/fotoperiodismo-conflictos\/"},"author":{"name":"Date Cuenta","@id":"https:\/\/www.datecuenta.org\/escuelalibre\/#\/schema\/person\/2461c4b87eecd19501ff25c8158edfce"},"headline":"Fotoperiodismo de conflictos: ayer y hoy","datePublished":"2017-05-02T07:40:58+00:00","dateModified":"2017-06-14T10:59:38+00:00","mainEntityOfPage":{"@id":"https:\/\/www.datecuenta.org\/escuelalibre\/fotoperiodismo-conflictos\/"},"wordCount":462,"image":{"@id":"https:\/\/www.datecuenta.org\/escuelalibre\/fotoperiodismo-conflictos\/#primaryimage"},"thumbnailUrl":"https:\/\/www.datecuenta.org\/escuelalibre\/wp-content\/uploads\/C7wXdN_WsAIG7mL.jpg","articleSection":["BLOG"],"inLanguage":"es"},{"@type":"WebPage","@id":"https:\/\/www.datecuenta.org\/escuelalibre\/fotoperiodismo-conflictos\/","url":"https:\/\/www.datecuenta.org\/escuelalibre\/fotoperiodismo-conflictos\/","name":"Fotoperiodismo de conflictos: Juan Carlos Tomasi | Escuela Date Cuenta","isPartOf":{"@id":"https:\/\/www.datecuenta.org\/escuelalibre\/#website"},"primaryImageOfPage":{"@id":"https:\/\/www.datecuenta.org\/escuelalibre\/fotoperiodismo-conflictos\/#primaryimage"},"image":{"@id":"https:\/\/www.datecuenta.org\/escuelalibre\/fotoperiodismo-conflictos\/#primaryimage"},"thumbnailUrl":"https:\/\/www.datecuenta.org\/escuelalibre\/wp-content\/uploads\/C7wXdN_WsAIG7mL.jpg","datePublished":"2017-05-02T07:40:58+00:00","dateModified":"2017-06-14T10:59:38+00:00","author":{"@id":"https:\/\/www.datecuenta.org\/escuelalibre\/#\/schema\/person\/2461c4b87eecd19501ff25c8158edfce"},"description":"Juan Carlos Tomasi y Anna Surinyach, fot\u00f3grafos de conflictos, ofrecieron un encuentro con nuestro alumnado el pasado 25 de marzo.","breadcrumb":{"@id":"https:\/\/www.datecuenta.org\/escuelalibre\/fotoperiodismo-conflictos\/#breadcrumb"},"inLanguage":"es","potentialAction":[{"@type":"ReadAction","target":["https:\/\/www.datecuenta.org\/escuelalibre\/fotoperiodismo-conflictos\/"]}]},{"@type":"ImageObject","inLanguage":"es","@id":"https:\/\/www.datecuenta.org\/escuelalibre\/fotoperiodismo-conflictos\/#primaryimage","url":"https:\/\/www.datecuenta.org\/escuelalibre\/wp-content\/uploads\/C7wXdN_WsAIG7mL.jpg","contentUrl":"https:\/\/www.datecuenta.org\/escuelalibre\/wp-content\/uploads\/C7wXdN_WsAIG7mL.jpg","width":2048,"height":1536},{"@type":"BreadcrumbList","@id":"https:\/\/www.datecuenta.org\/escuelalibre\/fotoperiodismo-conflictos\/#breadcrumb","itemListElement":[{"@type":"ListItem","position":1,"name":"Portada","item":"https:\/\/www.datecuenta.org\/escuelalibre\/"},{"@type":"ListItem","position":2,"name":"Fotoperiodismo de conflictos: ayer y hoy"}]},{"@type":"WebSite","@id":"https:\/\/www.datecuenta.org\/escuelalibre\/#website","url":"https:\/\/www.datecuenta.org\/escuelalibre\/","name":"Escuela de fotograf\u00eda en Barcelona | DateCuenta","description":"","potentialAction":[{"@type":"SearchAction","target":{"@type":"EntryPoint","urlTemplate":"https:\/\/www.datecuenta.org\/escuelalibre\/?s={search_term_string}"},"query-input":{"@type":"PropertyValueSpecification","valueRequired":true,"valueName":"search_term_string"}}],"inLanguage":"es"},{"@type":"Person","@id":"https:\/\/www.datecuenta.org\/escuelalibre\/#\/schema\/person\/2461c4b87eecd19501ff25c8158edfce","name":"Date Cuenta","image":{"@type":"ImageObject","inLanguage":"es","@id":"https:\/\/www.datecuenta.org\/escuelalibre\/#\/schema\/person\/image\/","url":"https:\/\/secure.gravatar.com\/avatar\/cef072a10d2f235035add558d19bd890155332fc9d829546849b6af5dba440c4?s=96&d=mm&r=g","contentUrl":"https:\/\/secure.gravatar.com\/avatar\/cef072a10d2f235035add558d19bd890155332fc9d829546849b6af5dba440c4?s=96&d=mm&r=g","caption":"Date Cuenta"}}]}},"_links":{"self":[{"href":"https:\/\/www.datecuenta.org\/escuelalibre\/wp-json\/wp\/v2\/posts\/2241","targetHints":{"allow":["GET"]}}],"collection":[{"href":"https:\/\/www.datecuenta.org\/escuelalibre\/wp-json\/wp\/v2\/posts"}],"about":[{"href":"https:\/\/www.datecuenta.org\/escuelalibre\/wp-json\/wp\/v2\/types\/post"}],"author":[{"embeddable":true,"href":"https:\/\/www.datecuenta.org\/escuelalibre\/wp-json\/wp\/v2\/users\/1001002"}],"replies":[{"embeddable":true,"href":"https:\/\/www.datecuenta.org\/escuelalibre\/wp-json\/wp\/v2\/comments?post=2241"}],"version-history":[{"count":7,"href":"https:\/\/www.datecuenta.org\/escuelalibre\/wp-json\/wp\/v2\/posts\/2241\/revisions"}],"predecessor-version":[{"id":2503,"href":"https:\/\/www.datecuenta.org\/escuelalibre\/wp-json\/wp\/v2\/posts\/2241\/revisions\/2503"}],"wp:featuredmedia":[{"embeddable":true,"href":"https:\/\/www.datecuenta.org\/escuelalibre\/wp-json\/wp\/v2\/media\/2243"}],"wp:attachment":[{"href":"https:\/\/www.datecuenta.org\/escuelalibre\/wp-json\/wp\/v2\/media?parent=2241"}],"wp:term":[{"taxonomy":"category","embeddable":true,"href":"https:\/\/www.datecuenta.org\/escuelalibre\/wp-json\/wp\/v2\/categories?post=2241"},{"taxonomy":"post_tag","embeddable":true,"href":"https:\/\/www.datecuenta.org\/escuelalibre\/wp-json\/wp\/v2\/tags?post=2241"}],"curies":[{"name":"wp","href":"https:\/\/api.w.org\/{rel}","templated":true}]}}