{"id":2838,"date":"2017-12-04T16:17:48","date_gmt":"2017-12-04T16:17:48","guid":{"rendered":"http:\/\/www.datecuenta.org\/escuelalibre\/?p=2838"},"modified":"2017-12-05T16:48:12","modified_gmt":"2017-12-05T16:48:12","slug":"xavier-torres-bacchetta-fotografia-editorial","status":"publish","type":"post","link":"https:\/\/www.datecuenta.org\/escuelalibre\/xavier-torres-bacchetta-fotografia-editorial\/","title":{"rendered":"La fotograf\u00eda editorial y la empat\u00eda de Xavier Torres-Bacchetta"},"content":{"rendered":"<p><iframe loading=\"lazy\" src=\"https:\/\/www.youtube.com\/embed\/OEWhCqJXzbg?rel=0\" width=\"560\" height=\"315\" frameborder=\"0\" allowfullscreen=\"allowfullscreen\"><\/iframe><\/p>\n<p>Xavier Torres-Bacchetta (Barcelona, 1975) es un <strong>profesional freelance de la fotograf\u00eda editorial<\/strong>. Su trayectoria profesional se ha forjado en festivales donde tiene que resolver im\u00e1genes de <em>celebrities<\/em> que tendr\u00e1n un largo recorrido promocional. El problema: s\u00f3lo dispone de cinco minutos para poder resolverlas.<\/p>\n<h2>\u00abLas relaciones humanas son las que hacen que la fotograf\u00eda valga la pena\u00bb<\/h2>\n<p><strong>Por ALBERT CAP\u00d3, MIRIAM MANYARI y AITOR FERN\u00c1NDEZ | <a href=\"http:\/\/www.twitter.com\/Albert_Capo_A\" target=\"_blank\" rel=\"no follow noopener\">@Albert_Capo_A<\/a> | <a href=\"http:\/\/www.twitter.com\/aitorfe\" target=\"_blank\" rel=\"no follow noopener\">@aitorfe<\/a><\/strong><\/p>\n<p>La <strong>fotograf\u00eda editorial<\/strong> comprende disciplinas que van desde el retrato hasta la moda. Puede tener m\u00e1s o menos producci\u00f3n y su objetivo es ser publicada en las p\u00e1ginas de un medio de comunicaci\u00f3n. Hace cien a\u00f1os que las grandes marcas de moda comprendieron su importancia a la hora de llegar al gran consumidor y empezaron a impulsar este tipo de fotograf\u00eda.<\/p>\n<p>Tras el paso de <a href=\"http:\/\/www.datecuenta.org\/escuelalibre\/sofia-moro-entrevista\/\" target=\"_blank\" rel=\"noopener\">Sof\u00eda Moro<\/a> el a\u00f1o anterior, el pasado 25 de noviembre invitamos a nuestra escuela a <strong>Xavier Torres-Bacchetta<\/strong>, fot\u00f3grafo freelance sindicado en la agencia Redux Pictures. Por su objetivo han pasado actores y actrices, directores de cine, escritores, modelos, deportistas de \u00e9lite y otras <em>celebrities<\/em> de la cultura. Forjado en festivales de cine, muchas veces s\u00f3lo dispone de cinco minutos de reloj -muchas veces, menos y, alguna vez, algo m\u00e1s- para poder resolver el retrato.<\/p>\n<p>En el encuentro, el fot\u00f3grafo habl\u00f3 de la importancia de documentarse previamente y de ser educado al recibir y despedir a la persona en cuesti\u00f3n. Opina que conocer la <strong>t\u00e9cnica fotogr\u00e1fica<\/strong> es muy importante, pero que lo es mucho m\u00e1s conocer las relaciones humanas. Habl\u00f3 de una palabra que a menudo se olvida: la <strong>empat\u00eda<\/strong>.<\/p>\n<p>La empat\u00eda es el arte de comprender las emociones del otro. Ese ponerse en su lugar, ese dejar fluir lo que la otra persona siente o desea es parte del \u00e9xito del trabajo de Xavier Torres-Bachetta.<\/p>\n<p>La empat\u00eda ha ido labrando en \u00e9l una manera de mirar propia. <a href=\"http:\/\/xtbphotography.com\" target=\"_blank\" rel=\"no follow noopener\">Por su objetivo han pasado personajes<\/a> de la talla de Scarlett Johanson, Monica Bellucci, Tom Wolf, Elena Anaya, Javier Bardem, Jean Reno, Manu Chao, Javier Bardem, Carmen Maura o Marc Gasol. En todos ha encontrado esa faceta, ese punto genuino, esa forma de mirar que es su sello personal.<\/p>\n","protected":false},"excerpt":{"rendered":"<p>Xavier Torres-Bacchetta (Barcelona, 1975) es un profesional freelance de la fotograf\u00eda editorial. Su trayectoria profesional se ha forjado en festivales donde tiene que resolver im\u00e1genes de celebrities que tendr\u00e1n un largo recorrido promocional. El problema: s\u00f3lo dispone de cinco minutos para poder resolverlas. \u00abLas relaciones humanas son las que hacen que la fotograf\u00eda valga la [&hellip;]<\/p>\n","protected":false},"author":1001002,"featured_media":2849,"comment_status":"open","ping_status":"closed","sticky":false,"template":"","format":"standard","meta":{"_et_pb_use_builder":"","_et_pb_old_content":"","_et_gb_content_width":"","content-type":"","_monsterinsights_skip_tracking":false,"_monsterinsights_sitenote_active":false,"_monsterinsights_sitenote_note":"","_monsterinsights_sitenote_category":0,"_joinchat":[],"footnotes":""},"categories":[187],"tags":[],"class_list":["post-2838","post","type-post","status-publish","format-standard","has-post-thumbnail","hentry","category-noticias"],"yoast_head":"<!-- This site is optimized with the Yoast SEO plugin v26.9 - https:\/\/yoast.com\/product\/yoast-seo-wordpress\/ -->\n<title>La fotograf\u00eda editorial y la empat\u00eda de Xavier Torres-Bacchetta<\/title>\n<meta name=\"robots\" content=\"index, follow, max-snippet:-1, max-image-preview:large, max-video-preview:-1\" \/>\n<link rel=\"canonical\" href=\"https:\/\/www.datecuenta.org\/escuelalibre\/xavier-torres-bacchetta-fotografia-editorial\/\" \/>\n<meta property=\"og:locale\" content=\"es_ES\" \/>\n<meta property=\"og:type\" content=\"article\" \/>\n<meta property=\"og:title\" content=\"La fotograf\u00eda editorial y la empat\u00eda de Xavier Torres-Bacchetta\" \/>\n<meta property=\"og:description\" content=\"Xavier Torres-Bacchetta (Barcelona, 1975) es un profesional freelance de la fotograf\u00eda editorial. Su trayectoria profesional se ha forjado en festivales donde tiene que resolver im\u00e1genes de celebrities que tendr\u00e1n un largo recorrido promocional. El problema: s\u00f3lo dispone de cinco minutos para poder resolverlas. \u00abLas relaciones humanas son las que hacen que la fotograf\u00eda valga la [&hellip;]\" \/>\n<meta property=\"og:url\" content=\"https:\/\/www.datecuenta.org\/escuelalibre\/xavier-torres-bacchetta-fotografia-editorial\/\" \/>\n<meta property=\"og:site_name\" content=\"Escuela de fotograf\u00eda en Barcelona | DateCuenta\" \/>\n<meta property=\"article:published_time\" content=\"2017-12-04T16:17:48+00:00\" \/>\n<meta property=\"article:modified_time\" content=\"2017-12-05T16:48:12+00:00\" \/>\n<meta property=\"og:image\" content=\"https:\/\/www.datecuenta.org\/escuelalibre\/wp-content\/uploads\/2017\/12\/Sin-ti\u0301tulo-1.jpg\" \/>\n\t<meta property=\"og:image:width\" content=\"774\" \/>\n\t<meta property=\"og:image:height\" content=\"431\" \/>\n\t<meta property=\"og:image:type\" content=\"image\/jpeg\" \/>\n<meta name=\"author\" content=\"Date Cuenta\" \/>\n<meta name=\"twitter:card\" content=\"summary_large_image\" \/>\n<meta name=\"twitter:label1\" content=\"Escrito por\" \/>\n\t<meta name=\"twitter:data1\" content=\"Date Cuenta\" \/>\n\t<meta name=\"twitter:label2\" content=\"Tiempo de lectura\" \/>\n\t<meta name=\"twitter:data2\" content=\"2 minutos\" \/>\n<script type=\"application\/ld+json\" class=\"yoast-schema-graph\">{\"@context\":\"https:\/\/schema.org\",\"@graph\":[{\"@type\":\"Article\",\"@id\":\"https:\/\/www.datecuenta.org\/escuelalibre\/xavier-torres-bacchetta-fotografia-editorial\/#article\",\"isPartOf\":{\"@id\":\"https:\/\/www.datecuenta.org\/escuelalibre\/xavier-torres-bacchetta-fotografia-editorial\/\"},\"author\":{\"name\":\"Date Cuenta\",\"@id\":\"https:\/\/www.datecuenta.org\/escuelalibre\/#\/schema\/person\/2461c4b87eecd19501ff25c8158edfce\"},\"headline\":\"La fotograf\u00eda editorial y la empat\u00eda de Xavier Torres-Bacchetta\",\"datePublished\":\"2017-12-04T16:17:48+00:00\",\"dateModified\":\"2017-12-05T16:48:12+00:00\",\"mainEntityOfPage\":{\"@id\":\"https:\/\/www.datecuenta.org\/escuelalibre\/xavier-torres-bacchetta-fotografia-editorial\/\"},\"wordCount\":394,\"commentCount\":0,\"image\":{\"@id\":\"https:\/\/www.datecuenta.org\/escuelalibre\/xavier-torres-bacchetta-fotografia-editorial\/#primaryimage\"},\"thumbnailUrl\":\"https:\/\/www.datecuenta.org\/escuelalibre\/wp-content\/uploads\/2017\/12\/Sin-ti\u0301tulo-1.jpg\",\"articleSection\":[\"BLOG\"],\"inLanguage\":\"es\",\"potentialAction\":[{\"@type\":\"CommentAction\",\"name\":\"Comment\",\"target\":[\"https:\/\/www.datecuenta.org\/escuelalibre\/xavier-torres-bacchetta-fotografia-editorial\/#respond\"]}]},{\"@type\":\"WebPage\",\"@id\":\"https:\/\/www.datecuenta.org\/escuelalibre\/xavier-torres-bacchetta-fotografia-editorial\/\",\"url\":\"https:\/\/www.datecuenta.org\/escuelalibre\/xavier-torres-bacchetta-fotografia-editorial\/\",\"name\":\"La fotograf\u00eda editorial y la empat\u00eda de Xavier Torres-Bacchetta\",\"isPartOf\":{\"@id\":\"https:\/\/www.datecuenta.org\/escuelalibre\/#website\"},\"primaryImageOfPage\":{\"@id\":\"https:\/\/www.datecuenta.org\/escuelalibre\/xavier-torres-bacchetta-fotografia-editorial\/#primaryimage\"},\"image\":{\"@id\":\"https:\/\/www.datecuenta.org\/escuelalibre\/xavier-torres-bacchetta-fotografia-editorial\/#primaryimage\"},\"thumbnailUrl\":\"https:\/\/www.datecuenta.org\/escuelalibre\/wp-content\/uploads\/2017\/12\/Sin-ti\u0301tulo-1.jpg\",\"datePublished\":\"2017-12-04T16:17:48+00:00\",\"dateModified\":\"2017-12-05T16:48:12+00:00\",\"author\":{\"@id\":\"https:\/\/www.datecuenta.org\/escuelalibre\/#\/schema\/person\/2461c4b87eecd19501ff25c8158edfce\"},\"breadcrumb\":{\"@id\":\"https:\/\/www.datecuenta.org\/escuelalibre\/xavier-torres-bacchetta-fotografia-editorial\/#breadcrumb\"},\"inLanguage\":\"es\",\"potentialAction\":[{\"@type\":\"ReadAction\",\"target\":[\"https:\/\/www.datecuenta.org\/escuelalibre\/xavier-torres-bacchetta-fotografia-editorial\/\"]}]},{\"@type\":\"ImageObject\",\"inLanguage\":\"es\",\"@id\":\"https:\/\/www.datecuenta.org\/escuelalibre\/xavier-torres-bacchetta-fotografia-editorial\/#primaryimage\",\"url\":\"https:\/\/www.datecuenta.org\/escuelalibre\/wp-content\/uploads\/2017\/12\/Sin-ti\u0301tulo-1.jpg\",\"contentUrl\":\"https:\/\/www.datecuenta.org\/escuelalibre\/wp-content\/uploads\/2017\/12\/Sin-ti\u0301tulo-1.jpg\",\"width\":774,\"height\":431},{\"@type\":\"BreadcrumbList\",\"@id\":\"https:\/\/www.datecuenta.org\/escuelalibre\/xavier-torres-bacchetta-fotografia-editorial\/#breadcrumb\",\"itemListElement\":[{\"@type\":\"ListItem\",\"position\":1,\"name\":\"Portada\",\"item\":\"https:\/\/www.datecuenta.org\/escuelalibre\/\"},{\"@type\":\"ListItem\",\"position\":2,\"name\":\"La fotograf\u00eda editorial y la empat\u00eda de Xavier Torres-Bacchetta\"}]},{\"@type\":\"WebSite\",\"@id\":\"https:\/\/www.datecuenta.org\/escuelalibre\/#website\",\"url\":\"https:\/\/www.datecuenta.org\/escuelalibre\/\",\"name\":\"Escuela de fotograf\u00eda en Barcelona | DateCuenta\",\"description\":\"\",\"potentialAction\":[{\"@type\":\"SearchAction\",\"target\":{\"@type\":\"EntryPoint\",\"urlTemplate\":\"https:\/\/www.datecuenta.org\/escuelalibre\/?s={search_term_string}\"},\"query-input\":{\"@type\":\"PropertyValueSpecification\",\"valueRequired\":true,\"valueName\":\"search_term_string\"}}],\"inLanguage\":\"es\"},{\"@type\":\"Person\",\"@id\":\"https:\/\/www.datecuenta.org\/escuelalibre\/#\/schema\/person\/2461c4b87eecd19501ff25c8158edfce\",\"name\":\"Date Cuenta\",\"image\":{\"@type\":\"ImageObject\",\"inLanguage\":\"es\",\"@id\":\"https:\/\/www.datecuenta.org\/escuelalibre\/#\/schema\/person\/image\/\",\"url\":\"https:\/\/secure.gravatar.com\/avatar\/cef072a10d2f235035add558d19bd890155332fc9d829546849b6af5dba440c4?s=96&d=mm&r=g\",\"contentUrl\":\"https:\/\/secure.gravatar.com\/avatar\/cef072a10d2f235035add558d19bd890155332fc9d829546849b6af5dba440c4?s=96&d=mm&r=g\",\"caption\":\"Date Cuenta\"}}]}<\/script>\n<!-- \/ Yoast SEO plugin. -->","yoast_head_json":{"title":"La fotograf\u00eda editorial y la empat\u00eda de Xavier Torres-Bacchetta","robots":{"index":"index","follow":"follow","max-snippet":"max-snippet:-1","max-image-preview":"max-image-preview:large","max-video-preview":"max-video-preview:-1"},"canonical":"https:\/\/www.datecuenta.org\/escuelalibre\/xavier-torres-bacchetta-fotografia-editorial\/","og_locale":"es_ES","og_type":"article","og_title":"La fotograf\u00eda editorial y la empat\u00eda de Xavier Torres-Bacchetta","og_description":"Xavier Torres-Bacchetta (Barcelona, 1975) es un profesional freelance de la fotograf\u00eda editorial. Su trayectoria profesional se ha forjado en festivales donde tiene que resolver im\u00e1genes de celebrities que tendr\u00e1n un largo recorrido promocional. El problema: s\u00f3lo dispone de cinco minutos para poder resolverlas. \u00abLas relaciones humanas son las que hacen que la fotograf\u00eda valga la [&hellip;]","og_url":"https:\/\/www.datecuenta.org\/escuelalibre\/xavier-torres-bacchetta-fotografia-editorial\/","og_site_name":"Escuela de fotograf\u00eda en Barcelona | DateCuenta","article_published_time":"2017-12-04T16:17:48+00:00","article_modified_time":"2017-12-05T16:48:12+00:00","og_image":[{"width":774,"height":431,"url":"https:\/\/www.datecuenta.org\/escuelalibre\/wp-content\/uploads\/2017\/12\/Sin-ti\u0301tulo-1.jpg","type":"image\/jpeg"}],"author":"Date Cuenta","twitter_card":"summary_large_image","twitter_misc":{"Escrito por":"Date Cuenta","Tiempo de lectura":"2 minutos"},"schema":{"@context":"https:\/\/schema.org","@graph":[{"@type":"Article","@id":"https:\/\/www.datecuenta.org\/escuelalibre\/xavier-torres-bacchetta-fotografia-editorial\/#article","isPartOf":{"@id":"https:\/\/www.datecuenta.org\/escuelalibre\/xavier-torres-bacchetta-fotografia-editorial\/"},"author":{"name":"Date Cuenta","@id":"https:\/\/www.datecuenta.org\/escuelalibre\/#\/schema\/person\/2461c4b87eecd19501ff25c8158edfce"},"headline":"La fotograf\u00eda editorial y la empat\u00eda de Xavier Torres-Bacchetta","datePublished":"2017-12-04T16:17:48+00:00","dateModified":"2017-12-05T16:48:12+00:00","mainEntityOfPage":{"@id":"https:\/\/www.datecuenta.org\/escuelalibre\/xavier-torres-bacchetta-fotografia-editorial\/"},"wordCount":394,"commentCount":0,"image":{"@id":"https:\/\/www.datecuenta.org\/escuelalibre\/xavier-torres-bacchetta-fotografia-editorial\/#primaryimage"},"thumbnailUrl":"https:\/\/www.datecuenta.org\/escuelalibre\/wp-content\/uploads\/2017\/12\/Sin-ti\u0301tulo-1.jpg","articleSection":["BLOG"],"inLanguage":"es","potentialAction":[{"@type":"CommentAction","name":"Comment","target":["https:\/\/www.datecuenta.org\/escuelalibre\/xavier-torres-bacchetta-fotografia-editorial\/#respond"]}]},{"@type":"WebPage","@id":"https:\/\/www.datecuenta.org\/escuelalibre\/xavier-torres-bacchetta-fotografia-editorial\/","url":"https:\/\/www.datecuenta.org\/escuelalibre\/xavier-torres-bacchetta-fotografia-editorial\/","name":"La fotograf\u00eda editorial y la empat\u00eda de Xavier Torres-Bacchetta","isPartOf":{"@id":"https:\/\/www.datecuenta.org\/escuelalibre\/#website"},"primaryImageOfPage":{"@id":"https:\/\/www.datecuenta.org\/escuelalibre\/xavier-torres-bacchetta-fotografia-editorial\/#primaryimage"},"image":{"@id":"https:\/\/www.datecuenta.org\/escuelalibre\/xavier-torres-bacchetta-fotografia-editorial\/#primaryimage"},"thumbnailUrl":"https:\/\/www.datecuenta.org\/escuelalibre\/wp-content\/uploads\/2017\/12\/Sin-ti\u0301tulo-1.jpg","datePublished":"2017-12-04T16:17:48+00:00","dateModified":"2017-12-05T16:48:12+00:00","author":{"@id":"https:\/\/www.datecuenta.org\/escuelalibre\/#\/schema\/person\/2461c4b87eecd19501ff25c8158edfce"},"breadcrumb":{"@id":"https:\/\/www.datecuenta.org\/escuelalibre\/xavier-torres-bacchetta-fotografia-editorial\/#breadcrumb"},"inLanguage":"es","potentialAction":[{"@type":"ReadAction","target":["https:\/\/www.datecuenta.org\/escuelalibre\/xavier-torres-bacchetta-fotografia-editorial\/"]}]},{"@type":"ImageObject","inLanguage":"es","@id":"https:\/\/www.datecuenta.org\/escuelalibre\/xavier-torres-bacchetta-fotografia-editorial\/#primaryimage","url":"https:\/\/www.datecuenta.org\/escuelalibre\/wp-content\/uploads\/2017\/12\/Sin-ti\u0301tulo-1.jpg","contentUrl":"https:\/\/www.datecuenta.org\/escuelalibre\/wp-content\/uploads\/2017\/12\/Sin-ti\u0301tulo-1.jpg","width":774,"height":431},{"@type":"BreadcrumbList","@id":"https:\/\/www.datecuenta.org\/escuelalibre\/xavier-torres-bacchetta-fotografia-editorial\/#breadcrumb","itemListElement":[{"@type":"ListItem","position":1,"name":"Portada","item":"https:\/\/www.datecuenta.org\/escuelalibre\/"},{"@type":"ListItem","position":2,"name":"La fotograf\u00eda editorial y la empat\u00eda de Xavier Torres-Bacchetta"}]},{"@type":"WebSite","@id":"https:\/\/www.datecuenta.org\/escuelalibre\/#website","url":"https:\/\/www.datecuenta.org\/escuelalibre\/","name":"Escuela de fotograf\u00eda en Barcelona | DateCuenta","description":"","potentialAction":[{"@type":"SearchAction","target":{"@type":"EntryPoint","urlTemplate":"https:\/\/www.datecuenta.org\/escuelalibre\/?s={search_term_string}"},"query-input":{"@type":"PropertyValueSpecification","valueRequired":true,"valueName":"search_term_string"}}],"inLanguage":"es"},{"@type":"Person","@id":"https:\/\/www.datecuenta.org\/escuelalibre\/#\/schema\/person\/2461c4b87eecd19501ff25c8158edfce","name":"Date Cuenta","image":{"@type":"ImageObject","inLanguage":"es","@id":"https:\/\/www.datecuenta.org\/escuelalibre\/#\/schema\/person\/image\/","url":"https:\/\/secure.gravatar.com\/avatar\/cef072a10d2f235035add558d19bd890155332fc9d829546849b6af5dba440c4?s=96&d=mm&r=g","contentUrl":"https:\/\/secure.gravatar.com\/avatar\/cef072a10d2f235035add558d19bd890155332fc9d829546849b6af5dba440c4?s=96&d=mm&r=g","caption":"Date Cuenta"}}]}},"_links":{"self":[{"href":"https:\/\/www.datecuenta.org\/escuelalibre\/wp-json\/wp\/v2\/posts\/2838","targetHints":{"allow":["GET"]}}],"collection":[{"href":"https:\/\/www.datecuenta.org\/escuelalibre\/wp-json\/wp\/v2\/posts"}],"about":[{"href":"https:\/\/www.datecuenta.org\/escuelalibre\/wp-json\/wp\/v2\/types\/post"}],"author":[{"embeddable":true,"href":"https:\/\/www.datecuenta.org\/escuelalibre\/wp-json\/wp\/v2\/users\/1001002"}],"replies":[{"embeddable":true,"href":"https:\/\/www.datecuenta.org\/escuelalibre\/wp-json\/wp\/v2\/comments?post=2838"}],"version-history":[{"count":14,"href":"https:\/\/www.datecuenta.org\/escuelalibre\/wp-json\/wp\/v2\/posts\/2838\/revisions"}],"predecessor-version":[{"id":2853,"href":"https:\/\/www.datecuenta.org\/escuelalibre\/wp-json\/wp\/v2\/posts\/2838\/revisions\/2853"}],"wp:featuredmedia":[{"embeddable":true,"href":"https:\/\/www.datecuenta.org\/escuelalibre\/wp-json\/wp\/v2\/media\/2849"}],"wp:attachment":[{"href":"https:\/\/www.datecuenta.org\/escuelalibre\/wp-json\/wp\/v2\/media?parent=2838"}],"wp:term":[{"taxonomy":"category","embeddable":true,"href":"https:\/\/www.datecuenta.org\/escuelalibre\/wp-json\/wp\/v2\/categories?post=2838"},{"taxonomy":"post_tag","embeddable":true,"href":"https:\/\/www.datecuenta.org\/escuelalibre\/wp-json\/wp\/v2\/tags?post=2838"}],"curies":[{"name":"wp","href":"https:\/\/api.w.org\/{rel}","templated":true}]}}