{"id":2863,"date":"2018-01-31T16:02:04","date_gmt":"2018-01-31T16:02:04","guid":{"rendered":"http:\/\/www.datecuenta.org\/escuelalibre\/?p=2863"},"modified":"2018-01-31T17:55:51","modified_gmt":"2018-01-31T17:55:51","slug":"namussfilms-curso-cine-documental","status":"publish","type":"post","link":"https:\/\/www.datecuenta.org\/escuelalibre\/namussfilms-curso-cine-documental\/","title":{"rendered":"\u00abSi quer\u00e9is hacer cine documental, arriesgaos\u00bb"},"content":{"rendered":"<p><span class=\"_4n-j _fbReactionComponent__eventDetailsContentTags fsl\" data-testid=\"event-permalink-details\">El pasado 24 de enero, Jon Herranz y Gerard Peris, creadores de la productora <strong>Namuss Films<\/strong>, <a href=\"https:\/\/www.facebook.com\/events\/208354963068039\/\" target=\"_blank\" rel=\"noopener\">se encontraron con nuestro alumnado<\/a> para hablarles de su experiencia con el <strong>cine documental <\/strong>en circunstancias extremas. Explicaron tambi\u00e9n c\u00f3mo se autogestionan y aprenden de sus errores para contar, cada vez mejor, las historias que hacen llegar a los espectadores.<\/span><\/p>\n<p><iframe loading=\"lazy\" src=\"https:\/\/www.youtube.com\/embed\/lsUxn_M5h_Y?rel=0\" width=\"560\" height=\"315\" frameborder=\"0\" allowfullscreen=\"allowfullscreen\"><\/iframe><\/p>\n<h2>El cine documental no llama a la puerta: la realidad est\u00e1 por contar<\/h2>\n<p><strong>Por JAVIER GUERRA, MIRIAM MANYARI y AITOR FERN\u00c1NDEZ | <a href=\"http:\/\/www.twitter.com\/dcuenta\" target=\"_blank\" rel=\"no follow noopener\">@dcuenta<\/a><\/strong><\/p>\n<p><span class=\"_4n-j _fbReactionComponent__eventDetailsContentTags fsl\" data-testid=\"event-permalink-details\">Fundada por Jon Herranz y Gerard Peris,<strong> Namuss Films <\/strong>es una compa\u00f1\u00eda de producci\u00f3n audiovisual con sede en Barcelona y alcance internacional. Sus proyectos en Europa, Asia y \u00c1frica son una prueba de su capacidad de adaptaci\u00f3n a todo tipo de circunstancias, terrenos, culturas y geograf\u00edas. <\/span><\/p>\n<p>El <strong>cine documental<\/strong> encuentra su materia prima en la realidad. En los \u00faltimos a\u00f1os estamos viviendo un auge de este g\u00e9nero. Muchas veces, los programas de ficci\u00f3n adoptan la estructura narrativa del documental y, a su vez, los documentales exponen sus historias como lo hace el periodismo, el cine o el ensayo fotogr\u00e1fico.<\/p>\n<p>A veces, quienes se inscriben a nuestro <a href=\"http:\/\/www.datecuenta.org\/escuelalibre\/curso-cine\/\" target=\"_blank\" rel=\"noopener\">curso de cine documental<\/a> llegan con una historia debajo del brazo. Tambi\u00e9n hay quien se matricula sin tener nada que contar. \u00abNo esper\u00e9is a que venga la historia porque la realidad est\u00e1 llena de ellas. <strong>Est\u00e1 en las capacidades de cada uno hacer que algo muy particular hable de algo global<\/strong>\u00ab, aconseja Peris. Las buenas historias surgen en cualquier parte.<\/p>\n<p>Otras veces, el miedo es el que impide el arranque de algo que podr\u00eda haber sido un buen proyecto. Herranz defiende que s\u00f3lo tir\u00e1ndose a la piscina se puede vencerlo. \u00abArriesgaos\u00bb, recomienda. \u00ab<strong>Equivocaos, aprended de vuestros propios errores.<\/strong> Para nosotros ha sido la mejor escuela.\u00bb<\/p>\n<p>Gerard y Jon no eran expertos en cine documental: se conocieron como fotoperiodistas y han aprendido juntos. Para elegir sus historias valoran que su viabilidad, se ponen de acuerdo y entablan una relaci\u00f3n con los protagonistas. Crean un dossier y luego buscan financiaci\u00f3n, aunque tambi\u00e9n han realizado proyectos \u00aba pulm\u00f3n\u00bb. Entienden que el documental tiene mucho que ver con la improvisaci\u00f3n y la adaptaci\u00f3n, pero saben que es muy necesario un gui\u00f3n para no perder la esencia de lo que se quer\u00eda contar.<\/p>\n<p>Su nivel de aprendizaje ha quedado patente en su \u00faltimo proyecto, <a href=\"https:\/\/www.reelhouse.org\/namussfilms\/panaroma\" target=\"_blank\" rel=\"noopener\">Panaroma<\/a>, pel\u00edcula que documenta la pasi\u00f3n por la escalada de Francisco y Edu Mar\u00edn, padre e hijo. La cinta muestra c\u00f3mo desaf\u00edan realizar esta ruta legendaria, ubicada en la cordillera de los Dolomitas, con un grado de dificultad alt\u00edsimo. Parte del \u00e9xito de este multipremiado trabajo, seg\u00fan ellos mismos, es la confianza que consiguen tener con sus protagonistas. \u00ab<strong>Tratamos de acercarnos mucho a los personajes que retratamos, que se sientan c\u00f3modos con su retrato<\/strong>\u00ab, aseguran.<\/p>\n","protected":false},"excerpt":{"rendered":"<p>El pasado 24 de enero, Jon Herranz y Gerard Peris, creadores de la productora Namuss Films, se encontraron con nuestro alumnado para hablarles de su experiencia con el cine documental en circunstancias extremas. Explicaron tambi\u00e9n c\u00f3mo se autogestionan y aprenden de sus errores para contar, cada vez mejor, las historias que hacen llegar a los [&hellip;]<\/p>\n","protected":false},"author":1001002,"featured_media":2866,"comment_status":"open","ping_status":"closed","sticky":false,"template":"","format":"standard","meta":{"_et_pb_use_builder":"","_et_pb_old_content":"","_et_gb_content_width":"","content-type":"","_monsterinsights_skip_tracking":false,"_monsterinsights_sitenote_active":false,"_monsterinsights_sitenote_note":"","_monsterinsights_sitenote_category":0,"_joinchat":[],"footnotes":""},"categories":[187],"tags":[],"class_list":["post-2863","post","type-post","status-publish","format-standard","has-post-thumbnail","hentry","category-noticias"],"yoast_head":"<!-- This site is optimized with the Yoast SEO plugin v26.9 - https:\/\/yoast.com\/product\/yoast-seo-wordpress\/ -->\n<title>&quot;Si quer\u00e9is hacer cine documental, arriesgaos&quot;<\/title>\n<meta name=\"description\" content=\"El cine documental no llama a la puerta: la realidad est\u00e1 llena de realidades por contar.\" \/>\n<meta name=\"robots\" content=\"index, follow, max-snippet:-1, max-image-preview:large, max-video-preview:-1\" \/>\n<link rel=\"canonical\" href=\"https:\/\/www.datecuenta.org\/escuelalibre\/namussfilms-curso-cine-documental\/\" \/>\n<meta property=\"og:locale\" content=\"es_ES\" \/>\n<meta property=\"og:type\" content=\"article\" \/>\n<meta property=\"og:title\" content=\"&quot;Si quer\u00e9is hacer cine documental, arriesgaos&quot;\" \/>\n<meta property=\"og:description\" content=\"El cine documental no llama a la puerta: la realidad est\u00e1 llena de realidades por contar.\" \/>\n<meta property=\"og:url\" content=\"https:\/\/www.datecuenta.org\/escuelalibre\/namussfilms-curso-cine-documental\/\" \/>\n<meta property=\"og:site_name\" content=\"Escuela de fotograf\u00eda en Barcelona | DateCuenta\" \/>\n<meta property=\"article:published_time\" content=\"2018-01-31T16:02:04+00:00\" \/>\n<meta property=\"article:modified_time\" content=\"2018-01-31T17:55:51+00:00\" \/>\n<meta property=\"og:image\" content=\"https:\/\/www.datecuenta.org\/escuelalibre\/wp-content\/uploads\/2018\/01\/cine-documental-namussfilms.jpg\" \/>\n\t<meta property=\"og:image:width\" content=\"819\" \/>\n\t<meta property=\"og:image:height\" content=\"473\" \/>\n\t<meta property=\"og:image:type\" content=\"image\/jpeg\" \/>\n<meta name=\"author\" content=\"Date Cuenta\" \/>\n<meta name=\"twitter:card\" content=\"summary_large_image\" \/>\n<meta name=\"twitter:label1\" content=\"Escrito por\" \/>\n\t<meta name=\"twitter:data1\" content=\"Date Cuenta\" \/>\n\t<meta name=\"twitter:label2\" content=\"Tiempo de lectura\" \/>\n\t<meta name=\"twitter:data2\" content=\"2 minutos\" \/>\n<script type=\"application\/ld+json\" class=\"yoast-schema-graph\">{\"@context\":\"https:\/\/schema.org\",\"@graph\":[{\"@type\":\"Article\",\"@id\":\"https:\/\/www.datecuenta.org\/escuelalibre\/namussfilms-curso-cine-documental\/#article\",\"isPartOf\":{\"@id\":\"https:\/\/www.datecuenta.org\/escuelalibre\/namussfilms-curso-cine-documental\/\"},\"author\":{\"name\":\"Date Cuenta\",\"@id\":\"https:\/\/www.datecuenta.org\/escuelalibre\/#\/schema\/person\/2461c4b87eecd19501ff25c8158edfce\"},\"headline\":\"\u00abSi quer\u00e9is hacer cine documental, arriesgaos\u00bb\",\"datePublished\":\"2018-01-31T16:02:04+00:00\",\"dateModified\":\"2018-01-31T17:55:51+00:00\",\"mainEntityOfPage\":{\"@id\":\"https:\/\/www.datecuenta.org\/escuelalibre\/namussfilms-curso-cine-documental\/\"},\"wordCount\":496,\"commentCount\":0,\"image\":{\"@id\":\"https:\/\/www.datecuenta.org\/escuelalibre\/namussfilms-curso-cine-documental\/#primaryimage\"},\"thumbnailUrl\":\"https:\/\/www.datecuenta.org\/escuelalibre\/wp-content\/uploads\/2018\/01\/cine-documental-namussfilms.jpg\",\"articleSection\":[\"BLOG\"],\"inLanguage\":\"es\",\"potentialAction\":[{\"@type\":\"CommentAction\",\"name\":\"Comment\",\"target\":[\"https:\/\/www.datecuenta.org\/escuelalibre\/namussfilms-curso-cine-documental\/#respond\"]}]},{\"@type\":\"WebPage\",\"@id\":\"https:\/\/www.datecuenta.org\/escuelalibre\/namussfilms-curso-cine-documental\/\",\"url\":\"https:\/\/www.datecuenta.org\/escuelalibre\/namussfilms-curso-cine-documental\/\",\"name\":\"\\\"Si quer\u00e9is hacer cine documental, arriesgaos\\\"\",\"isPartOf\":{\"@id\":\"https:\/\/www.datecuenta.org\/escuelalibre\/#website\"},\"primaryImageOfPage\":{\"@id\":\"https:\/\/www.datecuenta.org\/escuelalibre\/namussfilms-curso-cine-documental\/#primaryimage\"},\"image\":{\"@id\":\"https:\/\/www.datecuenta.org\/escuelalibre\/namussfilms-curso-cine-documental\/#primaryimage\"},\"thumbnailUrl\":\"https:\/\/www.datecuenta.org\/escuelalibre\/wp-content\/uploads\/2018\/01\/cine-documental-namussfilms.jpg\",\"datePublished\":\"2018-01-31T16:02:04+00:00\",\"dateModified\":\"2018-01-31T17:55:51+00:00\",\"author\":{\"@id\":\"https:\/\/www.datecuenta.org\/escuelalibre\/#\/schema\/person\/2461c4b87eecd19501ff25c8158edfce\"},\"description\":\"El cine documental no llama a la puerta: la realidad est\u00e1 llena de realidades por contar.\",\"breadcrumb\":{\"@id\":\"https:\/\/www.datecuenta.org\/escuelalibre\/namussfilms-curso-cine-documental\/#breadcrumb\"},\"inLanguage\":\"es\",\"potentialAction\":[{\"@type\":\"ReadAction\",\"target\":[\"https:\/\/www.datecuenta.org\/escuelalibre\/namussfilms-curso-cine-documental\/\"]}]},{\"@type\":\"ImageObject\",\"inLanguage\":\"es\",\"@id\":\"https:\/\/www.datecuenta.org\/escuelalibre\/namussfilms-curso-cine-documental\/#primaryimage\",\"url\":\"https:\/\/www.datecuenta.org\/escuelalibre\/wp-content\/uploads\/2018\/01\/cine-documental-namussfilms.jpg\",\"contentUrl\":\"https:\/\/www.datecuenta.org\/escuelalibre\/wp-content\/uploads\/2018\/01\/cine-documental-namussfilms.jpg\",\"width\":819,\"height\":473,\"caption\":\"Jon y Gerard, cine documental, NamussFilms\"},{\"@type\":\"BreadcrumbList\",\"@id\":\"https:\/\/www.datecuenta.org\/escuelalibre\/namussfilms-curso-cine-documental\/#breadcrumb\",\"itemListElement\":[{\"@type\":\"ListItem\",\"position\":1,\"name\":\"Portada\",\"item\":\"https:\/\/www.datecuenta.org\/escuelalibre\/\"},{\"@type\":\"ListItem\",\"position\":2,\"name\":\"\u00abSi quer\u00e9is hacer cine documental, arriesgaos\u00bb\"}]},{\"@type\":\"WebSite\",\"@id\":\"https:\/\/www.datecuenta.org\/escuelalibre\/#website\",\"url\":\"https:\/\/www.datecuenta.org\/escuelalibre\/\",\"name\":\"Escuela de fotograf\u00eda en Barcelona | DateCuenta\",\"description\":\"\",\"potentialAction\":[{\"@type\":\"SearchAction\",\"target\":{\"@type\":\"EntryPoint\",\"urlTemplate\":\"https:\/\/www.datecuenta.org\/escuelalibre\/?s={search_term_string}\"},\"query-input\":{\"@type\":\"PropertyValueSpecification\",\"valueRequired\":true,\"valueName\":\"search_term_string\"}}],\"inLanguage\":\"es\"},{\"@type\":\"Person\",\"@id\":\"https:\/\/www.datecuenta.org\/escuelalibre\/#\/schema\/person\/2461c4b87eecd19501ff25c8158edfce\",\"name\":\"Date Cuenta\",\"image\":{\"@type\":\"ImageObject\",\"inLanguage\":\"es\",\"@id\":\"https:\/\/www.datecuenta.org\/escuelalibre\/#\/schema\/person\/image\/\",\"url\":\"https:\/\/secure.gravatar.com\/avatar\/cef072a10d2f235035add558d19bd890155332fc9d829546849b6af5dba440c4?s=96&d=mm&r=g\",\"contentUrl\":\"https:\/\/secure.gravatar.com\/avatar\/cef072a10d2f235035add558d19bd890155332fc9d829546849b6af5dba440c4?s=96&d=mm&r=g\",\"caption\":\"Date Cuenta\"}}]}<\/script>\n<!-- \/ Yoast SEO plugin. -->","yoast_head_json":{"title":"\"Si quer\u00e9is hacer cine documental, arriesgaos\"","description":"El cine documental no llama a la puerta: la realidad est\u00e1 llena de realidades por contar.","robots":{"index":"index","follow":"follow","max-snippet":"max-snippet:-1","max-image-preview":"max-image-preview:large","max-video-preview":"max-video-preview:-1"},"canonical":"https:\/\/www.datecuenta.org\/escuelalibre\/namussfilms-curso-cine-documental\/","og_locale":"es_ES","og_type":"article","og_title":"\"Si quer\u00e9is hacer cine documental, arriesgaos\"","og_description":"El cine documental no llama a la puerta: la realidad est\u00e1 llena de realidades por contar.","og_url":"https:\/\/www.datecuenta.org\/escuelalibre\/namussfilms-curso-cine-documental\/","og_site_name":"Escuela de fotograf\u00eda en Barcelona | DateCuenta","article_published_time":"2018-01-31T16:02:04+00:00","article_modified_time":"2018-01-31T17:55:51+00:00","og_image":[{"width":819,"height":473,"url":"https:\/\/www.datecuenta.org\/escuelalibre\/wp-content\/uploads\/2018\/01\/cine-documental-namussfilms.jpg","type":"image\/jpeg"}],"author":"Date Cuenta","twitter_card":"summary_large_image","twitter_misc":{"Escrito por":"Date Cuenta","Tiempo de lectura":"2 minutos"},"schema":{"@context":"https:\/\/schema.org","@graph":[{"@type":"Article","@id":"https:\/\/www.datecuenta.org\/escuelalibre\/namussfilms-curso-cine-documental\/#article","isPartOf":{"@id":"https:\/\/www.datecuenta.org\/escuelalibre\/namussfilms-curso-cine-documental\/"},"author":{"name":"Date Cuenta","@id":"https:\/\/www.datecuenta.org\/escuelalibre\/#\/schema\/person\/2461c4b87eecd19501ff25c8158edfce"},"headline":"\u00abSi quer\u00e9is hacer cine documental, arriesgaos\u00bb","datePublished":"2018-01-31T16:02:04+00:00","dateModified":"2018-01-31T17:55:51+00:00","mainEntityOfPage":{"@id":"https:\/\/www.datecuenta.org\/escuelalibre\/namussfilms-curso-cine-documental\/"},"wordCount":496,"commentCount":0,"image":{"@id":"https:\/\/www.datecuenta.org\/escuelalibre\/namussfilms-curso-cine-documental\/#primaryimage"},"thumbnailUrl":"https:\/\/www.datecuenta.org\/escuelalibre\/wp-content\/uploads\/2018\/01\/cine-documental-namussfilms.jpg","articleSection":["BLOG"],"inLanguage":"es","potentialAction":[{"@type":"CommentAction","name":"Comment","target":["https:\/\/www.datecuenta.org\/escuelalibre\/namussfilms-curso-cine-documental\/#respond"]}]},{"@type":"WebPage","@id":"https:\/\/www.datecuenta.org\/escuelalibre\/namussfilms-curso-cine-documental\/","url":"https:\/\/www.datecuenta.org\/escuelalibre\/namussfilms-curso-cine-documental\/","name":"\"Si quer\u00e9is hacer cine documental, arriesgaos\"","isPartOf":{"@id":"https:\/\/www.datecuenta.org\/escuelalibre\/#website"},"primaryImageOfPage":{"@id":"https:\/\/www.datecuenta.org\/escuelalibre\/namussfilms-curso-cine-documental\/#primaryimage"},"image":{"@id":"https:\/\/www.datecuenta.org\/escuelalibre\/namussfilms-curso-cine-documental\/#primaryimage"},"thumbnailUrl":"https:\/\/www.datecuenta.org\/escuelalibre\/wp-content\/uploads\/2018\/01\/cine-documental-namussfilms.jpg","datePublished":"2018-01-31T16:02:04+00:00","dateModified":"2018-01-31T17:55:51+00:00","author":{"@id":"https:\/\/www.datecuenta.org\/escuelalibre\/#\/schema\/person\/2461c4b87eecd19501ff25c8158edfce"},"description":"El cine documental no llama a la puerta: la realidad est\u00e1 llena de realidades por contar.","breadcrumb":{"@id":"https:\/\/www.datecuenta.org\/escuelalibre\/namussfilms-curso-cine-documental\/#breadcrumb"},"inLanguage":"es","potentialAction":[{"@type":"ReadAction","target":["https:\/\/www.datecuenta.org\/escuelalibre\/namussfilms-curso-cine-documental\/"]}]},{"@type":"ImageObject","inLanguage":"es","@id":"https:\/\/www.datecuenta.org\/escuelalibre\/namussfilms-curso-cine-documental\/#primaryimage","url":"https:\/\/www.datecuenta.org\/escuelalibre\/wp-content\/uploads\/2018\/01\/cine-documental-namussfilms.jpg","contentUrl":"https:\/\/www.datecuenta.org\/escuelalibre\/wp-content\/uploads\/2018\/01\/cine-documental-namussfilms.jpg","width":819,"height":473,"caption":"Jon y Gerard, cine documental, NamussFilms"},{"@type":"BreadcrumbList","@id":"https:\/\/www.datecuenta.org\/escuelalibre\/namussfilms-curso-cine-documental\/#breadcrumb","itemListElement":[{"@type":"ListItem","position":1,"name":"Portada","item":"https:\/\/www.datecuenta.org\/escuelalibre\/"},{"@type":"ListItem","position":2,"name":"\u00abSi quer\u00e9is hacer cine documental, arriesgaos\u00bb"}]},{"@type":"WebSite","@id":"https:\/\/www.datecuenta.org\/escuelalibre\/#website","url":"https:\/\/www.datecuenta.org\/escuelalibre\/","name":"Escuela de fotograf\u00eda en Barcelona | DateCuenta","description":"","potentialAction":[{"@type":"SearchAction","target":{"@type":"EntryPoint","urlTemplate":"https:\/\/www.datecuenta.org\/escuelalibre\/?s={search_term_string}"},"query-input":{"@type":"PropertyValueSpecification","valueRequired":true,"valueName":"search_term_string"}}],"inLanguage":"es"},{"@type":"Person","@id":"https:\/\/www.datecuenta.org\/escuelalibre\/#\/schema\/person\/2461c4b87eecd19501ff25c8158edfce","name":"Date Cuenta","image":{"@type":"ImageObject","inLanguage":"es","@id":"https:\/\/www.datecuenta.org\/escuelalibre\/#\/schema\/person\/image\/","url":"https:\/\/secure.gravatar.com\/avatar\/cef072a10d2f235035add558d19bd890155332fc9d829546849b6af5dba440c4?s=96&d=mm&r=g","contentUrl":"https:\/\/secure.gravatar.com\/avatar\/cef072a10d2f235035add558d19bd890155332fc9d829546849b6af5dba440c4?s=96&d=mm&r=g","caption":"Date Cuenta"}}]}},"_links":{"self":[{"href":"https:\/\/www.datecuenta.org\/escuelalibre\/wp-json\/wp\/v2\/posts\/2863","targetHints":{"allow":["GET"]}}],"collection":[{"href":"https:\/\/www.datecuenta.org\/escuelalibre\/wp-json\/wp\/v2\/posts"}],"about":[{"href":"https:\/\/www.datecuenta.org\/escuelalibre\/wp-json\/wp\/v2\/types\/post"}],"author":[{"embeddable":true,"href":"https:\/\/www.datecuenta.org\/escuelalibre\/wp-json\/wp\/v2\/users\/1001002"}],"replies":[{"embeddable":true,"href":"https:\/\/www.datecuenta.org\/escuelalibre\/wp-json\/wp\/v2\/comments?post=2863"}],"version-history":[{"count":6,"href":"https:\/\/www.datecuenta.org\/escuelalibre\/wp-json\/wp\/v2\/posts\/2863\/revisions"}],"predecessor-version":[{"id":2870,"href":"https:\/\/www.datecuenta.org\/escuelalibre\/wp-json\/wp\/v2\/posts\/2863\/revisions\/2870"}],"wp:featuredmedia":[{"embeddable":true,"href":"https:\/\/www.datecuenta.org\/escuelalibre\/wp-json\/wp\/v2\/media\/2866"}],"wp:attachment":[{"href":"https:\/\/www.datecuenta.org\/escuelalibre\/wp-json\/wp\/v2\/media?parent=2863"}],"wp:term":[{"taxonomy":"category","embeddable":true,"href":"https:\/\/www.datecuenta.org\/escuelalibre\/wp-json\/wp\/v2\/categories?post=2863"},{"taxonomy":"post_tag","embeddable":true,"href":"https:\/\/www.datecuenta.org\/escuelalibre\/wp-json\/wp\/v2\/tags?post=2863"}],"curies":[{"name":"wp","href":"https:\/\/api.w.org\/{rel}","templated":true}]}}