{"id":2901,"date":"2018-03-23T06:57:10","date_gmt":"2018-03-23T06:57:10","guid":{"rendered":"http:\/\/www.datecuenta.org\/escuelalibre\/?p=2901"},"modified":"2018-03-23T06:57:10","modified_gmt":"2018-03-23T06:57:10","slug":"mujeres-periodistas","status":"publish","type":"post","link":"https:\/\/www.datecuenta.org\/escuelalibre\/mujeres-periodistas\/","title":{"rendered":"Mujeres periodistas: \u00abHay que buscar las grietas que abren espacios de cambio\u00bb"},"content":{"rendered":"<p>El s\u00e1bado 17 de marzo tuvimos el placer de contar con tres mujeres periodistas que luchan cada d\u00eda y desde hace tiempo con la palabra y la imagen. Daniela Frechero, fotoperiodista; Anna Giralt, documentalista; y Montse Santolino, periodista: desde la experiencia que les da su recorrido respondieron a las dudas del alumnado de la Escuela DateCuenta en una sesi\u00f3n intensa y cargada de inspiraci\u00f3n.<\/p>\n<div style=\"position: relative; height: 0; padding-bottom: 56.25%;\"><iframe loading=\"lazy\" style=\"position: absolute; width: 100%; height: 100%; left: 0;\" src=\"https:\/\/www.youtube.com\/embed\/4VmAaYt0yds?ecver=2\" width=\"640\" height=\"360\" frameborder=\"0\" allowfullscreen=\"allowfullscreen\"><\/iframe><\/div>\n<h2><strong>Tres miradas femeninas desde la periferia: anticapitalistas, cr\u00edticas y directas a la realidad que m\u00e1s nos afecta<\/strong><\/h2>\n<p><strong>Por M\u00d3NICA SOLANAS |\u00a0<a href=\"http:\/\/www.twitter.com\/dcuenta\" target=\"_blank\" rel=\"no follow noopener\">@monicontomate<\/a><br \/>\nV\u00eddeo de JAVIER GUERRA<br \/>\n<\/strong><\/p>\n<p>\u00ab\u00bfQu\u00e9 es la periferia? No rendirse a las grandes l\u00edneas editoriales, al discurso hegem\u00f3nico.\u00bb As\u00ed de claro y contundente lo explicaba <strong>Montse Santolino<\/strong> unos minutos antes de iniciar la charla con quienes nos acompa\u00f1aron en el Centre C\u00edvic Pati Llimona. Y las tres coincid\u00edan en el punto de vista. \u00abLas historias comunes\u00bb, se\u00f1alaba <strong>Daniela Frechero<\/strong>; \u00ablas que no apoyan el discurso del poder\u00bb, afirmaba <strong>Anna Giralt<\/strong>.<\/p>\n<p>Recogimos muchas preguntas de nuestro alumnado, que prepararon durante los d\u00edas previos al encuentro. Muchas de esas cuestiones apuntaban a la educaci\u00f3n, las motivaciones y metodolog\u00edas, la \u00e9tica profesional o la censura, tambi\u00e9n la propia. Y, por supuesto, a <strong>su mirada como mujeres<\/strong>, los problemas que les ocasiona y la riqueza que aporta a sus trabajos. \u00abMucho inter\u00e9s diferente por esta profesi\u00f3n\u00bb, \u00abpor querer conocer y ampliar miradas entre todas\u00bb, escrib\u00edan al finalizar el encuentro Santolino y Frechero en sendos tuits.<\/p>\n<p>Una cuesti\u00f3n que se ha repetido en estas sesiones hace referencia a los inicios profesionales. <strong>\u00abHay que llamar a muchas puertas, escribir muchos emails y reenviarlos\u00bb<\/strong>, explic\u00f3 Daniela. \u00abContactad con periodistas afines. No esper\u00e9is: insistid. A veces contestan\u00bb. Montse a\u00f1adi\u00f3 que \u00abes bueno seguir el trabajo de periodistas a los que pueda interesar vuestro tema\u00bb. Tambi\u00e9n se\u00f1al\u00f3 la utilidad de tener un espacio en el que mostrar los trabajos \u00absin desestimar ninguno: es necesario que sepan qui\u00e9n eres\u00bb. Y trabajar con profesionalidad desde la presentaci\u00f3n de la propuesta. <strong>\u00abFormuladla bien y resumidla\u00bb<\/strong>, aclar\u00f3 Frechero. \u00abLas personas que la reciben no tienen mucho tiempo\u00bb. Anna empez\u00f3 documentando escudos humanos en la guerra de Irak. \u00abEstaba de pr\u00e1cticas en TV3; invert\u00ed mis ahorros, me pagaron fatal, pero empec\u00e9. Es importante relacionarte con profesionales, <strong>asistir a workshops y cursos para hacer contactos<\/strong>.\u00bb<\/p>\n<p>Los trabajos de Daniela Frechero sobre el fin del chocolate y el declive de las abejas despertaron mucho inter\u00e9s, \u00abcuestiones tan comunes que ni te las planteas. El cambio clim\u00e1tico est\u00e1 aqu\u00ed y afecta a todo y a todos. Hay que generar conciencia\u00bb. Estudiaron el formato m\u00e1s atractivo para presentar esos trabajos: desde preguntar al lector hasta hacer una versi\u00f3n en c\u00f3mic. Tambi\u00e9n c\u00f3mo enfocar los temas: \u00ab<strong>Es importante encontrar la parte positiva de la historia, dar alternativas al problema<\/strong>\u00ab. Para Anna Giralt, la informaci\u00f3n fundamentada y la emoci\u00f3n son clave para enganchar al p\u00fablico en las historias y procesos. \u00abLa potencia de una buena historia\u00bb, matiz\u00f3 Montse Montsanto, \u00abnace en <strong>una historia personal para ampliar el foco y dar una interpretaci\u00f3n del mundo<\/strong>. Si te interesa un tema, tira de \u00e9l\u00bb. Aunque se lament\u00f3 de la realidad medi\u00e1tica: \u00abestamos suicid\u00e1ndonos como civilizaci\u00f3n, pero est\u00e1 m\u00e1s de moda la rodilla de Messi.\u00bb<\/p>\n<p>Otra cuesti\u00f3n incid\u00eda en los l\u00edmites entre el activismo y el periodismo: para Montse es necesario \u00absalir del egocentrismo de nuestra profesi\u00f3n y empezar a trabajar en colectividad\u00bb. Y ah\u00ed entra tambi\u00e9n el complicado tema de la financiaci\u00f3n. \u00abAhora mismo es dif\u00edcil encontrar becas de periodismo procedente de dinero que no venga de los grandes poderes\u00bb, lamenta Daniela. Para Anna, \u00absi Rockefeller ofrece dinero y no se mete en lo que haces, adelante. <strong>Hay que aprovechar todas las grietas, usar sus mismas armas<\/strong>.\u00bb Adem\u00e1s, Montse nos recuerda que \u00abhay brechas en los grandes medios. Por ejemplo, Xavier Aldekoa ha despertado el inter\u00e9s por \u00c1frica en La Vanguardia\u00bb, aunque habr\u00e1 temas que le seguir\u00e1n vetados.<\/p>\n<p>\u00ab<strong>Fomentar una lectura cr\u00edtica es imprescindible para cambiar las cosas<\/strong>\u00ab, respond\u00eda Giralt a la pregunta sobre la necesidad de incluir asignaturas en secundaria que ense\u00f1en a <em>leer los medios<\/em>. Seg\u00fan Santolino, \u00abhay que acompa\u00f1ar a los j\u00f3venes en este nuevo mundo multimedia, y detectar qu\u00e9 medio trabaja haciendo periodismo de paz y no de conflicto\u00bb. Para Frechero, adem\u00e1s, la pedagog\u00eda tambi\u00e9n es responsabilidad de quien elabora la pieza: \u00ab<strong>es necesario crear una red local, saber escuchar y tambi\u00e9n parar<\/strong>. Tener respeto. Yo pienso: si estuviera en su lugar, \u00bfme gustar\u00eda que me retrataran? \u00bfY de qu\u00e9 forma?\u00bb<\/p>\n<p>Y llegamos al tema del periodismo <em>oenegeizado<\/em>. \u00abDesde la comisi\u00f3n de c\u00f3digo \u00e9tico de Lafede.cat conseguimos que se retiren campa\u00f1as de ONG que rozan la falta de \u00e9tica\u00bb, destac\u00f3 Montsanto. Giralt se\u00f1al\u00f3 uno de los puntos cr\u00edticos: \u00abCreo que venden una posici\u00f3n de superioridad, situ\u00e1ndonos en un espacio colonialista. No critico la validez de los profesionales, critico su discurso\u00bb. Lo que entronca con la perspectiva m\u00e1s feminista y anticapitalista de las tres. \u00abCon el paso del tiempo he sido m\u00e1s consciente de que el periodismo internacional est\u00e1 hecho desde una visi\u00f3n blanca, aunque los <em>fixers<\/em> (periodistas locales que hacen de gu\u00edas) son imprescindibles en la elaboraci\u00f3n de la informaci\u00f3n\u00bb. Y Montse a\u00f1adi\u00f3: \u00abLa mayor parte de las informaciones se hace desde la visi\u00f3n masculina, blanca, burguesa. <strong>Mi mirada es la de mujer de barrio pobre: para eso tuve que desaprender<\/strong>.\u00bb No olvidaron tampoco la cantidad de noticias \u00abque no se formulan desde la necesidad del cuidado.\u00bb<\/p>\n<p>La sesi\u00f3n termin\u00f3 hablando sobre la <strong>censura<\/strong> de los medios, tambi\u00e9n de la autoimpuesta. \u00abComo freelance es peligroso intentar agradar al medio al que le vas a proponer la historia\u00bb, se\u00f1al\u00f3 Anna Giralt. \u00abLa autocensura puede llegar a condicionarte\u00bb, afirm\u00f3 Daniela Frechero. \u00abA veces te pueden exigir cambios dudosos, pero es una misma la que debe decidir al final\u00bb. Y Montse meti\u00f3 el dedo en la llaga: \u00abA veces, <strong>la autocensura es comodidad<\/strong>. Es peligroso dejar de plantear contradicciones, tambi\u00e9n dentro de los movimientos supuestamente m\u00e1s alternativos.\u00bb<\/p>\n<p>Pero por encima de todo y, para terminar, nos dejaron muy claro que aman lo que hacen. \u00abEsta profesi\u00f3n vale la pena\u00bb, afirm\u00f3 Montse Santolino. \u00ab<strong>Yo no he esperado a que nadie me reconozca como periodista: me siento periodista y aprendo cada d\u00eda de los temas que trabajo<\/strong>.\u00bb<\/p>\n","protected":false},"excerpt":{"rendered":"<p>El s\u00e1bado 17 de marzo tuvimos el placer de contar con tres mujeres periodistas que luchan cada d\u00eda y desde hace tiempo con la palabra y la imagen. Daniela Frechero, fotoperiodista; Anna Giralt, documentalista; y Montse Santolino, periodista: desde la experiencia que les da su recorrido respondieron a las dudas del alumnado de la Escuela [&hellip;]<\/p>\n","protected":false},"author":1001002,"featured_media":2902,"comment_status":"open","ping_status":"closed","sticky":false,"template":"","format":"standard","meta":{"_et_pb_use_builder":"","_et_pb_old_content":"","_et_gb_content_width":"","content-type":"","_monsterinsights_skip_tracking":false,"_monsterinsights_sitenote_active":false,"_monsterinsights_sitenote_note":"","_monsterinsights_sitenote_category":0,"_joinchat":[],"footnotes":""},"categories":[187],"tags":[],"class_list":["post-2901","post","type-post","status-publish","format-standard","has-post-thumbnail","hentry","category-noticias"],"yoast_head":"<!-- This site is optimized with the Yoast SEO plugin v26.9 - https:\/\/yoast.com\/product\/yoast-seo-wordpress\/ -->\n<title>Mujeres periodistas: &quot;Hay que buscar las grietas que abren espacios de cambio&quot;<\/title>\n<meta name=\"description\" content=\"Tres mujeres periodistas (Anna Giralt, Montse Santolino y Daniela Frechero) responden las dudas de nuestro alumnado en cuanto a esta bella y dura profesi\u00f3n.\" \/>\n<meta name=\"robots\" content=\"index, follow, max-snippet:-1, max-image-preview:large, max-video-preview:-1\" \/>\n<link rel=\"canonical\" href=\"https:\/\/www.datecuenta.org\/escuelalibre\/mujeres-periodistas\/\" \/>\n<meta property=\"og:locale\" content=\"es_ES\" \/>\n<meta property=\"og:type\" content=\"article\" \/>\n<meta property=\"og:title\" content=\"Mujeres periodistas: &quot;Hay que buscar las grietas que abren espacios de cambio&quot;\" \/>\n<meta property=\"og:description\" content=\"Tres mujeres periodistas (Anna Giralt, Montse Santolino y Daniela Frechero) responden las dudas de nuestro alumnado en cuanto a esta bella y dura profesi\u00f3n.\" \/>\n<meta property=\"og:url\" content=\"https:\/\/www.datecuenta.org\/escuelalibre\/mujeres-periodistas\/\" \/>\n<meta property=\"og:site_name\" content=\"Escuela de fotograf\u00eda en Barcelona | DateCuenta\" \/>\n<meta property=\"article:published_time\" content=\"2018-03-23T06:57:10+00:00\" \/>\n<meta property=\"og:image\" content=\"https:\/\/www.datecuenta.org\/escuelalibre\/wp-content\/uploads\/2018\/03\/mujeres-periodistas.jpg\" \/>\n\t<meta property=\"og:image:width\" content=\"638\" \/>\n\t<meta property=\"og:image:height\" content=\"358\" \/>\n\t<meta property=\"og:image:type\" content=\"image\/jpeg\" \/>\n<meta name=\"author\" content=\"Date Cuenta\" \/>\n<meta name=\"twitter:card\" content=\"summary_large_image\" \/>\n<meta name=\"twitter:label1\" content=\"Escrito por\" \/>\n\t<meta name=\"twitter:data1\" content=\"Date Cuenta\" \/>\n\t<meta name=\"twitter:label2\" content=\"Tiempo de lectura\" \/>\n\t<meta name=\"twitter:data2\" content=\"6 minutos\" \/>\n<script type=\"application\/ld+json\" class=\"yoast-schema-graph\">{\"@context\":\"https:\/\/schema.org\",\"@graph\":[{\"@type\":\"Article\",\"@id\":\"https:\/\/www.datecuenta.org\/escuelalibre\/mujeres-periodistas\/#article\",\"isPartOf\":{\"@id\":\"https:\/\/www.datecuenta.org\/escuelalibre\/mujeres-periodistas\/\"},\"author\":{\"name\":\"Date Cuenta\",\"@id\":\"https:\/\/www.datecuenta.org\/escuelalibre\/#\/schema\/person\/2461c4b87eecd19501ff25c8158edfce\"},\"headline\":\"Mujeres periodistas: \u00abHay que buscar las grietas que abren espacios de cambio\u00bb\",\"datePublished\":\"2018-03-23T06:57:10+00:00\",\"mainEntityOfPage\":{\"@id\":\"https:\/\/www.datecuenta.org\/escuelalibre\/mujeres-periodistas\/\"},\"wordCount\":1128,\"commentCount\":0,\"image\":{\"@id\":\"https:\/\/www.datecuenta.org\/escuelalibre\/mujeres-periodistas\/#primaryimage\"},\"thumbnailUrl\":\"https:\/\/www.datecuenta.org\/escuelalibre\/wp-content\/uploads\/2018\/03\/mujeres-periodistas.jpg\",\"articleSection\":[\"BLOG\"],\"inLanguage\":\"es\",\"potentialAction\":[{\"@type\":\"CommentAction\",\"name\":\"Comment\",\"target\":[\"https:\/\/www.datecuenta.org\/escuelalibre\/mujeres-periodistas\/#respond\"]}]},{\"@type\":\"WebPage\",\"@id\":\"https:\/\/www.datecuenta.org\/escuelalibre\/mujeres-periodistas\/\",\"url\":\"https:\/\/www.datecuenta.org\/escuelalibre\/mujeres-periodistas\/\",\"name\":\"Mujeres periodistas: \\\"Hay que buscar las grietas que abren espacios de cambio\\\"\",\"isPartOf\":{\"@id\":\"https:\/\/www.datecuenta.org\/escuelalibre\/#website\"},\"primaryImageOfPage\":{\"@id\":\"https:\/\/www.datecuenta.org\/escuelalibre\/mujeres-periodistas\/#primaryimage\"},\"image\":{\"@id\":\"https:\/\/www.datecuenta.org\/escuelalibre\/mujeres-periodistas\/#primaryimage\"},\"thumbnailUrl\":\"https:\/\/www.datecuenta.org\/escuelalibre\/wp-content\/uploads\/2018\/03\/mujeres-periodistas.jpg\",\"datePublished\":\"2018-03-23T06:57:10+00:00\",\"author\":{\"@id\":\"https:\/\/www.datecuenta.org\/escuelalibre\/#\/schema\/person\/2461c4b87eecd19501ff25c8158edfce\"},\"description\":\"Tres mujeres periodistas (Anna Giralt, Montse Santolino y Daniela Frechero) responden las dudas de nuestro alumnado en cuanto a esta bella y dura profesi\u00f3n.\",\"breadcrumb\":{\"@id\":\"https:\/\/www.datecuenta.org\/escuelalibre\/mujeres-periodistas\/#breadcrumb\"},\"inLanguage\":\"es\",\"potentialAction\":[{\"@type\":\"ReadAction\",\"target\":[\"https:\/\/www.datecuenta.org\/escuelalibre\/mujeres-periodistas\/\"]}]},{\"@type\":\"ImageObject\",\"inLanguage\":\"es\",\"@id\":\"https:\/\/www.datecuenta.org\/escuelalibre\/mujeres-periodistas\/#primaryimage\",\"url\":\"https:\/\/www.datecuenta.org\/escuelalibre\/wp-content\/uploads\/2018\/03\/mujeres-periodistas.jpg\",\"contentUrl\":\"https:\/\/www.datecuenta.org\/escuelalibre\/wp-content\/uploads\/2018\/03\/mujeres-periodistas.jpg\",\"width\":638,\"height\":358,\"caption\":\"mujeres periodistas Montse Santolino Anna Giralt Daniela Frechero\"},{\"@type\":\"BreadcrumbList\",\"@id\":\"https:\/\/www.datecuenta.org\/escuelalibre\/mujeres-periodistas\/#breadcrumb\",\"itemListElement\":[{\"@type\":\"ListItem\",\"position\":1,\"name\":\"Portada\",\"item\":\"https:\/\/www.datecuenta.org\/escuelalibre\/\"},{\"@type\":\"ListItem\",\"position\":2,\"name\":\"Mujeres periodistas: \u00abHay que buscar las grietas que abren espacios de cambio\u00bb\"}]},{\"@type\":\"WebSite\",\"@id\":\"https:\/\/www.datecuenta.org\/escuelalibre\/#website\",\"url\":\"https:\/\/www.datecuenta.org\/escuelalibre\/\",\"name\":\"Escuela de fotograf\u00eda en Barcelona | DateCuenta\",\"description\":\"\",\"potentialAction\":[{\"@type\":\"SearchAction\",\"target\":{\"@type\":\"EntryPoint\",\"urlTemplate\":\"https:\/\/www.datecuenta.org\/escuelalibre\/?s={search_term_string}\"},\"query-input\":{\"@type\":\"PropertyValueSpecification\",\"valueRequired\":true,\"valueName\":\"search_term_string\"}}],\"inLanguage\":\"es\"},{\"@type\":\"Person\",\"@id\":\"https:\/\/www.datecuenta.org\/escuelalibre\/#\/schema\/person\/2461c4b87eecd19501ff25c8158edfce\",\"name\":\"Date Cuenta\",\"image\":{\"@type\":\"ImageObject\",\"inLanguage\":\"es\",\"@id\":\"https:\/\/www.datecuenta.org\/escuelalibre\/#\/schema\/person\/image\/\",\"url\":\"https:\/\/secure.gravatar.com\/avatar\/cef072a10d2f235035add558d19bd890155332fc9d829546849b6af5dba440c4?s=96&d=mm&r=g\",\"contentUrl\":\"https:\/\/secure.gravatar.com\/avatar\/cef072a10d2f235035add558d19bd890155332fc9d829546849b6af5dba440c4?s=96&d=mm&r=g\",\"caption\":\"Date Cuenta\"}}]}<\/script>\n<!-- \/ Yoast SEO plugin. -->","yoast_head_json":{"title":"Mujeres periodistas: \"Hay que buscar las grietas que abren espacios de cambio\"","description":"Tres mujeres periodistas (Anna Giralt, Montse Santolino y Daniela Frechero) responden las dudas de nuestro alumnado en cuanto a esta bella y dura profesi\u00f3n.","robots":{"index":"index","follow":"follow","max-snippet":"max-snippet:-1","max-image-preview":"max-image-preview:large","max-video-preview":"max-video-preview:-1"},"canonical":"https:\/\/www.datecuenta.org\/escuelalibre\/mujeres-periodistas\/","og_locale":"es_ES","og_type":"article","og_title":"Mujeres periodistas: \"Hay que buscar las grietas que abren espacios de cambio\"","og_description":"Tres mujeres periodistas (Anna Giralt, Montse Santolino y Daniela Frechero) responden las dudas de nuestro alumnado en cuanto a esta bella y dura profesi\u00f3n.","og_url":"https:\/\/www.datecuenta.org\/escuelalibre\/mujeres-periodistas\/","og_site_name":"Escuela de fotograf\u00eda en Barcelona | DateCuenta","article_published_time":"2018-03-23T06:57:10+00:00","og_image":[{"width":638,"height":358,"url":"https:\/\/www.datecuenta.org\/escuelalibre\/wp-content\/uploads\/2018\/03\/mujeres-periodistas.jpg","type":"image\/jpeg"}],"author":"Date Cuenta","twitter_card":"summary_large_image","twitter_misc":{"Escrito por":"Date Cuenta","Tiempo de lectura":"6 minutos"},"schema":{"@context":"https:\/\/schema.org","@graph":[{"@type":"Article","@id":"https:\/\/www.datecuenta.org\/escuelalibre\/mujeres-periodistas\/#article","isPartOf":{"@id":"https:\/\/www.datecuenta.org\/escuelalibre\/mujeres-periodistas\/"},"author":{"name":"Date Cuenta","@id":"https:\/\/www.datecuenta.org\/escuelalibre\/#\/schema\/person\/2461c4b87eecd19501ff25c8158edfce"},"headline":"Mujeres periodistas: \u00abHay que buscar las grietas que abren espacios de cambio\u00bb","datePublished":"2018-03-23T06:57:10+00:00","mainEntityOfPage":{"@id":"https:\/\/www.datecuenta.org\/escuelalibre\/mujeres-periodistas\/"},"wordCount":1128,"commentCount":0,"image":{"@id":"https:\/\/www.datecuenta.org\/escuelalibre\/mujeres-periodistas\/#primaryimage"},"thumbnailUrl":"https:\/\/www.datecuenta.org\/escuelalibre\/wp-content\/uploads\/2018\/03\/mujeres-periodistas.jpg","articleSection":["BLOG"],"inLanguage":"es","potentialAction":[{"@type":"CommentAction","name":"Comment","target":["https:\/\/www.datecuenta.org\/escuelalibre\/mujeres-periodistas\/#respond"]}]},{"@type":"WebPage","@id":"https:\/\/www.datecuenta.org\/escuelalibre\/mujeres-periodistas\/","url":"https:\/\/www.datecuenta.org\/escuelalibre\/mujeres-periodistas\/","name":"Mujeres periodistas: \"Hay que buscar las grietas que abren espacios de cambio\"","isPartOf":{"@id":"https:\/\/www.datecuenta.org\/escuelalibre\/#website"},"primaryImageOfPage":{"@id":"https:\/\/www.datecuenta.org\/escuelalibre\/mujeres-periodistas\/#primaryimage"},"image":{"@id":"https:\/\/www.datecuenta.org\/escuelalibre\/mujeres-periodistas\/#primaryimage"},"thumbnailUrl":"https:\/\/www.datecuenta.org\/escuelalibre\/wp-content\/uploads\/2018\/03\/mujeres-periodistas.jpg","datePublished":"2018-03-23T06:57:10+00:00","author":{"@id":"https:\/\/www.datecuenta.org\/escuelalibre\/#\/schema\/person\/2461c4b87eecd19501ff25c8158edfce"},"description":"Tres mujeres periodistas (Anna Giralt, Montse Santolino y Daniela Frechero) responden las dudas de nuestro alumnado en cuanto a esta bella y dura profesi\u00f3n.","breadcrumb":{"@id":"https:\/\/www.datecuenta.org\/escuelalibre\/mujeres-periodistas\/#breadcrumb"},"inLanguage":"es","potentialAction":[{"@type":"ReadAction","target":["https:\/\/www.datecuenta.org\/escuelalibre\/mujeres-periodistas\/"]}]},{"@type":"ImageObject","inLanguage":"es","@id":"https:\/\/www.datecuenta.org\/escuelalibre\/mujeres-periodistas\/#primaryimage","url":"https:\/\/www.datecuenta.org\/escuelalibre\/wp-content\/uploads\/2018\/03\/mujeres-periodistas.jpg","contentUrl":"https:\/\/www.datecuenta.org\/escuelalibre\/wp-content\/uploads\/2018\/03\/mujeres-periodistas.jpg","width":638,"height":358,"caption":"mujeres periodistas Montse Santolino Anna Giralt Daniela Frechero"},{"@type":"BreadcrumbList","@id":"https:\/\/www.datecuenta.org\/escuelalibre\/mujeres-periodistas\/#breadcrumb","itemListElement":[{"@type":"ListItem","position":1,"name":"Portada","item":"https:\/\/www.datecuenta.org\/escuelalibre\/"},{"@type":"ListItem","position":2,"name":"Mujeres periodistas: \u00abHay que buscar las grietas que abren espacios de cambio\u00bb"}]},{"@type":"WebSite","@id":"https:\/\/www.datecuenta.org\/escuelalibre\/#website","url":"https:\/\/www.datecuenta.org\/escuelalibre\/","name":"Escuela de fotograf\u00eda en Barcelona | DateCuenta","description":"","potentialAction":[{"@type":"SearchAction","target":{"@type":"EntryPoint","urlTemplate":"https:\/\/www.datecuenta.org\/escuelalibre\/?s={search_term_string}"},"query-input":{"@type":"PropertyValueSpecification","valueRequired":true,"valueName":"search_term_string"}}],"inLanguage":"es"},{"@type":"Person","@id":"https:\/\/www.datecuenta.org\/escuelalibre\/#\/schema\/person\/2461c4b87eecd19501ff25c8158edfce","name":"Date Cuenta","image":{"@type":"ImageObject","inLanguage":"es","@id":"https:\/\/www.datecuenta.org\/escuelalibre\/#\/schema\/person\/image\/","url":"https:\/\/secure.gravatar.com\/avatar\/cef072a10d2f235035add558d19bd890155332fc9d829546849b6af5dba440c4?s=96&d=mm&r=g","contentUrl":"https:\/\/secure.gravatar.com\/avatar\/cef072a10d2f235035add558d19bd890155332fc9d829546849b6af5dba440c4?s=96&d=mm&r=g","caption":"Date Cuenta"}}]}},"_links":{"self":[{"href":"https:\/\/www.datecuenta.org\/escuelalibre\/wp-json\/wp\/v2\/posts\/2901","targetHints":{"allow":["GET"]}}],"collection":[{"href":"https:\/\/www.datecuenta.org\/escuelalibre\/wp-json\/wp\/v2\/posts"}],"about":[{"href":"https:\/\/www.datecuenta.org\/escuelalibre\/wp-json\/wp\/v2\/types\/post"}],"author":[{"embeddable":true,"href":"https:\/\/www.datecuenta.org\/escuelalibre\/wp-json\/wp\/v2\/users\/1001002"}],"replies":[{"embeddable":true,"href":"https:\/\/www.datecuenta.org\/escuelalibre\/wp-json\/wp\/v2\/comments?post=2901"}],"version-history":[{"count":1,"href":"https:\/\/www.datecuenta.org\/escuelalibre\/wp-json\/wp\/v2\/posts\/2901\/revisions"}],"predecessor-version":[{"id":2903,"href":"https:\/\/www.datecuenta.org\/escuelalibre\/wp-json\/wp\/v2\/posts\/2901\/revisions\/2903"}],"wp:featuredmedia":[{"embeddable":true,"href":"https:\/\/www.datecuenta.org\/escuelalibre\/wp-json\/wp\/v2\/media\/2902"}],"wp:attachment":[{"href":"https:\/\/www.datecuenta.org\/escuelalibre\/wp-json\/wp\/v2\/media?parent=2901"}],"wp:term":[{"taxonomy":"category","embeddable":true,"href":"https:\/\/www.datecuenta.org\/escuelalibre\/wp-json\/wp\/v2\/categories?post=2901"},{"taxonomy":"post_tag","embeddable":true,"href":"https:\/\/www.datecuenta.org\/escuelalibre\/wp-json\/wp\/v2\/tags?post=2901"}],"curies":[{"name":"wp","href":"https:\/\/api.w.org\/{rel}","templated":true}]}}