{"id":3216,"date":"2019-01-29T09:40:43","date_gmt":"2019-01-29T09:40:43","guid":{"rendered":"https:\/\/www.datecuenta.org\/escuelalibre\/?p=3216"},"modified":"2019-01-30T09:48:25","modified_gmt":"2019-01-30T09:48:25","slug":"maria-contreras-coll-fotoperiodista","status":"publish","type":"post","link":"https:\/\/www.datecuenta.org\/escuelalibre\/maria-contreras-coll-fotoperiodista\/","title":{"rendered":"Maria Contreras Coll: \u00abEstar conectada con el tema que trabajo es fundamental\u00bb"},"content":{"rendered":"<p>\u00abSoy fotoperiodista porque puedo combinar las tres cosas que me apasionan: mi compromiso social con temas poco representados; dar voz a las personas involucradas en estos temas; trabajar en una profesi\u00f3n que nos permite innovar\u00bb: esta fue una de las muchas cosas que la fotoperiodista y fot\u00f3grafa documentalista <strong>Maria Contreras Coll<\/strong> comparti\u00f3 con el alumnado de la Escuela DateCuenta el pasado s\u00e1bado 26 de enero, en <a href=\"https:\/\/www.datecuenta.org\/escuelalibre\/fotoperiodismo-feminista\/\">un encuentro abierto que tuvo lugar en el Centre C\u00edvic Pati Llimona<\/a>.<\/p>\n<div id=\"attachment_3218\" style=\"width: 730px\" class=\"wp-caption alignnone\"><img loading=\"lazy\" decoding=\"async\" aria-describedby=\"caption-attachment-3218\" class=\"size-full wp-image-3218\" src=\"http:\/\/www.datecuenta.org\/escuelalibre\/wp-content\/uploads\/2019\/01\/Maria_Contreras_Coll_fotoperiodista_DateCuenta_01.jpg\" alt=\"Maria_Contreras_Coll_fotoperiodista_DateCuenta_01\" width=\"720\" height=\"480\" srcset=\"https:\/\/www.datecuenta.org\/escuelalibre\/wp-content\/uploads\/2019\/01\/Maria_Contreras_Coll_fotoperiodista_DateCuenta_01.jpg 720w, https:\/\/www.datecuenta.org\/escuelalibre\/wp-content\/uploads\/2019\/01\/Maria_Contreras_Coll_fotoperiodista_DateCuenta_01-150x100.jpg 150w, https:\/\/www.datecuenta.org\/escuelalibre\/wp-content\/uploads\/2019\/01\/Maria_Contreras_Coll_fotoperiodista_DateCuenta_01-300x200.jpg 300w, https:\/\/www.datecuenta.org\/escuelalibre\/wp-content\/uploads\/2019\/01\/Maria_Contreras_Coll_fotoperiodista_DateCuenta_01-436x291.jpg 436w, https:\/\/www.datecuenta.org\/escuelalibre\/wp-content\/uploads\/2019\/01\/Maria_Contreras_Coll_fotoperiodista_DateCuenta_01-673x449.jpg 673w\" sizes=\"(max-width: 720px) 100vw, 720px\" \/><p id=\"caption-attachment-3218\" class=\"wp-caption-text\">La fotoperiodista Maria Contreras Coll (derecha) con nuestra docente, fot\u00f3grafa y fotoperiodista Wayra Ficapal | Foto: AITOR FERN\u00c1NDEZ<\/p><\/div>\n<h2>\u00abSon necesarias complicidad e intimidad con las personas de las que explico historias\u00bb<\/h2>\n<p><strong>Por M\u00d3NICA SOLANAS | <a href=\"https:\/\/twitter.com\/monicontomate\" target=\"_blank\" rel=\"noopener\">@monicontomate<\/a><\/strong><br \/>\n<strong>Fotograf\u00eda de AITOR FERN\u00c1NDEZ | <a href=\"https:\/\/twitter.com\/aitorfe\" target=\"_blank\" rel=\"noopener\">@aitorfe<\/a><\/strong><\/p>\n<p>\u00abEl respeto a las personas que fotograf\u00edo es imprescindible, respeto para implicarme en sus vidas. Soy totalmente consciente de que me inmiscuyo en sus vidas, por lo que soy totalmente responsable de c\u00f3mo me afecta eso. Para m\u00ed, es muy importante ser comunicadora de estas realidades. Que los <strong>temas que escojo vengan de una preocupaci\u00f3n personal hace que empatice<\/strong> con ellas. Adem\u00e1s, contar sus historias es un trabajo en equipo: el m\u00edo y el de las personas fotografiadas\u00bb.<\/p>\n<p>Maria Contreras Coll nos visita en uno de sus viajes de vuelta a Barcelona. \u00abEstas pausas tambi\u00e9n me sirven como espacio de reflexi\u00f3n en los que echar la vista atr\u00e1s, repasar lo que he hecho hasta ahora y pensar hacia d\u00f3nde voy. Son momentos muy necesarios\u00bb. En su charla con Wayra y con todas las personas asistentes, Maria reflexiona sobre aspectos importantes de la profesi\u00f3n: la importancia de estar conectada con el tema que trabaja; el momento en el que hay que dejar reposar un proyecto: \u00abLo freno cuando no me siento en sinton\u00eda con el tema, cuando ya no estoy presente en el desarrollo de la historia\u00bb; o sobre la masculinizaci\u00f3n de la profesi\u00f3n: \u00ab<strong>Somos mujeres. Tal vez vemos las cosas de otra manera, tal vez nos interesan otros temas<\/strong>\u00ab.<\/p>\n<p>Su mirada hace que las historias que cuenta a trav\u00e9s de sus im\u00e1genes adquieran una firme y activa perspectiva de g\u00e9nero. Y tambi\u00e9n su posici\u00f3n dentro de la profesi\u00f3n: \u00abNo estamos solas, somos muchas mujeres dedic\u00e1ndonos a esto. No debemos tener miedo a dejar las cosas claras y a marcar las distancias que creamos necesarias, a denunciar situaciones en las que nos sentimos inc\u00f3modas\u00bb. En esta l\u00ednea, habla de c\u00f3mo la plataforma <strong>Women Photograph<\/strong> le \u00abha hecho sentir muy conectada con otras mujeres de todo el mundo.\u00bb<\/p>\n<div id=\"attachment_3220\" style=\"width: 730px\" class=\"wp-caption alignnone\"><img loading=\"lazy\" decoding=\"async\" aria-describedby=\"caption-attachment-3220\" class=\"wp-image-3220 size-full\" src=\"http:\/\/www.datecuenta.org\/escuelalibre\/wp-content\/uploads\/2019\/01\/Maria_Contreras_Coll_fotoperiodista_DateCuenta_03.jpg\" alt=\"Maria Contreras Coll fotoperiodista DateCuenta\" width=\"720\" height=\"480\" srcset=\"https:\/\/www.datecuenta.org\/escuelalibre\/wp-content\/uploads\/2019\/01\/Maria_Contreras_Coll_fotoperiodista_DateCuenta_03.jpg 720w, https:\/\/www.datecuenta.org\/escuelalibre\/wp-content\/uploads\/2019\/01\/Maria_Contreras_Coll_fotoperiodista_DateCuenta_03-150x100.jpg 150w, https:\/\/www.datecuenta.org\/escuelalibre\/wp-content\/uploads\/2019\/01\/Maria_Contreras_Coll_fotoperiodista_DateCuenta_03-300x200.jpg 300w, https:\/\/www.datecuenta.org\/escuelalibre\/wp-content\/uploads\/2019\/01\/Maria_Contreras_Coll_fotoperiodista_DateCuenta_03-436x291.jpg 436w, https:\/\/www.datecuenta.org\/escuelalibre\/wp-content\/uploads\/2019\/01\/Maria_Contreras_Coll_fotoperiodista_DateCuenta_03-673x449.jpg 673w\" sizes=\"(max-width: 720px) 100vw, 720px\" \/><p id=\"caption-attachment-3220\" class=\"wp-caption-text\">Maria Contreras Coll con uno de sus primeros trabajos proyect\u00e1ndose a su espalda | Foto: AITOR FERN\u00c1NDEZ<\/p><\/div>\n<h2><strong>\u00abQuiero trasladaros mi experiencia como fot\u00f3grafa, mis vivencias\u00bb<\/strong><\/h2>\n<p>Hay algo que se repite en los principios de todas las personas que cogen una c\u00e1mara. \u00abNos asaltan las dudas y los miedos: \u00bfpodr\u00e9 hacerlo?, \u00bfinteresar\u00e1 el tema? <strong>He aprendido que del fracaso se aprende siempre y que es importante fracasar r\u00e1pido para aprender r\u00e1pido<\/strong>.\u00bb<\/p>\n<p>Maria Contreras Coll es una buscadora de historias, con las que establece una relaci\u00f3n profesional desde un inter\u00e9s m\u00e1s profundo y consciente. \u00abLeo Faccio, docente del postgrado de fotoperiodismo, me dijo una vez: <em>Maria, busca historias que no est\u00e9n hechas. Y si no son nuevas, c\u00e9ntrate en lo que puedes aportar t\u00fa<\/em>. Y ah\u00ed me plante\u00e9 qu\u00e9 tipo de fot\u00f3grafa quer\u00eda ser\u00bb. Decidi\u00f3 que quer\u00eda ir m\u00e1s all\u00e1, aunque sus trabajos no encajaran en \u00abel mercado\u00bb. Su primer trabajo fue con Albert, un joven trans del que document\u00f3 su d\u00eda a d\u00eda. Fue as\u00ed como se dio cuenta que necesitaba feedback: \u00ab<strong>Es necesario recibir la opini\u00f3n de quienes aparecen en nuestro trabajo. Si quer\u00eda hacerlo bien no pod\u00eda aislarme<\/strong>.\u00bb<\/p>\n<p>Para Maria es fundamental conocer las \u00abnecesidades del mercado: una galer\u00eda, un centro c\u00edvico, un medio de comunicaci\u00f3n, etc.\u00bb. Sus primeras publicaciones aparecieron en la revista VICE, para lo que previamente analiz\u00f3 qu\u00e9 era lo que ellos hac\u00edan y c\u00f3mo lo hac\u00edan, ajustando as\u00ed su oferta documental. \u00abPara publicar, primero hay que tener el contenido. Despu\u00e9s, contactar directamente con el director. En VICE tuve suerte: les ofrec\u00ed la historia y la publicaron. Debemos ser insistentes hasta la saciedad con aquellas historias en las que creemos: solo as\u00ed conseguiremos publicar.\u00bb<\/p>\n<p>Tambi\u00e9n remarc\u00f3 lo necesario que es dar a las historias un sentido narrativo: \u00abHay que aumentar el inter\u00e9s. <strong>Si una historia es importante para m\u00ed, \u00bfpor qu\u00e9 lo va a ser para el resto de personas?<\/strong> Buscad historias que os emocionen, que os conmuevan, porque tambi\u00e9n emocionar\u00e1n y conmover\u00e1n a los dem\u00e1s\u00bb. Ese sentido narrativo no se limita a las fotograf\u00edas: \u00abSoy partidaria de complementarlas con pies de foto y textos, creo que son necesarios\u00bb.<\/p>\n<div id=\"attachment_3219\" style=\"width: 730px\" class=\"wp-caption alignnone\"><img loading=\"lazy\" decoding=\"async\" aria-describedby=\"caption-attachment-3219\" class=\"size-full wp-image-3219\" src=\"http:\/\/www.datecuenta.org\/escuelalibre\/wp-content\/uploads\/2019\/01\/Maria_Contreras_Coll_fotoperiodista_DateCuenta_02.jpg\" alt=\"\" width=\"720\" height=\"480\" srcset=\"https:\/\/www.datecuenta.org\/escuelalibre\/wp-content\/uploads\/2019\/01\/Maria_Contreras_Coll_fotoperiodista_DateCuenta_02.jpg 720w, https:\/\/www.datecuenta.org\/escuelalibre\/wp-content\/uploads\/2019\/01\/Maria_Contreras_Coll_fotoperiodista_DateCuenta_02-150x100.jpg 150w, https:\/\/www.datecuenta.org\/escuelalibre\/wp-content\/uploads\/2019\/01\/Maria_Contreras_Coll_fotoperiodista_DateCuenta_02-300x200.jpg 300w, https:\/\/www.datecuenta.org\/escuelalibre\/wp-content\/uploads\/2019\/01\/Maria_Contreras_Coll_fotoperiodista_DateCuenta_02-436x291.jpg 436w, https:\/\/www.datecuenta.org\/escuelalibre\/wp-content\/uploads\/2019\/01\/Maria_Contreras_Coll_fotoperiodista_DateCuenta_02-673x449.jpg 673w\" sizes=\"(max-width: 720px) 100vw, 720px\" \/><p id=\"caption-attachment-3219\" class=\"wp-caption-text\">El trabajo sobre el trans Albert, de Maria Contreras Coll | Foto: AITOR FERN\u00c1NDEZ<\/p><\/div>\n<h2><strong>\u00abEsc\u00fachate y ve ah\u00ed donde tu coraz\u00f3n te pida\u00bb<\/strong><\/h2>\n<p>\u00abEs tan importante educar la mirada como tener referentes, aunque os parezca una tonter\u00eda\u00bb; Maria se ha fijado en la fotoperiodista Lynsey Addario y en el fotodocumentalista Diego Ibarra como modelos a la hora de explicar sus historias. Y as\u00ed surgen trabajos como <em>Huir del miedo. Dos mujeres sirias refugiadas en Espa\u00f1a<\/em>. \u00abRana y Shahad viv\u00edan en Barcelona. Con Rana establec\u00ed una relaci\u00f3n de mucha confianza. Shahad era m\u00e1s joven, con una gran implicaci\u00f3n en el activismo social. <strong>Quer\u00eda contar sus vidas, lo que les pas\u00f3, por qu\u00e9 tuvieron que huir de su pa\u00eds<\/strong>\u00ab. Su trabajo documental con migrantes la ha llevado a Melilla, Cal\u00e9, Grecia, Alemania, Par\u00eds, incluso a la sede del Parlamento Europeo en Bruselas.<\/p>\n<p>Antes de empezar un tema es fundamental prepararlo. \u00abContactad con personas que est\u00e9n en el lugar en el que quer\u00e9is trabajar antes de ir, as\u00ed podr\u00e9is haceros una idea mucho m\u00e1s certera de aquella realidad\u00bb. Tambi\u00e9n es importante conocer la historia del pa\u00eds al que vamos, nos dar\u00e1 mucha perspectiva para enfocar y trabajar los temas. Adem\u00e1s de la necesidad de documentarnos antes de ponernos a hacer fotos, es importante romper el hielo con las personas que est\u00e1n delante de nuestro objetivo. \u00ab<strong>Yo lo consigo siendo totalmente sincera, mostr\u00e1ndoles qui\u00e9n soy y qu\u00e9 quiero. Debemos generar confianza<\/strong>.\u00bb<\/p>\n<p>\u00abCuando hacemos un trabajo de largo recorrido, hay que esperar a sacar la c\u00e1mara\u00bb. As\u00ed fue como trabaj\u00f3 durante su estancia en Melilla acompa\u00f1ando a Ouafe y Mohamed, una pareja que se conoci\u00f3 en su camino de huida y quedaron varados por una de las vallas que recorren nuestra frontera sur. \u00abQuer\u00eda documentar el limbo en el que se encontraban\u00bb. Antes de llegar a Melilla estableci\u00f3 contactos con colegas de <em>El Faro de Melilla<\/em>; una vez all\u00ed alquil\u00f3 una habitaci\u00f3n y tir\u00f3 de ahorros. \u00ab<strong>Los contactos son muy importantes; tener claro que como freelance puede que no vendamos nuestro trabajo tambi\u00e9n<\/strong>\u00ab. Por eso hay que preparar bien los temas que vamos a trabajar. \u00abPodemos tener acceso a ellos a trav\u00e9s de los expertos. Para trabajar sobre los MENAS (menores no acompa\u00f1ados), Jos\u00e9 Palaz\u00f3n \u2014una de las caras m\u00e1s visibles de Prodein\u2014 me ayud\u00f3 mucho\u00bb.<\/p>\n<div id=\"attachment_3221\" style=\"width: 730px\" class=\"wp-caption alignnone\"><img loading=\"lazy\" decoding=\"async\" aria-describedby=\"caption-attachment-3221\" class=\"size-full wp-image-3221\" src=\"http:\/\/www.datecuenta.org\/escuelalibre\/wp-content\/uploads\/2019\/01\/Maria_Contreras_Coll_fotoperiodista_DateCuenta_04.jpg\" alt=\"Maria Contreras Coll fotoperiodista DateCuenta\" width=\"720\" height=\"480\" srcset=\"https:\/\/www.datecuenta.org\/escuelalibre\/wp-content\/uploads\/2019\/01\/Maria_Contreras_Coll_fotoperiodista_DateCuenta_04.jpg 720w, https:\/\/www.datecuenta.org\/escuelalibre\/wp-content\/uploads\/2019\/01\/Maria_Contreras_Coll_fotoperiodista_DateCuenta_04-150x100.jpg 150w, https:\/\/www.datecuenta.org\/escuelalibre\/wp-content\/uploads\/2019\/01\/Maria_Contreras_Coll_fotoperiodista_DateCuenta_04-300x200.jpg 300w, https:\/\/www.datecuenta.org\/escuelalibre\/wp-content\/uploads\/2019\/01\/Maria_Contreras_Coll_fotoperiodista_DateCuenta_04-436x291.jpg 436w, https:\/\/www.datecuenta.org\/escuelalibre\/wp-content\/uploads\/2019\/01\/Maria_Contreras_Coll_fotoperiodista_DateCuenta_04-673x449.jpg 673w\" sizes=\"(max-width: 720px) 100vw, 720px\" \/><p id=\"caption-attachment-3221\" class=\"wp-caption-text\">Foto: AITOR FERN\u00c1NDEZ<\/p><\/div>\n<h2><strong>\u00abNo es oro todo lo que t\u00fa crees que reluce\u00bb<\/strong><\/h2>\n<p>\u00abDeb\u00e9is dar valor a vuestro trabajo. Si hacemos una colaboraci\u00f3n, antes de empezar hay que acordar los t\u00e9rminos. No debemos olvidar que estamos ofreciendo nuestros servicios. Tambi\u00e9n es importante tener en cuenta los temas de derechos de imagen y derechos de reproducci\u00f3n\u00bb. En proyectos de larga duraci\u00f3n, es \u00fatil hacer diferentes cap\u00edtulos dentro de una misma historia: \u00abtrabajamos un tema grande, que es el principal, el que enmarca lo que nos interesa, y vamos vendi\u00e9ndolos por subtemas. Esto nos permite ir financi\u00e1ndonos para poder seguir trabajando en el tema principal\u00bb.<\/p>\n<p>Estos trabajos pueden tener muchas m\u00e1s salidas que su publicaci\u00f3n en un medio de comunicaci\u00f3n. En Barcelona, sus trabajos han sido expuestos por Docfield, o en el Espai Catal\u00e0 Roca, la Casa Golferichs o el Freedonia Gallery. \u00abHay muchas m\u00e1s opciones. Es importante establecer contactos con editores, comisarios, directores de medios de comunicaci\u00f3n; <strong>es importante que nos conozcan, que sepan c\u00f3mo trabajamos; que vean c\u00f3mo contactarnos<\/strong>\u00ab. Y para encontrarlos hay que ir a los lugares en los que se mueven. \u00abEn el <em>Visa Pour L&#8217;Image<\/em> de Perpignan y festivales de este estilo hay much\u00edsimos editores; tambi\u00e9n vais a encontrar comisarios en workshops, becas y concursos: que no ganemos no significa que no hayan visto nuestro trabajo\u00bb. Y otros espacios como escuelas, talleres o exposiciones: \u00abNo hay que guardar los trabajos en el caj\u00f3n, deb\u00e9is moverlos como sea\u00bb.<\/p>\n<p>\u00abSindicarse tambi\u00e9n es muy importante: formar parte de la UPIFC Sindicat de la Imatge me permite estar asesorada o que me ayuden con temas legales y contractuales, entre otras muchas cosas. La Photography Social Vision tambi\u00e9n me ha ayudado en este sentido\u00bb. Otra de las cosas que ha aprendido a lo largo de su trabajo es <strong>la importancia de la figura del mentor<\/strong>: \u00abNos aconseja sobre los temas, nos se\u00f1ala la visi\u00f3n que estamos dando con nuestras fotos, nos ayuda a editarlas, y tal vez lo m\u00e1s importante: es mi punto externo para ver mi trabajo con perspectiva. Es quien nos va a hacer saber si nuestro mensaje est\u00e1 llegando o no\u00bb.<\/p>\n<div id=\"attachment_3223\" style=\"width: 730px\" class=\"wp-caption alignnone\"><img loading=\"lazy\" decoding=\"async\" aria-describedby=\"caption-attachment-3223\" class=\"wp-image-3223 size-full\" src=\"http:\/\/www.datecuenta.org\/escuelalibre\/wp-content\/uploads\/2019\/01\/Maria_Contreras_Coll_fotoperiodista_DateCuenta_06.jpg\" alt=\"\" width=\"720\" height=\"480\" srcset=\"https:\/\/www.datecuenta.org\/escuelalibre\/wp-content\/uploads\/2019\/01\/Maria_Contreras_Coll_fotoperiodista_DateCuenta_06.jpg 720w, https:\/\/www.datecuenta.org\/escuelalibre\/wp-content\/uploads\/2019\/01\/Maria_Contreras_Coll_fotoperiodista_DateCuenta_06-150x100.jpg 150w, https:\/\/www.datecuenta.org\/escuelalibre\/wp-content\/uploads\/2019\/01\/Maria_Contreras_Coll_fotoperiodista_DateCuenta_06-300x200.jpg 300w, https:\/\/www.datecuenta.org\/escuelalibre\/wp-content\/uploads\/2019\/01\/Maria_Contreras_Coll_fotoperiodista_DateCuenta_06-436x291.jpg 436w, https:\/\/www.datecuenta.org\/escuelalibre\/wp-content\/uploads\/2019\/01\/Maria_Contreras_Coll_fotoperiodista_DateCuenta_06-673x449.jpg 673w\" sizes=\"(max-width: 720px) 100vw, 720px\" \/><p id=\"caption-attachment-3223\" class=\"wp-caption-text\">Foto: AITOR FERN\u00c1NDEZ<\/p><\/div>\n<h2><strong>Intereses m\u00e1s profundos y conscientes<\/strong><\/h2>\n<p>\u00abMe fui a Nepal con unos pocos ahorros y mucha esperanza. Llegu\u00e9 all\u00ed con una idea muy clara de lo que quer\u00eda contar: las restricciones que se les imponen a las mujeres menstruantes y la lucha de estas mujeres para acabar con esta costumbre\u00bb. Durante el a\u00f1o que dur\u00f3 su estancia en el pa\u00eds, Maria se financiaba como pod\u00eda, \u00abincluso di clases de espa\u00f1ol\u00bb. De este esfuerzo y de su mirada ha nacido <em>Journey to impurity<\/em>, su \u00faltimo trabajo.<\/p>\n<p>Maria <strong>puede contar bien la historia de las mujeres menstruantes nepal\u00eds porque ha conocido en profundidad c\u00f3mo funciona<\/strong>: sus bases culturales para establecer estas restricciones; qu\u00e9 personas est\u00e1n a favor de estas y cu\u00e1les no \u2014\u00bbque no se dividen entre hombres y mujeres, sino por grupos de edad, su religiosidad\u2026\u00bb\u2014; cu\u00e1les son las estructuras sociales, c\u00f3mo se organizan y funcionan los diferentes poblados; las diferencias que hay entre las poblaciones m\u00e1s o menos remotas \u2014\u00bbHay pueblos en los que no hay hombres, han tenido que migrar para trabajar y conseguir dinero; en estas comunidades la organizaci\u00f3n var\u00eda\u00bb\u2014.<\/p>\n<p>Este viaje a la impureza tambi\u00e9n documenta el trabajo de las activistas nepal\u00eds, su denuncia respecto a estas pr\u00e1cticas; refleja c\u00f3mo trabajan con las mujeres, con las ni\u00f1as. La tecnolog\u00eda es un elemento fundamental en estos grupos de mujeres. \u00abA trav\u00e9s de plataformas como youtube ven otras realidades. Adem\u00e1s, pueden contactar con otros grupos de mujeres de otros poblados, mujeres tambi\u00e9n activistas\u00bb. En Nepal, Maria ha fotografiado c\u00f3mo las mujeres son conscientes de que su mundo puede ser cambiado, y a eso ayuda la tecnolog\u00eda. \u00ab<strong>Me siento muy en sinton\u00eda con estas mujeres, yo tambi\u00e9n menstr\u00fao, tambi\u00e9n soy mujer<\/strong>; hay que hablar de estos, nuestros, temas. Las mujeres activistas me dec\u00edan: <em>Maria, se cuenta mucho de estas pr\u00e1cticas restrictivas, pero no se est\u00e1 contando c\u00f3mo lo estamos cambiando<\/em>\u00ab.<\/p>\n<div id=\"attachment_3222\" style=\"width: 730px\" class=\"wp-caption alignnone\"><img loading=\"lazy\" decoding=\"async\" aria-describedby=\"caption-attachment-3222\" class=\"wp-image-3222 size-full\" src=\"http:\/\/www.datecuenta.org\/escuelalibre\/wp-content\/uploads\/2019\/01\/Maria_Contreras_Coll_fotoperiodista_DateCuenta_05.jpg\" alt=\"\" width=\"720\" height=\"480\" srcset=\"https:\/\/www.datecuenta.org\/escuelalibre\/wp-content\/uploads\/2019\/01\/Maria_Contreras_Coll_fotoperiodista_DateCuenta_05.jpg 720w, https:\/\/www.datecuenta.org\/escuelalibre\/wp-content\/uploads\/2019\/01\/Maria_Contreras_Coll_fotoperiodista_DateCuenta_05-150x100.jpg 150w, https:\/\/www.datecuenta.org\/escuelalibre\/wp-content\/uploads\/2019\/01\/Maria_Contreras_Coll_fotoperiodista_DateCuenta_05-300x200.jpg 300w, https:\/\/www.datecuenta.org\/escuelalibre\/wp-content\/uploads\/2019\/01\/Maria_Contreras_Coll_fotoperiodista_DateCuenta_05-436x291.jpg 436w, https:\/\/www.datecuenta.org\/escuelalibre\/wp-content\/uploads\/2019\/01\/Maria_Contreras_Coll_fotoperiodista_DateCuenta_05-673x449.jpg 673w\" sizes=\"(max-width: 720px) 100vw, 720px\" \/><p id=\"caption-attachment-3222\" class=\"wp-caption-text\">Foto: AITOR FERN\u00c1NDEZ<\/p><\/div>\n<p>Maria cerr\u00f3 el encuentro con <strong>dos reflexiones<\/strong> que deber\u00edamos hacer nuestras. Por un lado, sobre el esfuerzo que supone apostar por los temas que nos (con)mueven: \u00abIgual tengo que <strong>trabajar m\u00e1s mis temas personales<\/strong> para no tener que aceptar determinados encargos en los que me siento inc\u00f3moda\u00bb. Por otro lado, sobre los objetivos reales de nuestros proyectos: \u00abNo puedes prometer que vas a cambiar el mundo porque es mentira. <strong>Mi trabajo sirve para denunciar historias o para dar voz<\/strong> a quien no la tiene.\u00bb<\/p>\n<p>Maria Contreras Coll realiz\u00f3 un postgrado en fotoperiodismo tras terminar sus estudios de Bellas Artes. Ha viajado por diferentes pa\u00edses para retratar los aspectos m\u00e1s \u00edntimos y personales de la crisis de los refugiados en Europa. En 2017 viaj\u00f3 a Nepal, dando inicio a un trabajo documental de largo recorrido, hablando desde una mirada de g\u00e9nero sobre los derechos de las mujeres.<\/p>\n<p>Sus trabajos han sido publicados en medios como Al Jazeera, Le Figaro, Planeta Futuro-El Pa\u00eds y GEO Magazine; ha recibido diversos reconocimientos, entre los que se encuentra la beca Clic de Fotoperiodisme Jove, y ha sido seleccionada para la Women Photograph Mentorship y tambi\u00e9n en el workshop de Eddie Adams en Nueva York.<\/p>\n<p>&nbsp;<\/p>\n","protected":false},"excerpt":{"rendered":"<p>\u00abSoy fotoperiodista porque puedo combinar las tres cosas que me apasionan: mi compromiso social con temas poco representados; dar voz a las personas involucradas en estos temas; trabajar en una profesi\u00f3n que nos permite innovar\u00bb: esta fue una de las muchas cosas que la fotoperiodista y fot\u00f3grafa documentalista Maria Contreras Coll comparti\u00f3 con el alumnado [&hellip;]<\/p>\n","protected":false},"author":1001002,"featured_media":3218,"comment_status":"closed","ping_status":"closed","sticky":false,"template":"","format":"standard","meta":{"_et_pb_use_builder":"","_et_pb_old_content":"","_et_gb_content_width":"","content-type":"","_monsterinsights_skip_tracking":false,"_monsterinsights_sitenote_active":false,"_monsterinsights_sitenote_note":"","_monsterinsights_sitenote_category":0,"_joinchat":[],"footnotes":""},"categories":[187],"tags":[],"class_list":["post-3216","post","type-post","status-publish","format-standard","has-post-thumbnail","hentry","category-noticias"],"yoast_head":"<!-- This site is optimized with the Yoast SEO plugin v26.9 - https:\/\/yoast.com\/product\/yoast-seo-wordpress\/ -->\n<title>Maria Contreras Coll: &quot;Estar conectada con el tema que trabajo es fundamental&quot;<\/title>\n<meta name=\"robots\" content=\"index, follow, max-snippet:-1, max-image-preview:large, max-video-preview:-1\" \/>\n<link rel=\"canonical\" href=\"https:\/\/www.datecuenta.org\/escuelalibre\/maria-contreras-coll-fotoperiodista\/\" \/>\n<meta property=\"og:locale\" content=\"es_ES\" \/>\n<meta property=\"og:type\" content=\"article\" \/>\n<meta property=\"og:title\" content=\"Maria Contreras Coll: &quot;Estar conectada con el tema que trabajo es fundamental&quot;\" \/>\n<meta property=\"og:description\" content=\"\u00abSoy fotoperiodista porque puedo combinar las tres cosas que me apasionan: mi compromiso social con temas poco representados; dar voz a las personas involucradas en estos temas; trabajar en una profesi\u00f3n que nos permite innovar\u00bb: esta fue una de las muchas cosas que la fotoperiodista y fot\u00f3grafa documentalista Maria Contreras Coll comparti\u00f3 con el alumnado [&hellip;]\" \/>\n<meta property=\"og:url\" content=\"https:\/\/www.datecuenta.org\/escuelalibre\/maria-contreras-coll-fotoperiodista\/\" \/>\n<meta property=\"og:site_name\" content=\"Escuela de fotograf\u00eda en Barcelona | DateCuenta\" \/>\n<meta property=\"article:published_time\" content=\"2019-01-29T09:40:43+00:00\" \/>\n<meta property=\"article:modified_time\" content=\"2019-01-30T09:48:25+00:00\" \/>\n<meta property=\"og:image\" content=\"https:\/\/www.datecuenta.org\/escuelalibre\/wp-content\/uploads\/2019\/01\/Maria_Contreras_Coll_fotoperiodista_DateCuenta_01.jpg\" \/>\n\t<meta property=\"og:image:width\" content=\"720\" \/>\n\t<meta property=\"og:image:height\" content=\"480\" \/>\n\t<meta property=\"og:image:type\" content=\"image\/jpeg\" \/>\n<meta name=\"author\" content=\"Date Cuenta\" \/>\n<meta name=\"twitter:card\" content=\"summary_large_image\" \/>\n<meta name=\"twitter:label1\" content=\"Escrito por\" \/>\n\t<meta name=\"twitter:data1\" content=\"Date Cuenta\" \/>\n\t<meta name=\"twitter:label2\" content=\"Tiempo de lectura\" \/>\n\t<meta name=\"twitter:data2\" content=\"11 minutos\" \/>\n<script type=\"application\/ld+json\" class=\"yoast-schema-graph\">{\"@context\":\"https:\/\/schema.org\",\"@graph\":[{\"@type\":\"Article\",\"@id\":\"https:\/\/www.datecuenta.org\/escuelalibre\/maria-contreras-coll-fotoperiodista\/#article\",\"isPartOf\":{\"@id\":\"https:\/\/www.datecuenta.org\/escuelalibre\/maria-contreras-coll-fotoperiodista\/\"},\"author\":{\"name\":\"Date Cuenta\",\"@id\":\"https:\/\/www.datecuenta.org\/escuelalibre\/#\/schema\/person\/2461c4b87eecd19501ff25c8158edfce\"},\"headline\":\"Maria Contreras Coll: \u00abEstar conectada con el tema que trabajo es fundamental\u00bb\",\"datePublished\":\"2019-01-29T09:40:43+00:00\",\"dateModified\":\"2019-01-30T09:48:25+00:00\",\"mainEntityOfPage\":{\"@id\":\"https:\/\/www.datecuenta.org\/escuelalibre\/maria-contreras-coll-fotoperiodista\/\"},\"wordCount\":2232,\"image\":{\"@id\":\"https:\/\/www.datecuenta.org\/escuelalibre\/maria-contreras-coll-fotoperiodista\/#primaryimage\"},\"thumbnailUrl\":\"https:\/\/www.datecuenta.org\/escuelalibre\/wp-content\/uploads\/2019\/01\/Maria_Contreras_Coll_fotoperiodista_DateCuenta_01.jpg\",\"articleSection\":[\"BLOG\"],\"inLanguage\":\"es\"},{\"@type\":\"WebPage\",\"@id\":\"https:\/\/www.datecuenta.org\/escuelalibre\/maria-contreras-coll-fotoperiodista\/\",\"url\":\"https:\/\/www.datecuenta.org\/escuelalibre\/maria-contreras-coll-fotoperiodista\/\",\"name\":\"Maria Contreras Coll: \\\"Estar conectada con el tema que trabajo es fundamental\\\"\",\"isPartOf\":{\"@id\":\"https:\/\/www.datecuenta.org\/escuelalibre\/#website\"},\"primaryImageOfPage\":{\"@id\":\"https:\/\/www.datecuenta.org\/escuelalibre\/maria-contreras-coll-fotoperiodista\/#primaryimage\"},\"image\":{\"@id\":\"https:\/\/www.datecuenta.org\/escuelalibre\/maria-contreras-coll-fotoperiodista\/#primaryimage\"},\"thumbnailUrl\":\"https:\/\/www.datecuenta.org\/escuelalibre\/wp-content\/uploads\/2019\/01\/Maria_Contreras_Coll_fotoperiodista_DateCuenta_01.jpg\",\"datePublished\":\"2019-01-29T09:40:43+00:00\",\"dateModified\":\"2019-01-30T09:48:25+00:00\",\"author\":{\"@id\":\"https:\/\/www.datecuenta.org\/escuelalibre\/#\/schema\/person\/2461c4b87eecd19501ff25c8158edfce\"},\"breadcrumb\":{\"@id\":\"https:\/\/www.datecuenta.org\/escuelalibre\/maria-contreras-coll-fotoperiodista\/#breadcrumb\"},\"inLanguage\":\"es\",\"potentialAction\":[{\"@type\":\"ReadAction\",\"target\":[\"https:\/\/www.datecuenta.org\/escuelalibre\/maria-contreras-coll-fotoperiodista\/\"]}]},{\"@type\":\"ImageObject\",\"inLanguage\":\"es\",\"@id\":\"https:\/\/www.datecuenta.org\/escuelalibre\/maria-contreras-coll-fotoperiodista\/#primaryimage\",\"url\":\"https:\/\/www.datecuenta.org\/escuelalibre\/wp-content\/uploads\/2019\/01\/Maria_Contreras_Coll_fotoperiodista_DateCuenta_01.jpg\",\"contentUrl\":\"https:\/\/www.datecuenta.org\/escuelalibre\/wp-content\/uploads\/2019\/01\/Maria_Contreras_Coll_fotoperiodista_DateCuenta_01.jpg\",\"width\":720,\"height\":480,\"caption\":\"La fotoperiodista Maria Contreras Coll (derecha) con nuestra docente, fot\u00f3grafa y fotoperiodista Wayra Ficapal | Foto: AITOR FERN\u00c1NDEZ\"},{\"@type\":\"BreadcrumbList\",\"@id\":\"https:\/\/www.datecuenta.org\/escuelalibre\/maria-contreras-coll-fotoperiodista\/#breadcrumb\",\"itemListElement\":[{\"@type\":\"ListItem\",\"position\":1,\"name\":\"Portada\",\"item\":\"https:\/\/www.datecuenta.org\/escuelalibre\/\"},{\"@type\":\"ListItem\",\"position\":2,\"name\":\"Maria Contreras Coll: \u00abEstar conectada con el tema que trabajo es fundamental\u00bb\"}]},{\"@type\":\"WebSite\",\"@id\":\"https:\/\/www.datecuenta.org\/escuelalibre\/#website\",\"url\":\"https:\/\/www.datecuenta.org\/escuelalibre\/\",\"name\":\"Escuela de fotograf\u00eda en Barcelona | DateCuenta\",\"description\":\"\",\"potentialAction\":[{\"@type\":\"SearchAction\",\"target\":{\"@type\":\"EntryPoint\",\"urlTemplate\":\"https:\/\/www.datecuenta.org\/escuelalibre\/?s={search_term_string}\"},\"query-input\":{\"@type\":\"PropertyValueSpecification\",\"valueRequired\":true,\"valueName\":\"search_term_string\"}}],\"inLanguage\":\"es\"},{\"@type\":\"Person\",\"@id\":\"https:\/\/www.datecuenta.org\/escuelalibre\/#\/schema\/person\/2461c4b87eecd19501ff25c8158edfce\",\"name\":\"Date Cuenta\",\"image\":{\"@type\":\"ImageObject\",\"inLanguage\":\"es\",\"@id\":\"https:\/\/www.datecuenta.org\/escuelalibre\/#\/schema\/person\/image\/\",\"url\":\"https:\/\/secure.gravatar.com\/avatar\/cef072a10d2f235035add558d19bd890155332fc9d829546849b6af5dba440c4?s=96&d=mm&r=g\",\"contentUrl\":\"https:\/\/secure.gravatar.com\/avatar\/cef072a10d2f235035add558d19bd890155332fc9d829546849b6af5dba440c4?s=96&d=mm&r=g\",\"caption\":\"Date Cuenta\"}}]}<\/script>\n<!-- \/ Yoast SEO plugin. -->","yoast_head_json":{"title":"Maria Contreras Coll: \"Estar conectada con el tema que trabajo es fundamental\"","robots":{"index":"index","follow":"follow","max-snippet":"max-snippet:-1","max-image-preview":"max-image-preview:large","max-video-preview":"max-video-preview:-1"},"canonical":"https:\/\/www.datecuenta.org\/escuelalibre\/maria-contreras-coll-fotoperiodista\/","og_locale":"es_ES","og_type":"article","og_title":"Maria Contreras Coll: \"Estar conectada con el tema que trabajo es fundamental\"","og_description":"\u00abSoy fotoperiodista porque puedo combinar las tres cosas que me apasionan: mi compromiso social con temas poco representados; dar voz a las personas involucradas en estos temas; trabajar en una profesi\u00f3n que nos permite innovar\u00bb: esta fue una de las muchas cosas que la fotoperiodista y fot\u00f3grafa documentalista Maria Contreras Coll comparti\u00f3 con el alumnado [&hellip;]","og_url":"https:\/\/www.datecuenta.org\/escuelalibre\/maria-contreras-coll-fotoperiodista\/","og_site_name":"Escuela de fotograf\u00eda en Barcelona | DateCuenta","article_published_time":"2019-01-29T09:40:43+00:00","article_modified_time":"2019-01-30T09:48:25+00:00","og_image":[{"width":720,"height":480,"url":"https:\/\/www.datecuenta.org\/escuelalibre\/wp-content\/uploads\/2019\/01\/Maria_Contreras_Coll_fotoperiodista_DateCuenta_01.jpg","type":"image\/jpeg"}],"author":"Date Cuenta","twitter_card":"summary_large_image","twitter_misc":{"Escrito por":"Date Cuenta","Tiempo de lectura":"11 minutos"},"schema":{"@context":"https:\/\/schema.org","@graph":[{"@type":"Article","@id":"https:\/\/www.datecuenta.org\/escuelalibre\/maria-contreras-coll-fotoperiodista\/#article","isPartOf":{"@id":"https:\/\/www.datecuenta.org\/escuelalibre\/maria-contreras-coll-fotoperiodista\/"},"author":{"name":"Date Cuenta","@id":"https:\/\/www.datecuenta.org\/escuelalibre\/#\/schema\/person\/2461c4b87eecd19501ff25c8158edfce"},"headline":"Maria Contreras Coll: \u00abEstar conectada con el tema que trabajo es fundamental\u00bb","datePublished":"2019-01-29T09:40:43+00:00","dateModified":"2019-01-30T09:48:25+00:00","mainEntityOfPage":{"@id":"https:\/\/www.datecuenta.org\/escuelalibre\/maria-contreras-coll-fotoperiodista\/"},"wordCount":2232,"image":{"@id":"https:\/\/www.datecuenta.org\/escuelalibre\/maria-contreras-coll-fotoperiodista\/#primaryimage"},"thumbnailUrl":"https:\/\/www.datecuenta.org\/escuelalibre\/wp-content\/uploads\/2019\/01\/Maria_Contreras_Coll_fotoperiodista_DateCuenta_01.jpg","articleSection":["BLOG"],"inLanguage":"es"},{"@type":"WebPage","@id":"https:\/\/www.datecuenta.org\/escuelalibre\/maria-contreras-coll-fotoperiodista\/","url":"https:\/\/www.datecuenta.org\/escuelalibre\/maria-contreras-coll-fotoperiodista\/","name":"Maria Contreras Coll: \"Estar conectada con el tema que trabajo es fundamental\"","isPartOf":{"@id":"https:\/\/www.datecuenta.org\/escuelalibre\/#website"},"primaryImageOfPage":{"@id":"https:\/\/www.datecuenta.org\/escuelalibre\/maria-contreras-coll-fotoperiodista\/#primaryimage"},"image":{"@id":"https:\/\/www.datecuenta.org\/escuelalibre\/maria-contreras-coll-fotoperiodista\/#primaryimage"},"thumbnailUrl":"https:\/\/www.datecuenta.org\/escuelalibre\/wp-content\/uploads\/2019\/01\/Maria_Contreras_Coll_fotoperiodista_DateCuenta_01.jpg","datePublished":"2019-01-29T09:40:43+00:00","dateModified":"2019-01-30T09:48:25+00:00","author":{"@id":"https:\/\/www.datecuenta.org\/escuelalibre\/#\/schema\/person\/2461c4b87eecd19501ff25c8158edfce"},"breadcrumb":{"@id":"https:\/\/www.datecuenta.org\/escuelalibre\/maria-contreras-coll-fotoperiodista\/#breadcrumb"},"inLanguage":"es","potentialAction":[{"@type":"ReadAction","target":["https:\/\/www.datecuenta.org\/escuelalibre\/maria-contreras-coll-fotoperiodista\/"]}]},{"@type":"ImageObject","inLanguage":"es","@id":"https:\/\/www.datecuenta.org\/escuelalibre\/maria-contreras-coll-fotoperiodista\/#primaryimage","url":"https:\/\/www.datecuenta.org\/escuelalibre\/wp-content\/uploads\/2019\/01\/Maria_Contreras_Coll_fotoperiodista_DateCuenta_01.jpg","contentUrl":"https:\/\/www.datecuenta.org\/escuelalibre\/wp-content\/uploads\/2019\/01\/Maria_Contreras_Coll_fotoperiodista_DateCuenta_01.jpg","width":720,"height":480,"caption":"La fotoperiodista Maria Contreras Coll (derecha) con nuestra docente, fot\u00f3grafa y fotoperiodista Wayra Ficapal | Foto: AITOR FERN\u00c1NDEZ"},{"@type":"BreadcrumbList","@id":"https:\/\/www.datecuenta.org\/escuelalibre\/maria-contreras-coll-fotoperiodista\/#breadcrumb","itemListElement":[{"@type":"ListItem","position":1,"name":"Portada","item":"https:\/\/www.datecuenta.org\/escuelalibre\/"},{"@type":"ListItem","position":2,"name":"Maria Contreras Coll: \u00abEstar conectada con el tema que trabajo es fundamental\u00bb"}]},{"@type":"WebSite","@id":"https:\/\/www.datecuenta.org\/escuelalibre\/#website","url":"https:\/\/www.datecuenta.org\/escuelalibre\/","name":"Escuela de fotograf\u00eda en Barcelona | DateCuenta","description":"","potentialAction":[{"@type":"SearchAction","target":{"@type":"EntryPoint","urlTemplate":"https:\/\/www.datecuenta.org\/escuelalibre\/?s={search_term_string}"},"query-input":{"@type":"PropertyValueSpecification","valueRequired":true,"valueName":"search_term_string"}}],"inLanguage":"es"},{"@type":"Person","@id":"https:\/\/www.datecuenta.org\/escuelalibre\/#\/schema\/person\/2461c4b87eecd19501ff25c8158edfce","name":"Date Cuenta","image":{"@type":"ImageObject","inLanguage":"es","@id":"https:\/\/www.datecuenta.org\/escuelalibre\/#\/schema\/person\/image\/","url":"https:\/\/secure.gravatar.com\/avatar\/cef072a10d2f235035add558d19bd890155332fc9d829546849b6af5dba440c4?s=96&d=mm&r=g","contentUrl":"https:\/\/secure.gravatar.com\/avatar\/cef072a10d2f235035add558d19bd890155332fc9d829546849b6af5dba440c4?s=96&d=mm&r=g","caption":"Date Cuenta"}}]}},"_links":{"self":[{"href":"https:\/\/www.datecuenta.org\/escuelalibre\/wp-json\/wp\/v2\/posts\/3216","targetHints":{"allow":["GET"]}}],"collection":[{"href":"https:\/\/www.datecuenta.org\/escuelalibre\/wp-json\/wp\/v2\/posts"}],"about":[{"href":"https:\/\/www.datecuenta.org\/escuelalibre\/wp-json\/wp\/v2\/types\/post"}],"author":[{"embeddable":true,"href":"https:\/\/www.datecuenta.org\/escuelalibre\/wp-json\/wp\/v2\/users\/1001002"}],"replies":[{"embeddable":true,"href":"https:\/\/www.datecuenta.org\/escuelalibre\/wp-json\/wp\/v2\/comments?post=3216"}],"version-history":[{"count":4,"href":"https:\/\/www.datecuenta.org\/escuelalibre\/wp-json\/wp\/v2\/posts\/3216\/revisions"}],"predecessor-version":[{"id":3299,"href":"https:\/\/www.datecuenta.org\/escuelalibre\/wp-json\/wp\/v2\/posts\/3216\/revisions\/3299"}],"wp:featuredmedia":[{"embeddable":true,"href":"https:\/\/www.datecuenta.org\/escuelalibre\/wp-json\/wp\/v2\/media\/3218"}],"wp:attachment":[{"href":"https:\/\/www.datecuenta.org\/escuelalibre\/wp-json\/wp\/v2\/media?parent=3216"}],"wp:term":[{"taxonomy":"category","embeddable":true,"href":"https:\/\/www.datecuenta.org\/escuelalibre\/wp-json\/wp\/v2\/categories?post=3216"},{"taxonomy":"post_tag","embeddable":true,"href":"https:\/\/www.datecuenta.org\/escuelalibre\/wp-json\/wp\/v2\/tags?post=3216"}],"curies":[{"name":"wp","href":"https:\/\/api.w.org\/{rel}","templated":true}]}}