{"id":3281,"date":"2019-03-02T16:20:28","date_gmt":"2019-03-02T16:20:28","guid":{"rendered":"https:\/\/www.datecuenta.org\/escuelalibre\/?p=3281"},"modified":"2019-11-25T22:23:32","modified_gmt":"2019-11-25T22:23:32","slug":"narrativas-de-cine-documental-y-ensayo","status":"publish","type":"post","link":"https:\/\/www.datecuenta.org\/escuelalibre\/narrativas-de-cine-documental-y-ensayo\/","title":{"rendered":"Narrativas de cine documental y ensayo"},"content":{"rendered":"\n<p>Narrar el entorno que nos rodea a trav\u00e9s de im\u00e1genes en movimiento es un arte. Pero hacerlo desde el g\u00e9nero ensay\u00edstico es arte dentro del arte. Y ese es el trabajo que hace <strong>Andr\u00e9s Duque<\/strong> en sus cintas. Duque afirmaba en una entrevista realizada por los compa\u00f1eros de <u>Cultura Film (Revista filmada)<\/u> que siempre se ha sentido atra\u00eddo por personas que est\u00e1n \u201cal l\u00edmite entre la raz\u00f3n y la locura\u201d. Y como se\u00f1alaba, es necesario \u201cayudar al espectador a que se sienta en el espacio mental del personaje retratado\u201d.<\/p>\n\n\n\n<figure class=\"wp-block-image\"><img loading=\"lazy\" decoding=\"async\" width=\"700\" height=\"700\" src=\"http:\/\/www.datecuenta.org\/escuelalibre\/wp-content\/uploads\/2019\/01\/Masterclass-DateCuenta-Cine-documental.jpg\" alt=\"Clase gratuita de cine documental\" class=\"wp-image-3283\" srcset=\"https:\/\/www.datecuenta.org\/escuelalibre\/wp-content\/uploads\/2019\/01\/Masterclass-DateCuenta-Cine-documental.jpg 700w, https:\/\/www.datecuenta.org\/escuelalibre\/wp-content\/uploads\/2019\/01\/Masterclass-DateCuenta-Cine-documental-300x300.jpg 300w, https:\/\/www.datecuenta.org\/escuelalibre\/wp-content\/uploads\/2019\/01\/Masterclass-DateCuenta-Cine-documental-436x436.jpg 436w\" sizes=\"(max-width: 700px) 100vw, 700px\" \/><\/figure>\n\n\n\n<h2 class=\"wp-block-heading\">La tercera masterclass del curso, dedicada al cine documental m\u00e1s comprometido<\/h2>\n\n\n\n<p>Trabajar respetando los tiempos de los personajes filmados, no los tiempos del cine documental. Hablar del mundo de quienes protagonizan sus documentales a trav\u00e9s de los medios digitales. Encontrar la parte de tu identidad que tambi\u00e9n anida en el interior de la persona retratada. Crear la conexi\u00f3n necesaria con el p\u00fablico y hacerlo part\u00edcipe de la historia.<\/p>\n\n\n\n<p>El pr\u00f3ximo s\u00e1bado 16 de marzo podremos conocer m\u00e1s profundamente el lenguaje audiovisual de Andr\u00e9s Duque y tambi\u00e9n su \u00faltimo documental, \u201c<a href=\"http:\/\/andresduque.com\/careliaesp.html\" target=\"_blank\" rel=\"noopener noreferrer\"><u>Carelia: Internacional con monumento<\/u><\/a>\u201d. El encuentro con Andr\u00e9s tendr\u00e1 lugar en la Sala Maria Aur\u00e8lia Capmany del Centre C\u00edvic Pati Llimona (C\/ Regomir 3, 08002 Barcelona), a las 11 h de la ma\u00f1ana. La charla es abierta y gratuita, por lo que no es necesario hacer reserva de entradas. Os esperamos.<\/p>\n\n\n\n<figure class=\"wp-block-image is-resized\"><img loading=\"lazy\" decoding=\"async\" src=\"http:\/\/www.datecuenta.org\/escuelalibre\/wp-content\/uploads\/2019\/01\/Foto-payasa-nin\u0303o-y-Andre\u0301s.jpg\" alt=\"\" class=\"wp-image-3284\" width=\"569\" height=\"427\" srcset=\"https:\/\/www.datecuenta.org\/escuelalibre\/wp-content\/uploads\/2019\/01\/Foto-payasa-nin\u0303o-y-Andre\u0301s.jpg 480w, https:\/\/www.datecuenta.org\/escuelalibre\/wp-content\/uploads\/2019\/01\/Foto-payasa-nin\u0303o-y-Andre\u0301s-300x225.jpg 300w, https:\/\/www.datecuenta.org\/escuelalibre\/wp-content\/uploads\/2019\/01\/Foto-payasa-nin\u0303o-y-Andre\u0301s-436x327.jpg 436w\" sizes=\"(max-width: 569px) 100vw, 569px\" \/><figcaption>Andr\u00e9s Duque con uno de los protagonistas de su \u00faltimo proyecto | Foto: ANDR\u00c9S DUQUE<\/figcaption><\/figure>\n\n\n\n<p><strong>D\u00eda<\/strong>: s\u00e1bado, 16 de marzo\nde 2019, a las 11.00 h<\/p>\n\n\n\n<p><strong>Lugar<\/strong>: Centre C\u00edvic Pati Llimona c\/ Regomir, 3 \u2014 08003 Barcelona<\/p>\n\n\n\n<p><strong>Evento en Facebook:<\/strong> https:\/\/www.facebook.com\/events\/1072648872940273\/<\/p>\n","protected":false},"excerpt":{"rendered":"<p>Narrar el entorno que nos rodea a trav\u00e9s de im\u00e1genes en movimiento es un arte. Pero hacerlo desde el g\u00e9nero ensay\u00edstico es arte dentro del arte. Y ese es el trabajo que hace Andr\u00e9s Duque en sus cintas. Duque afirmaba en una entrevista realizada por los compa\u00f1eros de Cultura Film (Revista filmada) que siempre se [&hellip;]<\/p>\n","protected":false},"author":1001002,"featured_media":3293,"comment_status":"closed","ping_status":"closed","sticky":false,"template":"","format":"standard","meta":{"_et_pb_use_builder":"","_et_pb_old_content":"","_et_gb_content_width":"","content-type":"","_monsterinsights_skip_tracking":false,"_monsterinsights_sitenote_active":false,"_monsterinsights_sitenote_note":"","_monsterinsights_sitenote_category":0,"_joinchat":[],"footnotes":""},"categories":[187],"tags":[],"class_list":["post-3281","post","type-post","status-publish","format-standard","has-post-thumbnail","hentry","category-noticias"],"yoast_head":"<!-- This site is optimized with the Yoast SEO plugin v26.9 - https:\/\/yoast.com\/product\/yoast-seo-wordpress\/ -->\n<title>Narrativas de cine documental y ensayo<\/title>\n<meta name=\"robots\" content=\"index, follow, max-snippet:-1, max-image-preview:large, max-video-preview:-1\" \/>\n<link rel=\"canonical\" href=\"https:\/\/www.datecuenta.org\/escuelalibre\/narrativas-de-cine-documental-y-ensayo\/\" \/>\n<meta property=\"og:locale\" content=\"es_ES\" \/>\n<meta property=\"og:type\" content=\"article\" \/>\n<meta property=\"og:title\" content=\"Narrativas de cine documental y ensayo\" \/>\n<meta property=\"og:description\" content=\"Narrar el entorno que nos rodea a trav\u00e9s de im\u00e1genes en movimiento es un arte. Pero hacerlo desde el g\u00e9nero ensay\u00edstico es arte dentro del arte. Y ese es el trabajo que hace Andr\u00e9s Duque en sus cintas. Duque afirmaba en una entrevista realizada por los compa\u00f1eros de Cultura Film (Revista filmada) que siempre se [&hellip;]\" \/>\n<meta property=\"og:url\" content=\"https:\/\/www.datecuenta.org\/escuelalibre\/narrativas-de-cine-documental-y-ensayo\/\" \/>\n<meta property=\"og:site_name\" content=\"Escuela de fotograf\u00eda en Barcelona | DateCuenta\" \/>\n<meta property=\"article:published_time\" content=\"2019-03-02T16:20:28+00:00\" \/>\n<meta property=\"article:modified_time\" content=\"2019-11-25T22:23:32+00:00\" \/>\n<meta property=\"og:image\" content=\"https:\/\/www.datecuenta.org\/escuelalibre\/wp-content\/uploads\/2019\/03\/CARTEL-MASTERCLASS-2018-2019-03.jpg\" \/>\n\t<meta property=\"og:image:width\" content=\"2083\" \/>\n\t<meta property=\"og:image:height\" content=\"1092\" \/>\n\t<meta property=\"og:image:type\" content=\"image\/jpeg\" \/>\n<meta name=\"author\" content=\"Date Cuenta\" \/>\n<meta name=\"twitter:card\" content=\"summary_large_image\" \/>\n<meta name=\"twitter:label1\" content=\"Escrito por\" \/>\n\t<meta name=\"twitter:data1\" content=\"Date Cuenta\" \/>\n\t<meta name=\"twitter:label2\" content=\"Tiempo de lectura\" \/>\n\t<meta name=\"twitter:data2\" content=\"1 minuto\" \/>\n<script type=\"application\/ld+json\" class=\"yoast-schema-graph\">{\"@context\":\"https:\/\/schema.org\",\"@graph\":[{\"@type\":\"Article\",\"@id\":\"https:\/\/www.datecuenta.org\/escuelalibre\/narrativas-de-cine-documental-y-ensayo\/#article\",\"isPartOf\":{\"@id\":\"https:\/\/www.datecuenta.org\/escuelalibre\/narrativas-de-cine-documental-y-ensayo\/\"},\"author\":{\"name\":\"Date Cuenta\",\"@id\":\"https:\/\/www.datecuenta.org\/escuelalibre\/#\/schema\/person\/2461c4b87eecd19501ff25c8158edfce\"},\"headline\":\"Narrativas de cine documental y ensayo\",\"datePublished\":\"2019-03-02T16:20:28+00:00\",\"dateModified\":\"2019-11-25T22:23:32+00:00\",\"mainEntityOfPage\":{\"@id\":\"https:\/\/www.datecuenta.org\/escuelalibre\/narrativas-de-cine-documental-y-ensayo\/\"},\"wordCount\":300,\"image\":{\"@id\":\"https:\/\/www.datecuenta.org\/escuelalibre\/narrativas-de-cine-documental-y-ensayo\/#primaryimage\"},\"thumbnailUrl\":\"https:\/\/www.datecuenta.org\/escuelalibre\/wp-content\/uploads\/2019\/03\/CARTEL-MASTERCLASS-2018-2019-03.jpg\",\"articleSection\":[\"BLOG\"],\"inLanguage\":\"es\"},{\"@type\":\"WebPage\",\"@id\":\"https:\/\/www.datecuenta.org\/escuelalibre\/narrativas-de-cine-documental-y-ensayo\/\",\"url\":\"https:\/\/www.datecuenta.org\/escuelalibre\/narrativas-de-cine-documental-y-ensayo\/\",\"name\":\"Narrativas de cine documental y ensayo\",\"isPartOf\":{\"@id\":\"https:\/\/www.datecuenta.org\/escuelalibre\/#website\"},\"primaryImageOfPage\":{\"@id\":\"https:\/\/www.datecuenta.org\/escuelalibre\/narrativas-de-cine-documental-y-ensayo\/#primaryimage\"},\"image\":{\"@id\":\"https:\/\/www.datecuenta.org\/escuelalibre\/narrativas-de-cine-documental-y-ensayo\/#primaryimage\"},\"thumbnailUrl\":\"https:\/\/www.datecuenta.org\/escuelalibre\/wp-content\/uploads\/2019\/03\/CARTEL-MASTERCLASS-2018-2019-03.jpg\",\"datePublished\":\"2019-03-02T16:20:28+00:00\",\"dateModified\":\"2019-11-25T22:23:32+00:00\",\"author\":{\"@id\":\"https:\/\/www.datecuenta.org\/escuelalibre\/#\/schema\/person\/2461c4b87eecd19501ff25c8158edfce\"},\"breadcrumb\":{\"@id\":\"https:\/\/www.datecuenta.org\/escuelalibre\/narrativas-de-cine-documental-y-ensayo\/#breadcrumb\"},\"inLanguage\":\"es\",\"potentialAction\":[{\"@type\":\"ReadAction\",\"target\":[\"https:\/\/www.datecuenta.org\/escuelalibre\/narrativas-de-cine-documental-y-ensayo\/\"]}]},{\"@type\":\"ImageObject\",\"inLanguage\":\"es\",\"@id\":\"https:\/\/www.datecuenta.org\/escuelalibre\/narrativas-de-cine-documental-y-ensayo\/#primaryimage\",\"url\":\"https:\/\/www.datecuenta.org\/escuelalibre\/wp-content\/uploads\/2019\/03\/CARTEL-MASTERCLASS-2018-2019-03.jpg\",\"contentUrl\":\"https:\/\/www.datecuenta.org\/escuelalibre\/wp-content\/uploads\/2019\/03\/CARTEL-MASTERCLASS-2018-2019-03.jpg\",\"width\":2083,\"height\":1092},{\"@type\":\"BreadcrumbList\",\"@id\":\"https:\/\/www.datecuenta.org\/escuelalibre\/narrativas-de-cine-documental-y-ensayo\/#breadcrumb\",\"itemListElement\":[{\"@type\":\"ListItem\",\"position\":1,\"name\":\"Portada\",\"item\":\"https:\/\/www.datecuenta.org\/escuelalibre\/\"},{\"@type\":\"ListItem\",\"position\":2,\"name\":\"Narrativas de cine documental y ensayo\"}]},{\"@type\":\"WebSite\",\"@id\":\"https:\/\/www.datecuenta.org\/escuelalibre\/#website\",\"url\":\"https:\/\/www.datecuenta.org\/escuelalibre\/\",\"name\":\"Escuela de fotograf\u00eda en Barcelona | DateCuenta\",\"description\":\"\",\"potentialAction\":[{\"@type\":\"SearchAction\",\"target\":{\"@type\":\"EntryPoint\",\"urlTemplate\":\"https:\/\/www.datecuenta.org\/escuelalibre\/?s={search_term_string}\"},\"query-input\":{\"@type\":\"PropertyValueSpecification\",\"valueRequired\":true,\"valueName\":\"search_term_string\"}}],\"inLanguage\":\"es\"},{\"@type\":\"Person\",\"@id\":\"https:\/\/www.datecuenta.org\/escuelalibre\/#\/schema\/person\/2461c4b87eecd19501ff25c8158edfce\",\"name\":\"Date Cuenta\",\"image\":{\"@type\":\"ImageObject\",\"inLanguage\":\"es\",\"@id\":\"https:\/\/www.datecuenta.org\/escuelalibre\/#\/schema\/person\/image\/\",\"url\":\"https:\/\/secure.gravatar.com\/avatar\/cef072a10d2f235035add558d19bd890155332fc9d829546849b6af5dba440c4?s=96&d=mm&r=g\",\"contentUrl\":\"https:\/\/secure.gravatar.com\/avatar\/cef072a10d2f235035add558d19bd890155332fc9d829546849b6af5dba440c4?s=96&d=mm&r=g\",\"caption\":\"Date Cuenta\"}}]}<\/script>\n<!-- \/ Yoast SEO plugin. -->","yoast_head_json":{"title":"Narrativas de cine documental y ensayo","robots":{"index":"index","follow":"follow","max-snippet":"max-snippet:-1","max-image-preview":"max-image-preview:large","max-video-preview":"max-video-preview:-1"},"canonical":"https:\/\/www.datecuenta.org\/escuelalibre\/narrativas-de-cine-documental-y-ensayo\/","og_locale":"es_ES","og_type":"article","og_title":"Narrativas de cine documental y ensayo","og_description":"Narrar el entorno que nos rodea a trav\u00e9s de im\u00e1genes en movimiento es un arte. Pero hacerlo desde el g\u00e9nero ensay\u00edstico es arte dentro del arte. Y ese es el trabajo que hace Andr\u00e9s Duque en sus cintas. Duque afirmaba en una entrevista realizada por los compa\u00f1eros de Cultura Film (Revista filmada) que siempre se [&hellip;]","og_url":"https:\/\/www.datecuenta.org\/escuelalibre\/narrativas-de-cine-documental-y-ensayo\/","og_site_name":"Escuela de fotograf\u00eda en Barcelona | DateCuenta","article_published_time":"2019-03-02T16:20:28+00:00","article_modified_time":"2019-11-25T22:23:32+00:00","og_image":[{"width":2083,"height":1092,"url":"https:\/\/www.datecuenta.org\/escuelalibre\/wp-content\/uploads\/2019\/03\/CARTEL-MASTERCLASS-2018-2019-03.jpg","type":"image\/jpeg"}],"author":"Date Cuenta","twitter_card":"summary_large_image","twitter_misc":{"Escrito por":"Date Cuenta","Tiempo de lectura":"1 minuto"},"schema":{"@context":"https:\/\/schema.org","@graph":[{"@type":"Article","@id":"https:\/\/www.datecuenta.org\/escuelalibre\/narrativas-de-cine-documental-y-ensayo\/#article","isPartOf":{"@id":"https:\/\/www.datecuenta.org\/escuelalibre\/narrativas-de-cine-documental-y-ensayo\/"},"author":{"name":"Date Cuenta","@id":"https:\/\/www.datecuenta.org\/escuelalibre\/#\/schema\/person\/2461c4b87eecd19501ff25c8158edfce"},"headline":"Narrativas de cine documental y ensayo","datePublished":"2019-03-02T16:20:28+00:00","dateModified":"2019-11-25T22:23:32+00:00","mainEntityOfPage":{"@id":"https:\/\/www.datecuenta.org\/escuelalibre\/narrativas-de-cine-documental-y-ensayo\/"},"wordCount":300,"image":{"@id":"https:\/\/www.datecuenta.org\/escuelalibre\/narrativas-de-cine-documental-y-ensayo\/#primaryimage"},"thumbnailUrl":"https:\/\/www.datecuenta.org\/escuelalibre\/wp-content\/uploads\/2019\/03\/CARTEL-MASTERCLASS-2018-2019-03.jpg","articleSection":["BLOG"],"inLanguage":"es"},{"@type":"WebPage","@id":"https:\/\/www.datecuenta.org\/escuelalibre\/narrativas-de-cine-documental-y-ensayo\/","url":"https:\/\/www.datecuenta.org\/escuelalibre\/narrativas-de-cine-documental-y-ensayo\/","name":"Narrativas de cine documental y ensayo","isPartOf":{"@id":"https:\/\/www.datecuenta.org\/escuelalibre\/#website"},"primaryImageOfPage":{"@id":"https:\/\/www.datecuenta.org\/escuelalibre\/narrativas-de-cine-documental-y-ensayo\/#primaryimage"},"image":{"@id":"https:\/\/www.datecuenta.org\/escuelalibre\/narrativas-de-cine-documental-y-ensayo\/#primaryimage"},"thumbnailUrl":"https:\/\/www.datecuenta.org\/escuelalibre\/wp-content\/uploads\/2019\/03\/CARTEL-MASTERCLASS-2018-2019-03.jpg","datePublished":"2019-03-02T16:20:28+00:00","dateModified":"2019-11-25T22:23:32+00:00","author":{"@id":"https:\/\/www.datecuenta.org\/escuelalibre\/#\/schema\/person\/2461c4b87eecd19501ff25c8158edfce"},"breadcrumb":{"@id":"https:\/\/www.datecuenta.org\/escuelalibre\/narrativas-de-cine-documental-y-ensayo\/#breadcrumb"},"inLanguage":"es","potentialAction":[{"@type":"ReadAction","target":["https:\/\/www.datecuenta.org\/escuelalibre\/narrativas-de-cine-documental-y-ensayo\/"]}]},{"@type":"ImageObject","inLanguage":"es","@id":"https:\/\/www.datecuenta.org\/escuelalibre\/narrativas-de-cine-documental-y-ensayo\/#primaryimage","url":"https:\/\/www.datecuenta.org\/escuelalibre\/wp-content\/uploads\/2019\/03\/CARTEL-MASTERCLASS-2018-2019-03.jpg","contentUrl":"https:\/\/www.datecuenta.org\/escuelalibre\/wp-content\/uploads\/2019\/03\/CARTEL-MASTERCLASS-2018-2019-03.jpg","width":2083,"height":1092},{"@type":"BreadcrumbList","@id":"https:\/\/www.datecuenta.org\/escuelalibre\/narrativas-de-cine-documental-y-ensayo\/#breadcrumb","itemListElement":[{"@type":"ListItem","position":1,"name":"Portada","item":"https:\/\/www.datecuenta.org\/escuelalibre\/"},{"@type":"ListItem","position":2,"name":"Narrativas de cine documental y ensayo"}]},{"@type":"WebSite","@id":"https:\/\/www.datecuenta.org\/escuelalibre\/#website","url":"https:\/\/www.datecuenta.org\/escuelalibre\/","name":"Escuela de fotograf\u00eda en Barcelona | DateCuenta","description":"","potentialAction":[{"@type":"SearchAction","target":{"@type":"EntryPoint","urlTemplate":"https:\/\/www.datecuenta.org\/escuelalibre\/?s={search_term_string}"},"query-input":{"@type":"PropertyValueSpecification","valueRequired":true,"valueName":"search_term_string"}}],"inLanguage":"es"},{"@type":"Person","@id":"https:\/\/www.datecuenta.org\/escuelalibre\/#\/schema\/person\/2461c4b87eecd19501ff25c8158edfce","name":"Date Cuenta","image":{"@type":"ImageObject","inLanguage":"es","@id":"https:\/\/www.datecuenta.org\/escuelalibre\/#\/schema\/person\/image\/","url":"https:\/\/secure.gravatar.com\/avatar\/cef072a10d2f235035add558d19bd890155332fc9d829546849b6af5dba440c4?s=96&d=mm&r=g","contentUrl":"https:\/\/secure.gravatar.com\/avatar\/cef072a10d2f235035add558d19bd890155332fc9d829546849b6af5dba440c4?s=96&d=mm&r=g","caption":"Date Cuenta"}}]}},"_links":{"self":[{"href":"https:\/\/www.datecuenta.org\/escuelalibre\/wp-json\/wp\/v2\/posts\/3281","targetHints":{"allow":["GET"]}}],"collection":[{"href":"https:\/\/www.datecuenta.org\/escuelalibre\/wp-json\/wp\/v2\/posts"}],"about":[{"href":"https:\/\/www.datecuenta.org\/escuelalibre\/wp-json\/wp\/v2\/types\/post"}],"author":[{"embeddable":true,"href":"https:\/\/www.datecuenta.org\/escuelalibre\/wp-json\/wp\/v2\/users\/1001002"}],"replies":[{"embeddable":true,"href":"https:\/\/www.datecuenta.org\/escuelalibre\/wp-json\/wp\/v2\/comments?post=3281"}],"version-history":[{"count":7,"href":"https:\/\/www.datecuenta.org\/escuelalibre\/wp-json\/wp\/v2\/posts\/3281\/revisions"}],"predecessor-version":[{"id":3704,"href":"https:\/\/www.datecuenta.org\/escuelalibre\/wp-json\/wp\/v2\/posts\/3281\/revisions\/3704"}],"wp:featuredmedia":[{"embeddable":true,"href":"https:\/\/www.datecuenta.org\/escuelalibre\/wp-json\/wp\/v2\/media\/3293"}],"wp:attachment":[{"href":"https:\/\/www.datecuenta.org\/escuelalibre\/wp-json\/wp\/v2\/media?parent=3281"}],"wp:term":[{"taxonomy":"category","embeddable":true,"href":"https:\/\/www.datecuenta.org\/escuelalibre\/wp-json\/wp\/v2\/categories?post=3281"},{"taxonomy":"post_tag","embeddable":true,"href":"https:\/\/www.datecuenta.org\/escuelalibre\/wp-json\/wp\/v2\/tags?post=3281"}],"curies":[{"name":"wp","href":"https:\/\/api.w.org\/{rel}","templated":true}]}}