{"id":3302,"date":"2019-03-26T15:59:59","date_gmt":"2019-03-26T15:59:59","guid":{"rendered":"https:\/\/www.datecuenta.org\/escuelalibre\/?p=3302"},"modified":"2019-11-25T22:23:26","modified_gmt":"2019-11-25T22:23:26","slug":"andres-duque-cine-documental-ensayo","status":"publish","type":"post","link":"https:\/\/www.datecuenta.org\/escuelalibre\/andres-duque-cine-documental-ensayo\/","title":{"rendered":"Andr\u00e9s Duque: \u00abEl cine de ensayo muestra la belleza de nuestra propia visi\u00f3n de lo que contamos\u00bb"},"content":{"rendered":"\n<p>\u00abEl <strong>cine de ensayo<\/strong> se ocupa de lo que no se ocupa la Academia ni el conocimiento cient\u00edfico. Habla desde el <em>yo<\/em> sin tener que dar datos cient\u00edficos. El ensayo reflexiona creando a trav\u00e9s de la voz y la subjetividad del creador. Resulta una mezcla heterog\u00e9nea que crea una forma nueva\u00bb. De esta manera, el cineasta caraque\u00f1o Andr\u00e9s Duque enmarcaba la charla abierta sobre cine documental y de ensayo, que <a rel=\"noreferrer noopener\" aria-label=\"tuvo lugar el pasado s\u00e1bado 16 de marzo (abre en una nueva pesta\u00f1a)\" href=\"https:\/\/www.datecuenta.org\/escuelalibre\/narrativas-de-cine-documental-y-ensayo\/\" target=\"_blank\">tuvo lugar el pasado s\u00e1bado 16 de marzo<\/a> en el Centre C\u00edvic Pati Llimona.<\/p>\n\n\n\n<figure class=\"wp-block-image\"><img loading=\"lazy\" decoding=\"async\" width=\"700\" height=\"467\" src=\"http:\/\/www.datecuenta.org\/escuelalibre\/wp-content\/uploads\/2019\/03\/Maria_Contreras_Coll_fotoperiodista_DateCuenta_01.jpg\" alt=\"Andres Duque Javier Guerra cine documental\" class=\"wp-image-3304\" srcset=\"https:\/\/www.datecuenta.org\/escuelalibre\/wp-content\/uploads\/2019\/03\/Maria_Contreras_Coll_fotoperiodista_DateCuenta_01.jpg 700w, https:\/\/www.datecuenta.org\/escuelalibre\/wp-content\/uploads\/2019\/03\/Maria_Contreras_Coll_fotoperiodista_DateCuenta_01-150x100.jpg 150w, https:\/\/www.datecuenta.org\/escuelalibre\/wp-content\/uploads\/2019\/03\/Maria_Contreras_Coll_fotoperiodista_DateCuenta_01-300x200.jpg 300w, https:\/\/www.datecuenta.org\/escuelalibre\/wp-content\/uploads\/2019\/03\/Maria_Contreras_Coll_fotoperiodista_DateCuenta_01-436x291.jpg 436w, https:\/\/www.datecuenta.org\/escuelalibre\/wp-content\/uploads\/2019\/03\/Maria_Contreras_Coll_fotoperiodista_DateCuenta_01-673x449.jpg 673w\" sizes=\"(max-width: 700px) 100vw, 700px\" \/><figcaption>Andr\u00e9s Duque con nuestro docente del curso de cine documental, Javier Guerra. | Foto: AITOR FERN\u00c1NDEZ<\/figcaption><\/figure>\n\n\n\n<h2 class=\"wp-block-heading\"><strong>\u00abTodo es manipulaci\u00f3n, pero hay que buscar los rastros de realidad y\nser honestos\u00bb<\/strong><\/h2>\n\n\n\n<p><strong>Por M\u00d3NICA SOLANAS |&nbsp;<a rel=\"noreferrer noopener\" aria-label=\"@monicontomate (abre en una nueva pesta\u00f1a)\" href=\"http:\/\/twitter.com\/monicontomate\" target=\"_blank\">@monicontomate<\/a><\/strong><br> <strong>Fotograf\u00eda de AITOR FERN\u00c1NDEZ |&nbsp;<a href=\"http:\/\/instagram.com\/aitorrfe\" target=\"_blank\" rel=\"noreferrer noopener\" aria-label=\"@aitorrfe (abre en una nueva pesta\u00f1a)\">@aitorrfe<\/a><\/strong><\/p>\n\n\n\n<p>\u00abEl documental de ensayo es ya una forma aceptable y aceptada en el circuito del cine y del arte. Antes era visto como una forma an\u00f3mala, una corriente extra\u00f1a que provocaba desconcierto. <em>El ensayo literario es la herej\u00eda<\/em>, dec\u00eda Theodore Adorno\u00bb. Acompa\u00f1ado por Javier G. Guerra, docente que conduce <a rel=\"noreferrer noopener\" aria-label=\"el curso de cine documental de la Escuela DateCuenta (abre en una nueva pesta\u00f1a)\" href=\"https:\/\/www.datecuenta.org\/escuelalibre\/curso-cine\/\" target=\"_blank\">el curso de cine documental de la Escuela DateCuenta<\/a>, Andr\u00e9s Duque abri\u00f3 el encuentro <strong>explicando qu\u00e9 era el cine documental y de ensayo<\/strong>. El cineasta explic\u00f3 que hay quien enmarca este tipo de narrativa dentro del cine experimental, pero sus l\u00edmites son demasiado amplios para explicarlo. Tambi\u00e9n marc\u00f3 la diferencia que hay entre el cine documental y el cine de ensayo: \u00abEl cine documental ha sido visto durante el siglo XX como una manera de explicar una verdad de forma objetiva. El ensayo muestra la belleza de c\u00f3mo pensamos, nuestra propia visi\u00f3n de las cosas\u00bb.<\/p>\n\n\n\n<p><strong>El cine de ensayo no empieza a tener una buena acogida hasta el a\u00f1o 2012<\/strong>. Antes de esa fecha, ya se filmaron pel\u00edculas que han pasado a ser referentes del g\u00e9nero, tambi\u00e9n del camino filmogr\u00e1fico de Andr\u00e9s Duque. Y nos habl\u00f3 de ellos: \u00abOs recomiendo &#8216;Sans Soleil&#8217; de Chris Marker, un collage que juega con nuestra mente. En este trabajo, Marker reflexiona sobre temas que lo ata\u00f1en, como la espiral del tiempo \u2014a trav\u00e9s de la pel\u00edcula &#8216;V\u00e9rtigo&#8217; de Alfred Hitchkok\u2014 que tanto se ha usado en el cine, tambi\u00e9n para hablar de la memoria\u00bb.<\/p>\n\n\n\n<figure class=\"wp-block-image\"><img loading=\"lazy\" decoding=\"async\" width=\"700\" height=\"467\" src=\"https:\/\/www.datecuenta.org\/escuelalibre\/wp-content\/uploads\/2019\/03\/Maria_Contreras_Coll_fotoperiodista_DateCuenta_05.jpg\" alt=\"\" class=\"wp-image-3305\" srcset=\"https:\/\/www.datecuenta.org\/escuelalibre\/wp-content\/uploads\/2019\/03\/Maria_Contreras_Coll_fotoperiodista_DateCuenta_05.jpg 700w, https:\/\/www.datecuenta.org\/escuelalibre\/wp-content\/uploads\/2019\/03\/Maria_Contreras_Coll_fotoperiodista_DateCuenta_05-150x100.jpg 150w, https:\/\/www.datecuenta.org\/escuelalibre\/wp-content\/uploads\/2019\/03\/Maria_Contreras_Coll_fotoperiodista_DateCuenta_05-300x200.jpg 300w, https:\/\/www.datecuenta.org\/escuelalibre\/wp-content\/uploads\/2019\/03\/Maria_Contreras_Coll_fotoperiodista_DateCuenta_05-436x291.jpg 436w, https:\/\/www.datecuenta.org\/escuelalibre\/wp-content\/uploads\/2019\/03\/Maria_Contreras_Coll_fotoperiodista_DateCuenta_05-673x449.jpg 673w\" sizes=\"(max-width: 700px) 100vw, 700px\" \/><figcaption>La masterclass de cine documental tuvo lugar en Pati Llimona| Foto: AITOR FERN\u00c1NDEZ<\/figcaption><\/figure>\n\n\n\n<h2 class=\"wp-block-heading\"><strong>La est\u00e9tica del pensamiento<\/strong><\/h2>\n\n\n\n<p>Duque explica que <strong>hoy ya existen festivales de cine de ensayo<\/strong>, tambi\u00e9n una cierta estandarizaci\u00f3n de sus formas. \u00abPero eso que hacen es cine que reflexiona sobre el cine, y el cine de ensayo es mucho m\u00e1s: en 2009, la te\u00f3rica del cine y los medios audiovisuales Laura Rascaroli hablaba en su trabajo &#8216;The essay problems&#8217; de \u00absu naturaleza informal, esc\u00e9ptica, diversa, disyuntiva, parad\u00f3jica, contradictoria, her\u00e9tica, abierta, libre y amorfa\u00bb. El cine es lo m\u00e1s parecido al pensamiento, y el cine de ensayo es la est\u00e9tica de ese pensamiento\u00bb.<\/p>\n\n\n\n<p>\u00abSin saber qu\u00e9 era el cine de ensayo, hac\u00eda mi trabajo desde lo que yo llamaba libertad\u00bb. <strong>Su documental &#8216;Ivan Z&#8217; (2004), sobre el cineasta Iv\u00e1n Zulueta, se enmarca dentro del cine underground.<\/strong> \u00abLo que defend\u00eda era la libertad. Siempre he tenido una pulsi\u00f3n por la desobediencia. Para m\u00ed, arte es desobediencia y experimentaci\u00f3n. Cuando vi la pel\u00edcula &#8216;Arrebato&#8217; de Zulueta me enamor\u00e9 del personaje de Pedro\u00bb, un cineasta que filmaba en Super 8.<\/p>\n\n\n\n<p>Duque explica que <strong>trabaja desde una forma l\u00fadica<\/strong> de hacer cine. \u00abEl a\u00f1o 2000 empiezo a estudiar cine documental en Barcelona, pero era todo muy ortodoxo. En ese momento se ped\u00eda un determinado tipo de producto, pero <strong>yo no quer\u00eda hacer productos televisivos<\/strong>\u00ab. Es entonces cuando contacta con Zulueta. \u00abMe cost\u00f3 tres a\u00f1os conseguir su permiso. Solo estuve con \u00e9l tres tardes, no me dio m\u00e1s tiempo. Pero fui a su casa, donde nunca nadie hab\u00eda entrado\u00bb.<\/p>\n\n\n\n<p>Este trabajo represent\u00f3 para Duque \u00abun viaje mental que me ha llevado a continuar haciendo cine y llegar hoy a estar con la familia Pankrat&#8217;ev y a hacer &#8216;Carelia&#8217;, mi \u00faltimo trabajo\u00bb. Realizado con una beca multiverso de la Fundaci\u00f3n BBVA, &#8216;Carelia: Internacional con monumento&#8217; ya se ha estrenado en Madrid y <a href=\"https:\/\/dafilmfestival.com\/es\/pelicula\/carelia-internacional-con-monumento\/\ufeff\" target=\"_blank\" rel=\"noreferrer noopener\" aria-label=\"se proyectar\u00e1 en Barcelona en el marco del D'A Film Festival (abre en una nueva pesta\u00f1a)\">se proyectar\u00e1 en Barcelona en el marco del D&#8217;A Film Festival<\/a>, que arranca el pr\u00f3ximo 25 de abril.<\/p>\n\n\n\n<h2 class=\"wp-block-heading\"><strong>Historias que se cruzan en el presente y con el pasado<\/strong><\/h2>\n\n\n\n<figure class=\"wp-block-image\"><img loading=\"lazy\" decoding=\"async\" width=\"700\" height=\"467\" src=\"https:\/\/www.datecuenta.org\/escuelalibre\/wp-content\/uploads\/2019\/03\/Maria_Contreras_Coll_fotoperiodista_DateCuenta_03.jpg\" alt=\"\" class=\"wp-image-3307\" srcset=\"https:\/\/www.datecuenta.org\/escuelalibre\/wp-content\/uploads\/2019\/03\/Maria_Contreras_Coll_fotoperiodista_DateCuenta_03.jpg 700w, https:\/\/www.datecuenta.org\/escuelalibre\/wp-content\/uploads\/2019\/03\/Maria_Contreras_Coll_fotoperiodista_DateCuenta_03-150x100.jpg 150w, https:\/\/www.datecuenta.org\/escuelalibre\/wp-content\/uploads\/2019\/03\/Maria_Contreras_Coll_fotoperiodista_DateCuenta_03-300x200.jpg 300w, https:\/\/www.datecuenta.org\/escuelalibre\/wp-content\/uploads\/2019\/03\/Maria_Contreras_Coll_fotoperiodista_DateCuenta_03-436x291.jpg 436w, https:\/\/www.datecuenta.org\/escuelalibre\/wp-content\/uploads\/2019\/03\/Maria_Contreras_Coll_fotoperiodista_DateCuenta_03-673x449.jpg 673w\" sizes=\"(max-width: 700px) 100vw, 700px\" \/><figcaption><strong>&#8216;Carelia: Internacional con monumento<\/strong>&#8216;: fotograma del monumento funerario, cuya inscripci\u00f3n pide a las personas que no se maten unas a otras | Foto: AITOR FERN\u00c1NDEZ<\/figcaption><\/figure>\n\n\n\n<p>\u00abEmpiezo por mi \u00faltimo trabajo porque quiero contar esta historia al rev\u00e9s\u00bb. La familia Pankrat&#8217;ev vive en la regi\u00f3n de Carelia, la rep\u00fablica rusa vecina de Finlandia. \u00ab<strong>Durante toda la pel\u00edcula se invoca una batalla<\/strong>. Los Pankrat&#8217;ev no son muy conscientes de su propia historia: intentan recordar, encontrar. Pero soy yo quien encuentra ese pasado que buscan. La pel\u00edcula circula hacia un momento hist\u00f3rico\u00bb.<\/p>\n\n\n\n<p>La idea inicial de Andr\u00e9s Duque era documentar los\nrituales propios de Carelia, rituales en torno a la magia y al chamanismo. \u00abQuer\u00eda\ndocumentar su historia. Fue un cham\u00e1n quien me puso en contacto con ellos, tras\ndecirme que no iba a encontrar nada porque todo hab\u00eda sido destruido\u00bb. Los\nPankrat&#8217;ev estaban preservando una cierta tradici\u00f3n cham\u00e1nica. \u00abPara m\u00ed,\nesto era mucho m\u00e1s interesante que filmar el t\u00edpico cham\u00e1n n\u00f3rdico: estaban\nfuera del clich\u00e9\u00bb.<\/p>\n\n\n\n<p>Mientras estaba filmando en Carelia con ellos, Yuri Dmitriev, historiador ruso que estaba investigando la purga estalinista, fue detenido y encarcelado. Sus investigaciones se centraban en una zona boscosa cercana a la casa de los Pankrat&#8217;ev, el macizo forestal de Sandarmoh, hoy convertido en monumento funerario \u00aben honor a los ca\u00eddos \u2014tambi\u00e9n presos pol\u00edticos\u2014 durante el periodo estalinista. En el tronco de cada \u00e1rbol de este bosque hay colgada una fotograf\u00eda de un fusilado\u00bb. A Duque le fue imposible hablar con Dmitriev, aunque s\u00ed pudo hablar con su hija, Katerina Klodt. \u00abA Putin le incomodaba el trabajo de investigaci\u00f3n que estaba realizando el historiador\u00bb.<\/p>\n\n\n\n<figure class=\"wp-block-image\"><img loading=\"lazy\" decoding=\"async\" width=\"700\" height=\"467\" src=\"https:\/\/www.datecuenta.org\/escuelalibre\/wp-content\/uploads\/2019\/03\/Maria_Contreras_Coll_fotoperiodista_DateCuenta_06-1.jpg\" alt=\"\" class=\"wp-image-3308\" srcset=\"https:\/\/www.datecuenta.org\/escuelalibre\/wp-content\/uploads\/2019\/03\/Maria_Contreras_Coll_fotoperiodista_DateCuenta_06-1.jpg 700w, https:\/\/www.datecuenta.org\/escuelalibre\/wp-content\/uploads\/2019\/03\/Maria_Contreras_Coll_fotoperiodista_DateCuenta_06-1-150x100.jpg 150w, https:\/\/www.datecuenta.org\/escuelalibre\/wp-content\/uploads\/2019\/03\/Maria_Contreras_Coll_fotoperiodista_DateCuenta_06-1-300x200.jpg 300w, https:\/\/www.datecuenta.org\/escuelalibre\/wp-content\/uploads\/2019\/03\/Maria_Contreras_Coll_fotoperiodista_DateCuenta_06-1-436x291.jpg 436w, https:\/\/www.datecuenta.org\/escuelalibre\/wp-content\/uploads\/2019\/03\/Maria_Contreras_Coll_fotoperiodista_DateCuenta_06-1-673x449.jpg 673w\" sizes=\"(max-width: 700px) 100vw, 700px\" \/><figcaption>&#8216;Narrativas de cine documental y ensayo&#8217; fue la \u00faltima masterclass del a\u00f1o. | Foto: AITOR FERN\u00c1NDEZ<\/figcaption><\/figure>\n\n\n\n<h2 class=\"wp-block-heading\"><strong>Un hilo m\u00e1gico que lleva de un personaje a otro<\/strong><\/h2>\n\n\n\n<p>Hay un dicho ruso que afirma que <em>El pasado es m\u00e1s incierto que el futuro<\/em>, algo que se hace presente en este trabajo a trav\u00e9s de la espiral del tiempo. \u00ab<strong>Trabajando con el presente me encuentro con el pasado<\/strong>, ese bosque en el que hay fosas con represaliados, fotos en los \u00e1rboles de esos represaliados. Carelia se convierte para m\u00ed en un lugar en el que se conjugan la vida, la naturaleza y la muerte\u00bb. Es Mar\u00eda, la hija mayor de la familia Pankrat&#8217;ev, la que le habla del dios Pan, una constante en su trayectoria cineasta, desde el trabajo con Zulueta.<\/p>\n\n\n\n<p>Justo antes del trabajo en Carelia hab\u00eda presentado &#8216;<strong>Oleg y las raras artes<\/strong>&#8216;, retrato del compositor y pianista ruso Oleg Karavaichuk. \u00abOtro personaje <em>peterpanesco<\/em>, otra vez el dios Pan, del que quiero mostrar la cara amable, aunque tambi\u00e9n aparece el p\u00e1nico\u00bb. En sus obras, Duque busca \u00abese territorio que me define y me da conocimiento para poder hacer una pel\u00edcula tras otra\u00bb.<\/p>\n\n\n\n<p>En una de las escenas de &#8216;Oleg y las raras artes&#8217;,\nKaravaichuk llena la pantalla con su fr\u00e1gil y rotunda presencia, con su voz y\nsu reflexi\u00f3n: \u00abTodo ha perdido su esencia, tambi\u00e9n las personas que se\ndedican a sus asuntos, cuando lo que hay que hacer es apartarlo todo y sentarse\nen una silla y contemplar el horizonte de la historia\u00bb. Oleg Karavaichuk acept\u00f3\na todo el equipo de Andr\u00e9s Duque. \u00abPara m\u00ed fue encontrarme con la\nrepresentaci\u00f3n de esa libertad que yo siempre busco. Me ayud\u00f3 mucho con Carelia\u00bb.<\/p>\n\n\n\n<p>A Oleg Karavaichuk le gust\u00f3 &#8216;<strong>Ensayo final para utop\u00eda<\/strong>&#8216;, la pel\u00edcula de Duque sobre el duelo por la muerte de su padre: para Oleg, Andr\u00e9s era carelio, as\u00ed se lo dijo. Y la curiosidad le llev\u00f3 a Carelia. \u00abAs\u00ed trabajo: tirando de un hilo m\u00e1gico que me lleva de un personaje a otro, a una espiral del tiempo en la que me encuentro con personas que creo que no tienen que ver conmigo, pero s\u00ed existe una conexi\u00f3n. En mis pel\u00edculas hay un cruce constante de identidades, de nacionalidades\u00bb.<\/p>\n\n\n\n<figure class=\"wp-block-image\"><img loading=\"lazy\" decoding=\"async\" width=\"700\" height=\"467\" src=\"https:\/\/www.datecuenta.org\/escuelalibre\/wp-content\/uploads\/2019\/03\/Maria_Contreras_Coll_fotoperiodista_DateCuenta_02.jpg\" alt=\"\" class=\"wp-image-3309\" srcset=\"https:\/\/www.datecuenta.org\/escuelalibre\/wp-content\/uploads\/2019\/03\/Maria_Contreras_Coll_fotoperiodista_DateCuenta_02.jpg 700w, https:\/\/www.datecuenta.org\/escuelalibre\/wp-content\/uploads\/2019\/03\/Maria_Contreras_Coll_fotoperiodista_DateCuenta_02-150x100.jpg 150w, https:\/\/www.datecuenta.org\/escuelalibre\/wp-content\/uploads\/2019\/03\/Maria_Contreras_Coll_fotoperiodista_DateCuenta_02-300x200.jpg 300w, https:\/\/www.datecuenta.org\/escuelalibre\/wp-content\/uploads\/2019\/03\/Maria_Contreras_Coll_fotoperiodista_DateCuenta_02-436x291.jpg 436w, https:\/\/www.datecuenta.org\/escuelalibre\/wp-content\/uploads\/2019\/03\/Maria_Contreras_Coll_fotoperiodista_DateCuenta_02-673x449.jpg 673w\" sizes=\"(max-width: 700px) 100vw, 700px\" \/><figcaption>Declaraci\u00f3n de intenciones que precede &#8216;Color perro que huye&#8217; |  Foto: AITOR FERN\u00c1NDEZ<\/figcaption><\/figure>\n\n\n\n<h2 class=\"wp-block-heading\"><strong>Mostrar c\u00f3mo una persona se narra y construye su identidad<\/strong><\/h2>\n\n\n\n<p><strong>Andr\u00e9s Duque conecta emocionalmente con los personajes de sus pel\u00edculas<\/strong>. \u00abEso es lo que quiero contar\u00bb. Y es esa conexi\u00f3n la que permite que pueda contar. \u00abMe tom\u00f3 mucho tiempo llegar al personaje de Oleg que aparece en la pel\u00edcula. Al final entend\u00ed que ten\u00eda que mentirle, ponerle trampas, para llegar al personaje ni\u00f1o genio loco. \u00abVuela como un pajarito\u00bb, le repet\u00eda siempre\u00bb. Para Duque, el documental con Karavaichuk signific\u00f3 un gran aprendizaje de relaci\u00f3n y tratamiento con el personaje. \u00abNunca toc\u00f3 el dinero, sus vecinos le cuidaban. Viv\u00eda en una chabola sin luz ni agua. Estos son los personajes que yo anhelo: libres, puros, locos\u00bb.<\/p>\n\n\n\n<p>&#8216;<strong>Color perro que huye<\/strong>&#8216; es un collage de la vida y los referentes de Andr\u00e9s Duque. \u00abEs el primer trabajo que hago con conciencia de cine ensay\u00edstico\u00bb. Siempre lleva con \u00e9l un cuaderno en el que apunta cosas, \u00abos lo recomiendo\u00bb. Es una reflexi\u00f3n, \u00abUna pel\u00edcula se construye a medida que la filmas y la montas. La vida me da el material\u00bb. \u00abNo tengo ni celuloides ni cintas de v\u00eddeo. Solo tengo n\u00fameros almacenados en discos duros y cajas de memoria llamadas <em>Quicktime<\/em>. De ellas he extra\u00eddo im\u00e1genes que ahora junto, ordeno y presento con sinceridad. Aunque, verdades, no son.\u00bb<\/p>\n\n\n\n<p>Estaba filmando, se cay\u00f3 y se fractur\u00f3 un tobillo, lo que le oblig\u00f3 a guardar tres meses de reposo. Empez\u00f3 a ordenar material y se encontr\u00f3 con fragmentos \u00abque son tambi\u00e9n parte de mis memorias, fragmentos que pod\u00edan haber sido cinematogr\u00e1ficos\u00bb, y <strong>decide hacer un collage con esas memorias<\/strong>. A ese collage tambi\u00e9n a\u00f1ade extractos grabados por sus referentes. \u00abLa vida es esto, estos accidentes. Esta ca\u00edda, la llegada de la ambulancia, los primeros momentos: im\u00e1genes que nunca hubieran estado en una cinta y que incorporo a este collage, un viaje entre Barcelona y Venezuela\u00bb.<\/p>\n\n\n\n<p><strong>Para Andr\u00e9s Duque esto es el cine ensayo, mostrar \u00abc\u00f3mo piensas y ordenas, c\u00f3mo configuras un pensamiento. <\/strong>No es tanto hablar de un tema sino construir un pensamiento. <strong>Mostrar c\u00f3mo una persona se narra y construye su identidad<\/strong>\u00ab. Para Duque, trabajar desde la especulaci\u00f3n pura y dura no es mentir. \u00ab<strong>Todo es manipulaci\u00f3n, lo digital solo lo refuerza<\/strong>. Hay que buscar los rastros de realidad tambi\u00e9n en esas im\u00e1genes virtuales. Y ser <strong>honestos<\/strong>\u00ab.<\/p>\n","protected":false},"excerpt":{"rendered":"<p>\u00abEl cine de ensayo se ocupa de lo que no se ocupa la Academia ni el conocimiento cient\u00edfico. Habla desde el yo sin tener que dar datos cient\u00edficos. El ensayo reflexiona creando a trav\u00e9s de la voz y la subjetividad del creador. Resulta una mezcla heterog\u00e9nea que crea una forma nueva\u00bb. De esta manera, el [&hellip;]<\/p>\n","protected":false},"author":1001002,"featured_media":3304,"comment_status":"closed","ping_status":"closed","sticky":false,"template":"","format":"standard","meta":{"_et_pb_use_builder":"","_et_pb_old_content":"","_et_gb_content_width":"","content-type":"","_monsterinsights_skip_tracking":false,"_monsterinsights_sitenote_active":false,"_monsterinsights_sitenote_note":"","_monsterinsights_sitenote_category":0,"_joinchat":[],"footnotes":""},"categories":[187],"tags":[],"class_list":["post-3302","post","type-post","status-publish","format-standard","has-post-thumbnail","hentry","category-noticias"],"yoast_head":"<!-- This site is optimized with the Yoast SEO plugin v26.9 - https:\/\/yoast.com\/product\/yoast-seo-wordpress\/ -->\n<title>Andr\u00e9s Duque: &quot;El cine de ensayo muestra la belleza de nuestra propia visi\u00f3n de lo que contamos&quot;<\/title>\n<meta name=\"description\" content=\"&quot;El ensayo reflexiona creando a trav\u00e9s de la voz y la subjetividad del creador. Resulta una mezcla heterog\u00e9nea que crea una forma nueva&quot;. De esta manera, el cineasta caraque\u00f1o Andr\u00e9s Duque enmarcaba la charla abierta sobre cine documental y de ensayo.\" \/>\n<meta name=\"robots\" content=\"index, follow, max-snippet:-1, max-image-preview:large, max-video-preview:-1\" \/>\n<link rel=\"canonical\" href=\"https:\/\/www.datecuenta.org\/escuelalibre\/andres-duque-cine-documental-ensayo\/\" \/>\n<meta property=\"og:locale\" content=\"es_ES\" \/>\n<meta property=\"og:type\" content=\"article\" \/>\n<meta property=\"og:title\" content=\"Andr\u00e9s Duque: &quot;El cine de ensayo muestra la belleza de nuestra propia visi\u00f3n de lo que contamos&quot;\" \/>\n<meta property=\"og:description\" content=\"&quot;El ensayo reflexiona creando a trav\u00e9s de la voz y la subjetividad del creador. Resulta una mezcla heterog\u00e9nea que crea una forma nueva&quot;. De esta manera, el cineasta caraque\u00f1o Andr\u00e9s Duque enmarcaba la charla abierta sobre cine documental y de ensayo.\" \/>\n<meta property=\"og:url\" content=\"https:\/\/www.datecuenta.org\/escuelalibre\/andres-duque-cine-documental-ensayo\/\" \/>\n<meta property=\"og:site_name\" content=\"Escuela de fotograf\u00eda en Barcelona | DateCuenta\" \/>\n<meta property=\"article:published_time\" content=\"2019-03-26T15:59:59+00:00\" \/>\n<meta property=\"article:modified_time\" content=\"2019-11-25T22:23:26+00:00\" \/>\n<meta property=\"og:image\" content=\"https:\/\/www.datecuenta.org\/escuelalibre\/wp-content\/uploads\/2019\/03\/Maria_Contreras_Coll_fotoperiodista_DateCuenta_01.jpg\" \/>\n\t<meta property=\"og:image:width\" content=\"700\" \/>\n\t<meta property=\"og:image:height\" content=\"467\" \/>\n\t<meta property=\"og:image:type\" content=\"image\/jpeg\" \/>\n<meta name=\"author\" content=\"Date Cuenta\" \/>\n<meta name=\"twitter:card\" content=\"summary_large_image\" \/>\n<meta name=\"twitter:label1\" content=\"Escrito por\" \/>\n\t<meta name=\"twitter:data1\" content=\"Date Cuenta\" \/>\n\t<meta name=\"twitter:label2\" content=\"Tiempo de lectura\" \/>\n\t<meta name=\"twitter:data2\" content=\"9 minutos\" \/>\n<script type=\"application\/ld+json\" class=\"yoast-schema-graph\">{\"@context\":\"https:\/\/schema.org\",\"@graph\":[{\"@type\":\"Article\",\"@id\":\"https:\/\/www.datecuenta.org\/escuelalibre\/andres-duque-cine-documental-ensayo\/#article\",\"isPartOf\":{\"@id\":\"https:\/\/www.datecuenta.org\/escuelalibre\/andres-duque-cine-documental-ensayo\/\"},\"author\":{\"name\":\"Date Cuenta\",\"@id\":\"https:\/\/www.datecuenta.org\/escuelalibre\/#\/schema\/person\/2461c4b87eecd19501ff25c8158edfce\"},\"headline\":\"Andr\u00e9s Duque: \u00abEl cine de ensayo muestra la belleza de nuestra propia visi\u00f3n de lo que contamos\u00bb\",\"datePublished\":\"2019-03-26T15:59:59+00:00\",\"dateModified\":\"2019-11-25T22:23:26+00:00\",\"mainEntityOfPage\":{\"@id\":\"https:\/\/www.datecuenta.org\/escuelalibre\/andres-duque-cine-documental-ensayo\/\"},\"wordCount\":1891,\"image\":{\"@id\":\"https:\/\/www.datecuenta.org\/escuelalibre\/andres-duque-cine-documental-ensayo\/#primaryimage\"},\"thumbnailUrl\":\"https:\/\/www.datecuenta.org\/escuelalibre\/wp-content\/uploads\/2019\/03\/Maria_Contreras_Coll_fotoperiodista_DateCuenta_01.jpg\",\"articleSection\":[\"BLOG\"],\"inLanguage\":\"es\"},{\"@type\":\"WebPage\",\"@id\":\"https:\/\/www.datecuenta.org\/escuelalibre\/andres-duque-cine-documental-ensayo\/\",\"url\":\"https:\/\/www.datecuenta.org\/escuelalibre\/andres-duque-cine-documental-ensayo\/\",\"name\":\"Andr\u00e9s Duque: \\\"El cine de ensayo muestra la belleza de nuestra propia visi\u00f3n de lo que contamos\\\"\",\"isPartOf\":{\"@id\":\"https:\/\/www.datecuenta.org\/escuelalibre\/#website\"},\"primaryImageOfPage\":{\"@id\":\"https:\/\/www.datecuenta.org\/escuelalibre\/andres-duque-cine-documental-ensayo\/#primaryimage\"},\"image\":{\"@id\":\"https:\/\/www.datecuenta.org\/escuelalibre\/andres-duque-cine-documental-ensayo\/#primaryimage\"},\"thumbnailUrl\":\"https:\/\/www.datecuenta.org\/escuelalibre\/wp-content\/uploads\/2019\/03\/Maria_Contreras_Coll_fotoperiodista_DateCuenta_01.jpg\",\"datePublished\":\"2019-03-26T15:59:59+00:00\",\"dateModified\":\"2019-11-25T22:23:26+00:00\",\"author\":{\"@id\":\"https:\/\/www.datecuenta.org\/escuelalibre\/#\/schema\/person\/2461c4b87eecd19501ff25c8158edfce\"},\"description\":\"\\\"El ensayo reflexiona creando a trav\u00e9s de la voz y la subjetividad del creador. Resulta una mezcla heterog\u00e9nea que crea una forma nueva\\\". De esta manera, el cineasta caraque\u00f1o Andr\u00e9s Duque enmarcaba la charla abierta sobre cine documental y de ensayo.\",\"breadcrumb\":{\"@id\":\"https:\/\/www.datecuenta.org\/escuelalibre\/andres-duque-cine-documental-ensayo\/#breadcrumb\"},\"inLanguage\":\"es\",\"potentialAction\":[{\"@type\":\"ReadAction\",\"target\":[\"https:\/\/www.datecuenta.org\/escuelalibre\/andres-duque-cine-documental-ensayo\/\"]}]},{\"@type\":\"ImageObject\",\"inLanguage\":\"es\",\"@id\":\"https:\/\/www.datecuenta.org\/escuelalibre\/andres-duque-cine-documental-ensayo\/#primaryimage\",\"url\":\"https:\/\/www.datecuenta.org\/escuelalibre\/wp-content\/uploads\/2019\/03\/Maria_Contreras_Coll_fotoperiodista_DateCuenta_01.jpg\",\"contentUrl\":\"https:\/\/www.datecuenta.org\/escuelalibre\/wp-content\/uploads\/2019\/03\/Maria_Contreras_Coll_fotoperiodista_DateCuenta_01.jpg\",\"width\":700,\"height\":467,\"caption\":\"Andres Duque Javier Guerra cine documental\"},{\"@type\":\"BreadcrumbList\",\"@id\":\"https:\/\/www.datecuenta.org\/escuelalibre\/andres-duque-cine-documental-ensayo\/#breadcrumb\",\"itemListElement\":[{\"@type\":\"ListItem\",\"position\":1,\"name\":\"Portada\",\"item\":\"https:\/\/www.datecuenta.org\/escuelalibre\/\"},{\"@type\":\"ListItem\",\"position\":2,\"name\":\"Andr\u00e9s Duque: \u00abEl cine de ensayo muestra la belleza de nuestra propia visi\u00f3n de lo que contamos\u00bb\"}]},{\"@type\":\"WebSite\",\"@id\":\"https:\/\/www.datecuenta.org\/escuelalibre\/#website\",\"url\":\"https:\/\/www.datecuenta.org\/escuelalibre\/\",\"name\":\"Escuela de fotograf\u00eda en Barcelona | DateCuenta\",\"description\":\"\",\"potentialAction\":[{\"@type\":\"SearchAction\",\"target\":{\"@type\":\"EntryPoint\",\"urlTemplate\":\"https:\/\/www.datecuenta.org\/escuelalibre\/?s={search_term_string}\"},\"query-input\":{\"@type\":\"PropertyValueSpecification\",\"valueRequired\":true,\"valueName\":\"search_term_string\"}}],\"inLanguage\":\"es\"},{\"@type\":\"Person\",\"@id\":\"https:\/\/www.datecuenta.org\/escuelalibre\/#\/schema\/person\/2461c4b87eecd19501ff25c8158edfce\",\"name\":\"Date Cuenta\",\"image\":{\"@type\":\"ImageObject\",\"inLanguage\":\"es\",\"@id\":\"https:\/\/www.datecuenta.org\/escuelalibre\/#\/schema\/person\/image\/\",\"url\":\"https:\/\/secure.gravatar.com\/avatar\/cef072a10d2f235035add558d19bd890155332fc9d829546849b6af5dba440c4?s=96&d=mm&r=g\",\"contentUrl\":\"https:\/\/secure.gravatar.com\/avatar\/cef072a10d2f235035add558d19bd890155332fc9d829546849b6af5dba440c4?s=96&d=mm&r=g\",\"caption\":\"Date Cuenta\"}}]}<\/script>\n<!-- \/ Yoast SEO plugin. -->","yoast_head_json":{"title":"Andr\u00e9s Duque: \"El cine de ensayo muestra la belleza de nuestra propia visi\u00f3n de lo que contamos\"","description":"\"El ensayo reflexiona creando a trav\u00e9s de la voz y la subjetividad del creador. Resulta una mezcla heterog\u00e9nea que crea una forma nueva\". De esta manera, el cineasta caraque\u00f1o Andr\u00e9s Duque enmarcaba la charla abierta sobre cine documental y de ensayo.","robots":{"index":"index","follow":"follow","max-snippet":"max-snippet:-1","max-image-preview":"max-image-preview:large","max-video-preview":"max-video-preview:-1"},"canonical":"https:\/\/www.datecuenta.org\/escuelalibre\/andres-duque-cine-documental-ensayo\/","og_locale":"es_ES","og_type":"article","og_title":"Andr\u00e9s Duque: \"El cine de ensayo muestra la belleza de nuestra propia visi\u00f3n de lo que contamos\"","og_description":"\"El ensayo reflexiona creando a trav\u00e9s de la voz y la subjetividad del creador. Resulta una mezcla heterog\u00e9nea que crea una forma nueva\". De esta manera, el cineasta caraque\u00f1o Andr\u00e9s Duque enmarcaba la charla abierta sobre cine documental y de ensayo.","og_url":"https:\/\/www.datecuenta.org\/escuelalibre\/andres-duque-cine-documental-ensayo\/","og_site_name":"Escuela de fotograf\u00eda en Barcelona | DateCuenta","article_published_time":"2019-03-26T15:59:59+00:00","article_modified_time":"2019-11-25T22:23:26+00:00","og_image":[{"width":700,"height":467,"url":"https:\/\/www.datecuenta.org\/escuelalibre\/wp-content\/uploads\/2019\/03\/Maria_Contreras_Coll_fotoperiodista_DateCuenta_01.jpg","type":"image\/jpeg"}],"author":"Date Cuenta","twitter_card":"summary_large_image","twitter_misc":{"Escrito por":"Date Cuenta","Tiempo de lectura":"9 minutos"},"schema":{"@context":"https:\/\/schema.org","@graph":[{"@type":"Article","@id":"https:\/\/www.datecuenta.org\/escuelalibre\/andres-duque-cine-documental-ensayo\/#article","isPartOf":{"@id":"https:\/\/www.datecuenta.org\/escuelalibre\/andres-duque-cine-documental-ensayo\/"},"author":{"name":"Date Cuenta","@id":"https:\/\/www.datecuenta.org\/escuelalibre\/#\/schema\/person\/2461c4b87eecd19501ff25c8158edfce"},"headline":"Andr\u00e9s Duque: \u00abEl cine de ensayo muestra la belleza de nuestra propia visi\u00f3n de lo que contamos\u00bb","datePublished":"2019-03-26T15:59:59+00:00","dateModified":"2019-11-25T22:23:26+00:00","mainEntityOfPage":{"@id":"https:\/\/www.datecuenta.org\/escuelalibre\/andres-duque-cine-documental-ensayo\/"},"wordCount":1891,"image":{"@id":"https:\/\/www.datecuenta.org\/escuelalibre\/andres-duque-cine-documental-ensayo\/#primaryimage"},"thumbnailUrl":"https:\/\/www.datecuenta.org\/escuelalibre\/wp-content\/uploads\/2019\/03\/Maria_Contreras_Coll_fotoperiodista_DateCuenta_01.jpg","articleSection":["BLOG"],"inLanguage":"es"},{"@type":"WebPage","@id":"https:\/\/www.datecuenta.org\/escuelalibre\/andres-duque-cine-documental-ensayo\/","url":"https:\/\/www.datecuenta.org\/escuelalibre\/andres-duque-cine-documental-ensayo\/","name":"Andr\u00e9s Duque: \"El cine de ensayo muestra la belleza de nuestra propia visi\u00f3n de lo que contamos\"","isPartOf":{"@id":"https:\/\/www.datecuenta.org\/escuelalibre\/#website"},"primaryImageOfPage":{"@id":"https:\/\/www.datecuenta.org\/escuelalibre\/andres-duque-cine-documental-ensayo\/#primaryimage"},"image":{"@id":"https:\/\/www.datecuenta.org\/escuelalibre\/andres-duque-cine-documental-ensayo\/#primaryimage"},"thumbnailUrl":"https:\/\/www.datecuenta.org\/escuelalibre\/wp-content\/uploads\/2019\/03\/Maria_Contreras_Coll_fotoperiodista_DateCuenta_01.jpg","datePublished":"2019-03-26T15:59:59+00:00","dateModified":"2019-11-25T22:23:26+00:00","author":{"@id":"https:\/\/www.datecuenta.org\/escuelalibre\/#\/schema\/person\/2461c4b87eecd19501ff25c8158edfce"},"description":"\"El ensayo reflexiona creando a trav\u00e9s de la voz y la subjetividad del creador. Resulta una mezcla heterog\u00e9nea que crea una forma nueva\". De esta manera, el cineasta caraque\u00f1o Andr\u00e9s Duque enmarcaba la charla abierta sobre cine documental y de ensayo.","breadcrumb":{"@id":"https:\/\/www.datecuenta.org\/escuelalibre\/andres-duque-cine-documental-ensayo\/#breadcrumb"},"inLanguage":"es","potentialAction":[{"@type":"ReadAction","target":["https:\/\/www.datecuenta.org\/escuelalibre\/andres-duque-cine-documental-ensayo\/"]}]},{"@type":"ImageObject","inLanguage":"es","@id":"https:\/\/www.datecuenta.org\/escuelalibre\/andres-duque-cine-documental-ensayo\/#primaryimage","url":"https:\/\/www.datecuenta.org\/escuelalibre\/wp-content\/uploads\/2019\/03\/Maria_Contreras_Coll_fotoperiodista_DateCuenta_01.jpg","contentUrl":"https:\/\/www.datecuenta.org\/escuelalibre\/wp-content\/uploads\/2019\/03\/Maria_Contreras_Coll_fotoperiodista_DateCuenta_01.jpg","width":700,"height":467,"caption":"Andres Duque Javier Guerra cine documental"},{"@type":"BreadcrumbList","@id":"https:\/\/www.datecuenta.org\/escuelalibre\/andres-duque-cine-documental-ensayo\/#breadcrumb","itemListElement":[{"@type":"ListItem","position":1,"name":"Portada","item":"https:\/\/www.datecuenta.org\/escuelalibre\/"},{"@type":"ListItem","position":2,"name":"Andr\u00e9s Duque: \u00abEl cine de ensayo muestra la belleza de nuestra propia visi\u00f3n de lo que contamos\u00bb"}]},{"@type":"WebSite","@id":"https:\/\/www.datecuenta.org\/escuelalibre\/#website","url":"https:\/\/www.datecuenta.org\/escuelalibre\/","name":"Escuela de fotograf\u00eda en Barcelona | DateCuenta","description":"","potentialAction":[{"@type":"SearchAction","target":{"@type":"EntryPoint","urlTemplate":"https:\/\/www.datecuenta.org\/escuelalibre\/?s={search_term_string}"},"query-input":{"@type":"PropertyValueSpecification","valueRequired":true,"valueName":"search_term_string"}}],"inLanguage":"es"},{"@type":"Person","@id":"https:\/\/www.datecuenta.org\/escuelalibre\/#\/schema\/person\/2461c4b87eecd19501ff25c8158edfce","name":"Date Cuenta","image":{"@type":"ImageObject","inLanguage":"es","@id":"https:\/\/www.datecuenta.org\/escuelalibre\/#\/schema\/person\/image\/","url":"https:\/\/secure.gravatar.com\/avatar\/cef072a10d2f235035add558d19bd890155332fc9d829546849b6af5dba440c4?s=96&d=mm&r=g","contentUrl":"https:\/\/secure.gravatar.com\/avatar\/cef072a10d2f235035add558d19bd890155332fc9d829546849b6af5dba440c4?s=96&d=mm&r=g","caption":"Date Cuenta"}}]}},"_links":{"self":[{"href":"https:\/\/www.datecuenta.org\/escuelalibre\/wp-json\/wp\/v2\/posts\/3302","targetHints":{"allow":["GET"]}}],"collection":[{"href":"https:\/\/www.datecuenta.org\/escuelalibre\/wp-json\/wp\/v2\/posts"}],"about":[{"href":"https:\/\/www.datecuenta.org\/escuelalibre\/wp-json\/wp\/v2\/types\/post"}],"author":[{"embeddable":true,"href":"https:\/\/www.datecuenta.org\/escuelalibre\/wp-json\/wp\/v2\/users\/1001002"}],"replies":[{"embeddable":true,"href":"https:\/\/www.datecuenta.org\/escuelalibre\/wp-json\/wp\/v2\/comments?post=3302"}],"version-history":[{"count":10,"href":"https:\/\/www.datecuenta.org\/escuelalibre\/wp-json\/wp\/v2\/posts\/3302\/revisions"}],"predecessor-version":[{"id":3577,"href":"https:\/\/www.datecuenta.org\/escuelalibre\/wp-json\/wp\/v2\/posts\/3302\/revisions\/3577"}],"wp:featuredmedia":[{"embeddable":true,"href":"https:\/\/www.datecuenta.org\/escuelalibre\/wp-json\/wp\/v2\/media\/3304"}],"wp:attachment":[{"href":"https:\/\/www.datecuenta.org\/escuelalibre\/wp-json\/wp\/v2\/media?parent=3302"}],"wp:term":[{"taxonomy":"category","embeddable":true,"href":"https:\/\/www.datecuenta.org\/escuelalibre\/wp-json\/wp\/v2\/categories?post=3302"},{"taxonomy":"post_tag","embeddable":true,"href":"https:\/\/www.datecuenta.org\/escuelalibre\/wp-json\/wp\/v2\/tags?post=3302"}],"curies":[{"name":"wp","href":"https:\/\/api.w.org\/{rel}","templated":true}]}}