{"id":3323,"date":"2019-05-12T21:26:38","date_gmt":"2019-05-12T21:26:38","guid":{"rendered":"https:\/\/www.datecuenta.org\/escuelalibre\/?p=3323"},"modified":"2019-07-24T07:51:12","modified_gmt":"2019-07-24T07:51:12","slug":"turismo","status":"publish","type":"post","link":"https:\/\/www.datecuenta.org\/escuelalibre\/turismo\/","title":{"rendered":"As\u00ed fue el festival de fotograf\u00eda, periodismo y cine sobre el turismo en Barcelona"},"content":{"rendered":"\n<p>El <strong>turismo masivo<\/strong> fue el tema central elegido por nuestro alumnado del presente a\u00f1o lectivo 2018\/19. La escuela DateCuenta es una escuela horizontal que sabe que para tener \u00e9xito hay que escuchar al alumnado, as\u00ed que siempre le hemos animado a decidir por s\u00ed mismo qu\u00e9 tema quiere trabajar como proyecto final.<\/p>\n\n\n\n<figure class=\"wp-block-image\"><img loading=\"lazy\" decoding=\"async\" width=\"1024\" height=\"576\" src=\"https:\/\/www.datecuenta.org\/escuelalibre\/wp-content\/uploads\/2019\/06\/IMG-20190604-WA0021-1024x576.jpg\" alt=\"\" class=\"wp-image-3347\" srcset=\"https:\/\/www.datecuenta.org\/escuelalibre\/wp-content\/uploads\/2019\/06\/IMG-20190604-WA0021-1024x576.jpg 1024w, https:\/\/www.datecuenta.org\/escuelalibre\/wp-content\/uploads\/2019\/06\/IMG-20190604-WA0021-300x169.jpg 300w, https:\/\/www.datecuenta.org\/escuelalibre\/wp-content\/uploads\/2019\/06\/IMG-20190604-WA0021-768x432.jpg 768w, https:\/\/www.datecuenta.org\/escuelalibre\/wp-content\/uploads\/2019\/06\/IMG-20190604-WA0021-436x245.jpg 436w, https:\/\/www.datecuenta.org\/escuelalibre\/wp-content\/uploads\/2019\/06\/IMG-20190604-WA0021-1112x626.jpg 1112w, https:\/\/www.datecuenta.org\/escuelalibre\/wp-content\/uploads\/2019\/06\/IMG-20190604-WA0021.jpg 1600w\" sizes=\"(max-width: 1024px) 100vw, 1024px\" \/><figcaption>El cuadro flamenco &#8216;La Canastera y su trupe&#8217; puso la magia este a\u00f1o en el fin de curso DateCuenta | Foto: OSCAR DHOOGE<\/figcaption><\/figure>\n\n\n\n<p>Nuestro alumnado de fotograf\u00eda, cine documental fotoperiodismo y escritura de no ficci\u00f3n nos present\u00f3 sus proyectos y el <strong>cuadro flamenco  &#8216;La Canastera y su trupe&#8217;<\/strong> puso la magia que faltaba. Todo fue <strong>gracias a la colaboraci\u00f3n del Centre C\u00edvic Can Bast\u00e9<\/strong>, a cuyo equipo le estamos muy agradecidos.<\/p>\n\n\n\n<figure class=\"wp-block-embed-youtube wp-block-embed is-type-video is-provider-youtube wp-embed-aspect-16-9 wp-has-aspect-ratio\"><div class=\"wp-block-embed__wrapper\">\n<iframe loading=\"lazy\" title=\"Cursos de Fotograf\u00eda Niveles 1 y 2 (2018\/19)\" width=\"1080\" height=\"608\" src=\"https:\/\/www.youtube.com\/embed\/ItyKo8JcCLw?feature=oembed\"  allow=\"accelerometer; autoplay; clipboard-write; encrypted-media; gyroscope; picture-in-picture\" allowfullscreen><\/iframe>\n<\/div><\/figure>\n\n\n\n<p>Los <strong><a rel=\"noreferrer noopener\" aria-label=\"cursos de iniciaci\u00f3n a la fotograf\u00eda (abre en una nueva pesta\u00f1a)\" href=\"https:\/\/www.datecuenta.org\/escuelalibre\/curso-iniciacion-fotografia\/\" target=\"_blank\">cursos de iniciaci\u00f3n a la fotograf\u00eda<\/a><\/strong> (nivel 1) y <strong><a rel=\"noreferrer noopener\" aria-label=\"fotograf\u00eda creativa (abre en una nueva pesta\u00f1a)\" href=\"https:\/\/www.datecuenta.org\/escuelalibre\/curso-avanzado-fotografia\/\" target=\"_blank\">fotograf\u00eda creativa<\/a><\/strong> (nivel 2) fueron acompa\u00f1ados por Wayra Ficapal, Oscar Dhooge y Aitor Fern\u00e1ndez. Los seis cursos trabajaron el tema central elegido, el turismo.<\/p>\n\n\n\n<figure class=\"wp-block-embed-youtube wp-block-embed is-type-video is-provider-youtube wp-embed-aspect-16-9 wp-has-aspect-ratio\"><div class=\"wp-block-embed__wrapper\">\n<iframe loading=\"lazy\" title=\"Curso Proyecto Fotogr\u00e1fico y Tratamiento de la Imagen (nivel 3) 2018\/2019\" width=\"1080\" height=\"608\" src=\"https:\/\/www.youtube.com\/embed\/AIi5wozDmI0?feature=oembed\"  allow=\"accelerometer; autoplay; clipboard-write; encrypted-media; gyroscope; picture-in-picture\" allowfullscreen><\/iframe>\n<\/div><\/figure>\n\n\n\n<p>El curso de <a href=\"https:\/\/www.datecuenta.org\/escuelalibre\/curso-fotografia-profesional\/\">Proyecto Fotogr\u00e1fico y Tratamiento de la imagen (nivel 3<\/a>) fue acompa\u00f1ado por Aitor Fern\u00e1ndez.<\/p>\n\n\n\n<figure class=\"wp-block-embed-youtube wp-block-embed is-type-video is-provider-youtube wp-embed-aspect-16-9 wp-has-aspect-ratio\"><div class=\"wp-block-embed__wrapper\">\n<iframe loading=\"lazy\" title=\"Curso de Fotoperiodismo y Periodismo Audiovisual (2018\/19)\" width=\"1080\" height=\"608\" src=\"https:\/\/www.youtube.com\/embed\/OI9ky02Wwn4?feature=oembed\"  allow=\"accelerometer; autoplay; clipboard-write; encrypted-media; gyroscope; picture-in-picture\" allowfullscreen><\/iframe>\n<\/div><\/figure>\n\n\n\n<p>El<strong> <a href=\"https:\/\/www.datecuenta.org\/escuelalibre\/curso-fotografia-fotoperiodismo\/\" target=\"_blank\" rel=\"noreferrer noopener\" aria-label=\"curso de fotoperiodismo y periodismo audiovisual (abre en una nueva pesta\u00f1a)\">curso de fotoperiodismo<\/a><\/strong><a href=\"https:\/\/www.datecuenta.org\/escuelalibre\/curso-fotografia-fotoperiodismo\/\" target=\"_blank\" rel=\"noreferrer noopener\" aria-label=\"curso de fotoperiodismo y periodismo audiovisual (abre en una nueva pesta\u00f1a)\"> <\/a><strong><a href=\"https:\/\/www.datecuenta.org\/escuelalibre\/curso-fotografia-fotoperiodismo\/\" target=\"_blank\" rel=\"noreferrer noopener\" aria-label=\"curso de fotoperiodismo y periodismo audiovisual (abre en una nueva pesta\u00f1a)\">y periodismo audiovisual<\/a> <\/strong>fue acompa\u00f1ado por Oscar Dhooge y M\u00f3nica Solanas.<\/p>\n\n\n\n<figure class=\"wp-block-embed-youtube wp-block-embed is-type-video is-provider-youtube wp-embed-aspect-16-9 wp-has-aspect-ratio\"><div class=\"wp-block-embed__wrapper\">\n<iframe loading=\"lazy\" title=\"Curso de escritura de no ficci\u00f3n (2018\/2019)\" width=\"1080\" height=\"608\" src=\"https:\/\/www.youtube.com\/embed\/8jaBGFC4Oqg?feature=oembed\"  allow=\"accelerometer; autoplay; clipboard-write; encrypted-media; gyroscope; picture-in-picture\" allowfullscreen><\/iframe>\n<\/div><\/figure>\n\n\n\n<p>El <strong><a href=\"https:\/\/www.datecuenta.org\/escuelalibre\/curso-escritura-no-ficcion\/\" target=\"_blank\" rel=\"noreferrer noopener\" aria-label=\"curso de escritura de no ficci\u00f3n (abre en una nueva pesta\u00f1a)\">curso de escritura de no ficci\u00f3n<\/a><\/strong> fue acompa\u00f1ado por M\u00f3nica Solanas.<\/p>\n\n\n\n<figure class=\"wp-block-embed-youtube wp-block-embed is-type-video is-provider-youtube wp-embed-aspect-16-9 wp-has-aspect-ratio\"><div class=\"wp-block-embed__wrapper\">\n<iframe loading=\"lazy\" title=\"Curso de cine documental 2018\/19\" width=\"1080\" height=\"608\" src=\"https:\/\/www.youtube.com\/embed\/-bgs2D_iaYo?feature=oembed\"  allow=\"accelerometer; autoplay; clipboard-write; encrypted-media; gyroscope; picture-in-picture\" allowfullscreen><\/iframe>\n<\/div><\/figure>\n\n\n\n<p>El <strong><a href=\"https:\/\/www.datecuenta.org\/escuelalibre\/curso-cine\/\" target=\"_blank\" rel=\"noreferrer noopener\" aria-label=\"curso de cine documental  (abre en una nueva pesta\u00f1a)\">curso de cine documental<\/a><\/strong><a href=\"https:\/\/www.datecuenta.org\/escuelalibre\/curso-cine\/\" target=\"_blank\" rel=\"noreferrer noopener\" aria-label=\"curso de cine documental  (abre en una nueva pesta\u00f1a)\"> <\/a>fue acompa\u00f1ado por Javier Guerra.<\/p>\n\n\n\n<figure class=\"wp-block-image\"><a href=\"http:\/\/www.datecuenta.org\/escuelalibre\/wp-content\/uploads\/2019\/06\/Revista-DateCuenta-2018-2019.pdf\" target=\"_blank\" rel=\"noreferrer noopener\"><img loading=\"lazy\" decoding=\"async\" width=\"750\" height=\"462\" src=\"http:\/\/www.datecuenta.org\/escuelalibre\/wp-content\/uploads\/2019\/05\/Revista-DateCuenta.jpg\" alt=\"revista de fotograf\u00eda final de curso\" class=\"wp-image-3335\" srcset=\"https:\/\/www.datecuenta.org\/escuelalibre\/wp-content\/uploads\/2019\/05\/Revista-DateCuenta.jpg 750w, https:\/\/www.datecuenta.org\/escuelalibre\/wp-content\/uploads\/2019\/05\/Revista-DateCuenta-300x185.jpg 300w, https:\/\/www.datecuenta.org\/escuelalibre\/wp-content\/uploads\/2019\/05\/Revista-DateCuenta-436x269.jpg 436w\" sizes=\"(max-width: 750px) 100vw, 750px\" \/><\/a><\/figure>\n\n\n\n<p>Tambi\u00e9n <strong>editamos e imprimimos una revista <\/strong>que puedes descargarte<a rel=\"noreferrer noopener\" aria-label=\" en este link (abre en una nueva pesta\u00f1a)\" href=\"https:\/\/www.datecuenta.org\/escuelalibre\/revista-datecuenta-2018-2019\/\" target=\"_blank\"> <\/a><a rel=\"noreferrer noopener\" aria-label=\"en este link (abre en una nueva pesta\u00f1a)\" href=\"http:\/\/www.datecuenta.org\/escuelalibre\/wp-content\/uploads\/2019\/06\/Revista-DateCuenta-2018-2019.pdf\" target=\"_blank\">en este link<\/a> o pinchando en la imagen superior.<\/p>\n\n\n\n<p>El 15 de junio publicaremos <strong>la nueva oferta formativa y becas<\/strong> para el pr\u00f3ximo a\u00f1o 2019\/20. Contaremos con cursos de iniciaci\u00f3n a la fotograf\u00eda, fotograf\u00eda creativa y proyecto fotogr\u00e1fico y tratamiento de la imagen (niveles 1, 2 y 3), fotoperiodismo\/periodismo audiovisual, cine documental y escritura de no ficci\u00f3n. Y con dos novedades: un curso de iluminaci\u00f3n en estudio y otro de v\u00eddeo digital.<\/p>\n\n\n\n<p>\u00a1El pr\u00f3ximo a\u00f1o cumplimos 10 a\u00f1os de escuela y tendremos muuuuchas sorpresas! \u00a1Te esperamos!<\/p>\n","protected":false},"excerpt":{"rendered":"<p>El turismo masivo fue el tema central elegido por nuestro alumnado del presente a\u00f1o lectivo 2018\/19. La escuela DateCuenta es una escuela horizontal que sabe que para tener \u00e9xito hay que escuchar al alumnado, as\u00ed que siempre le hemos animado a decidir por s\u00ed mismo qu\u00e9 tema quiere trabajar como proyecto final. Nuestro alumnado de [&hellip;]<\/p>\n","protected":false},"author":1001002,"featured_media":3346,"comment_status":"closed","ping_status":"closed","sticky":false,"template":"","format":"standard","meta":{"_et_pb_use_builder":"","_et_pb_old_content":"","_et_gb_content_width":"","content-type":"","_monsterinsights_skip_tracking":false,"_monsterinsights_sitenote_active":false,"_monsterinsights_sitenote_note":"","_monsterinsights_sitenote_category":0,"_joinchat":[],"footnotes":""},"categories":[187],"tags":[],"class_list":["post-3323","post","type-post","status-publish","format-standard","has-post-thumbnail","hentry","category-noticias"],"yoast_head":"<!-- This site is optimized with the Yoast SEO plugin v26.9 - https:\/\/yoast.com\/product\/yoast-seo-wordpress\/ -->\n<title>As\u00ed fue el festival de fotograf\u00eda, periodismo y cine sobre el turismo en Barcelona<\/title>\n<meta name=\"description\" content=\"En este link tienes publicados todos los trabajos finales de fotograf\u00eda, cine documental, fotoperiodismo y escritura. El turismo masivo es el tema central elegido por nuestro alumnado del presente a\u00f1o lectivo 2018\/19.\" \/>\n<meta name=\"robots\" content=\"index, follow, max-snippet:-1, max-image-preview:large, max-video-preview:-1\" \/>\n<link rel=\"canonical\" href=\"https:\/\/www.datecuenta.org\/escuelalibre\/turismo\/\" \/>\n<meta property=\"og:locale\" content=\"es_ES\" \/>\n<meta property=\"og:type\" content=\"article\" \/>\n<meta property=\"og:title\" content=\"As\u00ed fue el festival de fotograf\u00eda, periodismo y cine sobre el turismo en Barcelona\" \/>\n<meta property=\"og:description\" content=\"En este link tienes publicados todos los trabajos finales de fotograf\u00eda, cine documental, fotoperiodismo y escritura. El turismo masivo es el tema central elegido por nuestro alumnado del presente a\u00f1o lectivo 2018\/19.\" \/>\n<meta property=\"og:url\" content=\"https:\/\/www.datecuenta.org\/escuelalibre\/turismo\/\" \/>\n<meta property=\"og:site_name\" content=\"Escuela de fotograf\u00eda en Barcelona | DateCuenta\" \/>\n<meta property=\"article:published_time\" content=\"2019-05-12T21:26:38+00:00\" \/>\n<meta property=\"article:modified_time\" content=\"2019-07-24T07:51:12+00:00\" \/>\n<meta property=\"og:image\" content=\"https:\/\/www.datecuenta.org\/escuelalibre\/wp-content\/uploads\/2019\/06\/IMG-20190604-WA0021.jpg\" \/>\n\t<meta property=\"og:image:width\" content=\"1600\" \/>\n\t<meta property=\"og:image:height\" content=\"900\" \/>\n\t<meta property=\"og:image:type\" content=\"image\/jpeg\" \/>\n<meta name=\"author\" content=\"Date Cuenta\" \/>\n<meta name=\"twitter:card\" content=\"summary_large_image\" \/>\n<meta name=\"twitter:label1\" content=\"Escrito por\" \/>\n\t<meta name=\"twitter:data1\" content=\"Date Cuenta\" \/>\n\t<meta name=\"twitter:label2\" content=\"Tiempo de lectura\" \/>\n\t<meta name=\"twitter:data2\" content=\"2 minutos\" \/>\n<script type=\"application\/ld+json\" class=\"yoast-schema-graph\">{\"@context\":\"https:\/\/schema.org\",\"@graph\":[{\"@type\":\"Article\",\"@id\":\"https:\/\/www.datecuenta.org\/escuelalibre\/turismo\/#article\",\"isPartOf\":{\"@id\":\"https:\/\/www.datecuenta.org\/escuelalibre\/turismo\/\"},\"author\":{\"name\":\"Date Cuenta\",\"@id\":\"https:\/\/www.datecuenta.org\/escuelalibre\/#\/schema\/person\/2461c4b87eecd19501ff25c8158edfce\"},\"headline\":\"As\u00ed fue el festival de fotograf\u00eda, periodismo y cine sobre el turismo en Barcelona\",\"datePublished\":\"2019-05-12T21:26:38+00:00\",\"dateModified\":\"2019-07-24T07:51:12+00:00\",\"mainEntityOfPage\":{\"@id\":\"https:\/\/www.datecuenta.org\/escuelalibre\/turismo\/\"},\"wordCount\":371,\"image\":{\"@id\":\"https:\/\/www.datecuenta.org\/escuelalibre\/turismo\/#primaryimage\"},\"thumbnailUrl\":\"https:\/\/www.datecuenta.org\/escuelalibre\/wp-content\/uploads\/2019\/05\/IMG-20190604-WA0021.jpg\",\"articleSection\":[\"BLOG\"],\"inLanguage\":\"es\"},{\"@type\":\"WebPage\",\"@id\":\"https:\/\/www.datecuenta.org\/escuelalibre\/turismo\/\",\"url\":\"https:\/\/www.datecuenta.org\/escuelalibre\/turismo\/\",\"name\":\"As\u00ed fue el festival de fotograf\u00eda, periodismo y cine sobre el turismo en Barcelona\",\"isPartOf\":{\"@id\":\"https:\/\/www.datecuenta.org\/escuelalibre\/#website\"},\"primaryImageOfPage\":{\"@id\":\"https:\/\/www.datecuenta.org\/escuelalibre\/turismo\/#primaryimage\"},\"image\":{\"@id\":\"https:\/\/www.datecuenta.org\/escuelalibre\/turismo\/#primaryimage\"},\"thumbnailUrl\":\"https:\/\/www.datecuenta.org\/escuelalibre\/wp-content\/uploads\/2019\/05\/IMG-20190604-WA0021.jpg\",\"datePublished\":\"2019-05-12T21:26:38+00:00\",\"dateModified\":\"2019-07-24T07:51:12+00:00\",\"author\":{\"@id\":\"https:\/\/www.datecuenta.org\/escuelalibre\/#\/schema\/person\/2461c4b87eecd19501ff25c8158edfce\"},\"description\":\"En este link tienes publicados todos los trabajos finales de fotograf\u00eda, cine documental, fotoperiodismo y escritura. El turismo masivo es el tema central elegido por nuestro alumnado del presente a\u00f1o lectivo 2018\/19.\",\"breadcrumb\":{\"@id\":\"https:\/\/www.datecuenta.org\/escuelalibre\/turismo\/#breadcrumb\"},\"inLanguage\":\"es\",\"potentialAction\":[{\"@type\":\"ReadAction\",\"target\":[\"https:\/\/www.datecuenta.org\/escuelalibre\/turismo\/\"]}]},{\"@type\":\"ImageObject\",\"inLanguage\":\"es\",\"@id\":\"https:\/\/www.datecuenta.org\/escuelalibre\/turismo\/#primaryimage\",\"url\":\"https:\/\/www.datecuenta.org\/escuelalibre\/wp-content\/uploads\/2019\/05\/IMG-20190604-WA0021.jpg\",\"contentUrl\":\"https:\/\/www.datecuenta.org\/escuelalibre\/wp-content\/uploads\/2019\/05\/IMG-20190604-WA0021.jpg\",\"width\":1600,\"height\":900},{\"@type\":\"BreadcrumbList\",\"@id\":\"https:\/\/www.datecuenta.org\/escuelalibre\/turismo\/#breadcrumb\",\"itemListElement\":[{\"@type\":\"ListItem\",\"position\":1,\"name\":\"Portada\",\"item\":\"https:\/\/www.datecuenta.org\/escuelalibre\/\"},{\"@type\":\"ListItem\",\"position\":2,\"name\":\"As\u00ed fue el festival de fotograf\u00eda, periodismo y cine sobre el turismo en Barcelona\"}]},{\"@type\":\"WebSite\",\"@id\":\"https:\/\/www.datecuenta.org\/escuelalibre\/#website\",\"url\":\"https:\/\/www.datecuenta.org\/escuelalibre\/\",\"name\":\"Escuela de fotograf\u00eda en Barcelona | DateCuenta\",\"description\":\"\",\"potentialAction\":[{\"@type\":\"SearchAction\",\"target\":{\"@type\":\"EntryPoint\",\"urlTemplate\":\"https:\/\/www.datecuenta.org\/escuelalibre\/?s={search_term_string}\"},\"query-input\":{\"@type\":\"PropertyValueSpecification\",\"valueRequired\":true,\"valueName\":\"search_term_string\"}}],\"inLanguage\":\"es\"},{\"@type\":\"Person\",\"@id\":\"https:\/\/www.datecuenta.org\/escuelalibre\/#\/schema\/person\/2461c4b87eecd19501ff25c8158edfce\",\"name\":\"Date Cuenta\",\"image\":{\"@type\":\"ImageObject\",\"inLanguage\":\"es\",\"@id\":\"https:\/\/www.datecuenta.org\/escuelalibre\/#\/schema\/person\/image\/\",\"url\":\"https:\/\/secure.gravatar.com\/avatar\/cef072a10d2f235035add558d19bd890155332fc9d829546849b6af5dba440c4?s=96&d=mm&r=g\",\"contentUrl\":\"https:\/\/secure.gravatar.com\/avatar\/cef072a10d2f235035add558d19bd890155332fc9d829546849b6af5dba440c4?s=96&d=mm&r=g\",\"caption\":\"Date Cuenta\"}}]}<\/script>\n<!-- \/ Yoast SEO plugin. -->","yoast_head_json":{"title":"As\u00ed fue el festival de fotograf\u00eda, periodismo y cine sobre el turismo en Barcelona","description":"En este link tienes publicados todos los trabajos finales de fotograf\u00eda, cine documental, fotoperiodismo y escritura. El turismo masivo es el tema central elegido por nuestro alumnado del presente a\u00f1o lectivo 2018\/19.","robots":{"index":"index","follow":"follow","max-snippet":"max-snippet:-1","max-image-preview":"max-image-preview:large","max-video-preview":"max-video-preview:-1"},"canonical":"https:\/\/www.datecuenta.org\/escuelalibre\/turismo\/","og_locale":"es_ES","og_type":"article","og_title":"As\u00ed fue el festival de fotograf\u00eda, periodismo y cine sobre el turismo en Barcelona","og_description":"En este link tienes publicados todos los trabajos finales de fotograf\u00eda, cine documental, fotoperiodismo y escritura. El turismo masivo es el tema central elegido por nuestro alumnado del presente a\u00f1o lectivo 2018\/19.","og_url":"https:\/\/www.datecuenta.org\/escuelalibre\/turismo\/","og_site_name":"Escuela de fotograf\u00eda en Barcelona | DateCuenta","article_published_time":"2019-05-12T21:26:38+00:00","article_modified_time":"2019-07-24T07:51:12+00:00","og_image":[{"width":1600,"height":900,"url":"https:\/\/www.datecuenta.org\/escuelalibre\/wp-content\/uploads\/2019\/06\/IMG-20190604-WA0021.jpg","type":"image\/jpeg"}],"author":"Date Cuenta","twitter_card":"summary_large_image","twitter_misc":{"Escrito por":"Date Cuenta","Tiempo de lectura":"2 minutos"},"schema":{"@context":"https:\/\/schema.org","@graph":[{"@type":"Article","@id":"https:\/\/www.datecuenta.org\/escuelalibre\/turismo\/#article","isPartOf":{"@id":"https:\/\/www.datecuenta.org\/escuelalibre\/turismo\/"},"author":{"name":"Date Cuenta","@id":"https:\/\/www.datecuenta.org\/escuelalibre\/#\/schema\/person\/2461c4b87eecd19501ff25c8158edfce"},"headline":"As\u00ed fue el festival de fotograf\u00eda, periodismo y cine sobre el turismo en Barcelona","datePublished":"2019-05-12T21:26:38+00:00","dateModified":"2019-07-24T07:51:12+00:00","mainEntityOfPage":{"@id":"https:\/\/www.datecuenta.org\/escuelalibre\/turismo\/"},"wordCount":371,"image":{"@id":"https:\/\/www.datecuenta.org\/escuelalibre\/turismo\/#primaryimage"},"thumbnailUrl":"https:\/\/www.datecuenta.org\/escuelalibre\/wp-content\/uploads\/2019\/05\/IMG-20190604-WA0021.jpg","articleSection":["BLOG"],"inLanguage":"es"},{"@type":"WebPage","@id":"https:\/\/www.datecuenta.org\/escuelalibre\/turismo\/","url":"https:\/\/www.datecuenta.org\/escuelalibre\/turismo\/","name":"As\u00ed fue el festival de fotograf\u00eda, periodismo y cine sobre el turismo en Barcelona","isPartOf":{"@id":"https:\/\/www.datecuenta.org\/escuelalibre\/#website"},"primaryImageOfPage":{"@id":"https:\/\/www.datecuenta.org\/escuelalibre\/turismo\/#primaryimage"},"image":{"@id":"https:\/\/www.datecuenta.org\/escuelalibre\/turismo\/#primaryimage"},"thumbnailUrl":"https:\/\/www.datecuenta.org\/escuelalibre\/wp-content\/uploads\/2019\/05\/IMG-20190604-WA0021.jpg","datePublished":"2019-05-12T21:26:38+00:00","dateModified":"2019-07-24T07:51:12+00:00","author":{"@id":"https:\/\/www.datecuenta.org\/escuelalibre\/#\/schema\/person\/2461c4b87eecd19501ff25c8158edfce"},"description":"En este link tienes publicados todos los trabajos finales de fotograf\u00eda, cine documental, fotoperiodismo y escritura. El turismo masivo es el tema central elegido por nuestro alumnado del presente a\u00f1o lectivo 2018\/19.","breadcrumb":{"@id":"https:\/\/www.datecuenta.org\/escuelalibre\/turismo\/#breadcrumb"},"inLanguage":"es","potentialAction":[{"@type":"ReadAction","target":["https:\/\/www.datecuenta.org\/escuelalibre\/turismo\/"]}]},{"@type":"ImageObject","inLanguage":"es","@id":"https:\/\/www.datecuenta.org\/escuelalibre\/turismo\/#primaryimage","url":"https:\/\/www.datecuenta.org\/escuelalibre\/wp-content\/uploads\/2019\/05\/IMG-20190604-WA0021.jpg","contentUrl":"https:\/\/www.datecuenta.org\/escuelalibre\/wp-content\/uploads\/2019\/05\/IMG-20190604-WA0021.jpg","width":1600,"height":900},{"@type":"BreadcrumbList","@id":"https:\/\/www.datecuenta.org\/escuelalibre\/turismo\/#breadcrumb","itemListElement":[{"@type":"ListItem","position":1,"name":"Portada","item":"https:\/\/www.datecuenta.org\/escuelalibre\/"},{"@type":"ListItem","position":2,"name":"As\u00ed fue el festival de fotograf\u00eda, periodismo y cine sobre el turismo en Barcelona"}]},{"@type":"WebSite","@id":"https:\/\/www.datecuenta.org\/escuelalibre\/#website","url":"https:\/\/www.datecuenta.org\/escuelalibre\/","name":"Escuela de fotograf\u00eda en Barcelona | DateCuenta","description":"","potentialAction":[{"@type":"SearchAction","target":{"@type":"EntryPoint","urlTemplate":"https:\/\/www.datecuenta.org\/escuelalibre\/?s={search_term_string}"},"query-input":{"@type":"PropertyValueSpecification","valueRequired":true,"valueName":"search_term_string"}}],"inLanguage":"es"},{"@type":"Person","@id":"https:\/\/www.datecuenta.org\/escuelalibre\/#\/schema\/person\/2461c4b87eecd19501ff25c8158edfce","name":"Date Cuenta","image":{"@type":"ImageObject","inLanguage":"es","@id":"https:\/\/www.datecuenta.org\/escuelalibre\/#\/schema\/person\/image\/","url":"https:\/\/secure.gravatar.com\/avatar\/cef072a10d2f235035add558d19bd890155332fc9d829546849b6af5dba440c4?s=96&d=mm&r=g","contentUrl":"https:\/\/secure.gravatar.com\/avatar\/cef072a10d2f235035add558d19bd890155332fc9d829546849b6af5dba440c4?s=96&d=mm&r=g","caption":"Date Cuenta"}}]}},"_links":{"self":[{"href":"https:\/\/www.datecuenta.org\/escuelalibre\/wp-json\/wp\/v2\/posts\/3323","targetHints":{"allow":["GET"]}}],"collection":[{"href":"https:\/\/www.datecuenta.org\/escuelalibre\/wp-json\/wp\/v2\/posts"}],"about":[{"href":"https:\/\/www.datecuenta.org\/escuelalibre\/wp-json\/wp\/v2\/types\/post"}],"author":[{"embeddable":true,"href":"https:\/\/www.datecuenta.org\/escuelalibre\/wp-json\/wp\/v2\/users\/1001002"}],"replies":[{"embeddable":true,"href":"https:\/\/www.datecuenta.org\/escuelalibre\/wp-json\/wp\/v2\/comments?post=3323"}],"version-history":[{"count":15,"href":"https:\/\/www.datecuenta.org\/escuelalibre\/wp-json\/wp\/v2\/posts\/3323\/revisions"}],"predecessor-version":[{"id":3557,"href":"https:\/\/www.datecuenta.org\/escuelalibre\/wp-json\/wp\/v2\/posts\/3323\/revisions\/3557"}],"wp:featuredmedia":[{"embeddable":true,"href":"https:\/\/www.datecuenta.org\/escuelalibre\/wp-json\/wp\/v2\/media\/3346"}],"wp:attachment":[{"href":"https:\/\/www.datecuenta.org\/escuelalibre\/wp-json\/wp\/v2\/media?parent=3323"}],"wp:term":[{"taxonomy":"category","embeddable":true,"href":"https:\/\/www.datecuenta.org\/escuelalibre\/wp-json\/wp\/v2\/categories?post=3323"},{"taxonomy":"post_tag","embeddable":true,"href":"https:\/\/www.datecuenta.org\/escuelalibre\/wp-json\/wp\/v2\/tags?post=3323"}],"curies":[{"name":"wp","href":"https:\/\/api.w.org\/{rel}","templated":true}]}}