{"id":3652,"date":"2019-09-26T08:46:59","date_gmt":"2019-09-26T08:46:59","guid":{"rendered":"https:\/\/www.datecuenta.org\/escuelalibre\/?p=3652"},"modified":"2019-09-26T08:47:20","modified_gmt":"2019-09-26T08:47:20","slug":"primera-muestra-cine-documental-datecuenta","status":"publish","type":"post","link":"https:\/\/www.datecuenta.org\/escuelalibre\/primera-muestra-cine-documental-datecuenta\/","title":{"rendered":"Primera muestra de Cine Documental DateCuenta"},"content":{"rendered":"\n<p> \u201cUn pa\u00eds sin cine documental es como una familia sin \u00e1lbum de fotograf\u00edas\u201d. Nuestro docente del <strong><a rel=\"noreferrer noopener\" aria-label=\"Curso de Cine Documenta (abre en una nueva pesta\u00f1a)\" href=\"https:\/\/www.datecuenta.org\/escuelalibre\/curso-cine\/\" target=\"_blank\">Curso de Cine Documental<\/a><\/strong> y documentalista, <strong>Javier Guerra,<\/strong> recupera esta cita de <strong>Patricio Guzm\u00e1n<\/strong>, uno de los cineastas chilenos de mayor reconocimiento internacional, para recordarnos la importancia que tiene esta disciplina como herramienta de memoria de pa\u00eds. As\u00ed pues, \u00bfcu\u00e1l es el \u00e1lbum familiar que han construido nuestros alumnos? Como ya sab\u00e9is, los alumnos de la Escuela DateCuenta tienen que entregar a final de curso un proyecto final donde muestren todo lo aprendido en clase, pero adem\u00e1s, este a\u00f1o, van a presentar sus proyectos en la <strong>Primera Muestra de Cine Documental DateCuenta<\/strong> que tendr\u00e1 lugar el s\u00e1bado 19 de octubre a las 17h en el Centre C\u00edvic Pati Llimona.<\/p>\n\n\n\n<p><strong>Por WAYRA FICAPAL | <a rel=\"noreferrer noopener\" href=\"http:\/\/twitter.com\/wayraficapal\" target=\"_blank\">@wayraficapal<\/a><\/strong><\/p>\n\n\n\n<figure class=\"wp-block-image\"><img loading=\"lazy\" decoding=\"async\" width=\"1024\" height=\"536\" src=\"http:\/\/www.datecuenta.org\/escuelalibre\/wp-content\/uploads\/2019\/09\/primera-muestra-de-cine-documental-datecuenta-02-1-1024x536.jpg\" alt=\"Primera Muestra de Cine Documental DateCuenta\" class=\"wp-image-3658\" srcset=\"https:\/\/www.datecuenta.org\/escuelalibre\/wp-content\/uploads\/2019\/09\/primera-muestra-de-cine-documental-datecuenta-02-1-1024x536.jpg 1024w, https:\/\/www.datecuenta.org\/escuelalibre\/wp-content\/uploads\/2019\/09\/primera-muestra-de-cine-documental-datecuenta-02-1-300x157.jpg 300w, https:\/\/www.datecuenta.org\/escuelalibre\/wp-content\/uploads\/2019\/09\/primera-muestra-de-cine-documental-datecuenta-02-1-768x402.jpg 768w, https:\/\/www.datecuenta.org\/escuelalibre\/wp-content\/uploads\/2019\/09\/primera-muestra-de-cine-documental-datecuenta-02-1-436x228.jpg 436w, https:\/\/www.datecuenta.org\/escuelalibre\/wp-content\/uploads\/2019\/09\/primera-muestra-de-cine-documental-datecuenta-02-1-1112x582.jpg 1112w, https:\/\/www.datecuenta.org\/escuelalibre\/wp-content\/uploads\/2019\/09\/primera-muestra-de-cine-documental-datecuenta-02-1.jpg 1667w\" sizes=\"(max-width: 1024px) 100vw, 1024px\" \/><\/figure>\n\n\n\n<p> La felicidad como concepto, enfermedades minoritarias, transexualidad infantil y relaciones a distancia son algunas de las tem\u00e1ticas que ha querido explorar el alumnado.<strong> \u201cTemas muy variados que permiten ver el punto de vista \u00fanico que tiene cada persona sobre el mundo\u201d<\/strong>, subraya Guerra que asegura que le ha sorprendido c\u00f3mo \u201chay alumnos que llegan a sus clases sin saber nada sobre cine documental y al final sacan adelante un buen cortometraje\u201d.<\/p>\n\n\n\n<p>La muestra de cine documental constar\u00e1, por una parte de la proyecci\u00f3n de 7 cortos documentales y por otra, de un peque\u00f1o coloquio donde los autores explicaran sus proyectos y contestar\u00e1n las preguntas del p\u00fablico.  La entrada es gratuita<\/p>\n\n\n\n<p> <\/p>\n\n\n\n<h2 class=\"wp-block-heading\"><strong>Siete cortos documentales que no te dejar\u00e1n indiferente <\/strong> <\/h2>\n\n\n\n<p>\u2018<strong>Aliona\u2019 de Monica Castro<\/strong><\/p>\n\n\n\n<p>Carme (59) viaj\u00f3 a Ucrania en el a\u00f1o 2000 para adoptar a Aliona (21). Lo que Carme no esperaba es que su hija, una chica aparentemente normal, padecer\u00eda las consecuencias de un mal h\u00e1bito por parte de su madre biol\u00f3gica durante el embarazo.  <\/p>\n\n\n\n<p>\u2018<strong>De mestre a acompanyant\u2019 de Berta Tresserras<\/strong><\/p>\n\n\n\n<p>\u00c0gata estudi\u00f3 Educaci\u00f3n Primaria y aunque aprendi\u00f3 y disfrut\u00f3 mucho, no ha querido ejercer nunca como maestra en un sistema educativo que considera r\u00edgido, herm\u00e9tico y que tiene poco en cuenta las necesidades reales de cada ni\u00f1o. Con 24 a\u00f1os y al inicio de su carrera profesional, \u00c0gata ha empezado un viaje para descubrir otra manera de educar. Aterriza en la comunidad de aprendizaje Riu, de Sora, una escuela peque\u00f1a y libre en la que descubrir\u00e1 todo lo que le hace falta para desaprender y donde ir\u00e1 destapando, poco a poco, cu\u00e1l es su futuro en el mundo de la educaci\u00f3n.  <\/p>\n\n\n\n<p>\u2018<strong>Dos sentidos\u2019 de Maja Pilati<\/strong><\/p>\n\n\n\n<p>Una chica de M\u00e9xico y una chica de Italia, viviendo en Barcelona, se encuentran por un match de Tinder y pasan ocho meses escribi\u00e9ndose sin poderse encontrar. Durante estos ocho meses intentan de todas las formas posibles conocerse en persona: se env\u00edan fotos y v\u00eddeos, creando entre ellas una conexi\u00f3n emocional que trasciende la pantalla.  <\/p>\n\n\n\n<p>\u2018<strong>Ella y \u00c9l\u2019 de Cinzia Dur\u00e1n <\/strong> <\/p>\n\n\n\n<p>Este corto documental trata de la relaci\u00f3n que tienen hija (69) y padre (100) en una etapa sensible de su vida, la vejez. Contado desde la residencia donde vive \u00c9l y los alrededores de Castelldefels en Barcelona.  <\/p>\n\n\n\n<p>\u2018<strong>Can Mari Rosi. Apuntes para un documental\u2019 de Lara Mazagatos<\/strong><\/p>\n\n\n\n<p>Un hogar, un espacio como lugar y como protagonista. Donde queda la huella de qui\u00e9n vivi\u00f3 all\u00ed. Nadie ha borrado lo que fue ni lo vendi\u00f3 al pr\u00f3ximo inquilino, sino que qued\u00f3 as\u00ed, congelada, silenciosa, esperando por m\u00e1s de 20 a\u00f1os. Can Mari Rosi fue cerrada en 1996. En 2018 un nuevo habitante entra y decide quedarse a vivir fuera de la l\u00f3gica de mercado. Las casas tienen muchas vidas, tantas como habitantes, como a\u00f1os. Acogen o expulsan vidas pasajeras. Pasajeras por decisi\u00f3n, desahucio o muerte.  <\/p>\n\n\n\n<p>\u2018<strong>Alas de identidad\u2019 de Anna Lea Steccanella<\/strong><\/p>\n\n\n\n<p>Este documental habla sobre la transexualidad infantil en el entorno familiar. Los padres (Olga y Sergi) nos cuentan los pasos que siguieron para apoyar a su hija Ariadna en el momento que ella se identific\u00f3 con otro g\u00e9nero. Hoy en d\u00eda sigue siendo necesario documentar estas historias, para que la gente pueda entender que son situaciones reales, y deben ser normalizadas tanto en el \u00e1mbito escolar como social y pol\u00edtico. La identidad es la conciencia que una persona tiene respecto de s\u00ed misma y que convierte en alguien distinto a los dem\u00e1s.  <\/p>\n\n\n\n<p>\u2018<strong>Huir de espejismos, sentir el vac\u00edo\u2019 de Nazaret Rodr\u00edguez<\/strong><\/p>\n\n\n\n<p>\u2018Huir de espejismos, sentir el vac\u00edo\u2019 habla sobre la lucha entre dos sociedades por propagar la mentira e intentar esconder la verdad, que es la cura a esa epidemia de muertos. Es una met\u00e1fora de la lucha por el poder entre diferentes segmentos del mundo mundial (en este caso peces-humanos, humanos-tard\u00edgrados). En medio de esa lucha surge un valiente (el tard\u00edgrado que es el protagonista), que despierta de la mentira y empieza a llenar sus venas de verdad, pero es lo m\u00e1s cr\u00edtico porque esas dosis de verdad lo hacen caer en un vac\u00edo asfixiante al huir de los espejismos de felicidades primermundistas. Aqu\u00ed tambi\u00e9n empieza una carrera definitiva por no caer en otra complicaci\u00f3n grav\u00edsima que es la hipocres\u00eda cr\u00f3nica.  <\/p>\n\n\n\n<p>Recuerda: la <strong>Primera Muestra de Cine Documental DateCuenta<\/strong> ser\u00e1 el s\u00e1bado  19 de octubre de 2019  a las 17 horas en la sala de actos del Centre C\u00edvic Pati Llimona. \u00danete al evento en facebook aqu\u00ed:  <a href=\"https:\/\/www.facebook.com\/events\/2522506617811248\/\">https:\/\/www.facebook.com\/events\/2522506617811248\/<\/a> <\/p>\n\n\n\n<p>\n<em>*Las rese\u00f1as de los cortos\ndocumentales las han escrito sus propios autores. <\/em>\n<\/p>\n","protected":false},"excerpt":{"rendered":"<p>\u201cUn pa\u00eds sin cine documental es como una familia sin \u00e1lbum de fotograf\u00edas\u201d. Nuestro docente del Curso de Cine Documental y documentalista, Javier Guerra, recupera esta cita de Patricio Guzm\u00e1n, uno de los cineastas chilenos de mayor reconocimiento internacional, para recordarnos la importancia que tiene esta disciplina como herramienta de memoria de pa\u00eds. As\u00ed pues, [&hellip;]<\/p>\n","protected":false},"author":1001002,"featured_media":3656,"comment_status":"closed","ping_status":"closed","sticky":false,"template":"","format":"standard","meta":{"_et_pb_use_builder":"","_et_pb_old_content":"","_et_gb_content_width":"","content-type":"","_monsterinsights_skip_tracking":false,"_monsterinsights_sitenote_active":false,"_monsterinsights_sitenote_note":"","_monsterinsights_sitenote_category":0,"_joinchat":[],"footnotes":""},"categories":[187],"tags":[],"class_list":["post-3652","post","type-post","status-publish","format-standard","has-post-thumbnail","hentry","category-noticias"],"yoast_head":"<!-- This site is optimized with the Yoast SEO plugin v26.9 - https:\/\/yoast.com\/product\/yoast-seo-wordpress\/ -->\n<title>Primera muestra de Cine Documental DateCuenta<\/title>\n<meta name=\"description\" content=\"Las alumnas de la Escuela DateCuenta realizan por primera vez una muestra de cine documental: siete proyectos finales que no te dejar\u00e1n indiferente.\" \/>\n<meta name=\"robots\" content=\"index, follow, max-snippet:-1, max-image-preview:large, max-video-preview:-1\" \/>\n<link rel=\"canonical\" href=\"https:\/\/www.datecuenta.org\/escuelalibre\/primera-muestra-cine-documental-datecuenta\/\" \/>\n<meta property=\"og:locale\" content=\"es_ES\" \/>\n<meta property=\"og:type\" content=\"article\" \/>\n<meta property=\"og:title\" content=\"Primera muestra de Cine Documental DateCuenta\" \/>\n<meta property=\"og:description\" content=\"Las alumnas de la Escuela DateCuenta realizan por primera vez una muestra de cine documental: siete proyectos finales que no te dejar\u00e1n indiferente.\" \/>\n<meta property=\"og:url\" content=\"https:\/\/www.datecuenta.org\/escuelalibre\/primera-muestra-cine-documental-datecuenta\/\" \/>\n<meta property=\"og:site_name\" content=\"Escuela de fotograf\u00eda en Barcelona | DateCuenta\" \/>\n<meta property=\"article:published_time\" content=\"2019-09-26T08:46:59+00:00\" \/>\n<meta property=\"article:modified_time\" content=\"2019-09-26T08:47:20+00:00\" \/>\n<meta property=\"og:image\" content=\"https:\/\/www.datecuenta.org\/escuelalibre\/wp-content\/uploads\/2019\/09\/primera-muestra-de-cine-documental-datecuenta-02.jpg\" \/>\n\t<meta property=\"og:image:width\" content=\"1667\" \/>\n\t<meta property=\"og:image:height\" content=\"873\" \/>\n\t<meta property=\"og:image:type\" content=\"image\/jpeg\" \/>\n<meta name=\"author\" content=\"Date Cuenta\" \/>\n<meta name=\"twitter:card\" content=\"summary_large_image\" \/>\n<meta name=\"twitter:label1\" content=\"Escrito por\" \/>\n\t<meta name=\"twitter:data1\" content=\"Date Cuenta\" \/>\n\t<meta name=\"twitter:label2\" content=\"Tiempo de lectura\" \/>\n\t<meta name=\"twitter:data2\" content=\"5 minutos\" \/>\n<script type=\"application\/ld+json\" class=\"yoast-schema-graph\">{\"@context\":\"https:\/\/schema.org\",\"@graph\":[{\"@type\":\"Article\",\"@id\":\"https:\/\/www.datecuenta.org\/escuelalibre\/primera-muestra-cine-documental-datecuenta\/#article\",\"isPartOf\":{\"@id\":\"https:\/\/www.datecuenta.org\/escuelalibre\/primera-muestra-cine-documental-datecuenta\/\"},\"author\":{\"name\":\"Date Cuenta\",\"@id\":\"https:\/\/www.datecuenta.org\/escuelalibre\/#\/schema\/person\/2461c4b87eecd19501ff25c8158edfce\"},\"headline\":\"Primera muestra de Cine Documental DateCuenta\",\"datePublished\":\"2019-09-26T08:46:59+00:00\",\"dateModified\":\"2019-09-26T08:47:20+00:00\",\"mainEntityOfPage\":{\"@id\":\"https:\/\/www.datecuenta.org\/escuelalibre\/primera-muestra-cine-documental-datecuenta\/\"},\"wordCount\":939,\"image\":{\"@id\":\"https:\/\/www.datecuenta.org\/escuelalibre\/primera-muestra-cine-documental-datecuenta\/#primaryimage\"},\"thumbnailUrl\":\"https:\/\/www.datecuenta.org\/escuelalibre\/wp-content\/uploads\/2019\/09\/primera-muestra-de-cine-documental-datecuenta-02.jpg\",\"articleSection\":[\"BLOG\"],\"inLanguage\":\"es\"},{\"@type\":\"WebPage\",\"@id\":\"https:\/\/www.datecuenta.org\/escuelalibre\/primera-muestra-cine-documental-datecuenta\/\",\"url\":\"https:\/\/www.datecuenta.org\/escuelalibre\/primera-muestra-cine-documental-datecuenta\/\",\"name\":\"Primera muestra de Cine Documental DateCuenta\",\"isPartOf\":{\"@id\":\"https:\/\/www.datecuenta.org\/escuelalibre\/#website\"},\"primaryImageOfPage\":{\"@id\":\"https:\/\/www.datecuenta.org\/escuelalibre\/primera-muestra-cine-documental-datecuenta\/#primaryimage\"},\"image\":{\"@id\":\"https:\/\/www.datecuenta.org\/escuelalibre\/primera-muestra-cine-documental-datecuenta\/#primaryimage\"},\"thumbnailUrl\":\"https:\/\/www.datecuenta.org\/escuelalibre\/wp-content\/uploads\/2019\/09\/primera-muestra-de-cine-documental-datecuenta-02.jpg\",\"datePublished\":\"2019-09-26T08:46:59+00:00\",\"dateModified\":\"2019-09-26T08:47:20+00:00\",\"author\":{\"@id\":\"https:\/\/www.datecuenta.org\/escuelalibre\/#\/schema\/person\/2461c4b87eecd19501ff25c8158edfce\"},\"description\":\"Las alumnas de la Escuela DateCuenta realizan por primera vez una muestra de cine documental: siete proyectos finales que no te dejar\u00e1n indiferente.\",\"breadcrumb\":{\"@id\":\"https:\/\/www.datecuenta.org\/escuelalibre\/primera-muestra-cine-documental-datecuenta\/#breadcrumb\"},\"inLanguage\":\"es\",\"potentialAction\":[{\"@type\":\"ReadAction\",\"target\":[\"https:\/\/www.datecuenta.org\/escuelalibre\/primera-muestra-cine-documental-datecuenta\/\"]}]},{\"@type\":\"ImageObject\",\"inLanguage\":\"es\",\"@id\":\"https:\/\/www.datecuenta.org\/escuelalibre\/primera-muestra-cine-documental-datecuenta\/#primaryimage\",\"url\":\"https:\/\/www.datecuenta.org\/escuelalibre\/wp-content\/uploads\/2019\/09\/primera-muestra-de-cine-documental-datecuenta-02.jpg\",\"contentUrl\":\"https:\/\/www.datecuenta.org\/escuelalibre\/wp-content\/uploads\/2019\/09\/primera-muestra-de-cine-documental-datecuenta-02.jpg\",\"width\":1667,\"height\":873},{\"@type\":\"BreadcrumbList\",\"@id\":\"https:\/\/www.datecuenta.org\/escuelalibre\/primera-muestra-cine-documental-datecuenta\/#breadcrumb\",\"itemListElement\":[{\"@type\":\"ListItem\",\"position\":1,\"name\":\"Portada\",\"item\":\"https:\/\/www.datecuenta.org\/escuelalibre\/\"},{\"@type\":\"ListItem\",\"position\":2,\"name\":\"Primera muestra de Cine Documental DateCuenta\"}]},{\"@type\":\"WebSite\",\"@id\":\"https:\/\/www.datecuenta.org\/escuelalibre\/#website\",\"url\":\"https:\/\/www.datecuenta.org\/escuelalibre\/\",\"name\":\"Escuela de fotograf\u00eda en Barcelona | DateCuenta\",\"description\":\"\",\"potentialAction\":[{\"@type\":\"SearchAction\",\"target\":{\"@type\":\"EntryPoint\",\"urlTemplate\":\"https:\/\/www.datecuenta.org\/escuelalibre\/?s={search_term_string}\"},\"query-input\":{\"@type\":\"PropertyValueSpecification\",\"valueRequired\":true,\"valueName\":\"search_term_string\"}}],\"inLanguage\":\"es\"},{\"@type\":\"Person\",\"@id\":\"https:\/\/www.datecuenta.org\/escuelalibre\/#\/schema\/person\/2461c4b87eecd19501ff25c8158edfce\",\"name\":\"Date Cuenta\",\"image\":{\"@type\":\"ImageObject\",\"inLanguage\":\"es\",\"@id\":\"https:\/\/www.datecuenta.org\/escuelalibre\/#\/schema\/person\/image\/\",\"url\":\"https:\/\/secure.gravatar.com\/avatar\/cef072a10d2f235035add558d19bd890155332fc9d829546849b6af5dba440c4?s=96&d=mm&r=g\",\"contentUrl\":\"https:\/\/secure.gravatar.com\/avatar\/cef072a10d2f235035add558d19bd890155332fc9d829546849b6af5dba440c4?s=96&d=mm&r=g\",\"caption\":\"Date Cuenta\"}}]}<\/script>\n<!-- \/ Yoast SEO plugin. -->","yoast_head_json":{"title":"Primera muestra de Cine Documental DateCuenta","description":"Las alumnas de la Escuela DateCuenta realizan por primera vez una muestra de cine documental: siete proyectos finales que no te dejar\u00e1n indiferente.","robots":{"index":"index","follow":"follow","max-snippet":"max-snippet:-1","max-image-preview":"max-image-preview:large","max-video-preview":"max-video-preview:-1"},"canonical":"https:\/\/www.datecuenta.org\/escuelalibre\/primera-muestra-cine-documental-datecuenta\/","og_locale":"es_ES","og_type":"article","og_title":"Primera muestra de Cine Documental DateCuenta","og_description":"Las alumnas de la Escuela DateCuenta realizan por primera vez una muestra de cine documental: siete proyectos finales que no te dejar\u00e1n indiferente.","og_url":"https:\/\/www.datecuenta.org\/escuelalibre\/primera-muestra-cine-documental-datecuenta\/","og_site_name":"Escuela de fotograf\u00eda en Barcelona | DateCuenta","article_published_time":"2019-09-26T08:46:59+00:00","article_modified_time":"2019-09-26T08:47:20+00:00","og_image":[{"width":1667,"height":873,"url":"https:\/\/www.datecuenta.org\/escuelalibre\/wp-content\/uploads\/2019\/09\/primera-muestra-de-cine-documental-datecuenta-02.jpg","type":"image\/jpeg"}],"author":"Date Cuenta","twitter_card":"summary_large_image","twitter_misc":{"Escrito por":"Date Cuenta","Tiempo de lectura":"5 minutos"},"schema":{"@context":"https:\/\/schema.org","@graph":[{"@type":"Article","@id":"https:\/\/www.datecuenta.org\/escuelalibre\/primera-muestra-cine-documental-datecuenta\/#article","isPartOf":{"@id":"https:\/\/www.datecuenta.org\/escuelalibre\/primera-muestra-cine-documental-datecuenta\/"},"author":{"name":"Date Cuenta","@id":"https:\/\/www.datecuenta.org\/escuelalibre\/#\/schema\/person\/2461c4b87eecd19501ff25c8158edfce"},"headline":"Primera muestra de Cine Documental DateCuenta","datePublished":"2019-09-26T08:46:59+00:00","dateModified":"2019-09-26T08:47:20+00:00","mainEntityOfPage":{"@id":"https:\/\/www.datecuenta.org\/escuelalibre\/primera-muestra-cine-documental-datecuenta\/"},"wordCount":939,"image":{"@id":"https:\/\/www.datecuenta.org\/escuelalibre\/primera-muestra-cine-documental-datecuenta\/#primaryimage"},"thumbnailUrl":"https:\/\/www.datecuenta.org\/escuelalibre\/wp-content\/uploads\/2019\/09\/primera-muestra-de-cine-documental-datecuenta-02.jpg","articleSection":["BLOG"],"inLanguage":"es"},{"@type":"WebPage","@id":"https:\/\/www.datecuenta.org\/escuelalibre\/primera-muestra-cine-documental-datecuenta\/","url":"https:\/\/www.datecuenta.org\/escuelalibre\/primera-muestra-cine-documental-datecuenta\/","name":"Primera muestra de Cine Documental DateCuenta","isPartOf":{"@id":"https:\/\/www.datecuenta.org\/escuelalibre\/#website"},"primaryImageOfPage":{"@id":"https:\/\/www.datecuenta.org\/escuelalibre\/primera-muestra-cine-documental-datecuenta\/#primaryimage"},"image":{"@id":"https:\/\/www.datecuenta.org\/escuelalibre\/primera-muestra-cine-documental-datecuenta\/#primaryimage"},"thumbnailUrl":"https:\/\/www.datecuenta.org\/escuelalibre\/wp-content\/uploads\/2019\/09\/primera-muestra-de-cine-documental-datecuenta-02.jpg","datePublished":"2019-09-26T08:46:59+00:00","dateModified":"2019-09-26T08:47:20+00:00","author":{"@id":"https:\/\/www.datecuenta.org\/escuelalibre\/#\/schema\/person\/2461c4b87eecd19501ff25c8158edfce"},"description":"Las alumnas de la Escuela DateCuenta realizan por primera vez una muestra de cine documental: siete proyectos finales que no te dejar\u00e1n indiferente.","breadcrumb":{"@id":"https:\/\/www.datecuenta.org\/escuelalibre\/primera-muestra-cine-documental-datecuenta\/#breadcrumb"},"inLanguage":"es","potentialAction":[{"@type":"ReadAction","target":["https:\/\/www.datecuenta.org\/escuelalibre\/primera-muestra-cine-documental-datecuenta\/"]}]},{"@type":"ImageObject","inLanguage":"es","@id":"https:\/\/www.datecuenta.org\/escuelalibre\/primera-muestra-cine-documental-datecuenta\/#primaryimage","url":"https:\/\/www.datecuenta.org\/escuelalibre\/wp-content\/uploads\/2019\/09\/primera-muestra-de-cine-documental-datecuenta-02.jpg","contentUrl":"https:\/\/www.datecuenta.org\/escuelalibre\/wp-content\/uploads\/2019\/09\/primera-muestra-de-cine-documental-datecuenta-02.jpg","width":1667,"height":873},{"@type":"BreadcrumbList","@id":"https:\/\/www.datecuenta.org\/escuelalibre\/primera-muestra-cine-documental-datecuenta\/#breadcrumb","itemListElement":[{"@type":"ListItem","position":1,"name":"Portada","item":"https:\/\/www.datecuenta.org\/escuelalibre\/"},{"@type":"ListItem","position":2,"name":"Primera muestra de Cine Documental DateCuenta"}]},{"@type":"WebSite","@id":"https:\/\/www.datecuenta.org\/escuelalibre\/#website","url":"https:\/\/www.datecuenta.org\/escuelalibre\/","name":"Escuela de fotograf\u00eda en Barcelona | DateCuenta","description":"","potentialAction":[{"@type":"SearchAction","target":{"@type":"EntryPoint","urlTemplate":"https:\/\/www.datecuenta.org\/escuelalibre\/?s={search_term_string}"},"query-input":{"@type":"PropertyValueSpecification","valueRequired":true,"valueName":"search_term_string"}}],"inLanguage":"es"},{"@type":"Person","@id":"https:\/\/www.datecuenta.org\/escuelalibre\/#\/schema\/person\/2461c4b87eecd19501ff25c8158edfce","name":"Date Cuenta","image":{"@type":"ImageObject","inLanguage":"es","@id":"https:\/\/www.datecuenta.org\/escuelalibre\/#\/schema\/person\/image\/","url":"https:\/\/secure.gravatar.com\/avatar\/cef072a10d2f235035add558d19bd890155332fc9d829546849b6af5dba440c4?s=96&d=mm&r=g","contentUrl":"https:\/\/secure.gravatar.com\/avatar\/cef072a10d2f235035add558d19bd890155332fc9d829546849b6af5dba440c4?s=96&d=mm&r=g","caption":"Date Cuenta"}}]}},"_links":{"self":[{"href":"https:\/\/www.datecuenta.org\/escuelalibre\/wp-json\/wp\/v2\/posts\/3652","targetHints":{"allow":["GET"]}}],"collection":[{"href":"https:\/\/www.datecuenta.org\/escuelalibre\/wp-json\/wp\/v2\/posts"}],"about":[{"href":"https:\/\/www.datecuenta.org\/escuelalibre\/wp-json\/wp\/v2\/types\/post"}],"author":[{"embeddable":true,"href":"https:\/\/www.datecuenta.org\/escuelalibre\/wp-json\/wp\/v2\/users\/1001002"}],"replies":[{"embeddable":true,"href":"https:\/\/www.datecuenta.org\/escuelalibre\/wp-json\/wp\/v2\/comments?post=3652"}],"version-history":[{"count":5,"href":"https:\/\/www.datecuenta.org\/escuelalibre\/wp-json\/wp\/v2\/posts\/3652\/revisions"}],"predecessor-version":[{"id":3660,"href":"https:\/\/www.datecuenta.org\/escuelalibre\/wp-json\/wp\/v2\/posts\/3652\/revisions\/3660"}],"wp:featuredmedia":[{"embeddable":true,"href":"https:\/\/www.datecuenta.org\/escuelalibre\/wp-json\/wp\/v2\/media\/3656"}],"wp:attachment":[{"href":"https:\/\/www.datecuenta.org\/escuelalibre\/wp-json\/wp\/v2\/media?parent=3652"}],"wp:term":[{"taxonomy":"category","embeddable":true,"href":"https:\/\/www.datecuenta.org\/escuelalibre\/wp-json\/wp\/v2\/categories?post=3652"},{"taxonomy":"post_tag","embeddable":true,"href":"https:\/\/www.datecuenta.org\/escuelalibre\/wp-json\/wp\/v2\/tags?post=3652"}],"curies":[{"name":"wp","href":"https:\/\/api.w.org\/{rel}","templated":true}]}}