{"id":3695,"date":"2019-11-25T21:50:38","date_gmt":"2019-11-25T21:50:38","guid":{"rendered":"https:\/\/www.datecuenta.org\/escuelalibre\/?p=3695"},"modified":"2020-01-26T21:28:03","modified_gmt":"2020-01-26T21:28:03","slug":"amor-cronica-ana-alvarez-errecalde","status":"publish","type":"post","link":"https:\/\/www.datecuenta.org\/escuelalibre\/amor-cronica-ana-alvarez-errecalde\/","title":{"rendered":"El amor: cr\u00f3nica de la masterclase con Ana \u00c1lvarez-Errecalde"},"content":{"rendered":"\n<figure class=\"wp-block-image\"><img loading=\"lazy\" decoding=\"async\" width=\"700\" height=\"467\" src=\"https:\/\/www.datecuenta.org\/escuelalibre\/wp-content\/uploads\/2019\/11\/amor-ana-alvarez-errecalde.jpg\" alt=\"\" class=\"wp-image-3697\" srcset=\"https:\/\/www.datecuenta.org\/escuelalibre\/wp-content\/uploads\/2019\/11\/amor-ana-alvarez-errecalde.jpg 700w, https:\/\/www.datecuenta.org\/escuelalibre\/wp-content\/uploads\/2019\/11\/amor-ana-alvarez-errecalde-150x100.jpg 150w, https:\/\/www.datecuenta.org\/escuelalibre\/wp-content\/uploads\/2019\/11\/amor-ana-alvarez-errecalde-300x200.jpg 300w, https:\/\/www.datecuenta.org\/escuelalibre\/wp-content\/uploads\/2019\/11\/amor-ana-alvarez-errecalde-436x291.jpg 436w, https:\/\/www.datecuenta.org\/escuelalibre\/wp-content\/uploads\/2019\/11\/amor-ana-alvarez-errecalde-673x449.jpg 673w\" sizes=\"(max-width: 700px) 100vw, 700px\" \/><figcaption>Fotograf\u00eda de WAYRA FICAPAL<\/figcaption><\/figure>\n\n\n\n<p>Una\ncincuentena de veces repiten los Beatles: \u00ab<em>All\nyou need is love\u00bb.<\/em><\/p>\n\n\n\n<p>La\ncanci\u00f3n se titula, c\u00f3mo no: <em>All you need\nis love.<\/em> <\/p>\n\n\n\n<p>Todo\nlo que necesitas es amor. <\/p>\n\n\n\n<p>Ya\nse confes\u00f3 la viejecita de la pel\u00edcula <em>Titanic,<\/em>\nque lo que sent\u00eda por su amado le salv\u00f3 en todas las formas en las que alguien\npuede ser salvado. El amado tambi\u00e9n puede ser una c\u00e1mara digital. <\/p>\n\n\n\n<p>El pasado 23 de noviembre, en la Sala Maria Aur\u00e8lia Capmany <em>(El comportamiento amoroso de la mujer)<\/em> del centro c\u00edvico Pati Llimona, el amor brot\u00f3 del proyector con sus evanescentes luces, brot\u00f3 de las sinergias con el p\u00fablico y de los agradecimientos dados. <\/p>\n\n\n\n<p><strong>Por JES\u00daS MART\u00cdNEZ | <a href=\"http:\/\/twitter.com\/reporterojesus\" target=\"_blank\" rel=\"noreferrer noopener\" aria-label=\" (abre en una nueva pesta\u00f1a)\">@reporterojesus<\/a><\/strong><\/p>\n\n\n\n<p>La artista y fot\u00f3grafa Ana \u00c1lvarez-Errecalde (Bah\u00eda Blanca, Argentina, 1973) <a href=\"https:\/\/www.datecuenta.org\/escuelalibre\/wp-admin\/post.php?post=3637&amp;action=edit\" target=\"_blank\" rel=\"noreferrer noopener\" aria-label=\"expuso sus trabajos sobre la maternidad, sobre la condici\u00f3n femenina (abre en una nueva pesta\u00f1a)\">expuso sus trabajos sobre la maternidad, sobre la condici\u00f3n femenina<\/a>, sobre el amor en definitiva. Amor que se vindica: \u00abYo soy la s\u00e9ptima de siete hermanos y nunca he visto una foto de mi madre embarazada\u00bb. <\/p>\n\n\n\n<p>Programada en el marco de las <em>masterclass<\/em> de la escuela de fotograf\u00eda DateCuenta, y ante un nutrido aforo de madres, alumnas y docentes, la charla de dos horas fue presentada por el profesor Aitor Fern\u00e1ndez (\u00absomos una escuela basada en la libre ense\u00f1anza\u00bb).<\/p>\n\n\n\n<p>Irisada\nde una sorprendente aura blanca que sirve de fondo a sus composiciones, tranquilamente\npredispuesta a sondear el alma (escrutable), con la meliflua voz de las\nocarinas, Ana \u00c1lvarez se mesaba el cabello ensortijado, liso como una mecedora,\napoyada en su <em>laptop<\/em> con la pegatina \u00abMujer\n<em>power\u00bb.<\/em> <\/p>\n\n\n\n<p>Acerca de la serie \u00abEl nacimiento de mi hija\u00bb (2005), comparti\u00f3 experiencias que, en su caso, son disparos buenos con la Canon: <strong>\u00abQuise revertir el orden del parto. Normalmente, la mujer que pare es infantilizada, grita y est\u00e1 asustada. Yo quise poner a la mujer en el centro, no al m\u00e9dico\u00bb<\/strong>. <\/p>\n\n\n\n<figure class=\"wp-block-image\"><img loading=\"lazy\" decoding=\"async\" width=\"918\" height=\"425\" src=\"http:\/\/www.datecuenta.org\/escuelalibre\/wp-content\/uploads\/2019\/09\/Ana-Alvarez-Errecalde-fotografia-artistica.jpg\" alt=\"\" class=\"wp-image-3639\" srcset=\"https:\/\/www.datecuenta.org\/escuelalibre\/wp-content\/uploads\/2019\/09\/Ana-Alvarez-Errecalde-fotografia-artistica.jpg 918w, https:\/\/www.datecuenta.org\/escuelalibre\/wp-content\/uploads\/2019\/09\/Ana-Alvarez-Errecalde-fotografia-artistica-300x139.jpg 300w, https:\/\/www.datecuenta.org\/escuelalibre\/wp-content\/uploads\/2019\/09\/Ana-Alvarez-Errecalde-fotografia-artistica-768x356.jpg 768w, https:\/\/www.datecuenta.org\/escuelalibre\/wp-content\/uploads\/2019\/09\/Ana-Alvarez-Errecalde-fotografia-artistica-436x202.jpg 436w\" sizes=\"(max-width: 918px) 100vw, 918px\" \/><figcaption>\u00abEl nacimiento de mi hija\u00bb (2005), obra de ANA \u00c1LVAREZ-ERRECALDE<\/figcaption><\/figure>\n\n\n\n<p>Por\neso define las im\u00e1genes en las que ella sostiene a su beb\u00e9, con la placenta a\nsus pies, como \u00abim\u00e1genes de hechizo\u00bb. <\/p>\n\n\n\n<p>La beb\u00e9 ya se vale por s\u00ed misma. Se llama Milla, cree en el dios wifi \u2013por las veces que consulta los nuevos mensajes en el tel\u00e9fono m\u00f3vil\u2013 y <strong>est\u00e1 orgullos\u00edsima de su primera foto, en brazos de su mam\u00e1: \u00abA veces me da cosa, pero me gusta. As\u00ed es como empez\u00f3 mi vida\u00bb. <\/strong><\/p>\n\n\n\n<p>Al\nhilo de este autorretrato, se mostr\u00f3 el documental <em>Umbilical self-portrait,<\/em> en el que la autora aprende a decir no a\nlos estereotipos (no a la cosificaci\u00f3n de la mujer) para seguir avanzando con\nun s\u00ed rotundo <em>(Lacta est vita).<\/em> <\/p>\n\n\n\n<p>Selecci\u00f3n\nde frases: \u00abme expongo tanto como se puede exponer el espectador: yo pongo\nencima de la mesa mi experiencia; el espectador, sus prejuicios\u00bb; \u00abaprender a\nver\u00bb; \u00abtenemos una conciencia colectiva y unos preconceptos instalados en\nnuestro yo, como un Google interno\u00bb; \u00absalud relacional\u00bb; \u00aben la publicidad de\ncompresas, la sangre es de color azul, asusta la sangre, y la sangre est\u00e1 ligada\nal universo masculino, como fortaleza, como violencia, pero en el nacimiento,\nla sangre da la vida\u00bb\u2026 <\/p>\n\n\n\n<p>Con esta \u00faltima afirmaci\u00f3n, Ana satiriza la \u00abexplotaci\u00f3n a la que se someten los cuerpos de las mujeres\u00bb. En su proyecto \u00abTres gracias sangrantes\u00bb (2012), se empoderan las tres gorditas desnudas de Rubens (Belleza, Abundancia, J\u00fabilo). <\/p>\n\n\n\n<h2 class=\"wp-block-heading\">Un d\u00eda te dicen: \u00abtu hijo va a morir\u00bb. Y se te para la vida.<\/h2>\n\n\n\n<p>Neuqu\u00e9n,\nel primero de los tres hijos de Ana \u00c1lvarez-Errecalde, naci\u00f3 con una anomal\u00eda\ngen\u00e9tica. Los doctores no le daban m\u00e1s de dos a\u00f1os de vida. Se equivocaron. <\/p>\n\n\n\n<p>\u00ab<strong>Un d\u00eda te dicen: \u201ctu hijo va a morir\u201d. Y se te para la vida.<\/strong> Pero\u2026 [se enternece, el pl\u00e1cido mar de los sinf\u00f3nicos Haevn], pero yo no quise ser la excusa de mis propias limitaciones. <strong>As\u00ed que la \u00fanica pregunta que me pude hacer es: \u00bfestoy dispuesta a amar? <\/strong>Yo he aceptado lo que la vida me ha dado, venga como venga, dure lo que dure. <strong>El miedo es como un monstruo, hay que mirarle a los ojos<\/strong>\u00bb. <\/p>\n\n\n\n<figure class=\"wp-block-image\"><img loading=\"lazy\" decoding=\"async\" width=\"709\" height=\"405\" src=\"http:\/\/www.datecuenta.org\/escuelalibre\/wp-content\/uploads\/2019\/11\/amor-ana-alvarez-errecalde-1.jpg\" alt=\"el amor cronica ana alvarez errecalde\" class=\"wp-image-3698\" srcset=\"https:\/\/www.datecuenta.org\/escuelalibre\/wp-content\/uploads\/2019\/11\/amor-ana-alvarez-errecalde-1.jpg 709w, https:\/\/www.datecuenta.org\/escuelalibre\/wp-content\/uploads\/2019\/11\/amor-ana-alvarez-errecalde-1-300x171.jpg 300w, https:\/\/www.datecuenta.org\/escuelalibre\/wp-content\/uploads\/2019\/11\/amor-ana-alvarez-errecalde-1-436x249.jpg 436w\" sizes=\"(max-width: 709px) 100vw, 709px\" \/><\/figure>\n\n\n\n<p>El\namor como sost\u00e9n. El amor que da alas (no Red Bull). El amor como existencia. <\/p>\n\n\n\n<p>V\u00ednculo.\nForma. Asa. <\/p>\n\n\n\n<p><em>\u00abEveryday I love you more and more\u00bb,<\/em> le cant\u00f3 el enamorado Ewan\nMcGregor a una esplendorosa Nicole Kidman en <em>Moulin Rouge.<\/em><\/p>\n\n\n\n<p>El\namor que le dedica el novelista Jerzy Kosinsky a su estimada Katherina, en la\nprimera p\u00e1gina de <em>Desde el jard\u00edn:<\/em> \u00abquien\nme ense\u00f1\u00f3 que el amor es algo m\u00e1s que el anhelo de estar juntos\u00bb. <\/p>\n\n\n\n<p>El\namor que se sorprende en las cartas de Ernesto Sabato <em>(La resistencia): <\/em>\u00abqu\u00e9 grandiosa y conmovedora es la presencia de\nla bondad en medio de la ferocidad y la violencia\u00bb. <\/p>\n\n\n\n<p>En boca de Ana, el amor asciende, se\nevapora, se condensa. Cae en gotas transl\u00facidas: <\/p>\n\n\n\n<p>\u00abEn la vida no hay certezas. La\nenfermedad forma parte de la vida. La muerte forma parte de la vida\u00bb. <\/p>\n\n\n\n<p><strong>\u00abLa vida y la muerte pasa en los hospitales. Pero si los llevamos a las casas, como antes, la vida y la muerte se naturalizan, que es como ha de ser. Y eso ayuda a cuidar\u00bb. <\/strong><\/p>\n\n\n\n<p>\u00abEn nuestra sociedad se empaqueta la\nmuerte, se quiere que pase r\u00e1pido, que no se note apenas, es una muerte\ncomprada\u00bb. <\/p>\n\n\n\n<p>\u00abLa felicidad son momentos\nespont\u00e1neos\u00bb. <\/p>\n\n\n\n<p>\u00abLa belleza en la diferencia\u00bb. <\/p>\n\n\n\n<p>La historia de Ana \u00c1lvarez-Errecalde, radicada en Barcelona (de ah\u00ed su propuesta con las \u00abIslas migrantes\u00bb), se basa en el profundo conocimiento del amor. <\/p>\n\n\n\n<figure class=\"wp-block-image\"><img loading=\"lazy\" decoding=\"async\" width=\"700\" height=\"467\" src=\"https:\/\/www.datecuenta.org\/escuelalibre\/wp-content\/uploads\/2019\/11\/amor-ana-alvarez-errecalde-tribu.jpg\" alt=\"\" class=\"wp-image-3701\" srcset=\"https:\/\/www.datecuenta.org\/escuelalibre\/wp-content\/uploads\/2019\/11\/amor-ana-alvarez-errecalde-tribu.jpg 700w, https:\/\/www.datecuenta.org\/escuelalibre\/wp-content\/uploads\/2019\/11\/amor-ana-alvarez-errecalde-tribu-150x100.jpg 150w, https:\/\/www.datecuenta.org\/escuelalibre\/wp-content\/uploads\/2019\/11\/amor-ana-alvarez-errecalde-tribu-300x200.jpg 300w, https:\/\/www.datecuenta.org\/escuelalibre\/wp-content\/uploads\/2019\/11\/amor-ana-alvarez-errecalde-tribu-436x291.jpg 436w, https:\/\/www.datecuenta.org\/escuelalibre\/wp-content\/uploads\/2019\/11\/amor-ana-alvarez-errecalde-tribu-673x449.jpg 673w\" sizes=\"(max-width: 700px) 100vw, 700px\" \/><figcaption>Tribu (2016), fotograf\u00eda de ANA \u00c1LVAREZ-ERRECALDE<\/figcaption><\/figure>\n\n\n\n<h2 class=\"wp-block-heading\">Cincuenta veces amor<\/h2>\n\n\n\n<p>El amor antes que la herej\u00eda. <\/p>\n\n\n\n<p>El amor antes que Eva, que pari\u00f3 una\ncostilla o algo as\u00ed.<\/p>\n\n\n\n<p>El amor antes que la religi\u00f3n. <\/p>\n\n\n\n<p>El amor antes que el apego.<\/p>\n\n\n\n<p>El amor antes que la farsa.<\/p>\n\n\n\n<p>El amor que no es imposible. <\/p>\n\n\n\n<p>El amor antes que el maleficio.<\/p>\n\n\n\n<p>El amor antes que la lluvia.<\/p>\n\n\n\n<p>El amor antes que la espera.<\/p>\n\n\n\n<p>El amor antes que la cruz. <\/p>\n\n\n\n<p>El amor antes que la s\u00f3rdida soledad\nde la huida. <\/p>\n\n\n\n<p>El amor como ant\u00eddoto.<\/p>\n\n\n\n<p>El amor como profec\u00eda. <\/p>\n\n\n\n<p>El amor como olvido.<\/p>\n\n\n\n<p>El amor b\u00edblico: \u00abHay un tiempo para\namar\u2026\u00bb.<\/p>\n\n\n\n<p>El amor antes que el odio.<\/p>\n\n\n\n<p>El amor como cita: \u00abEl amor es el anhelo de salir de uno\nmismo\u00bb.<\/p>\n\n\n\n<p><strong>A la artista argentina Ana \u00c1lvarez-Errecalde la salv\u00f3 el amor incondicional hacia sus hijos.<\/strong> La salv\u00f3, sin duda. La salv\u00f3 como Jack Dawson salv\u00f3 a Rose Calvert en <em>Titanic.<\/em> <\/p>\n\n\n\n<p>Amor por Neuqu\u00e9n (\u00abno es un producto fallido\u00bb), a quien fotografi\u00f3 en un encuadre que remite a la <em>Piet\u00e0<\/em> de Miguel \u00c1ngel. \u2013Se trata de la \u00abLa anunciaci\u00f3n\u00bb, <a href=\"https:\/\/alvarezerrecalde.com\/portfolio\/las-cuatro-estaciones\/\" target=\"_blank\" rel=\"noreferrer noopener\" aria-label=\"una de las cuatro reproducciones de la instalaci\u00f3n \u00abLas cuatro estaciones\u00bb (2013). (abre en una nueva pesta\u00f1a)\">una de las cuatro reproducciones de la instalaci\u00f3n \u00abLas cuatro estaciones\u00bb (2013).<\/a><\/p>\n\n\n\n<p>Amor por Milla, que pos\u00f3 delante de\nla c\u00e1mara en el primer cuarto de hora de su llegada al mundo. <\/p>\n\n\n\n<p>Amor sin tapujos.<\/p>\n\n\n\n<p>\u00abHay fot\u00f3grafos que viajan a pa\u00edses empobrecidos y sacan fotos de ni\u00f1os y ni\u00f1as que nada saben de la ley de protecci\u00f3n de datos y a cuyas madres y padres ni se les pide autorizaci\u00f3n porque se asume que la pobreza es sin\u00f3nimo de ignorancia y la ignorancia se puede explotar. Estas fotos se exponen en redes, muestras de arte y revistas europeas.&nbsp;Sin embargo, que existan estas situaciones no hace que toda fotograf\u00eda que involucra a menores sea deshonesta ni que est\u00e9 motivada por el ego.\u00bb<\/p>\n\n\n\n<figure class=\"wp-block-image\"><img loading=\"lazy\" decoding=\"async\" width=\"940\" height=\"470\" src=\"https:\/\/www.datecuenta.org\/escuelalibre\/wp-content\/uploads\/2019\/11\/amor-ana-alvarez-errecalde-3.jpg\" alt=\"\" class=\"wp-image-3699\" srcset=\"https:\/\/www.datecuenta.org\/escuelalibre\/wp-content\/uploads\/2019\/11\/amor-ana-alvarez-errecalde-3.jpg 940w, https:\/\/www.datecuenta.org\/escuelalibre\/wp-content\/uploads\/2019\/11\/amor-ana-alvarez-errecalde-3-300x150.jpg 300w, https:\/\/www.datecuenta.org\/escuelalibre\/wp-content\/uploads\/2019\/11\/amor-ana-alvarez-errecalde-3-768x384.jpg 768w, https:\/\/www.datecuenta.org\/escuelalibre\/wp-content\/uploads\/2019\/11\/amor-ana-alvarez-errecalde-3-436x218.jpg 436w\" sizes=\"(max-width: 940px) 100vw, 940px\" \/><figcaption>\u00abMigrant Islands\u00bb (2009) otra de las series fotogr\u00e1ficas de ANA \u00c1LVAREZ-ERRECALDE<\/figcaption><\/figure>\n\n\n\n<p>Dicho lo anterior, s\u00ed se entiende la\nfrase del poderoso amor que la gu\u00eda y la posee: <\/p>\n\n\n\n<p><strong>\u00abSi un d\u00eda mis hijos me recriminan por aparecer en las fotos, entonces yo\u2026 les pedir\u00e9 disculpas.\u00bb<\/strong><\/p>\n\n\n\n<p>Amor. Amor. Amor. Amor. Amor. Amor.\nAmor.<\/p>\n\n\n\n<p>Cincuenta veces amor. <\/p>\n","protected":false},"excerpt":{"rendered":"<p>Una cincuentena de veces repiten los Beatles: \u00abAll you need is love\u00bb. La canci\u00f3n se titula, c\u00f3mo no: All you need is love. Todo lo que necesitas es amor. Ya se confes\u00f3 la viejecita de la pel\u00edcula Titanic, que lo que sent\u00eda por su amado le salv\u00f3 en todas las formas en las que alguien [&hellip;]<\/p>\n","protected":false},"author":1001002,"featured_media":3697,"comment_status":"closed","ping_status":"closed","sticky":false,"template":"","format":"standard","meta":{"_et_pb_use_builder":"","_et_pb_old_content":"","_et_gb_content_width":"","content-type":"","_monsterinsights_skip_tracking":false,"_monsterinsights_sitenote_active":false,"_monsterinsights_sitenote_note":"","_monsterinsights_sitenote_category":0,"_joinchat":[],"footnotes":""},"categories":[187],"tags":[],"class_list":["post-3695","post","type-post","status-publish","format-standard","has-post-thumbnail","hentry","category-noticias"],"yoast_head":"<!-- This site is optimized with the Yoast SEO plugin v26.9 - https:\/\/yoast.com\/product\/yoast-seo-wordpress\/ -->\n<title>El amor: cr\u00f3nica de la masterclase con Ana \u00c1lvarez-Errecalde<\/title>\n<meta name=\"description\" content=\"La artista y fot\u00f3grafa Ana \u00c1lvarez-Errecalde (Bah\u00eda Blanca, Argentina, 1973) nos expuso sus trabajos sobre la maternidad, sobre la condici\u00f3n femenina, sobre el amor en definitiva.\" \/>\n<meta name=\"robots\" content=\"index, follow, max-snippet:-1, max-image-preview:large, max-video-preview:-1\" \/>\n<link rel=\"canonical\" href=\"https:\/\/www.datecuenta.org\/escuelalibre\/amor-cronica-ana-alvarez-errecalde\/\" \/>\n<meta property=\"og:locale\" content=\"es_ES\" \/>\n<meta property=\"og:type\" content=\"article\" \/>\n<meta property=\"og:title\" content=\"El amor: cr\u00f3nica de la masterclase con Ana \u00c1lvarez-Errecalde\" \/>\n<meta property=\"og:description\" content=\"La artista y fot\u00f3grafa Ana \u00c1lvarez-Errecalde (Bah\u00eda Blanca, Argentina, 1973) nos expuso sus trabajos sobre la maternidad, sobre la condici\u00f3n femenina, sobre el amor en definitiva.\" \/>\n<meta property=\"og:url\" content=\"https:\/\/www.datecuenta.org\/escuelalibre\/amor-cronica-ana-alvarez-errecalde\/\" \/>\n<meta property=\"og:site_name\" content=\"Escuela de fotograf\u00eda en Barcelona | DateCuenta\" \/>\n<meta property=\"article:published_time\" content=\"2019-11-25T21:50:38+00:00\" \/>\n<meta property=\"article:modified_time\" content=\"2020-01-26T21:28:03+00:00\" \/>\n<meta property=\"og:image\" content=\"https:\/\/www.datecuenta.org\/escuelalibre\/wp-content\/uploads\/2019\/11\/amor-ana-alvarez-errecalde.jpg\" \/>\n\t<meta property=\"og:image:width\" content=\"700\" \/>\n\t<meta property=\"og:image:height\" content=\"467\" \/>\n\t<meta property=\"og:image:type\" content=\"image\/jpeg\" \/>\n<meta name=\"author\" content=\"Date Cuenta\" \/>\n<meta name=\"twitter:card\" content=\"summary_large_image\" \/>\n<meta name=\"twitter:label1\" content=\"Escrito por\" \/>\n\t<meta name=\"twitter:data1\" content=\"Date Cuenta\" \/>\n\t<meta name=\"twitter:label2\" content=\"Tiempo de lectura\" \/>\n\t<meta name=\"twitter:data2\" content=\"7 minutos\" \/>\n<script type=\"application\/ld+json\" class=\"yoast-schema-graph\">{\"@context\":\"https:\/\/schema.org\",\"@graph\":[{\"@type\":\"Article\",\"@id\":\"https:\/\/www.datecuenta.org\/escuelalibre\/amor-cronica-ana-alvarez-errecalde\/#article\",\"isPartOf\":{\"@id\":\"https:\/\/www.datecuenta.org\/escuelalibre\/amor-cronica-ana-alvarez-errecalde\/\"},\"author\":{\"name\":\"Date Cuenta\",\"@id\":\"https:\/\/www.datecuenta.org\/escuelalibre\/#\/schema\/person\/2461c4b87eecd19501ff25c8158edfce\"},\"headline\":\"El amor: cr\u00f3nica de la masterclase con Ana \u00c1lvarez-Errecalde\",\"datePublished\":\"2019-11-25T21:50:38+00:00\",\"dateModified\":\"2020-01-26T21:28:03+00:00\",\"mainEntityOfPage\":{\"@id\":\"https:\/\/www.datecuenta.org\/escuelalibre\/amor-cronica-ana-alvarez-errecalde\/\"},\"wordCount\":1332,\"image\":{\"@id\":\"https:\/\/www.datecuenta.org\/escuelalibre\/amor-cronica-ana-alvarez-errecalde\/#primaryimage\"},\"thumbnailUrl\":\"https:\/\/www.datecuenta.org\/escuelalibre\/wp-content\/uploads\/2019\/11\/amor-ana-alvarez-errecalde.jpg\",\"articleSection\":[\"BLOG\"],\"inLanguage\":\"es\"},{\"@type\":\"WebPage\",\"@id\":\"https:\/\/www.datecuenta.org\/escuelalibre\/amor-cronica-ana-alvarez-errecalde\/\",\"url\":\"https:\/\/www.datecuenta.org\/escuelalibre\/amor-cronica-ana-alvarez-errecalde\/\",\"name\":\"El amor: cr\u00f3nica de la masterclase con Ana \u00c1lvarez-Errecalde\",\"isPartOf\":{\"@id\":\"https:\/\/www.datecuenta.org\/escuelalibre\/#website\"},\"primaryImageOfPage\":{\"@id\":\"https:\/\/www.datecuenta.org\/escuelalibre\/amor-cronica-ana-alvarez-errecalde\/#primaryimage\"},\"image\":{\"@id\":\"https:\/\/www.datecuenta.org\/escuelalibre\/amor-cronica-ana-alvarez-errecalde\/#primaryimage\"},\"thumbnailUrl\":\"https:\/\/www.datecuenta.org\/escuelalibre\/wp-content\/uploads\/2019\/11\/amor-ana-alvarez-errecalde.jpg\",\"datePublished\":\"2019-11-25T21:50:38+00:00\",\"dateModified\":\"2020-01-26T21:28:03+00:00\",\"author\":{\"@id\":\"https:\/\/www.datecuenta.org\/escuelalibre\/#\/schema\/person\/2461c4b87eecd19501ff25c8158edfce\"},\"description\":\"La artista y fot\u00f3grafa Ana \u00c1lvarez-Errecalde (Bah\u00eda Blanca, Argentina, 1973) nos expuso sus trabajos sobre la maternidad, sobre la condici\u00f3n femenina, sobre el amor en definitiva.\",\"breadcrumb\":{\"@id\":\"https:\/\/www.datecuenta.org\/escuelalibre\/amor-cronica-ana-alvarez-errecalde\/#breadcrumb\"},\"inLanguage\":\"es\",\"potentialAction\":[{\"@type\":\"ReadAction\",\"target\":[\"https:\/\/www.datecuenta.org\/escuelalibre\/amor-cronica-ana-alvarez-errecalde\/\"]}]},{\"@type\":\"ImageObject\",\"inLanguage\":\"es\",\"@id\":\"https:\/\/www.datecuenta.org\/escuelalibre\/amor-cronica-ana-alvarez-errecalde\/#primaryimage\",\"url\":\"https:\/\/www.datecuenta.org\/escuelalibre\/wp-content\/uploads\/2019\/11\/amor-ana-alvarez-errecalde.jpg\",\"contentUrl\":\"https:\/\/www.datecuenta.org\/escuelalibre\/wp-content\/uploads\/2019\/11\/amor-ana-alvarez-errecalde.jpg\",\"width\":700,\"height\":467},{\"@type\":\"BreadcrumbList\",\"@id\":\"https:\/\/www.datecuenta.org\/escuelalibre\/amor-cronica-ana-alvarez-errecalde\/#breadcrumb\",\"itemListElement\":[{\"@type\":\"ListItem\",\"position\":1,\"name\":\"Portada\",\"item\":\"https:\/\/www.datecuenta.org\/escuelalibre\/\"},{\"@type\":\"ListItem\",\"position\":2,\"name\":\"El amor: cr\u00f3nica de la masterclase con Ana \u00c1lvarez-Errecalde\"}]},{\"@type\":\"WebSite\",\"@id\":\"https:\/\/www.datecuenta.org\/escuelalibre\/#website\",\"url\":\"https:\/\/www.datecuenta.org\/escuelalibre\/\",\"name\":\"Escuela de fotograf\u00eda en Barcelona | DateCuenta\",\"description\":\"\",\"potentialAction\":[{\"@type\":\"SearchAction\",\"target\":{\"@type\":\"EntryPoint\",\"urlTemplate\":\"https:\/\/www.datecuenta.org\/escuelalibre\/?s={search_term_string}\"},\"query-input\":{\"@type\":\"PropertyValueSpecification\",\"valueRequired\":true,\"valueName\":\"search_term_string\"}}],\"inLanguage\":\"es\"},{\"@type\":\"Person\",\"@id\":\"https:\/\/www.datecuenta.org\/escuelalibre\/#\/schema\/person\/2461c4b87eecd19501ff25c8158edfce\",\"name\":\"Date Cuenta\",\"image\":{\"@type\":\"ImageObject\",\"inLanguage\":\"es\",\"@id\":\"https:\/\/www.datecuenta.org\/escuelalibre\/#\/schema\/person\/image\/\",\"url\":\"https:\/\/secure.gravatar.com\/avatar\/cef072a10d2f235035add558d19bd890155332fc9d829546849b6af5dba440c4?s=96&d=mm&r=g\",\"contentUrl\":\"https:\/\/secure.gravatar.com\/avatar\/cef072a10d2f235035add558d19bd890155332fc9d829546849b6af5dba440c4?s=96&d=mm&r=g\",\"caption\":\"Date Cuenta\"}}]}<\/script>\n<!-- \/ Yoast SEO plugin. -->","yoast_head_json":{"title":"El amor: cr\u00f3nica de la masterclase con Ana \u00c1lvarez-Errecalde","description":"La artista y fot\u00f3grafa Ana \u00c1lvarez-Errecalde (Bah\u00eda Blanca, Argentina, 1973) nos expuso sus trabajos sobre la maternidad, sobre la condici\u00f3n femenina, sobre el amor en definitiva.","robots":{"index":"index","follow":"follow","max-snippet":"max-snippet:-1","max-image-preview":"max-image-preview:large","max-video-preview":"max-video-preview:-1"},"canonical":"https:\/\/www.datecuenta.org\/escuelalibre\/amor-cronica-ana-alvarez-errecalde\/","og_locale":"es_ES","og_type":"article","og_title":"El amor: cr\u00f3nica de la masterclase con Ana \u00c1lvarez-Errecalde","og_description":"La artista y fot\u00f3grafa Ana \u00c1lvarez-Errecalde (Bah\u00eda Blanca, Argentina, 1973) nos expuso sus trabajos sobre la maternidad, sobre la condici\u00f3n femenina, sobre el amor en definitiva.","og_url":"https:\/\/www.datecuenta.org\/escuelalibre\/amor-cronica-ana-alvarez-errecalde\/","og_site_name":"Escuela de fotograf\u00eda en Barcelona | DateCuenta","article_published_time":"2019-11-25T21:50:38+00:00","article_modified_time":"2020-01-26T21:28:03+00:00","og_image":[{"width":700,"height":467,"url":"https:\/\/www.datecuenta.org\/escuelalibre\/wp-content\/uploads\/2019\/11\/amor-ana-alvarez-errecalde.jpg","type":"image\/jpeg"}],"author":"Date Cuenta","twitter_card":"summary_large_image","twitter_misc":{"Escrito por":"Date Cuenta","Tiempo de lectura":"7 minutos"},"schema":{"@context":"https:\/\/schema.org","@graph":[{"@type":"Article","@id":"https:\/\/www.datecuenta.org\/escuelalibre\/amor-cronica-ana-alvarez-errecalde\/#article","isPartOf":{"@id":"https:\/\/www.datecuenta.org\/escuelalibre\/amor-cronica-ana-alvarez-errecalde\/"},"author":{"name":"Date Cuenta","@id":"https:\/\/www.datecuenta.org\/escuelalibre\/#\/schema\/person\/2461c4b87eecd19501ff25c8158edfce"},"headline":"El amor: cr\u00f3nica de la masterclase con Ana \u00c1lvarez-Errecalde","datePublished":"2019-11-25T21:50:38+00:00","dateModified":"2020-01-26T21:28:03+00:00","mainEntityOfPage":{"@id":"https:\/\/www.datecuenta.org\/escuelalibre\/amor-cronica-ana-alvarez-errecalde\/"},"wordCount":1332,"image":{"@id":"https:\/\/www.datecuenta.org\/escuelalibre\/amor-cronica-ana-alvarez-errecalde\/#primaryimage"},"thumbnailUrl":"https:\/\/www.datecuenta.org\/escuelalibre\/wp-content\/uploads\/2019\/11\/amor-ana-alvarez-errecalde.jpg","articleSection":["BLOG"],"inLanguage":"es"},{"@type":"WebPage","@id":"https:\/\/www.datecuenta.org\/escuelalibre\/amor-cronica-ana-alvarez-errecalde\/","url":"https:\/\/www.datecuenta.org\/escuelalibre\/amor-cronica-ana-alvarez-errecalde\/","name":"El amor: cr\u00f3nica de la masterclase con Ana \u00c1lvarez-Errecalde","isPartOf":{"@id":"https:\/\/www.datecuenta.org\/escuelalibre\/#website"},"primaryImageOfPage":{"@id":"https:\/\/www.datecuenta.org\/escuelalibre\/amor-cronica-ana-alvarez-errecalde\/#primaryimage"},"image":{"@id":"https:\/\/www.datecuenta.org\/escuelalibre\/amor-cronica-ana-alvarez-errecalde\/#primaryimage"},"thumbnailUrl":"https:\/\/www.datecuenta.org\/escuelalibre\/wp-content\/uploads\/2019\/11\/amor-ana-alvarez-errecalde.jpg","datePublished":"2019-11-25T21:50:38+00:00","dateModified":"2020-01-26T21:28:03+00:00","author":{"@id":"https:\/\/www.datecuenta.org\/escuelalibre\/#\/schema\/person\/2461c4b87eecd19501ff25c8158edfce"},"description":"La artista y fot\u00f3grafa Ana \u00c1lvarez-Errecalde (Bah\u00eda Blanca, Argentina, 1973) nos expuso sus trabajos sobre la maternidad, sobre la condici\u00f3n femenina, sobre el amor en definitiva.","breadcrumb":{"@id":"https:\/\/www.datecuenta.org\/escuelalibre\/amor-cronica-ana-alvarez-errecalde\/#breadcrumb"},"inLanguage":"es","potentialAction":[{"@type":"ReadAction","target":["https:\/\/www.datecuenta.org\/escuelalibre\/amor-cronica-ana-alvarez-errecalde\/"]}]},{"@type":"ImageObject","inLanguage":"es","@id":"https:\/\/www.datecuenta.org\/escuelalibre\/amor-cronica-ana-alvarez-errecalde\/#primaryimage","url":"https:\/\/www.datecuenta.org\/escuelalibre\/wp-content\/uploads\/2019\/11\/amor-ana-alvarez-errecalde.jpg","contentUrl":"https:\/\/www.datecuenta.org\/escuelalibre\/wp-content\/uploads\/2019\/11\/amor-ana-alvarez-errecalde.jpg","width":700,"height":467},{"@type":"BreadcrumbList","@id":"https:\/\/www.datecuenta.org\/escuelalibre\/amor-cronica-ana-alvarez-errecalde\/#breadcrumb","itemListElement":[{"@type":"ListItem","position":1,"name":"Portada","item":"https:\/\/www.datecuenta.org\/escuelalibre\/"},{"@type":"ListItem","position":2,"name":"El amor: cr\u00f3nica de la masterclase con Ana \u00c1lvarez-Errecalde"}]},{"@type":"WebSite","@id":"https:\/\/www.datecuenta.org\/escuelalibre\/#website","url":"https:\/\/www.datecuenta.org\/escuelalibre\/","name":"Escuela de fotograf\u00eda en Barcelona | DateCuenta","description":"","potentialAction":[{"@type":"SearchAction","target":{"@type":"EntryPoint","urlTemplate":"https:\/\/www.datecuenta.org\/escuelalibre\/?s={search_term_string}"},"query-input":{"@type":"PropertyValueSpecification","valueRequired":true,"valueName":"search_term_string"}}],"inLanguage":"es"},{"@type":"Person","@id":"https:\/\/www.datecuenta.org\/escuelalibre\/#\/schema\/person\/2461c4b87eecd19501ff25c8158edfce","name":"Date Cuenta","image":{"@type":"ImageObject","inLanguage":"es","@id":"https:\/\/www.datecuenta.org\/escuelalibre\/#\/schema\/person\/image\/","url":"https:\/\/secure.gravatar.com\/avatar\/cef072a10d2f235035add558d19bd890155332fc9d829546849b6af5dba440c4?s=96&d=mm&r=g","contentUrl":"https:\/\/secure.gravatar.com\/avatar\/cef072a10d2f235035add558d19bd890155332fc9d829546849b6af5dba440c4?s=96&d=mm&r=g","caption":"Date Cuenta"}}]}},"_links":{"self":[{"href":"https:\/\/www.datecuenta.org\/escuelalibre\/wp-json\/wp\/v2\/posts\/3695","targetHints":{"allow":["GET"]}}],"collection":[{"href":"https:\/\/www.datecuenta.org\/escuelalibre\/wp-json\/wp\/v2\/posts"}],"about":[{"href":"https:\/\/www.datecuenta.org\/escuelalibre\/wp-json\/wp\/v2\/types\/post"}],"author":[{"embeddable":true,"href":"https:\/\/www.datecuenta.org\/escuelalibre\/wp-json\/wp\/v2\/users\/1001002"}],"replies":[{"embeddable":true,"href":"https:\/\/www.datecuenta.org\/escuelalibre\/wp-json\/wp\/v2\/comments?post=3695"}],"version-history":[{"count":4,"href":"https:\/\/www.datecuenta.org\/escuelalibre\/wp-json\/wp\/v2\/posts\/3695\/revisions"}],"predecessor-version":[{"id":3797,"href":"https:\/\/www.datecuenta.org\/escuelalibre\/wp-json\/wp\/v2\/posts\/3695\/revisions\/3797"}],"wp:featuredmedia":[{"embeddable":true,"href":"https:\/\/www.datecuenta.org\/escuelalibre\/wp-json\/wp\/v2\/media\/3697"}],"wp:attachment":[{"href":"https:\/\/www.datecuenta.org\/escuelalibre\/wp-json\/wp\/v2\/media?parent=3695"}],"wp:term":[{"taxonomy":"category","embeddable":true,"href":"https:\/\/www.datecuenta.org\/escuelalibre\/wp-json\/wp\/v2\/categories?post=3695"},{"taxonomy":"post_tag","embeddable":true,"href":"https:\/\/www.datecuenta.org\/escuelalibre\/wp-json\/wp\/v2\/tags?post=3695"}],"curies":[{"name":"wp","href":"https:\/\/api.w.org\/{rel}","templated":true}]}}