{"id":3794,"date":"2020-01-26T21:40:29","date_gmt":"2020-01-26T21:40:29","guid":{"rendered":"https:\/\/www.datecuenta.org\/escuelalibre\/?p=3794"},"modified":"2020-01-26T21:41:04","modified_gmt":"2020-01-26T21:41:04","slug":"masterclase-cineasta-lluis-escartin","status":"publish","type":"post","link":"https:\/\/www.datecuenta.org\/escuelalibre\/masterclase-cineasta-lluis-escartin\/","title":{"rendered":"Un d\u00eda cualquiera: cr\u00f3nica de la masterclase con el cineasta Llu\u00eds Escart\u00edn"},"content":{"rendered":"\n<p>Un\nd\u00eda como otro d\u00eda. Como si hubiese sido ayer o anteayer o ma\u00f1ana o pasado\nma\u00f1ana o como un d\u00eda de enero o febrero o marzo o abril. <\/p>\n\n\n\n<p>Un\nd\u00eda cualquiera. <\/p>\n\n\n\n<p>En\nel calendario de la cocina, 1986 habr\u00eda ofrecido sus d\u00edas como hojas ca\u00eddas o\ntentempi\u00e9s o citas o reservas o fechas para ser se\u00f1aladas en rojo. <\/p>\n\n\n\n<p>En algunos de esos d\u00edas de 1986, <strong>tendr\u00eda veinte a\u00f1os el fot\u00f3grafo y cineasta Llu\u00eds Escart\u00edn<\/strong> (Barcelona, 1966), poeta de la <em>vie quotidienne<\/em> que realiz\u00f3 una <em>masterclass<\/em> para la <a rel=\"noreferrer noopener\" aria-label=\"escuela libre de comunicaci\u00f3n DateCuenta (abre en una nueva pesta\u00f1a)\" href=\"https:\/\/www.datecuenta.org\/escuelalibre\/masterclass-lluis-escartin-cine-documental\/\" target=\"_blank\">escuela libre de comunicaci\u00f3n DateCuenta<\/a>, en el centro c\u00edvico Pati Llimona, el 25 de enero. <\/p>\n\n\n\n<p><strong>Por JES\u00daS MART\u00cdNEZ | <a href=\"http:\/\/twitter.com\/reporterojesus\" target=\"_blank\" rel=\"noreferrer noopener\" aria-label=\" (abre en una nueva pesta\u00f1a)\">@reporterojesus<\/a><\/strong><\/p>\n\n\n\n<figure class=\"wp-block-image\"><img loading=\"lazy\" decoding=\"async\" width=\"1024\" height=\"684\" src=\"https:\/\/www.datecuenta.org\/escuelalibre\/wp-content\/uploads\/2020\/01\/DSC4312-1024x684.jpg\" alt=\"masterclase con el cineasta Llu\u00eds Escart\u00edn\" class=\"wp-image-3796\" srcset=\"https:\/\/www.datecuenta.org\/escuelalibre\/wp-content\/uploads\/2020\/01\/DSC4312-1024x684.jpg 1024w, https:\/\/www.datecuenta.org\/escuelalibre\/wp-content\/uploads\/2020\/01\/DSC4312-150x100.jpg 150w, https:\/\/www.datecuenta.org\/escuelalibre\/wp-content\/uploads\/2020\/01\/DSC4312-300x200.jpg 300w, https:\/\/www.datecuenta.org\/escuelalibre\/wp-content\/uploads\/2020\/01\/DSC4312-768x513.jpg 768w, https:\/\/www.datecuenta.org\/escuelalibre\/wp-content\/uploads\/2020\/01\/DSC4312-436x291.jpg 436w, https:\/\/www.datecuenta.org\/escuelalibre\/wp-content\/uploads\/2020\/01\/DSC4312-673x449.jpg 673w, https:\/\/www.datecuenta.org\/escuelalibre\/wp-content\/uploads\/2020\/01\/DSC4312-1112x742.jpg 1112w\" sizes=\"(max-width: 1024px) 100vw, 1024px\" \/><\/figure>\n\n\n\n<p><strong>Con veinte a\u00f1os uno se siente fuerte o invencible o insuperable o eterno o imperecedero<\/strong> aunque uno sea pobre o asustadizo o no tenga estudios o sea insufrible o sea joven. Hace muchos a\u00f1os que todos tuvimos 20 a\u00f1os. <\/p>\n\n\n\n<p>Ese\nd\u00eda cualquiera de mayo o junio o julio o de ayer o de ma\u00f1ana, Llu\u00eds cogi\u00f3 su\nc\u00e1mara de mercadillo, de esas del siglo XIX con el obturador atascado, una\nl\u00e1mina sensual de quita y pon para tomas inocentes, exposiciones de tres\nsegundos sin m\u00e1s pretensiones.<\/p>\n\n\n\n<p>Sali\u00f3\nde casa. <\/p>\n\n\n\n<p>Podr\u00eda\nhaber sido un lunes o un martes o un mi\u00e9rcoles o un s\u00e1bado o un lunes. <\/p>\n\n\n\n<p>Podr\u00eda\nhaber caminado en direcci\u00f3n al mar y sus espigones, por aqu\u00ed o por all\u00e1 o por\nVia Laietana o por el paseo Picasso o por el paseo Llu\u00eds Companys. <\/p>\n\n\n\n<p>Podr\u00eda\nhaber entrado en la Estaci\u00f3 de Fran\u00e7a, con ese aire de Torre Eiffel horizontal,\ncon sus hierros forjados o sus despedidas \u00aborg\u00e1nicas\u00bb o sus pa\u00f1uelos sucios o\nsus maletas o sus besos. <\/p>\n\n\n\n<p>Podr\u00eda\nhaber salido de la Estaci\u00f3 de Fran\u00e7a por alguna de sus tres puertas, con arcos\no estructuras met\u00e1licas o verjas bordadas o escaleras montadas o decoraciones y\ncalambres. <\/p>\n\n\n\n<p>En los alrededores de la Estaci\u00f3 de Fran\u00e7a, en el paseo Circumval\u00b7laci\u00f3 o en la calle del Doctor Aiguader o en la calle Mosc\u00fa o Comer\u00e7 o Argentera, <strong>Llu\u00eds Escart\u00edn se percatar\u00eda de un banquito de madera con dos hombres sentados<\/strong>:<\/p>\n\n\n\n<figure class=\"wp-block-image\"><img loading=\"lazy\" decoding=\"async\" width=\"750\" height=\"501\" src=\"https:\/\/www.datecuenta.org\/escuelalibre\/wp-content\/uploads\/2020\/01\/lluis-escartin-cineasta-datecuenta-masterclase.jpg\" alt=\"masterclase con el cineasta Llu\u00eds Escart\u00edn\" class=\"wp-image-3795\" srcset=\"https:\/\/www.datecuenta.org\/escuelalibre\/wp-content\/uploads\/2020\/01\/lluis-escartin-cineasta-datecuenta-masterclase.jpg 750w, https:\/\/www.datecuenta.org\/escuelalibre\/wp-content\/uploads\/2020\/01\/lluis-escartin-cineasta-datecuenta-masterclase-150x100.jpg 150w, https:\/\/www.datecuenta.org\/escuelalibre\/wp-content\/uploads\/2020\/01\/lluis-escartin-cineasta-datecuenta-masterclase-300x200.jpg 300w, https:\/\/www.datecuenta.org\/escuelalibre\/wp-content\/uploads\/2020\/01\/lluis-escartin-cineasta-datecuenta-masterclase-436x291.jpg 436w, https:\/\/www.datecuenta.org\/escuelalibre\/wp-content\/uploads\/2020\/01\/lluis-escartin-cineasta-datecuenta-masterclase-673x449.jpg 673w\" sizes=\"(max-width: 750px) 100vw, 750px\" \/><figcaption>Fotograf\u00eda de WAYRA FICAPAL<\/figcaption><\/figure>\n\n\n\n<p>En\nuna punta, un se\u00f1or muy mayor, viejito, con un sombrero Bailey a\u00f1os veinte y\ncinta de grogr\u00e9n, con corbata y nudo Windsor, con un terno gris claro tirando a\nbarlovento, con pesadas gafas de cristal grueso, las mismas de Allende o de\nCaro Baroja o de Azc\u00e1rate o de Carrillo o de Chacel, con las robustas manos que\nsosten\u00edan un bast\u00f3n que podr\u00eda haber sido un cayado o una cachava o un b\u00e1culo o\nun pilar o el le\u00f1o de un \u00e1rbol ca\u00eddo, manos que habr\u00edan padecido la guerra\ncivil, y si no padecido, al menos acariciado o tocado o prensado o agarrado o\nventilado. <\/p>\n\n\n\n<p>En\nla otra punta del banco, un se\u00f1or no tan mayor, con chaqueta de cuero otomano y\ncorbata y nudo Victoria, con unos zapatos lustrosos propios de un secretario de\nEstado, con un malet\u00edn de trabajo repleto de papeles o libros o dosieres o\ninformes o manzanas, con los ojos cerrados para tomar el sol, vuelto al sol,\ntocado por sus rayos.<\/p>\n\n\n\n<p>\u00ab<strong>Vi esta imagen y me dije: \u201c\u00a1Guau!\u201d. Era como un misterio, el misterio de la vida y la existencia que nos interroga para saber qui\u00e9nes somos. No s\u00e9. Me par\u00e9. Saqu\u00e9 la c\u00e1mara. No ped\u00ed permiso, tampoco ten\u00eda que hacerlo. Me acerqu\u00e9 un poco para tener profundidad de campo. El <\/strong><em><strong>background<\/strong><\/em><strong> lo dej\u00e9 fuera de foco. Dispar\u00e9. \u00a1Guau!\u00bb<\/strong>, exclama Llu\u00eds Escart\u00edn, poeta de la vida cotidiana, que es la vida de la ropa tendida o el olor a fritanga o el sudor o la p\u00f3liza o llegar tarde. <strong>\u00abQuiz\u00e1 la foto de estos se\u00f1ores en un banco es la mejor foto que he hecho en mi vida.\u00bb<\/strong><\/p>\n\n\n\n<p>Residente\nen Estados Unidos durante muchos a\u00f1os (\u00abpa\u00eds din\u00e1mico y abierto\u00bb), Llu\u00eds ya\nhab\u00eda explorado o documentado o venerado o recogido o grabado los \u00abmomentos del\nd\u00eda\u00bb \u2013de un d\u00eda cualquiera\u2013 debido a su \u00abobsesi\u00f3n por la imagen\u00bb. &nbsp;&nbsp;&nbsp;<\/p>\n\n\n\n<p><strong>Se compr\u00f3 una Nikon FM2 que se convirti\u00f3 en una extensi\u00f3n de su cuerpo <\/strong>con la que retrataba \u00abbell\u00edsimas cosas\u00bb, y expon\u00eda el negativo dos veces para conseguir \u00abpeque\u00f1os milagros\u00bb. Algunos de esos retratos pertenecen a \u00abmendigos\u00bb, seres que define como \u00abgal\u00e1cticos\u00bb, ya sea en el Lower East Side de Nueva York o en la Barcelona que precedi\u00f3 a los Juegos Ol\u00edmpicos o en \u00c1frica o en Asia o en el balc\u00f3n. \u00a0<\/p>\n\n\n\n<p>Colabor\u00f3 con los medios. <strong>Persigui\u00f3 la noticia con los ojos, a pesar de ser dalt\u00f3nico<\/strong> (\u00abquerer ser fot\u00f3grafo y ser dalt\u00f3nico es como ser homosexual en la Edad Media\u00bb). <strong>Cubri\u00f3 acontecimientos hist\u00f3ricos<\/strong> como la ca\u00edda del Muro de Berl\u00edn (\u00abhac\u00eda un fr\u00edo terrible, las bater\u00edas se congelaban\u00bb), donde hizo una m\u00edtica foto: <em>First Hole.<\/em> Se apeg\u00f3 a la naturaleza para observar a los ind\u00edgenas que escuchaban los insectos. <strong>Le enviaron a los conflictos b\u00e9licos<\/strong>, por lo que se cruz\u00f3 con el Subcomandante Marcos, en la selva lacandona, en Chiapas (\u00absab\u00eda que un tipo con un [rev\u00f3lver] 357 Magnum o una [ametralladora] M60 deb\u00eda de ser alguien importante\u00bb). <\/p>\n\n\n\n<p><strong>\u00abEran fotos tristes, <\/strong><em><strong>gloom,<\/strong><\/em><strong> gore, duras, espectaculares, fotos pornogr\u00e1ficas por las que padec\u00ed, a\u00f1os despu\u00e9s, estr\u00e9s postraum\u00e1tico.\u00bb<\/strong><\/p>\n\n\n\n<p>Nunca\nperdi\u00f3 de vista la fotograf\u00eda del banquito en las cercan\u00edas de la Estaci\u00f3 de\nFran\u00e7a, \u00abel misterio de la vida\u00bb.<\/p>\n\n\n\n<p>\u00abQuer\u00eda\ntransmitir la sensaci\u00f3n de tiempo, el ritmo. Y esa necesidad me llev\u00f3 al cine,\ndonde me sent\u00eda m\u00e1s c\u00f3modo\u00bb, infiere. &nbsp;<\/p>\n\n\n\n<p><strong>Las pel\u00edculas del cineasta Llu\u00eds Escart\u00edn <\/strong><em><strong>(75 Drive-a-way<\/strong><\/em><strong>, de 1991; <\/strong><em><strong>Texas Sunrise,<\/strong><\/em><strong> del 2002; <\/strong><em><strong>Terra Incognita,<\/strong><\/em><strong> del 2005) juegan con el sinsentido experimental del <\/strong><em><strong>ars combinatoria<\/strong><\/em><strong> del humanista Ramon Llull.<\/strong> La c\u00e1mara sigue el cable de electricidad hasta el horizonte, que es la nada. <\/p>\n\n\n\n<figure class=\"wp-block-embed-vimeo wp-block-embed is-type-video is-provider-vimeo wp-embed-aspect-4-3 wp-has-aspect-ratio\"><div class=\"wp-block-embed__wrapper\">\n<iframe loading=\"lazy\" title=\"TEXAS SUNRISE\" src=\"https:\/\/player.vimeo.com\/video\/37600057?h=82538a230a&amp;dnt=1&amp;app_id=122963\" width=\"738\" height=\"540\" frameborder=\"0\" allow=\"autoplay; fullscreen; picture-in-picture\" allowfullscreen><\/iframe>\n<\/div><\/figure>\n\n\n\n<p>\u00ab<strong>Siempre he tenido una intenci\u00f3n de joder, una filosof\u00eda punk<\/strong>, que es aquello de <em>fuck everything.<\/em> Me digo: \u201cestoy abajo, no puedo estar m\u00e1s abajo, aqu\u00ed abajo me quedo y voy a hacer lo que me d\u00e9 la gana\u201d\u00bb, disfruta. <\/p>\n\n\n\n<p>Abajo,\nel \u00e9xito pasa de ser algo atractivo a ser algo sospechoso o de mal gusto o\nest\u00fapido o incongruente o un fracaso, que es lo mismo.<\/p>\n\n\n\n<p>Abajo,\ntodo da igual, y las respuestas de Llu\u00eds se r\u00eden de sus preguntas: \u00abno tengo ni\nidea\u00bb o \u00abs\u00ed, es verdad\u00bb o \u00abcualquier cosa que diga parecer\u00e1 que es una tonter\u00eda\u00bb\no \u00abno me acuerdo\u00bb o \u00abguau\u00bb. <\/p>\n\n\n\n<p>Abajo,\nel desierto o la mochila o el saco de dormir o la tienda de campa\u00f1a o la\npistola (\u00abpara divertirme, apuntar a las latas; antes no hab\u00eda internet\u00bb). <\/p>\n\n\n\n<p>Abajo,\nlas memorias de Luis Bu\u00f1uel <em>(Mi \u00faltimo\nsuspiro) <\/em>o el <em>Don Juan<\/em> de Byron\n(\u00abla ambici\u00f3n, la avaricia, la venganza y la gloria enviscan\u00bb) o los\ncortadillos de cidra o el <em>post rock <\/em>de\nThere Is a Light<em> (A long lost silence).<\/em><\/p>\n\n\n\n<p><strong>Abajo, dos se\u00f1ores sentados en un banquito de la calle, un d\u00eda cualquiera. <\/strong><\/p>\n","protected":false},"excerpt":{"rendered":"<p>Un d\u00eda como otro d\u00eda. Como si hubiese sido ayer o anteayer o ma\u00f1ana o pasado ma\u00f1ana o como un d\u00eda de enero o febrero o marzo o abril. Un d\u00eda cualquiera. En el calendario de la cocina, 1986 habr\u00eda ofrecido sus d\u00edas como hojas ca\u00eddas o tentempi\u00e9s o citas o reservas o fechas para [&hellip;]<\/p>\n","protected":false},"author":1001002,"featured_media":3795,"comment_status":"closed","ping_status":"closed","sticky":false,"template":"","format":"standard","meta":{"_et_pb_use_builder":"","_et_pb_old_content":"","_et_gb_content_width":"","content-type":"","_monsterinsights_skip_tracking":false,"_monsterinsights_sitenote_active":false,"_monsterinsights_sitenote_note":"","_monsterinsights_sitenote_category":0,"_joinchat":[],"footnotes":""},"categories":[187],"tags":[],"class_list":["post-3794","post","type-post","status-publish","format-standard","has-post-thumbnail","hentry","category-noticias"],"yoast_head":"<!-- This site is optimized with the Yoast SEO plugin v26.9 - https:\/\/yoast.com\/product\/yoast-seo-wordpress\/ -->\n<title>Un d\u00eda cualquiera: cr\u00f3nica de la masterclase con el cineasta Llu\u00eds Escart\u00edn<\/title>\n<meta name=\"description\" content=\"En algunos de esos d\u00edas de 1986, tendr\u00eda veinte a\u00f1os el fot\u00f3grafo y cineasta Llu\u00eds Escart\u00edn (Barcelona, 1966), poeta de la vie quotidienne que realiz\u00f3 una masterclass para la escuela libre de comunicaci\u00f3n DateCuenta, en el centro c\u00edvico Pati Llimona, el 25 de enero.\" \/>\n<meta name=\"robots\" content=\"index, follow, max-snippet:-1, max-image-preview:large, max-video-preview:-1\" \/>\n<link rel=\"canonical\" href=\"https:\/\/www.datecuenta.org\/escuelalibre\/masterclase-cineasta-lluis-escartin\/\" \/>\n<meta property=\"og:locale\" content=\"es_ES\" \/>\n<meta property=\"og:type\" content=\"article\" \/>\n<meta property=\"og:title\" content=\"Un d\u00eda cualquiera: cr\u00f3nica de la masterclase con el cineasta Llu\u00eds Escart\u00edn\" \/>\n<meta property=\"og:description\" content=\"En algunos de esos d\u00edas de 1986, tendr\u00eda veinte a\u00f1os el fot\u00f3grafo y cineasta Llu\u00eds Escart\u00edn (Barcelona, 1966), poeta de la vie quotidienne que realiz\u00f3 una masterclass para la escuela libre de comunicaci\u00f3n DateCuenta, en el centro c\u00edvico Pati Llimona, el 25 de enero.\" \/>\n<meta property=\"og:url\" content=\"https:\/\/www.datecuenta.org\/escuelalibre\/masterclase-cineasta-lluis-escartin\/\" \/>\n<meta property=\"og:site_name\" content=\"Escuela de fotograf\u00eda en Barcelona | DateCuenta\" \/>\n<meta property=\"article:published_time\" content=\"2020-01-26T21:40:29+00:00\" \/>\n<meta property=\"article:modified_time\" content=\"2020-01-26T21:41:04+00:00\" \/>\n<meta property=\"og:image\" content=\"https:\/\/www.datecuenta.org\/escuelalibre\/wp-content\/uploads\/2020\/01\/lluis-escartin-cineasta-datecuenta-masterclase.jpg\" \/>\n\t<meta property=\"og:image:width\" content=\"750\" \/>\n\t<meta property=\"og:image:height\" content=\"501\" \/>\n\t<meta property=\"og:image:type\" content=\"image\/jpeg\" \/>\n<meta name=\"author\" content=\"Date Cuenta\" \/>\n<meta name=\"twitter:card\" content=\"summary_large_image\" \/>\n<meta name=\"twitter:label1\" content=\"Escrito por\" \/>\n\t<meta name=\"twitter:data1\" content=\"Date Cuenta\" \/>\n\t<meta name=\"twitter:label2\" content=\"Tiempo de lectura\" \/>\n\t<meta name=\"twitter:data2\" content=\"6 minutos\" \/>\n<script type=\"application\/ld+json\" class=\"yoast-schema-graph\">{\"@context\":\"https:\/\/schema.org\",\"@graph\":[{\"@type\":\"Article\",\"@id\":\"https:\/\/www.datecuenta.org\/escuelalibre\/masterclase-cineasta-lluis-escartin\/#article\",\"isPartOf\":{\"@id\":\"https:\/\/www.datecuenta.org\/escuelalibre\/masterclase-cineasta-lluis-escartin\/\"},\"author\":{\"name\":\"Date Cuenta\",\"@id\":\"https:\/\/www.datecuenta.org\/escuelalibre\/#\/schema\/person\/2461c4b87eecd19501ff25c8158edfce\"},\"headline\":\"Un d\u00eda cualquiera: cr\u00f3nica de la masterclase con el cineasta Llu\u00eds Escart\u00edn\",\"datePublished\":\"2020-01-26T21:40:29+00:00\",\"dateModified\":\"2020-01-26T21:41:04+00:00\",\"mainEntityOfPage\":{\"@id\":\"https:\/\/www.datecuenta.org\/escuelalibre\/masterclase-cineasta-lluis-escartin\/\"},\"wordCount\":1277,\"image\":{\"@id\":\"https:\/\/www.datecuenta.org\/escuelalibre\/masterclase-cineasta-lluis-escartin\/#primaryimage\"},\"thumbnailUrl\":\"https:\/\/www.datecuenta.org\/escuelalibre\/wp-content\/uploads\/2020\/01\/lluis-escartin-cineasta-datecuenta-masterclase.jpg\",\"articleSection\":[\"BLOG\"],\"inLanguage\":\"es\"},{\"@type\":\"WebPage\",\"@id\":\"https:\/\/www.datecuenta.org\/escuelalibre\/masterclase-cineasta-lluis-escartin\/\",\"url\":\"https:\/\/www.datecuenta.org\/escuelalibre\/masterclase-cineasta-lluis-escartin\/\",\"name\":\"Un d\u00eda cualquiera: cr\u00f3nica de la masterclase con el cineasta Llu\u00eds Escart\u00edn\",\"isPartOf\":{\"@id\":\"https:\/\/www.datecuenta.org\/escuelalibre\/#website\"},\"primaryImageOfPage\":{\"@id\":\"https:\/\/www.datecuenta.org\/escuelalibre\/masterclase-cineasta-lluis-escartin\/#primaryimage\"},\"image\":{\"@id\":\"https:\/\/www.datecuenta.org\/escuelalibre\/masterclase-cineasta-lluis-escartin\/#primaryimage\"},\"thumbnailUrl\":\"https:\/\/www.datecuenta.org\/escuelalibre\/wp-content\/uploads\/2020\/01\/lluis-escartin-cineasta-datecuenta-masterclase.jpg\",\"datePublished\":\"2020-01-26T21:40:29+00:00\",\"dateModified\":\"2020-01-26T21:41:04+00:00\",\"author\":{\"@id\":\"https:\/\/www.datecuenta.org\/escuelalibre\/#\/schema\/person\/2461c4b87eecd19501ff25c8158edfce\"},\"description\":\"En algunos de esos d\u00edas de 1986, tendr\u00eda veinte a\u00f1os el fot\u00f3grafo y cineasta Llu\u00eds Escart\u00edn (Barcelona, 1966), poeta de la vie quotidienne que realiz\u00f3 una masterclass para la escuela libre de comunicaci\u00f3n DateCuenta, en el centro c\u00edvico Pati Llimona, el 25 de enero.\",\"breadcrumb\":{\"@id\":\"https:\/\/www.datecuenta.org\/escuelalibre\/masterclase-cineasta-lluis-escartin\/#breadcrumb\"},\"inLanguage\":\"es\",\"potentialAction\":[{\"@type\":\"ReadAction\",\"target\":[\"https:\/\/www.datecuenta.org\/escuelalibre\/masterclase-cineasta-lluis-escartin\/\"]}]},{\"@type\":\"ImageObject\",\"inLanguage\":\"es\",\"@id\":\"https:\/\/www.datecuenta.org\/escuelalibre\/masterclase-cineasta-lluis-escartin\/#primaryimage\",\"url\":\"https:\/\/www.datecuenta.org\/escuelalibre\/wp-content\/uploads\/2020\/01\/lluis-escartin-cineasta-datecuenta-masterclase.jpg\",\"contentUrl\":\"https:\/\/www.datecuenta.org\/escuelalibre\/wp-content\/uploads\/2020\/01\/lluis-escartin-cineasta-datecuenta-masterclase.jpg\",\"width\":750,\"height\":501},{\"@type\":\"BreadcrumbList\",\"@id\":\"https:\/\/www.datecuenta.org\/escuelalibre\/masterclase-cineasta-lluis-escartin\/#breadcrumb\",\"itemListElement\":[{\"@type\":\"ListItem\",\"position\":1,\"name\":\"Portada\",\"item\":\"https:\/\/www.datecuenta.org\/escuelalibre\/\"},{\"@type\":\"ListItem\",\"position\":2,\"name\":\"Un d\u00eda cualquiera: cr\u00f3nica de la masterclase con el cineasta Llu\u00eds Escart\u00edn\"}]},{\"@type\":\"WebSite\",\"@id\":\"https:\/\/www.datecuenta.org\/escuelalibre\/#website\",\"url\":\"https:\/\/www.datecuenta.org\/escuelalibre\/\",\"name\":\"Escuela de fotograf\u00eda en Barcelona | DateCuenta\",\"description\":\"\",\"potentialAction\":[{\"@type\":\"SearchAction\",\"target\":{\"@type\":\"EntryPoint\",\"urlTemplate\":\"https:\/\/www.datecuenta.org\/escuelalibre\/?s={search_term_string}\"},\"query-input\":{\"@type\":\"PropertyValueSpecification\",\"valueRequired\":true,\"valueName\":\"search_term_string\"}}],\"inLanguage\":\"es\"},{\"@type\":\"Person\",\"@id\":\"https:\/\/www.datecuenta.org\/escuelalibre\/#\/schema\/person\/2461c4b87eecd19501ff25c8158edfce\",\"name\":\"Date Cuenta\",\"image\":{\"@type\":\"ImageObject\",\"inLanguage\":\"es\",\"@id\":\"https:\/\/www.datecuenta.org\/escuelalibre\/#\/schema\/person\/image\/\",\"url\":\"https:\/\/secure.gravatar.com\/avatar\/cef072a10d2f235035add558d19bd890155332fc9d829546849b6af5dba440c4?s=96&d=mm&r=g\",\"contentUrl\":\"https:\/\/secure.gravatar.com\/avatar\/cef072a10d2f235035add558d19bd890155332fc9d829546849b6af5dba440c4?s=96&d=mm&r=g\",\"caption\":\"Date Cuenta\"}}]}<\/script>\n<!-- \/ Yoast SEO plugin. -->","yoast_head_json":{"title":"Un d\u00eda cualquiera: cr\u00f3nica de la masterclase con el cineasta Llu\u00eds Escart\u00edn","description":"En algunos de esos d\u00edas de 1986, tendr\u00eda veinte a\u00f1os el fot\u00f3grafo y cineasta Llu\u00eds Escart\u00edn (Barcelona, 1966), poeta de la vie quotidienne que realiz\u00f3 una masterclass para la escuela libre de comunicaci\u00f3n DateCuenta, en el centro c\u00edvico Pati Llimona, el 25 de enero.","robots":{"index":"index","follow":"follow","max-snippet":"max-snippet:-1","max-image-preview":"max-image-preview:large","max-video-preview":"max-video-preview:-1"},"canonical":"https:\/\/www.datecuenta.org\/escuelalibre\/masterclase-cineasta-lluis-escartin\/","og_locale":"es_ES","og_type":"article","og_title":"Un d\u00eda cualquiera: cr\u00f3nica de la masterclase con el cineasta Llu\u00eds Escart\u00edn","og_description":"En algunos de esos d\u00edas de 1986, tendr\u00eda veinte a\u00f1os el fot\u00f3grafo y cineasta Llu\u00eds Escart\u00edn (Barcelona, 1966), poeta de la vie quotidienne que realiz\u00f3 una masterclass para la escuela libre de comunicaci\u00f3n DateCuenta, en el centro c\u00edvico Pati Llimona, el 25 de enero.","og_url":"https:\/\/www.datecuenta.org\/escuelalibre\/masterclase-cineasta-lluis-escartin\/","og_site_name":"Escuela de fotograf\u00eda en Barcelona | DateCuenta","article_published_time":"2020-01-26T21:40:29+00:00","article_modified_time":"2020-01-26T21:41:04+00:00","og_image":[{"width":750,"height":501,"url":"https:\/\/www.datecuenta.org\/escuelalibre\/wp-content\/uploads\/2020\/01\/lluis-escartin-cineasta-datecuenta-masterclase.jpg","type":"image\/jpeg"}],"author":"Date Cuenta","twitter_card":"summary_large_image","twitter_misc":{"Escrito por":"Date Cuenta","Tiempo de lectura":"6 minutos"},"schema":{"@context":"https:\/\/schema.org","@graph":[{"@type":"Article","@id":"https:\/\/www.datecuenta.org\/escuelalibre\/masterclase-cineasta-lluis-escartin\/#article","isPartOf":{"@id":"https:\/\/www.datecuenta.org\/escuelalibre\/masterclase-cineasta-lluis-escartin\/"},"author":{"name":"Date Cuenta","@id":"https:\/\/www.datecuenta.org\/escuelalibre\/#\/schema\/person\/2461c4b87eecd19501ff25c8158edfce"},"headline":"Un d\u00eda cualquiera: cr\u00f3nica de la masterclase con el cineasta Llu\u00eds Escart\u00edn","datePublished":"2020-01-26T21:40:29+00:00","dateModified":"2020-01-26T21:41:04+00:00","mainEntityOfPage":{"@id":"https:\/\/www.datecuenta.org\/escuelalibre\/masterclase-cineasta-lluis-escartin\/"},"wordCount":1277,"image":{"@id":"https:\/\/www.datecuenta.org\/escuelalibre\/masterclase-cineasta-lluis-escartin\/#primaryimage"},"thumbnailUrl":"https:\/\/www.datecuenta.org\/escuelalibre\/wp-content\/uploads\/2020\/01\/lluis-escartin-cineasta-datecuenta-masterclase.jpg","articleSection":["BLOG"],"inLanguage":"es"},{"@type":"WebPage","@id":"https:\/\/www.datecuenta.org\/escuelalibre\/masterclase-cineasta-lluis-escartin\/","url":"https:\/\/www.datecuenta.org\/escuelalibre\/masterclase-cineasta-lluis-escartin\/","name":"Un d\u00eda cualquiera: cr\u00f3nica de la masterclase con el cineasta Llu\u00eds Escart\u00edn","isPartOf":{"@id":"https:\/\/www.datecuenta.org\/escuelalibre\/#website"},"primaryImageOfPage":{"@id":"https:\/\/www.datecuenta.org\/escuelalibre\/masterclase-cineasta-lluis-escartin\/#primaryimage"},"image":{"@id":"https:\/\/www.datecuenta.org\/escuelalibre\/masterclase-cineasta-lluis-escartin\/#primaryimage"},"thumbnailUrl":"https:\/\/www.datecuenta.org\/escuelalibre\/wp-content\/uploads\/2020\/01\/lluis-escartin-cineasta-datecuenta-masterclase.jpg","datePublished":"2020-01-26T21:40:29+00:00","dateModified":"2020-01-26T21:41:04+00:00","author":{"@id":"https:\/\/www.datecuenta.org\/escuelalibre\/#\/schema\/person\/2461c4b87eecd19501ff25c8158edfce"},"description":"En algunos de esos d\u00edas de 1986, tendr\u00eda veinte a\u00f1os el fot\u00f3grafo y cineasta Llu\u00eds Escart\u00edn (Barcelona, 1966), poeta de la vie quotidienne que realiz\u00f3 una masterclass para la escuela libre de comunicaci\u00f3n DateCuenta, en el centro c\u00edvico Pati Llimona, el 25 de enero.","breadcrumb":{"@id":"https:\/\/www.datecuenta.org\/escuelalibre\/masterclase-cineasta-lluis-escartin\/#breadcrumb"},"inLanguage":"es","potentialAction":[{"@type":"ReadAction","target":["https:\/\/www.datecuenta.org\/escuelalibre\/masterclase-cineasta-lluis-escartin\/"]}]},{"@type":"ImageObject","inLanguage":"es","@id":"https:\/\/www.datecuenta.org\/escuelalibre\/masterclase-cineasta-lluis-escartin\/#primaryimage","url":"https:\/\/www.datecuenta.org\/escuelalibre\/wp-content\/uploads\/2020\/01\/lluis-escartin-cineasta-datecuenta-masterclase.jpg","contentUrl":"https:\/\/www.datecuenta.org\/escuelalibre\/wp-content\/uploads\/2020\/01\/lluis-escartin-cineasta-datecuenta-masterclase.jpg","width":750,"height":501},{"@type":"BreadcrumbList","@id":"https:\/\/www.datecuenta.org\/escuelalibre\/masterclase-cineasta-lluis-escartin\/#breadcrumb","itemListElement":[{"@type":"ListItem","position":1,"name":"Portada","item":"https:\/\/www.datecuenta.org\/escuelalibre\/"},{"@type":"ListItem","position":2,"name":"Un d\u00eda cualquiera: cr\u00f3nica de la masterclase con el cineasta Llu\u00eds Escart\u00edn"}]},{"@type":"WebSite","@id":"https:\/\/www.datecuenta.org\/escuelalibre\/#website","url":"https:\/\/www.datecuenta.org\/escuelalibre\/","name":"Escuela de fotograf\u00eda en Barcelona | DateCuenta","description":"","potentialAction":[{"@type":"SearchAction","target":{"@type":"EntryPoint","urlTemplate":"https:\/\/www.datecuenta.org\/escuelalibre\/?s={search_term_string}"},"query-input":{"@type":"PropertyValueSpecification","valueRequired":true,"valueName":"search_term_string"}}],"inLanguage":"es"},{"@type":"Person","@id":"https:\/\/www.datecuenta.org\/escuelalibre\/#\/schema\/person\/2461c4b87eecd19501ff25c8158edfce","name":"Date Cuenta","image":{"@type":"ImageObject","inLanguage":"es","@id":"https:\/\/www.datecuenta.org\/escuelalibre\/#\/schema\/person\/image\/","url":"https:\/\/secure.gravatar.com\/avatar\/cef072a10d2f235035add558d19bd890155332fc9d829546849b6af5dba440c4?s=96&d=mm&r=g","contentUrl":"https:\/\/secure.gravatar.com\/avatar\/cef072a10d2f235035add558d19bd890155332fc9d829546849b6af5dba440c4?s=96&d=mm&r=g","caption":"Date Cuenta"}}]}},"_links":{"self":[{"href":"https:\/\/www.datecuenta.org\/escuelalibre\/wp-json\/wp\/v2\/posts\/3794","targetHints":{"allow":["GET"]}}],"collection":[{"href":"https:\/\/www.datecuenta.org\/escuelalibre\/wp-json\/wp\/v2\/posts"}],"about":[{"href":"https:\/\/www.datecuenta.org\/escuelalibre\/wp-json\/wp\/v2\/types\/post"}],"author":[{"embeddable":true,"href":"https:\/\/www.datecuenta.org\/escuelalibre\/wp-json\/wp\/v2\/users\/1001002"}],"replies":[{"embeddable":true,"href":"https:\/\/www.datecuenta.org\/escuelalibre\/wp-json\/wp\/v2\/comments?post=3794"}],"version-history":[{"count":1,"href":"https:\/\/www.datecuenta.org\/escuelalibre\/wp-json\/wp\/v2\/posts\/3794\/revisions"}],"predecessor-version":[{"id":3800,"href":"https:\/\/www.datecuenta.org\/escuelalibre\/wp-json\/wp\/v2\/posts\/3794\/revisions\/3800"}],"wp:featuredmedia":[{"embeddable":true,"href":"https:\/\/www.datecuenta.org\/escuelalibre\/wp-json\/wp\/v2\/media\/3795"}],"wp:attachment":[{"href":"https:\/\/www.datecuenta.org\/escuelalibre\/wp-json\/wp\/v2\/media?parent=3794"}],"wp:term":[{"taxonomy":"category","embeddable":true,"href":"https:\/\/www.datecuenta.org\/escuelalibre\/wp-json\/wp\/v2\/categories?post=3794"},{"taxonomy":"post_tag","embeddable":true,"href":"https:\/\/www.datecuenta.org\/escuelalibre\/wp-json\/wp\/v2\/tags?post=3794"}],"curies":[{"name":"wp","href":"https:\/\/api.w.org\/{rel}","templated":true}]}}