{"id":3844,"date":"2020-05-12T08:11:39","date_gmt":"2020-05-12T08:11:39","guid":{"rendered":"https:\/\/www.datecuenta.org\/escuelalibre\/?p=3844"},"modified":"2020-05-12T08:47:40","modified_gmt":"2020-05-12T08:47:40","slug":"virus-no-quitar","status":"publish","type":"post","link":"https:\/\/www.datecuenta.org\/escuelalibre\/virus-no-quitar\/","title":{"rendered":"Lo que el virus no nos podr\u00e1 quitar"},"content":{"rendered":"\n<p>En las \u00faltimas semanas hemos vivido un <strong>tiempo doloroso<\/strong>, dif\u00edcil y en ocasiones incomprensible que nos ha afectado globalmente y en muchas \u00e1reas. Pero tambi\u00e9n estamos viviendo un <strong>momento m\u00e1gico<\/strong> en el que hemos tenido la oportunidad de so\u00f1ar y activar el mundo en el que queremos vivir.<\/p>\n\n\n\n<p><strong>Por AITOR FERN\u00c1NDEZ | <\/strong><a rel=\"noreferrer noopener\" aria-label=\"@aitorrfe (abre en una nueva pesta\u00f1a)\" href=\"http:\/\/instagram.com\/aitorrfe\" target=\"_blank\"><strong>@aitorrfe<\/strong><\/a><br><strong>V\u00eddeo del ALUMNADO DE <a rel=\"noreferrer noopener\" aria-label=\"Fotograf\u00eda Creativa (abre en una nueva pesta\u00f1a)\" href=\"https:\/\/www.datecuenta.org\/escuelalibre\/curso-avanzado-fotografia\/\" target=\"_blank\">Fotograf\u00eda Creativa<\/a>, <a rel=\"noreferrer noopener\" aria-label=\"Proyecto fotogr\u00e1fico (abre en una nueva pesta\u00f1a)\" href=\"https:\/\/www.datecuenta.org\/escuelalibre\/curso-fotografia-profesional\/\" target=\"_blank\">Proyecto fotogr\u00e1fico<\/a> e <a rel=\"noreferrer noopener\" aria-label=\"Iluminaci\u00f3n en estudio (abre en una nueva pesta\u00f1a)\" href=\"https:\/\/www.datecuenta.org\/escuelalibre\/curso-de-iluminacion-en-estudio\/\" target=\"_blank\">Iluminaci\u00f3n en estudio<\/a><\/strong><\/p>\n\n\n\n<figure class=\"wp-block-image\"><img loading=\"lazy\" decoding=\"async\" width=\"750\" height=\"409\" src=\"https:\/\/www.datecuenta.org\/escuelalibre\/wp-content\/uploads\/2020\/05\/virus-no-podra-quitar.jpg\" alt=\"\" class=\"wp-image-3855\" srcset=\"https:\/\/www.datecuenta.org\/escuelalibre\/wp-content\/uploads\/2020\/05\/virus-no-podra-quitar.jpg 750w, https:\/\/www.datecuenta.org\/escuelalibre\/wp-content\/uploads\/2020\/05\/virus-no-podra-quitar-300x164.jpg 300w, https:\/\/www.datecuenta.org\/escuelalibre\/wp-content\/uploads\/2020\/05\/virus-no-podra-quitar-436x238.jpg 436w\" sizes=\"(max-width: 750px) 100vw, 750px\" \/><figcaption>I&#8217;ve got my freedom | FOTO: CL\u00c0UDIA N\u00da\u00d1EZ<\/figcaption><\/figure>\n\n\n\n<p>Hay muchos foros en el d\u00eda a d\u00eda donde hablamos del mundo en el que vivimos, pero pocos donde hablamos <strong>del mundo donde queremos vivir<\/strong>, el mundo por el que desear\u00edamos levantarnos cada d\u00eda. <\/p>\n\n\n\n<p>Las consecuencias de este virus han sacado lo mejor y lo peor del ser humano. Nos hemos vuelto m\u00e1s humanos -m\u00e1s solidarios o m\u00e1s despreciables, todo es humano- y nos hemos dado cuenta de que formamos parte de un mundo m\u00e1s amplio y diverso del que cre\u00edamos. <\/p>\n\n\n\n<p>Las consecuencias de este virus nos han ense\u00f1ado que si se queman los bosques en Brasil yo acabar\u00e9 respirando el aire contaminado; que ya no ser\u00e1 posible consumir o viajar sin sentido si no queremos vivir las consecuencias; que somos part\u00edculas, cada una con su experiencia de vida, pero formamos parte de un campo mucho m\u00e1s amplio que est\u00e1 interconectado. <strong>Este virus nos ha ense\u00f1ado que debemos de poner consciencia en cada uno de los actos que hacemos como individuos y como sociedad.<\/strong><\/p>\n\n\n\n<p>El ser humano busca culpables. Aprovecha las cat\u00e1strofes para usurpar el poder, para fomentar el miedo. El ser humano hace eso: es cobarde. Pero el ser humano tambi\u00e9n hace cosas muy grandes y ha demostrado muchas veces que tiene la capacidad de cambiar radicalmente de rumbo. <\/p>\n\n\n\n<p>Un solo ser humano puede <em>contagiar<\/em> una idea al resto para transformar el mundo en el que vive. Lo hizo, por ejemplo, <strong>Florence Nightingale<\/strong>, quien con su trabajo sobre el cuidado y la higiene durante la guerra de Crimea nos permiti\u00f3 entender el funcionamiento de virus como este; o <strong>Rosa Parks<\/strong>, quien en 1955 fue detenida por negarse a ceder el asiento de su autob\u00fas a una persona blanca y marc\u00f3 el inicio de la lucha definitiva contra la discriminaci\u00f3n racial en Estados Unidos. <\/p>\n\n\n\n<p>Las sociedades son tambi\u00e9n sistemas que funcionan como organismos independientes, son capaces de  aprender y evolucionar. Si una peque\u00f1a parte de la poblaci\u00f3n aprende algo, o siente y piensa sus acciones, el resto de la poblaci\u00f3n puede dar ese salto por <em><strong>contagio<\/strong><\/em>.<\/p>\n\n\n\n<p>Ante esta nueva situaci\u00f3n la sociedad ha entendido que no va a poder disfrutar m\u00e1s de las comodidades y privilegios de las que disfrutaba, y eso nos ha dado mucha ansiedad. <strong>Pero las emociones no deben impedirnos ser todo lo que podr\u00edamos ser. <\/strong><\/p>\n\n\n\n<p>Entender y aceptar esta nueva emoci\u00f3n es el primer paso para empezar a construir el nuevo rumbo que necesita la sociedad para sobrevivir en este mundo. Porque el mundo va a sobrevivir, pero quiz\u00e1 nuestra especie no. Muchas tribus ind\u00edgenas sent\u00edan esa conexi\u00f3n con el medio y la comunidad y por eso lo antepon\u00edan a todo lo dem\u00e1s. <\/p>\n\n\n\n<p>Como cantaba Nina Simone en la canci\u00f3n &#8216;Ain&#8217;t got no, I got life&#8217; (No tengo nada, tengo vida) <strong>somos afortunados<\/strong> porque todav\u00eda disponemos de nuestras manos, de nuestro h\u00edgado y de nuestro coraz\u00f3n, la materia prima que nos permite seguir estando y actuando en este mundo. Y eso lo seguir\u00edamos teniendo a pesar de que en alg\u00fan momento se nos privara de todo lo dem\u00e1s. <strong>Seguir\u00edamos disponiendo de nuestra libertad<\/strong>.<\/p>\n\n\n\n<p>Mis alumnos de los cursos de fotograf\u00eda avanzada y yo hemos ilustrado esta maravillosa canci\u00f3n para <strong>empezar a darle la vuelta a este sentimiento negativo que nos invade<\/strong>. La vida nos est\u00e1 dando una nueva oportunidad. Aprovech\u00e9mosla.<\/p>\n\n\n\n<figure class=\"wp-block-embed-youtube wp-block-embed is-type-video is-provider-youtube wp-embed-aspect-16-9 wp-has-aspect-ratio\"><div class=\"wp-block-embed__wrapper\">\n<iframe loading=\"lazy\" title=\"What have I got \/ Nobody can take away (Nina Simone)\" width=\"1080\" height=\"608\" src=\"https:\/\/www.youtube.com\/embed\/NftcWdF9M10?feature=oembed\"  allow=\"accelerometer; autoplay; clipboard-write; encrypted-media; gyroscope; picture-in-picture\" allowfullscreen><\/iframe>\n<\/div><figcaption>Proyecto de di\u00e1logo entre las im\u00e1genes y el sonido de los cuatro grupos de fotograf\u00eda avanzada<\/figcaption><\/figure>\n","protected":false},"excerpt":{"rendered":"<p>En las \u00faltimas semanas hemos vivido un tiempo doloroso, dif\u00edcil y en ocasiones incomprensible que nos ha afectado globalmente y en muchas \u00e1reas. Pero tambi\u00e9n estamos viviendo un momento m\u00e1gico en el que hemos tenido la oportunidad de so\u00f1ar y activar el mundo en el que queremos vivir. Por AITOR FERN\u00c1NDEZ | @aitorrfeV\u00eddeo del ALUMNADO [&hellip;]<\/p>\n","protected":false},"author":1001002,"featured_media":3857,"comment_status":"closed","ping_status":"closed","sticky":false,"template":"","format":"standard","meta":{"_et_pb_use_builder":"","_et_pb_old_content":"","_et_gb_content_width":"","content-type":"","_monsterinsights_skip_tracking":false,"_monsterinsights_sitenote_active":false,"_monsterinsights_sitenote_note":"","_monsterinsights_sitenote_category":0,"_joinchat":[],"footnotes":""},"categories":[187],"tags":[],"class_list":["post-3844","post","type-post","status-publish","format-standard","has-post-thumbnail","hentry","category-noticias"],"yoast_head":"<!-- This site is optimized with the Yoast SEO plugin v26.9 - https:\/\/yoast.com\/product\/yoast-seo-wordpress\/ -->\n<title>Lo que el virus no nos podr\u00e1 quitar<\/title>\n<meta name=\"description\" content=\"En las \u00faltimas semanas hemos vivido un tiempo doloroso, dif\u00edcil y en ocasiones incomprensible que nos ha afectado globalmente y en muchas \u00e1reas. Pero el virus tambi\u00e9n nos ha hecho vivir un momento m\u00e1gico en el que hemos tenido la oportunidad de so\u00f1ar y activar el mundo en el que queremos vivir.\" \/>\n<meta name=\"robots\" content=\"index, follow, max-snippet:-1, max-image-preview:large, max-video-preview:-1\" \/>\n<link rel=\"canonical\" href=\"https:\/\/www.datecuenta.org\/escuelalibre\/virus-no-quitar\/\" \/>\n<meta property=\"og:locale\" content=\"es_ES\" \/>\n<meta property=\"og:type\" content=\"article\" \/>\n<meta property=\"og:title\" content=\"Lo que el virus no nos podr\u00e1 quitar\" \/>\n<meta property=\"og:description\" content=\"En las \u00faltimas semanas hemos vivido un tiempo doloroso, dif\u00edcil y en ocasiones incomprensible que nos ha afectado globalmente y en muchas \u00e1reas. Pero el virus tambi\u00e9n nos ha hecho vivir un momento m\u00e1gico en el que hemos tenido la oportunidad de so\u00f1ar y activar el mundo en el que queremos vivir.\" \/>\n<meta property=\"og:url\" content=\"https:\/\/www.datecuenta.org\/escuelalibre\/virus-no-quitar\/\" \/>\n<meta property=\"og:site_name\" content=\"Escuela de fotograf\u00eda en Barcelona | DateCuenta\" \/>\n<meta property=\"article:published_time\" content=\"2020-05-12T08:11:39+00:00\" \/>\n<meta property=\"article:modified_time\" content=\"2020-05-12T08:47:40+00:00\" \/>\n<meta property=\"og:image\" content=\"https:\/\/www.datecuenta.org\/escuelalibre\/wp-content\/uploads\/2020\/05\/virus-no-podra-quitar-1.jpg\" \/>\n\t<meta property=\"og:image:width\" content=\"750\" \/>\n\t<meta property=\"og:image:height\" content=\"409\" \/>\n\t<meta property=\"og:image:type\" content=\"image\/jpeg\" \/>\n<meta name=\"author\" content=\"Date Cuenta\" \/>\n<meta name=\"twitter:card\" content=\"summary_large_image\" \/>\n<meta name=\"twitter:label1\" content=\"Escrito por\" \/>\n\t<meta name=\"twitter:data1\" content=\"Date Cuenta\" \/>\n\t<meta name=\"twitter:label2\" content=\"Tiempo de lectura\" \/>\n\t<meta name=\"twitter:data2\" content=\"3 minutos\" \/>\n<script type=\"application\/ld+json\" class=\"yoast-schema-graph\">{\"@context\":\"https:\/\/schema.org\",\"@graph\":[{\"@type\":\"Article\",\"@id\":\"https:\/\/www.datecuenta.org\/escuelalibre\/virus-no-quitar\/#article\",\"isPartOf\":{\"@id\":\"https:\/\/www.datecuenta.org\/escuelalibre\/virus-no-quitar\/\"},\"author\":{\"name\":\"Date Cuenta\",\"@id\":\"https:\/\/www.datecuenta.org\/escuelalibre\/#\/schema\/person\/2461c4b87eecd19501ff25c8158edfce\"},\"headline\":\"Lo que el virus no nos podr\u00e1 quitar\",\"datePublished\":\"2020-05-12T08:11:39+00:00\",\"dateModified\":\"2020-05-12T08:47:40+00:00\",\"mainEntityOfPage\":{\"@id\":\"https:\/\/www.datecuenta.org\/escuelalibre\/virus-no-quitar\/\"},\"wordCount\":703,\"image\":{\"@id\":\"https:\/\/www.datecuenta.org\/escuelalibre\/virus-no-quitar\/#primaryimage\"},\"thumbnailUrl\":\"https:\/\/www.datecuenta.org\/escuelalibre\/wp-content\/uploads\/2020\/05\/virus-no-podra-quitar-1.jpg\",\"articleSection\":[\"BLOG\"],\"inLanguage\":\"es\"},{\"@type\":\"WebPage\",\"@id\":\"https:\/\/www.datecuenta.org\/escuelalibre\/virus-no-quitar\/\",\"url\":\"https:\/\/www.datecuenta.org\/escuelalibre\/virus-no-quitar\/\",\"name\":\"Lo que el virus no nos podr\u00e1 quitar\",\"isPartOf\":{\"@id\":\"https:\/\/www.datecuenta.org\/escuelalibre\/#website\"},\"primaryImageOfPage\":{\"@id\":\"https:\/\/www.datecuenta.org\/escuelalibre\/virus-no-quitar\/#primaryimage\"},\"image\":{\"@id\":\"https:\/\/www.datecuenta.org\/escuelalibre\/virus-no-quitar\/#primaryimage\"},\"thumbnailUrl\":\"https:\/\/www.datecuenta.org\/escuelalibre\/wp-content\/uploads\/2020\/05\/virus-no-podra-quitar-1.jpg\",\"datePublished\":\"2020-05-12T08:11:39+00:00\",\"dateModified\":\"2020-05-12T08:47:40+00:00\",\"author\":{\"@id\":\"https:\/\/www.datecuenta.org\/escuelalibre\/#\/schema\/person\/2461c4b87eecd19501ff25c8158edfce\"},\"description\":\"En las \u00faltimas semanas hemos vivido un tiempo doloroso, dif\u00edcil y en ocasiones incomprensible que nos ha afectado globalmente y en muchas \u00e1reas. Pero el virus tambi\u00e9n nos ha hecho vivir un momento m\u00e1gico en el que hemos tenido la oportunidad de so\u00f1ar y activar el mundo en el que queremos vivir.\",\"breadcrumb\":{\"@id\":\"https:\/\/www.datecuenta.org\/escuelalibre\/virus-no-quitar\/#breadcrumb\"},\"inLanguage\":\"es\",\"potentialAction\":[{\"@type\":\"ReadAction\",\"target\":[\"https:\/\/www.datecuenta.org\/escuelalibre\/virus-no-quitar\/\"]}]},{\"@type\":\"ImageObject\",\"inLanguage\":\"es\",\"@id\":\"https:\/\/www.datecuenta.org\/escuelalibre\/virus-no-quitar\/#primaryimage\",\"url\":\"https:\/\/www.datecuenta.org\/escuelalibre\/wp-content\/uploads\/2020\/05\/virus-no-podra-quitar-1.jpg\",\"contentUrl\":\"https:\/\/www.datecuenta.org\/escuelalibre\/wp-content\/uploads\/2020\/05\/virus-no-podra-quitar-1.jpg\",\"width\":750,\"height\":409,\"caption\":\"Lo que el virus no nos podr\u00e1 quitar\"},{\"@type\":\"BreadcrumbList\",\"@id\":\"https:\/\/www.datecuenta.org\/escuelalibre\/virus-no-quitar\/#breadcrumb\",\"itemListElement\":[{\"@type\":\"ListItem\",\"position\":1,\"name\":\"Portada\",\"item\":\"https:\/\/www.datecuenta.org\/escuelalibre\/\"},{\"@type\":\"ListItem\",\"position\":2,\"name\":\"Lo que el virus no nos podr\u00e1 quitar\"}]},{\"@type\":\"WebSite\",\"@id\":\"https:\/\/www.datecuenta.org\/escuelalibre\/#website\",\"url\":\"https:\/\/www.datecuenta.org\/escuelalibre\/\",\"name\":\"Escuela de fotograf\u00eda en Barcelona | DateCuenta\",\"description\":\"\",\"potentialAction\":[{\"@type\":\"SearchAction\",\"target\":{\"@type\":\"EntryPoint\",\"urlTemplate\":\"https:\/\/www.datecuenta.org\/escuelalibre\/?s={search_term_string}\"},\"query-input\":{\"@type\":\"PropertyValueSpecification\",\"valueRequired\":true,\"valueName\":\"search_term_string\"}}],\"inLanguage\":\"es\"},{\"@type\":\"Person\",\"@id\":\"https:\/\/www.datecuenta.org\/escuelalibre\/#\/schema\/person\/2461c4b87eecd19501ff25c8158edfce\",\"name\":\"Date Cuenta\",\"image\":{\"@type\":\"ImageObject\",\"inLanguage\":\"es\",\"@id\":\"https:\/\/www.datecuenta.org\/escuelalibre\/#\/schema\/person\/image\/\",\"url\":\"https:\/\/secure.gravatar.com\/avatar\/cef072a10d2f235035add558d19bd890155332fc9d829546849b6af5dba440c4?s=96&d=mm&r=g\",\"contentUrl\":\"https:\/\/secure.gravatar.com\/avatar\/cef072a10d2f235035add558d19bd890155332fc9d829546849b6af5dba440c4?s=96&d=mm&r=g\",\"caption\":\"Date Cuenta\"}}]}<\/script>\n<!-- \/ Yoast SEO plugin. -->","yoast_head_json":{"title":"Lo que el virus no nos podr\u00e1 quitar","description":"En las \u00faltimas semanas hemos vivido un tiempo doloroso, dif\u00edcil y en ocasiones incomprensible que nos ha afectado globalmente y en muchas \u00e1reas. Pero el virus tambi\u00e9n nos ha hecho vivir un momento m\u00e1gico en el que hemos tenido la oportunidad de so\u00f1ar y activar el mundo en el que queremos vivir.","robots":{"index":"index","follow":"follow","max-snippet":"max-snippet:-1","max-image-preview":"max-image-preview:large","max-video-preview":"max-video-preview:-1"},"canonical":"https:\/\/www.datecuenta.org\/escuelalibre\/virus-no-quitar\/","og_locale":"es_ES","og_type":"article","og_title":"Lo que el virus no nos podr\u00e1 quitar","og_description":"En las \u00faltimas semanas hemos vivido un tiempo doloroso, dif\u00edcil y en ocasiones incomprensible que nos ha afectado globalmente y en muchas \u00e1reas. Pero el virus tambi\u00e9n nos ha hecho vivir un momento m\u00e1gico en el que hemos tenido la oportunidad de so\u00f1ar y activar el mundo en el que queremos vivir.","og_url":"https:\/\/www.datecuenta.org\/escuelalibre\/virus-no-quitar\/","og_site_name":"Escuela de fotograf\u00eda en Barcelona | DateCuenta","article_published_time":"2020-05-12T08:11:39+00:00","article_modified_time":"2020-05-12T08:47:40+00:00","og_image":[{"width":750,"height":409,"url":"https:\/\/www.datecuenta.org\/escuelalibre\/wp-content\/uploads\/2020\/05\/virus-no-podra-quitar-1.jpg","type":"image\/jpeg"}],"author":"Date Cuenta","twitter_card":"summary_large_image","twitter_misc":{"Escrito por":"Date Cuenta","Tiempo de lectura":"3 minutos"},"schema":{"@context":"https:\/\/schema.org","@graph":[{"@type":"Article","@id":"https:\/\/www.datecuenta.org\/escuelalibre\/virus-no-quitar\/#article","isPartOf":{"@id":"https:\/\/www.datecuenta.org\/escuelalibre\/virus-no-quitar\/"},"author":{"name":"Date Cuenta","@id":"https:\/\/www.datecuenta.org\/escuelalibre\/#\/schema\/person\/2461c4b87eecd19501ff25c8158edfce"},"headline":"Lo que el virus no nos podr\u00e1 quitar","datePublished":"2020-05-12T08:11:39+00:00","dateModified":"2020-05-12T08:47:40+00:00","mainEntityOfPage":{"@id":"https:\/\/www.datecuenta.org\/escuelalibre\/virus-no-quitar\/"},"wordCount":703,"image":{"@id":"https:\/\/www.datecuenta.org\/escuelalibre\/virus-no-quitar\/#primaryimage"},"thumbnailUrl":"https:\/\/www.datecuenta.org\/escuelalibre\/wp-content\/uploads\/2020\/05\/virus-no-podra-quitar-1.jpg","articleSection":["BLOG"],"inLanguage":"es"},{"@type":"WebPage","@id":"https:\/\/www.datecuenta.org\/escuelalibre\/virus-no-quitar\/","url":"https:\/\/www.datecuenta.org\/escuelalibre\/virus-no-quitar\/","name":"Lo que el virus no nos podr\u00e1 quitar","isPartOf":{"@id":"https:\/\/www.datecuenta.org\/escuelalibre\/#website"},"primaryImageOfPage":{"@id":"https:\/\/www.datecuenta.org\/escuelalibre\/virus-no-quitar\/#primaryimage"},"image":{"@id":"https:\/\/www.datecuenta.org\/escuelalibre\/virus-no-quitar\/#primaryimage"},"thumbnailUrl":"https:\/\/www.datecuenta.org\/escuelalibre\/wp-content\/uploads\/2020\/05\/virus-no-podra-quitar-1.jpg","datePublished":"2020-05-12T08:11:39+00:00","dateModified":"2020-05-12T08:47:40+00:00","author":{"@id":"https:\/\/www.datecuenta.org\/escuelalibre\/#\/schema\/person\/2461c4b87eecd19501ff25c8158edfce"},"description":"En las \u00faltimas semanas hemos vivido un tiempo doloroso, dif\u00edcil y en ocasiones incomprensible que nos ha afectado globalmente y en muchas \u00e1reas. Pero el virus tambi\u00e9n nos ha hecho vivir un momento m\u00e1gico en el que hemos tenido la oportunidad de so\u00f1ar y activar el mundo en el que queremos vivir.","breadcrumb":{"@id":"https:\/\/www.datecuenta.org\/escuelalibre\/virus-no-quitar\/#breadcrumb"},"inLanguage":"es","potentialAction":[{"@type":"ReadAction","target":["https:\/\/www.datecuenta.org\/escuelalibre\/virus-no-quitar\/"]}]},{"@type":"ImageObject","inLanguage":"es","@id":"https:\/\/www.datecuenta.org\/escuelalibre\/virus-no-quitar\/#primaryimage","url":"https:\/\/www.datecuenta.org\/escuelalibre\/wp-content\/uploads\/2020\/05\/virus-no-podra-quitar-1.jpg","contentUrl":"https:\/\/www.datecuenta.org\/escuelalibre\/wp-content\/uploads\/2020\/05\/virus-no-podra-quitar-1.jpg","width":750,"height":409,"caption":"Lo que el virus no nos podr\u00e1 quitar"},{"@type":"BreadcrumbList","@id":"https:\/\/www.datecuenta.org\/escuelalibre\/virus-no-quitar\/#breadcrumb","itemListElement":[{"@type":"ListItem","position":1,"name":"Portada","item":"https:\/\/www.datecuenta.org\/escuelalibre\/"},{"@type":"ListItem","position":2,"name":"Lo que el virus no nos podr\u00e1 quitar"}]},{"@type":"WebSite","@id":"https:\/\/www.datecuenta.org\/escuelalibre\/#website","url":"https:\/\/www.datecuenta.org\/escuelalibre\/","name":"Escuela de fotograf\u00eda en Barcelona | DateCuenta","description":"","potentialAction":[{"@type":"SearchAction","target":{"@type":"EntryPoint","urlTemplate":"https:\/\/www.datecuenta.org\/escuelalibre\/?s={search_term_string}"},"query-input":{"@type":"PropertyValueSpecification","valueRequired":true,"valueName":"search_term_string"}}],"inLanguage":"es"},{"@type":"Person","@id":"https:\/\/www.datecuenta.org\/escuelalibre\/#\/schema\/person\/2461c4b87eecd19501ff25c8158edfce","name":"Date Cuenta","image":{"@type":"ImageObject","inLanguage":"es","@id":"https:\/\/www.datecuenta.org\/escuelalibre\/#\/schema\/person\/image\/","url":"https:\/\/secure.gravatar.com\/avatar\/cef072a10d2f235035add558d19bd890155332fc9d829546849b6af5dba440c4?s=96&d=mm&r=g","contentUrl":"https:\/\/secure.gravatar.com\/avatar\/cef072a10d2f235035add558d19bd890155332fc9d829546849b6af5dba440c4?s=96&d=mm&r=g","caption":"Date Cuenta"}}]}},"_links":{"self":[{"href":"https:\/\/www.datecuenta.org\/escuelalibre\/wp-json\/wp\/v2\/posts\/3844","targetHints":{"allow":["GET"]}}],"collection":[{"href":"https:\/\/www.datecuenta.org\/escuelalibre\/wp-json\/wp\/v2\/posts"}],"about":[{"href":"https:\/\/www.datecuenta.org\/escuelalibre\/wp-json\/wp\/v2\/types\/post"}],"author":[{"embeddable":true,"href":"https:\/\/www.datecuenta.org\/escuelalibre\/wp-json\/wp\/v2\/users\/1001002"}],"replies":[{"embeddable":true,"href":"https:\/\/www.datecuenta.org\/escuelalibre\/wp-json\/wp\/v2\/comments?post=3844"}],"version-history":[{"count":14,"href":"https:\/\/www.datecuenta.org\/escuelalibre\/wp-json\/wp\/v2\/posts\/3844\/revisions"}],"predecessor-version":[{"id":3865,"href":"https:\/\/www.datecuenta.org\/escuelalibre\/wp-json\/wp\/v2\/posts\/3844\/revisions\/3865"}],"wp:featuredmedia":[{"embeddable":true,"href":"https:\/\/www.datecuenta.org\/escuelalibre\/wp-json\/wp\/v2\/media\/3857"}],"wp:attachment":[{"href":"https:\/\/www.datecuenta.org\/escuelalibre\/wp-json\/wp\/v2\/media?parent=3844"}],"wp:term":[{"taxonomy":"category","embeddable":true,"href":"https:\/\/www.datecuenta.org\/escuelalibre\/wp-json\/wp\/v2\/categories?post=3844"},{"taxonomy":"post_tag","embeddable":true,"href":"https:\/\/www.datecuenta.org\/escuelalibre\/wp-json\/wp\/v2\/tags?post=3844"}],"curies":[{"name":"wp","href":"https:\/\/api.w.org\/{rel}","templated":true}]}}