{"id":3867,"date":"2020-06-09T15:06:00","date_gmt":"2020-06-09T15:06:00","guid":{"rendered":"https:\/\/www.datecuenta.org\/escuelalibre\/?p=3867"},"modified":"2020-06-19T16:24:59","modified_gmt":"2020-06-19T16:24:59","slug":"nueva-anormalidad-el-fin-de-curso-de-la-escuela-datecuenta-2019-2020","status":"publish","type":"post","link":"https:\/\/www.datecuenta.org\/escuelalibre\/nueva-anormalidad-el-fin-de-curso-de-la-escuela-datecuenta-2019-2020\/","title":{"rendered":"Nueva anormalidad, el fin de curso de la escuela DateCuenta 2019\/2020"},"content":{"rendered":"\n<p>La escuela libre de comunicaci\u00f3n DateCuenta ha acabado su curso m\u00e1s \nextra\u00f1o, surrealista y decisivo desde que abri\u00f3 las puertas en el 2009.<\/p>\n\n\n\n<p>La pandemia del coronavirus ha golpeado las vidas, ha trastocado las \nrutinas y nos ha encerrado en casa. A pesar de todo, y aunque pueda \nparecer parad\u00f3jico, nunca hemos estado tan conectados.<\/p>\n\n\n\n<p>Las clases se han ido sucediendo, las fotograf\u00edas y los v\u00eddeos se han ido disparando y las palabras se han ido sumando para explicar qu\u00e9 nos  ocurr\u00eda.<\/p>\n\n\n\n<p>Experimentando. Creciendo. Aprendiendo.<\/p>\n\n\n\n<figure class=\"wp-block-image\"><a href=\"nuevanormalidad.datecuenta.org\" target=\"_blank\" rel=\"noopener noreferrer nofollow\"><img loading=\"lazy\" decoding=\"async\" width=\"750\" height=\"445\" src=\"https:\/\/www.datecuenta.org\/escuelalibre\/wp-content\/uploads\/2020\/06\/fin-de-curso-fotografia.jpg\" alt=\"\" class=\"wp-image-3868\" srcset=\"https:\/\/www.datecuenta.org\/escuelalibre\/wp-content\/uploads\/2020\/06\/fin-de-curso-fotografia.jpg 750w, https:\/\/www.datecuenta.org\/escuelalibre\/wp-content\/uploads\/2020\/06\/fin-de-curso-fotografia-300x178.jpg 300w, https:\/\/www.datecuenta.org\/escuelalibre\/wp-content\/uploads\/2020\/06\/fin-de-curso-fotografia-436x259.jpg 436w\" sizes=\"(max-width: 750px) 100vw, 750px\" \/><\/a><\/figure>\n\n\n\n<p>Del proyecto \u00abViaje interior al nuevo mundo\u00bb, del estudiante de \nfotoperiodismo Javier Gordo: \u00abSuena la m\u00fasica, pegadiza, sinfon\u00eda \nadecuada a las circunstancias. \u00bfY la letra? La letra es el verso. El \nverso es el dogma. El dogma es la norma. Normalidad. Ser normal o no \nser\u00bb.<\/p>\n\n\n\n<p>DateCuenta no ha cerrado.<\/p>\n\n\n\n<p>La nueva \u00abanormalidad\u00bb no le ha pillado con el pie cambiado.<\/p>\n\n\n\n<p><strong>Los trabajos del alumnado que han llegado a buen puerto se van a exponer en una web<\/strong> y esperamos que en el oto\u00f1o se puedan exponer f\u00edsicamente.<\/p>\n\n\n\n<p>Tres son los temas clave, conectados entre s\u00ed: <strong>emergencia clim\u00e1tica<\/strong>, sobre la amenaza del desastre ecol\u00f3gico; <strong>nueva anormalidad<\/strong>, sobre la crisis sanitaria que salt\u00f3 de China al resto del mundo; y un caj\u00f3n de <strong>temas libres<\/strong>, con historias imposibles de encasillar.<\/p>\n\n\n\n<p>Este 2020 no ha acabado a\u00fan, y seguramente nos quedar\u00e1 por ver todo  su potencial de \u00abbuena onda\u00bb, como dicen en el Cono Sur. Borrado lo malo, esperamos lo mejor.<\/p>\n\n\n\n<p>El curso que viene seguiremos, activos: reforzando, indagando, aprendiendo.<\/p>\n\n\n\n<p>Hoy m\u00e1s que nunca, <strong>habiendo comprobado la fragilidad social y su  fortaleza<\/strong>, son necesarios los medios independientes que nos digan lo que  los medios dependientes no quieren decir.<\/p>\n\n\n\n<p>Sin temor a equivocarnos.<\/p>\n\n\n\n<p>Aprendiendo.<\/p>\n\n\n\n<h2 class=\"wp-block-heading\">Anota tu cita para asistir a la inauguraci\u00f3n virtual de este fin de curso anormal<\/h2>\n\n\n\n<p>Sabemos que estar\u00e1s hasta arriba de streamings, teletrabajo, workshops y cultura de pantalla&#8230;. Pero es que esta vez vale la pena. Por la maravillosa reflexi\u00f3n que han hecho las m\u00e1s de 80 alumnas y alumnos que han acabado este curso de una manera brillante. <\/p>\n\n\n\n<p>Tenemos confianza ciega en que este fin de curso va a transformar tu visi\u00f3n sobre esta &#8216;nueva normalidad&#8217; a la que nos dirigimos. As\u00ed que el pr\u00f3ximo viernes d\u00eda 19 de junio a las 19 horas, todos los docentes os esperamos en <a rel=\"noreferrer noopener\" aria-label=\"nuestro canal de Youtube (abre en una nueva pesta\u00f1a)\" href=\"https:\/\/www.youtube.com\/c\/datecuentaescuela\" target=\"_blank\">nuestro canal de Youtube<\/a> para una emisi\u00f3n en directo donde lanzaremos la web con todas esas hermosas y necesarias reflexiones.  <\/p>\n\n\n\n<figure class=\"wp-block-image\"><img loading=\"lazy\" decoding=\"async\" width=\"700\" height=\"700\" src=\"https:\/\/www.datecuenta.org\/escuelalibre\/wp-content\/uploads\/2020\/06\/fin-de-curso-nueva-anormalidad-datecuenta.jpg\" alt=\"fin de curso DateCuenta la nueva anormalidad\" class=\"wp-image-3869\" srcset=\"https:\/\/www.datecuenta.org\/escuelalibre\/wp-content\/uploads\/2020\/06\/fin-de-curso-nueva-anormalidad-datecuenta.jpg 700w, https:\/\/www.datecuenta.org\/escuelalibre\/wp-content\/uploads\/2020\/06\/fin-de-curso-nueva-anormalidad-datecuenta-300x300.jpg 300w, https:\/\/www.datecuenta.org\/escuelalibre\/wp-content\/uploads\/2020\/06\/fin-de-curso-nueva-anormalidad-datecuenta-436x436.jpg 436w\" sizes=\"(max-width: 700px) 100vw, 700px\" \/><\/figure>\n","protected":false},"excerpt":{"rendered":"<p>La escuela libre de comunicaci\u00f3n DateCuenta ha acabado su curso m\u00e1s extra\u00f1o, surrealista y decisivo desde que abri\u00f3 las puertas en el 2009. La pandemia del coronavirus ha golpeado las vidas, ha trastocado las rutinas y nos ha encerrado en casa. A pesar de todo, y aunque pueda parecer parad\u00f3jico, nunca hemos estado tan conectados. [&hellip;]<\/p>\n","protected":false},"author":1001002,"featured_media":3868,"comment_status":"closed","ping_status":"closed","sticky":false,"template":"","format":"standard","meta":{"_et_pb_use_builder":"","_et_pb_old_content":"","_et_gb_content_width":"","content-type":"","_monsterinsights_skip_tracking":false,"_monsterinsights_sitenote_active":false,"_monsterinsights_sitenote_note":"","_monsterinsights_sitenote_category":0,"_joinchat":[],"footnotes":""},"categories":[187],"tags":[],"class_list":["post-3867","post","type-post","status-publish","format-standard","has-post-thumbnail","hentry","category-noticias"],"yoast_head":"<!-- This site is optimized with the Yoast SEO plugin v26.9 - https:\/\/yoast.com\/product\/yoast-seo-wordpress\/ -->\n<title>Nueva anormalidad, el fin de curso de la escuela DateCuenta 2019\/2020<\/title>\n<meta name=\"description\" content=\"Tenemos confianza ciega de que este fin de curso va a transformar tu visi\u00f3n sobre esta &#039;nueva normalidad&#039; a la que nos dirigimos.\" \/>\n<meta name=\"robots\" content=\"index, follow, max-snippet:-1, max-image-preview:large, max-video-preview:-1\" \/>\n<link rel=\"canonical\" href=\"https:\/\/www.datecuenta.org\/escuelalibre\/nueva-anormalidad-el-fin-de-curso-de-la-escuela-datecuenta-2019-2020\/\" \/>\n<meta property=\"og:locale\" content=\"es_ES\" \/>\n<meta property=\"og:type\" content=\"article\" \/>\n<meta property=\"og:title\" content=\"Nueva anormalidad, el fin de curso de la escuela DateCuenta 2019\/2020\" \/>\n<meta property=\"og:description\" content=\"Tenemos confianza ciega de que este fin de curso va a transformar tu visi\u00f3n sobre esta &#039;nueva normalidad&#039; a la que nos dirigimos.\" \/>\n<meta property=\"og:url\" content=\"https:\/\/www.datecuenta.org\/escuelalibre\/nueva-anormalidad-el-fin-de-curso-de-la-escuela-datecuenta-2019-2020\/\" \/>\n<meta property=\"og:site_name\" content=\"Escuela de fotograf\u00eda en Barcelona | DateCuenta\" \/>\n<meta property=\"article:published_time\" content=\"2020-06-09T15:06:00+00:00\" \/>\n<meta property=\"article:modified_time\" content=\"2020-06-19T16:24:59+00:00\" \/>\n<meta property=\"og:image\" content=\"https:\/\/www.datecuenta.org\/escuelalibre\/wp-content\/uploads\/2020\/06\/fin-de-curso-fotografia.jpg\" \/>\n\t<meta property=\"og:image:width\" content=\"750\" \/>\n\t<meta property=\"og:image:height\" content=\"445\" \/>\n\t<meta property=\"og:image:type\" content=\"image\/jpeg\" \/>\n<meta name=\"author\" content=\"Date Cuenta\" \/>\n<meta name=\"twitter:card\" content=\"summary_large_image\" \/>\n<meta name=\"twitter:label1\" content=\"Escrito por\" \/>\n\t<meta name=\"twitter:data1\" content=\"Date Cuenta\" \/>\n\t<meta name=\"twitter:label2\" content=\"Tiempo de lectura\" \/>\n\t<meta name=\"twitter:data2\" content=\"2 minutos\" \/>\n<script type=\"application\/ld+json\" class=\"yoast-schema-graph\">{\"@context\":\"https:\/\/schema.org\",\"@graph\":[{\"@type\":\"Article\",\"@id\":\"https:\/\/www.datecuenta.org\/escuelalibre\/nueva-anormalidad-el-fin-de-curso-de-la-escuela-datecuenta-2019-2020\/#article\",\"isPartOf\":{\"@id\":\"https:\/\/www.datecuenta.org\/escuelalibre\/nueva-anormalidad-el-fin-de-curso-de-la-escuela-datecuenta-2019-2020\/\"},\"author\":{\"name\":\"Date Cuenta\",\"@id\":\"https:\/\/www.datecuenta.org\/escuelalibre\/#\/schema\/person\/2461c4b87eecd19501ff25c8158edfce\"},\"headline\":\"Nueva anormalidad, el fin de curso de la escuela DateCuenta 2019\/2020\",\"datePublished\":\"2020-06-09T15:06:00+00:00\",\"dateModified\":\"2020-06-19T16:24:59+00:00\",\"mainEntityOfPage\":{\"@id\":\"https:\/\/www.datecuenta.org\/escuelalibre\/nueva-anormalidad-el-fin-de-curso-de-la-escuela-datecuenta-2019-2020\/\"},\"wordCount\":436,\"image\":{\"@id\":\"https:\/\/www.datecuenta.org\/escuelalibre\/nueva-anormalidad-el-fin-de-curso-de-la-escuela-datecuenta-2019-2020\/#primaryimage\"},\"thumbnailUrl\":\"https:\/\/www.datecuenta.org\/escuelalibre\/wp-content\/uploads\/2020\/06\/fin-de-curso-fotografia.jpg\",\"articleSection\":[\"BLOG\"],\"inLanguage\":\"es\"},{\"@type\":\"WebPage\",\"@id\":\"https:\/\/www.datecuenta.org\/escuelalibre\/nueva-anormalidad-el-fin-de-curso-de-la-escuela-datecuenta-2019-2020\/\",\"url\":\"https:\/\/www.datecuenta.org\/escuelalibre\/nueva-anormalidad-el-fin-de-curso-de-la-escuela-datecuenta-2019-2020\/\",\"name\":\"Nueva anormalidad, el fin de curso de la escuela DateCuenta 2019\/2020\",\"isPartOf\":{\"@id\":\"https:\/\/www.datecuenta.org\/escuelalibre\/#website\"},\"primaryImageOfPage\":{\"@id\":\"https:\/\/www.datecuenta.org\/escuelalibre\/nueva-anormalidad-el-fin-de-curso-de-la-escuela-datecuenta-2019-2020\/#primaryimage\"},\"image\":{\"@id\":\"https:\/\/www.datecuenta.org\/escuelalibre\/nueva-anormalidad-el-fin-de-curso-de-la-escuela-datecuenta-2019-2020\/#primaryimage\"},\"thumbnailUrl\":\"https:\/\/www.datecuenta.org\/escuelalibre\/wp-content\/uploads\/2020\/06\/fin-de-curso-fotografia.jpg\",\"datePublished\":\"2020-06-09T15:06:00+00:00\",\"dateModified\":\"2020-06-19T16:24:59+00:00\",\"author\":{\"@id\":\"https:\/\/www.datecuenta.org\/escuelalibre\/#\/schema\/person\/2461c4b87eecd19501ff25c8158edfce\"},\"description\":\"Tenemos confianza ciega de que este fin de curso va a transformar tu visi\u00f3n sobre esta 'nueva normalidad' a la que nos dirigimos.\",\"breadcrumb\":{\"@id\":\"https:\/\/www.datecuenta.org\/escuelalibre\/nueva-anormalidad-el-fin-de-curso-de-la-escuela-datecuenta-2019-2020\/#breadcrumb\"},\"inLanguage\":\"es\",\"potentialAction\":[{\"@type\":\"ReadAction\",\"target\":[\"https:\/\/www.datecuenta.org\/escuelalibre\/nueva-anormalidad-el-fin-de-curso-de-la-escuela-datecuenta-2019-2020\/\"]}]},{\"@type\":\"ImageObject\",\"inLanguage\":\"es\",\"@id\":\"https:\/\/www.datecuenta.org\/escuelalibre\/nueva-anormalidad-el-fin-de-curso-de-la-escuela-datecuenta-2019-2020\/#primaryimage\",\"url\":\"https:\/\/www.datecuenta.org\/escuelalibre\/wp-content\/uploads\/2020\/06\/fin-de-curso-fotografia.jpg\",\"contentUrl\":\"https:\/\/www.datecuenta.org\/escuelalibre\/wp-content\/uploads\/2020\/06\/fin-de-curso-fotografia.jpg\",\"width\":750,\"height\":445,\"caption\":\"fin de curso datecuenta nueva anormalidad\"},{\"@type\":\"BreadcrumbList\",\"@id\":\"https:\/\/www.datecuenta.org\/escuelalibre\/nueva-anormalidad-el-fin-de-curso-de-la-escuela-datecuenta-2019-2020\/#breadcrumb\",\"itemListElement\":[{\"@type\":\"ListItem\",\"position\":1,\"name\":\"Portada\",\"item\":\"https:\/\/www.datecuenta.org\/escuelalibre\/\"},{\"@type\":\"ListItem\",\"position\":2,\"name\":\"Nueva anormalidad, el fin de curso de la escuela DateCuenta 2019\/2020\"}]},{\"@type\":\"WebSite\",\"@id\":\"https:\/\/www.datecuenta.org\/escuelalibre\/#website\",\"url\":\"https:\/\/www.datecuenta.org\/escuelalibre\/\",\"name\":\"Escuela de fotograf\u00eda en Barcelona | DateCuenta\",\"description\":\"\",\"potentialAction\":[{\"@type\":\"SearchAction\",\"target\":{\"@type\":\"EntryPoint\",\"urlTemplate\":\"https:\/\/www.datecuenta.org\/escuelalibre\/?s={search_term_string}\"},\"query-input\":{\"@type\":\"PropertyValueSpecification\",\"valueRequired\":true,\"valueName\":\"search_term_string\"}}],\"inLanguage\":\"es\"},{\"@type\":\"Person\",\"@id\":\"https:\/\/www.datecuenta.org\/escuelalibre\/#\/schema\/person\/2461c4b87eecd19501ff25c8158edfce\",\"name\":\"Date Cuenta\",\"image\":{\"@type\":\"ImageObject\",\"inLanguage\":\"es\",\"@id\":\"https:\/\/www.datecuenta.org\/escuelalibre\/#\/schema\/person\/image\/\",\"url\":\"https:\/\/secure.gravatar.com\/avatar\/cef072a10d2f235035add558d19bd890155332fc9d829546849b6af5dba440c4?s=96&d=mm&r=g\",\"contentUrl\":\"https:\/\/secure.gravatar.com\/avatar\/cef072a10d2f235035add558d19bd890155332fc9d829546849b6af5dba440c4?s=96&d=mm&r=g\",\"caption\":\"Date Cuenta\"}}]}<\/script>\n<!-- \/ Yoast SEO plugin. -->","yoast_head_json":{"title":"Nueva anormalidad, el fin de curso de la escuela DateCuenta 2019\/2020","description":"Tenemos confianza ciega de que este fin de curso va a transformar tu visi\u00f3n sobre esta 'nueva normalidad' a la que nos dirigimos.","robots":{"index":"index","follow":"follow","max-snippet":"max-snippet:-1","max-image-preview":"max-image-preview:large","max-video-preview":"max-video-preview:-1"},"canonical":"https:\/\/www.datecuenta.org\/escuelalibre\/nueva-anormalidad-el-fin-de-curso-de-la-escuela-datecuenta-2019-2020\/","og_locale":"es_ES","og_type":"article","og_title":"Nueva anormalidad, el fin de curso de la escuela DateCuenta 2019\/2020","og_description":"Tenemos confianza ciega de que este fin de curso va a transformar tu visi\u00f3n sobre esta 'nueva normalidad' a la que nos dirigimos.","og_url":"https:\/\/www.datecuenta.org\/escuelalibre\/nueva-anormalidad-el-fin-de-curso-de-la-escuela-datecuenta-2019-2020\/","og_site_name":"Escuela de fotograf\u00eda en Barcelona | DateCuenta","article_published_time":"2020-06-09T15:06:00+00:00","article_modified_time":"2020-06-19T16:24:59+00:00","og_image":[{"width":750,"height":445,"url":"https:\/\/www.datecuenta.org\/escuelalibre\/wp-content\/uploads\/2020\/06\/fin-de-curso-fotografia.jpg","type":"image\/jpeg"}],"author":"Date Cuenta","twitter_card":"summary_large_image","twitter_misc":{"Escrito por":"Date Cuenta","Tiempo de lectura":"2 minutos"},"schema":{"@context":"https:\/\/schema.org","@graph":[{"@type":"Article","@id":"https:\/\/www.datecuenta.org\/escuelalibre\/nueva-anormalidad-el-fin-de-curso-de-la-escuela-datecuenta-2019-2020\/#article","isPartOf":{"@id":"https:\/\/www.datecuenta.org\/escuelalibre\/nueva-anormalidad-el-fin-de-curso-de-la-escuela-datecuenta-2019-2020\/"},"author":{"name":"Date Cuenta","@id":"https:\/\/www.datecuenta.org\/escuelalibre\/#\/schema\/person\/2461c4b87eecd19501ff25c8158edfce"},"headline":"Nueva anormalidad, el fin de curso de la escuela DateCuenta 2019\/2020","datePublished":"2020-06-09T15:06:00+00:00","dateModified":"2020-06-19T16:24:59+00:00","mainEntityOfPage":{"@id":"https:\/\/www.datecuenta.org\/escuelalibre\/nueva-anormalidad-el-fin-de-curso-de-la-escuela-datecuenta-2019-2020\/"},"wordCount":436,"image":{"@id":"https:\/\/www.datecuenta.org\/escuelalibre\/nueva-anormalidad-el-fin-de-curso-de-la-escuela-datecuenta-2019-2020\/#primaryimage"},"thumbnailUrl":"https:\/\/www.datecuenta.org\/escuelalibre\/wp-content\/uploads\/2020\/06\/fin-de-curso-fotografia.jpg","articleSection":["BLOG"],"inLanguage":"es"},{"@type":"WebPage","@id":"https:\/\/www.datecuenta.org\/escuelalibre\/nueva-anormalidad-el-fin-de-curso-de-la-escuela-datecuenta-2019-2020\/","url":"https:\/\/www.datecuenta.org\/escuelalibre\/nueva-anormalidad-el-fin-de-curso-de-la-escuela-datecuenta-2019-2020\/","name":"Nueva anormalidad, el fin de curso de la escuela DateCuenta 2019\/2020","isPartOf":{"@id":"https:\/\/www.datecuenta.org\/escuelalibre\/#website"},"primaryImageOfPage":{"@id":"https:\/\/www.datecuenta.org\/escuelalibre\/nueva-anormalidad-el-fin-de-curso-de-la-escuela-datecuenta-2019-2020\/#primaryimage"},"image":{"@id":"https:\/\/www.datecuenta.org\/escuelalibre\/nueva-anormalidad-el-fin-de-curso-de-la-escuela-datecuenta-2019-2020\/#primaryimage"},"thumbnailUrl":"https:\/\/www.datecuenta.org\/escuelalibre\/wp-content\/uploads\/2020\/06\/fin-de-curso-fotografia.jpg","datePublished":"2020-06-09T15:06:00+00:00","dateModified":"2020-06-19T16:24:59+00:00","author":{"@id":"https:\/\/www.datecuenta.org\/escuelalibre\/#\/schema\/person\/2461c4b87eecd19501ff25c8158edfce"},"description":"Tenemos confianza ciega de que este fin de curso va a transformar tu visi\u00f3n sobre esta 'nueva normalidad' a la que nos dirigimos.","breadcrumb":{"@id":"https:\/\/www.datecuenta.org\/escuelalibre\/nueva-anormalidad-el-fin-de-curso-de-la-escuela-datecuenta-2019-2020\/#breadcrumb"},"inLanguage":"es","potentialAction":[{"@type":"ReadAction","target":["https:\/\/www.datecuenta.org\/escuelalibre\/nueva-anormalidad-el-fin-de-curso-de-la-escuela-datecuenta-2019-2020\/"]}]},{"@type":"ImageObject","inLanguage":"es","@id":"https:\/\/www.datecuenta.org\/escuelalibre\/nueva-anormalidad-el-fin-de-curso-de-la-escuela-datecuenta-2019-2020\/#primaryimage","url":"https:\/\/www.datecuenta.org\/escuelalibre\/wp-content\/uploads\/2020\/06\/fin-de-curso-fotografia.jpg","contentUrl":"https:\/\/www.datecuenta.org\/escuelalibre\/wp-content\/uploads\/2020\/06\/fin-de-curso-fotografia.jpg","width":750,"height":445,"caption":"fin de curso datecuenta nueva anormalidad"},{"@type":"BreadcrumbList","@id":"https:\/\/www.datecuenta.org\/escuelalibre\/nueva-anormalidad-el-fin-de-curso-de-la-escuela-datecuenta-2019-2020\/#breadcrumb","itemListElement":[{"@type":"ListItem","position":1,"name":"Portada","item":"https:\/\/www.datecuenta.org\/escuelalibre\/"},{"@type":"ListItem","position":2,"name":"Nueva anormalidad, el fin de curso de la escuela DateCuenta 2019\/2020"}]},{"@type":"WebSite","@id":"https:\/\/www.datecuenta.org\/escuelalibre\/#website","url":"https:\/\/www.datecuenta.org\/escuelalibre\/","name":"Escuela de fotograf\u00eda en Barcelona | DateCuenta","description":"","potentialAction":[{"@type":"SearchAction","target":{"@type":"EntryPoint","urlTemplate":"https:\/\/www.datecuenta.org\/escuelalibre\/?s={search_term_string}"},"query-input":{"@type":"PropertyValueSpecification","valueRequired":true,"valueName":"search_term_string"}}],"inLanguage":"es"},{"@type":"Person","@id":"https:\/\/www.datecuenta.org\/escuelalibre\/#\/schema\/person\/2461c4b87eecd19501ff25c8158edfce","name":"Date Cuenta","image":{"@type":"ImageObject","inLanguage":"es","@id":"https:\/\/www.datecuenta.org\/escuelalibre\/#\/schema\/person\/image\/","url":"https:\/\/secure.gravatar.com\/avatar\/cef072a10d2f235035add558d19bd890155332fc9d829546849b6af5dba440c4?s=96&d=mm&r=g","contentUrl":"https:\/\/secure.gravatar.com\/avatar\/cef072a10d2f235035add558d19bd890155332fc9d829546849b6af5dba440c4?s=96&d=mm&r=g","caption":"Date Cuenta"}}]}},"_links":{"self":[{"href":"https:\/\/www.datecuenta.org\/escuelalibre\/wp-json\/wp\/v2\/posts\/3867","targetHints":{"allow":["GET"]}}],"collection":[{"href":"https:\/\/www.datecuenta.org\/escuelalibre\/wp-json\/wp\/v2\/posts"}],"about":[{"href":"https:\/\/www.datecuenta.org\/escuelalibre\/wp-json\/wp\/v2\/types\/post"}],"author":[{"embeddable":true,"href":"https:\/\/www.datecuenta.org\/escuelalibre\/wp-json\/wp\/v2\/users\/1001002"}],"replies":[{"embeddable":true,"href":"https:\/\/www.datecuenta.org\/escuelalibre\/wp-json\/wp\/v2\/comments?post=3867"}],"version-history":[{"count":4,"href":"https:\/\/www.datecuenta.org\/escuelalibre\/wp-json\/wp\/v2\/posts\/3867\/revisions"}],"predecessor-version":[{"id":4238,"href":"https:\/\/www.datecuenta.org\/escuelalibre\/wp-json\/wp\/v2\/posts\/3867\/revisions\/4238"}],"wp:featuredmedia":[{"embeddable":true,"href":"https:\/\/www.datecuenta.org\/escuelalibre\/wp-json\/wp\/v2\/media\/3868"}],"wp:attachment":[{"href":"https:\/\/www.datecuenta.org\/escuelalibre\/wp-json\/wp\/v2\/media?parent=3867"}],"wp:term":[{"taxonomy":"category","embeddable":true,"href":"https:\/\/www.datecuenta.org\/escuelalibre\/wp-json\/wp\/v2\/categories?post=3867"},{"taxonomy":"post_tag","embeddable":true,"href":"https:\/\/www.datecuenta.org\/escuelalibre\/wp-json\/wp\/v2\/tags?post=3867"}],"curies":[{"name":"wp","href":"https:\/\/api.w.org\/{rel}","templated":true}]}}