{"id":4284,"date":"2020-09-04T10:03:35","date_gmt":"2020-09-04T10:03:35","guid":{"rendered":"https:\/\/www.datecuenta.org\/escuelalibre\/?p=4284"},"modified":"2020-09-04T10:03:37","modified_gmt":"2020-09-04T10:03:37","slug":"exposiciones-de-fotografia","status":"publish","type":"post","link":"https:\/\/www.datecuenta.org\/escuelalibre\/exposiciones-de-fotografia\/","title":{"rendered":"6 exposiciones de fotograf\u00eda que no te puedes perder"},"content":{"rendered":"\n<p>Hoy os proponemos<strong> 6 exposiciones de fotograf\u00eda<\/strong> para alimentar nuestras miradas.<\/p>\n\n\n\n<p>En la Escuela DateCuenta estamos esperando con ganas el inicio del curso. Nos hemos adaptado a las circunstancias propiciadas por la pandemia del Covid-19 y aunque nuestras clases se imparten en grupos reducidos de un m\u00e1ximo de 10 personas, este a\u00f1o, adem\u00e1s, hemos preparado todos nuestros <a href=\"http:\/\/datecuenta.org\/escuelalibre\" target=\"_blank\" rel=\"noreferrer noopener\">cursos de fotograf\u00eda, periodismo y cine documental<\/a> para impartirlos de forma semi presencial. <\/p>\n\n\n\n<p>Nuestra escuela no para, y las exposiciones de fotograf\u00eda tampoco porque, a\u00fan en alerta para minimizar los riesgos de contagio, es necesario poder seguir formando en un momento donde es m\u00e1s importante que nunca <strong>abrir conciencias para transformar la sociedad<\/strong>.<\/p>\n\n\n\n<p><strong><span class=\"has-inline-color has-vivid-green-cyan-color\">Por WAYRA FICAPAL | <a href=\"http:\/\/twitter.com\/wayraficapal\" target=\"_blank\" rel=\"noreferrer noopener\">@wayraficapal<\/a><\/span><\/strong><\/p>\n\n\n\n<figure class=\"wp-block-image size-large\"><img loading=\"lazy\" decoding=\"async\" width=\"800\" height=\"530\" src=\"http:\/\/www.datecuenta.org\/escuelalibre\/wp-content\/uploads\/2020\/09\/exposiciones-de-fotografia.jpg\" alt=\"Susan Sontag exposiciones de fotograf\u00eda\" class=\"wp-image-4285\" srcset=\"https:\/\/www.datecuenta.org\/escuelalibre\/wp-content\/uploads\/2020\/09\/exposiciones-de-fotografia.jpg 800w, https:\/\/www.datecuenta.org\/escuelalibre\/wp-content\/uploads\/2020\/09\/exposiciones-de-fotografia-300x199.jpg 300w, https:\/\/www.datecuenta.org\/escuelalibre\/wp-content\/uploads\/2020\/09\/exposiciones-de-fotografia-150x100.jpg 150w, https:\/\/www.datecuenta.org\/escuelalibre\/wp-content\/uploads\/2020\/09\/exposiciones-de-fotografia-768x509.jpg 768w, https:\/\/www.datecuenta.org\/escuelalibre\/wp-content\/uploads\/2020\/09\/exposiciones-de-fotografia-436x289.jpg 436w\" sizes=\"(max-width: 800px) 100vw, 800px\" \/><figcaption>Susan Sontag, una de las grandes maestras de la est\u00e9tica fotogr\u00e1fica | Fotograf\u00eda de DOMINIQUE NABOKOV<\/figcaption><\/figure>\n\n\n\n<h3 class=\"wp-block-heading\"><strong>1. \u2018Sobre la Fotograf\u00eda\u2019 de Susan Sontag<\/strong><\/h3>\n\n\n\n<p>\u2018Sobre la fotograf\u00eda\u2019 es el libro que la escritora norteamericana Susan Sontag public\u00f3 en 1977 y que pronto se convirti\u00f3 en un t\u00edtulo imprescindible en el \u00e1mbito de la fotograf\u00eda que contribuy\u00f3 a la manera de hablar de las im\u00e1genes. Ahora <a rel=\"noreferrer noopener\" href=\"https:\/\/ajuntament.barcelona.cat\/lavirreina\/ca\/exposicions\/sobre-la-fotografia\/421\" target=\"_blank\">La Virreina<\/a>, y hasta el 27 de septiembre, nos propone releer a Sontag traduciendo su libro al lenguaje museogr\u00e1fico. Recogiendo las fuentes que la autora cita, las im\u00e1genes y v\u00ednculos narrativos y situ\u00e1ndolos en un mismo nivel de lectura, La Virreina ha conseguido construir un ensayo en tres dimensiones que nos invita a sumergirnos en las reflexiones de Sontag.<\/p>\n\n\n\n<figure class=\"wp-block-image size-large\"><img loading=\"lazy\" decoding=\"async\" width=\"800\" height=\"450\" src=\"https:\/\/www.datecuenta.org\/escuelalibre\/wp-content\/uploads\/2020\/09\/exposiciones-de-fotografia-2.jpg\" alt=\"\" class=\"wp-image-4287\" srcset=\"https:\/\/www.datecuenta.org\/escuelalibre\/wp-content\/uploads\/2020\/09\/exposiciones-de-fotografia-2.jpg 800w, https:\/\/www.datecuenta.org\/escuelalibre\/wp-content\/uploads\/2020\/09\/exposiciones-de-fotografia-2-300x169.jpg 300w, https:\/\/www.datecuenta.org\/escuelalibre\/wp-content\/uploads\/2020\/09\/exposiciones-de-fotografia-2-768x432.jpg 768w, https:\/\/www.datecuenta.org\/escuelalibre\/wp-content\/uploads\/2020\/09\/exposiciones-de-fotografia-2-436x245.jpg 436w\" sizes=\"(max-width: 800px) 100vw, 800px\" \/><figcaption>Una mujer con m\u00e1scara camina por delante de un mural del Midtown, el 22 de abril del 2020, en pleno cierre de la ciudad de los rascacielos. | Fotograf\u00eda de TIMOTHY A. CLARY<\/figcaption><\/figure>\n\n\n\n<h3 class=\"wp-block-heading\">2. Visa pour l\u2019Image \u2018online\u2019<\/h3>\n\n\n\n<p>El festival internacional de fotoperiodismo \u2018Visa pour l\u2019Image\u2019 celebra su 32a edici\u00f3n con un formato diferente: debido a las medidas de distanciamiento social, por primera vez en la historia del festival todas las exposiciones est\u00e1n disponibles de forma virtual. Aunque se mantienen 20 exposiciones f\u00edsicas en diferentes lugares de Perpi\u00f1\u00e1n (Francia), la oferta de proyecciones, muestras y eventos virtuales hace que la asistencia al festival sea m\u00e1s atractiva que nunca. Si no te quieres perder historias como los efectos siniestros del hombre sobre el medio ambiente, el movimiento en Hong Kong contra el control chino o las manifestaciones antirracistas en Estados Unidos registrate gratis <a rel=\"noreferrer noopener\" href=\"https:\/\/www.visapourlimage.com\/\" target=\"_blank\">en la p\u00e1gina web del festival<\/a>.<\/p>\n\n\n\n<figure class=\"wp-block-image size-large\"><img loading=\"lazy\" decoding=\"async\" width=\"933\" height=\"515\" src=\"https:\/\/www.datecuenta.org\/escuelalibre\/wp-content\/uploads\/2020\/09\/personal-00911.jpg\" alt=\"\" class=\"wp-image-4290\" srcset=\"https:\/\/www.datecuenta.org\/escuelalibre\/wp-content\/uploads\/2020\/09\/personal-00911.jpg 933w, https:\/\/www.datecuenta.org\/escuelalibre\/wp-content\/uploads\/2020\/09\/personal-00911-300x166.jpg 300w, https:\/\/www.datecuenta.org\/escuelalibre\/wp-content\/uploads\/2020\/09\/personal-00911-768x424.jpg 768w, https:\/\/www.datecuenta.org\/escuelalibre\/wp-content\/uploads\/2020\/09\/personal-00911-436x241.jpg 436w\" sizes=\"(max-width: 933px) 100vw, 933px\" \/><figcaption>Fragmentos del mar | Fotograf\u00eda de C\u00c9SAR V\u00c1ZQUEZ<\/figcaption><\/figure>\n\n\n\n<h3 class=\"wp-block-heading\">3. Nueva Anormalidad, la exposici\u00f3n de fotograf\u00eda virtual de DateCuenta<\/h3>\n\n\n\n<p>Hablando de exposiciones de fotograf\u00eda virtuales, como la del Visa pour l\u2019Image, este a\u00f1o la Escuela Libre DateCuenta tambi\u00e9n ha optado por el formato \u2018online\u2019 a la hora de exponer los trabajos finales de nuestros alumnos. De este modo, <a rel=\"noreferrer noopener\" href=\"http:\/\/nuevanormalidad.datecuenta.org\/\" target=\"_blank\">hemos creado una p\u00e1gina web<\/a> con m\u00e1s de ochenta proyectos divididos en tres grandes tem\u00e1ticas: nueva anormalidad, sobre la pandemia del Covid-19; emergencia clim\u00e1tica, sobre la amenaza del desastre ecol\u00f3gico y un caj\u00f3n de temas libres que re\u00fane una serie de historias imposibles de encasillar.<\/p>\n\n\n\n<figure class=\"wp-block-image size-large\"><img loading=\"lazy\" decoding=\"async\" width=\"800\" height=\"533\" src=\"https:\/\/www.datecuenta.org\/escuelalibre\/wp-content\/uploads\/2020\/09\/exposiciones-de-fotografia-4.jpg\" alt=\"\" class=\"wp-image-4292\" srcset=\"https:\/\/www.datecuenta.org\/escuelalibre\/wp-content\/uploads\/2020\/09\/exposiciones-de-fotografia-4.jpg 800w, https:\/\/www.datecuenta.org\/escuelalibre\/wp-content\/uploads\/2020\/09\/exposiciones-de-fotografia-4-300x200.jpg 300w, https:\/\/www.datecuenta.org\/escuelalibre\/wp-content\/uploads\/2020\/09\/exposiciones-de-fotografia-4-150x100.jpg 150w, https:\/\/www.datecuenta.org\/escuelalibre\/wp-content\/uploads\/2020\/09\/exposiciones-de-fotografia-4-768x512.jpg 768w, https:\/\/www.datecuenta.org\/escuelalibre\/wp-content\/uploads\/2020\/09\/exposiciones-de-fotografia-4-436x290.jpg 436w, https:\/\/www.datecuenta.org\/escuelalibre\/wp-content\/uploads\/2020\/09\/exposiciones-de-fotografia-4-673x449.jpg 673w\" sizes=\"(max-width: 800px) 100vw, 800px\" \/><figcaption>Fotograf\u00eda de LEOPOLDO POM\u00c9S<\/figcaption><\/figure>\n\n\n\n<h3 class=\"wp-block-heading\">4. \u2018Despr\u00e9s de tot\u2019 de Leopoldo Pom\u00e9s<\/h3>\n\n\n\n<p>La <a rel=\"noreferrer noopener\" href=\"https:\/\/www.biennalxmiserachs.org\/\" target=\"_blank\">Biennal de Fotografia Xavier Miserachs<\/a> tiene este a\u00f1o a un claro protagonista: Leopoldo Pom\u00e9s. El festival de fotograf\u00eda documental de Palafrugell, que se celebra hasta el 11 de octubre, dedica una muestra in\u00e9dita del fot\u00f3grafo y publicista catal\u00e1n fallecido el a\u00f1o pasado. La muestra, comisariada por Karin Leiz y Juliet Pom\u00e9s Leiz, contiene un centenar de im\u00e1genes (copias de \u00e9poca) que nos ayudan a recorrer la biograf\u00eda profesional del autor. Sin embargo, la intenci\u00f3n \u00faltima de la exposici\u00f3n es ofrecer una lectura nueva y distinta de las im\u00e1genes de Pom\u00e9s.<\/p>\n\n\n\n<figure class=\"wp-block-embed-vimeo wp-block-embed is-type-video is-provider-vimeo wp-embed-aspect-16-9 wp-has-aspect-ratio\"><div class=\"wp-block-embed__wrapper\">\n<iframe loading=\"lazy\" title=\"Espe Pons - Sota la llum del mar\" src=\"https:\/\/player.vimeo.com\/video\/431726637?h=73c9f83410&amp;dnt=1&amp;app_id=122963\" width=\"1080\" height=\"608\" frameborder=\"0\" allow=\"autoplay; fullscreen; picture-in-picture\" allowfullscreen><\/iframe>\n<\/div><\/figure>\n\n\n\n<h3 class=\"wp-block-heading\">5. \u2018Sota la llum del mar\u2019 de Espe Pons<\/h3>\n\n\n\n<p>Hasta el 22 de noviembre se puede visitar en el <a rel=\"noreferrer noopener\" href=\"https:\/\/www.fundaciovilacasas.com\/es\/exposicion\/bajo-la-luz-del-mar\" target=\"_blank\">Museu Palau Solterra<\/a> de Torroella de Montgr\u00ed la exposici\u00f3n \u2018Sota la llum del mar\u2019 de la fot\u00f3grafa Espe Pons. La muestra es un ensayo fotogr\u00e1fico que quiere dignificar a todas las v\u00edctimas del franquismo de la Espa\u00f1a de la Guerra Civil y la posguerra. El proyecto tiene como punto de partida la historia del hermano peque\u00f1o del abuelo de la fot\u00f3grafa, Tom\u00e0s Pons Albesa, que fue fusilado en el Camp de la Bota de Barcelona en el a\u00f1o 1941 a la edad de 31 a\u00f1os.<\/p>\n\n\n\n<figure class=\"wp-block-image size-large\"><img loading=\"lazy\" decoding=\"async\" width=\"767\" height=\"560\" src=\"https:\/\/www.datecuenta.org\/escuelalibre\/wp-content\/uploads\/2020\/09\/HIENAcarlosBOSCH.jpg\" alt=\"\" class=\"wp-image-4288\" srcset=\"https:\/\/www.datecuenta.org\/escuelalibre\/wp-content\/uploads\/2020\/09\/HIENAcarlosBOSCH.jpg 767w, https:\/\/www.datecuenta.org\/escuelalibre\/wp-content\/uploads\/2020\/09\/HIENAcarlosBOSCH-300x219.jpg 300w, https:\/\/www.datecuenta.org\/escuelalibre\/wp-content\/uploads\/2020\/09\/HIENAcarlosBOSCH-436x318.jpg 436w\" sizes=\"(max-width: 767px) 100vw, 767px\" \/><figcaption>Paracuellos. Madrid, 1977 | Fotograf\u00eda de CARLOS BOSCH<\/figcaption><\/figure>\n\n\n\n<h3 class=\"wp-block-heading\">6. &#8216;Yo no susurro, grito&#8217;, de Carlos Bosch<\/h3>\n\n\n\n<p>Es el trabajo del m\u00edtico fot\u00f3grafo, su mirada m\u00e1s \u00e1cida durante la Transici\u00f3n espa\u00f1ola (1976-1981), se expondr\u00e1 en el <a href=\"http:\/\/palaurobert.gencat.cat\/es\/detall\/noticia\/CarlosBosch\" target=\"_blank\" rel=\"noreferrer noopener\">Palau Robert<\/a> hasta el 15 de noviembre. Carlos Bosch fue el periodista gr\u00e1fico m\u00e1s influyente en los medios de comunicaci\u00f3n de Catalunya y Espa\u00f1a durante ese periodo, que abarca desde 1976 hasta 1981. Exiliado de Argentina a causa de la dictadura militar, fij\u00f3 su residencia en Catalunya y siempre estuvo ligado a ella. Esta exposici\u00f3n no hubiera sido posible sin el compromiso de nuestro Sindicat de la Imatge UPIFC,  al que el fot\u00f3grafo estaba afiliado, que est\u00e1 orgulloso de haber podido mostrar a los m\u00e1s j\u00f3venes el documento visual de la convulsa \u00e9poca.<\/p>\n","protected":false},"excerpt":{"rendered":"<p>Hoy os proponemos 6 exposiciones de fotograf\u00eda para alimentar nuestras miradas. En la Escuela DateCuenta estamos esperando con ganas el inicio del curso. Nos hemos adaptado a las circunstancias propiciadas por la pandemia del Covid-19 y aunque nuestras clases se imparten en grupos reducidos de un m\u00e1ximo de 10 personas, este a\u00f1o, adem\u00e1s, hemos preparado [&hellip;]<\/p>\n","protected":false},"author":1001002,"featured_media":4285,"comment_status":"closed","ping_status":"closed","sticky":false,"template":"","format":"standard","meta":{"_et_pb_use_builder":"","_et_pb_old_content":"","_et_gb_content_width":"","content-type":"","_monsterinsights_skip_tracking":false,"_monsterinsights_sitenote_active":false,"_monsterinsights_sitenote_note":"","_monsterinsights_sitenote_category":0,"_joinchat":[],"footnotes":""},"categories":[187],"tags":[],"class_list":["post-4284","post","type-post","status-publish","format-standard","has-post-thumbnail","hentry","category-noticias"],"yoast_head":"<!-- This site is optimized with the Yoast SEO plugin v26.9 - https:\/\/yoast.com\/product\/yoast-seo-wordpress\/ -->\n<title>6 exposiciones de fotograf\u00eda que no te puedes perder<\/title>\n<meta name=\"description\" content=\"Nuestra escuela no para, y las exposiciones de fotograf\u00eda tampoco porque ahora es m\u00e1s importante que nunca abrir conciencias para transformar la sociedad.\" \/>\n<meta name=\"robots\" content=\"index, follow, max-snippet:-1, max-image-preview:large, max-video-preview:-1\" \/>\n<link rel=\"canonical\" href=\"https:\/\/www.datecuenta.org\/escuelalibre\/exposiciones-de-fotografia\/\" \/>\n<meta property=\"og:locale\" content=\"es_ES\" \/>\n<meta property=\"og:type\" content=\"article\" \/>\n<meta property=\"og:title\" content=\"6 exposiciones de fotograf\u00eda que no te puedes perder\" \/>\n<meta property=\"og:description\" content=\"Nuestra escuela no para, y las exposiciones de fotograf\u00eda tampoco porque ahora es m\u00e1s importante que nunca abrir conciencias para transformar la sociedad.\" \/>\n<meta property=\"og:url\" content=\"https:\/\/www.datecuenta.org\/escuelalibre\/exposiciones-de-fotografia\/\" \/>\n<meta property=\"og:site_name\" content=\"Escuela de fotograf\u00eda en Barcelona | DateCuenta\" \/>\n<meta property=\"article:published_time\" content=\"2020-09-04T10:03:35+00:00\" \/>\n<meta property=\"article:modified_time\" content=\"2020-09-04T10:03:37+00:00\" \/>\n<meta property=\"og:image\" content=\"https:\/\/www.datecuenta.org\/escuelalibre\/wp-content\/uploads\/2020\/09\/exposiciones-de-fotografia.jpg\" \/>\n\t<meta property=\"og:image:width\" content=\"800\" \/>\n\t<meta property=\"og:image:height\" content=\"530\" \/>\n\t<meta property=\"og:image:type\" content=\"image\/jpeg\" \/>\n<meta name=\"author\" content=\"Date Cuenta\" \/>\n<meta name=\"twitter:card\" content=\"summary_large_image\" \/>\n<meta name=\"twitter:label1\" content=\"Escrito por\" \/>\n\t<meta name=\"twitter:data1\" content=\"Date Cuenta\" \/>\n\t<meta name=\"twitter:label2\" content=\"Tiempo de lectura\" \/>\n\t<meta name=\"twitter:data2\" content=\"4 minutos\" \/>\n<script type=\"application\/ld+json\" class=\"yoast-schema-graph\">{\"@context\":\"https:\/\/schema.org\",\"@graph\":[{\"@type\":\"Article\",\"@id\":\"https:\/\/www.datecuenta.org\/escuelalibre\/exposiciones-de-fotografia\/#article\",\"isPartOf\":{\"@id\":\"https:\/\/www.datecuenta.org\/escuelalibre\/exposiciones-de-fotografia\/\"},\"author\":{\"name\":\"Date Cuenta\",\"@id\":\"https:\/\/www.datecuenta.org\/escuelalibre\/#\/schema\/person\/2461c4b87eecd19501ff25c8158edfce\"},\"headline\":\"6 exposiciones de fotograf\u00eda que no te puedes perder\",\"datePublished\":\"2020-09-04T10:03:35+00:00\",\"dateModified\":\"2020-09-04T10:03:37+00:00\",\"mainEntityOfPage\":{\"@id\":\"https:\/\/www.datecuenta.org\/escuelalibre\/exposiciones-de-fotografia\/\"},\"wordCount\":896,\"image\":{\"@id\":\"https:\/\/www.datecuenta.org\/escuelalibre\/exposiciones-de-fotografia\/#primaryimage\"},\"thumbnailUrl\":\"https:\/\/www.datecuenta.org\/escuelalibre\/wp-content\/uploads\/2020\/09\/exposiciones-de-fotografia.jpg\",\"articleSection\":[\"BLOG\"],\"inLanguage\":\"es\"},{\"@type\":\"WebPage\",\"@id\":\"https:\/\/www.datecuenta.org\/escuelalibre\/exposiciones-de-fotografia\/\",\"url\":\"https:\/\/www.datecuenta.org\/escuelalibre\/exposiciones-de-fotografia\/\",\"name\":\"6 exposiciones de fotograf\u00eda que no te puedes perder\",\"isPartOf\":{\"@id\":\"https:\/\/www.datecuenta.org\/escuelalibre\/#website\"},\"primaryImageOfPage\":{\"@id\":\"https:\/\/www.datecuenta.org\/escuelalibre\/exposiciones-de-fotografia\/#primaryimage\"},\"image\":{\"@id\":\"https:\/\/www.datecuenta.org\/escuelalibre\/exposiciones-de-fotografia\/#primaryimage\"},\"thumbnailUrl\":\"https:\/\/www.datecuenta.org\/escuelalibre\/wp-content\/uploads\/2020\/09\/exposiciones-de-fotografia.jpg\",\"datePublished\":\"2020-09-04T10:03:35+00:00\",\"dateModified\":\"2020-09-04T10:03:37+00:00\",\"author\":{\"@id\":\"https:\/\/www.datecuenta.org\/escuelalibre\/#\/schema\/person\/2461c4b87eecd19501ff25c8158edfce\"},\"description\":\"Nuestra escuela no para, y las exposiciones de fotograf\u00eda tampoco porque ahora es m\u00e1s importante que nunca abrir conciencias para transformar la sociedad.\",\"breadcrumb\":{\"@id\":\"https:\/\/www.datecuenta.org\/escuelalibre\/exposiciones-de-fotografia\/#breadcrumb\"},\"inLanguage\":\"es\",\"potentialAction\":[{\"@type\":\"ReadAction\",\"target\":[\"https:\/\/www.datecuenta.org\/escuelalibre\/exposiciones-de-fotografia\/\"]}]},{\"@type\":\"ImageObject\",\"inLanguage\":\"es\",\"@id\":\"https:\/\/www.datecuenta.org\/escuelalibre\/exposiciones-de-fotografia\/#primaryimage\",\"url\":\"https:\/\/www.datecuenta.org\/escuelalibre\/wp-content\/uploads\/2020\/09\/exposiciones-de-fotografia.jpg\",\"contentUrl\":\"https:\/\/www.datecuenta.org\/escuelalibre\/wp-content\/uploads\/2020\/09\/exposiciones-de-fotografia.jpg\",\"width\":800,\"height\":530,\"caption\":\"Susan Sontag, una de las grandes maestras de la est\u00e9tica fotogr\u00e1fica\"},{\"@type\":\"BreadcrumbList\",\"@id\":\"https:\/\/www.datecuenta.org\/escuelalibre\/exposiciones-de-fotografia\/#breadcrumb\",\"itemListElement\":[{\"@type\":\"ListItem\",\"position\":1,\"name\":\"Portada\",\"item\":\"https:\/\/www.datecuenta.org\/escuelalibre\/\"},{\"@type\":\"ListItem\",\"position\":2,\"name\":\"6 exposiciones de fotograf\u00eda que no te puedes perder\"}]},{\"@type\":\"WebSite\",\"@id\":\"https:\/\/www.datecuenta.org\/escuelalibre\/#website\",\"url\":\"https:\/\/www.datecuenta.org\/escuelalibre\/\",\"name\":\"Escuela de fotograf\u00eda en Barcelona | DateCuenta\",\"description\":\"\",\"potentialAction\":[{\"@type\":\"SearchAction\",\"target\":{\"@type\":\"EntryPoint\",\"urlTemplate\":\"https:\/\/www.datecuenta.org\/escuelalibre\/?s={search_term_string}\"},\"query-input\":{\"@type\":\"PropertyValueSpecification\",\"valueRequired\":true,\"valueName\":\"search_term_string\"}}],\"inLanguage\":\"es\"},{\"@type\":\"Person\",\"@id\":\"https:\/\/www.datecuenta.org\/escuelalibre\/#\/schema\/person\/2461c4b87eecd19501ff25c8158edfce\",\"name\":\"Date Cuenta\",\"image\":{\"@type\":\"ImageObject\",\"inLanguage\":\"es\",\"@id\":\"https:\/\/www.datecuenta.org\/escuelalibre\/#\/schema\/person\/image\/\",\"url\":\"https:\/\/secure.gravatar.com\/avatar\/cef072a10d2f235035add558d19bd890155332fc9d829546849b6af5dba440c4?s=96&d=mm&r=g\",\"contentUrl\":\"https:\/\/secure.gravatar.com\/avatar\/cef072a10d2f235035add558d19bd890155332fc9d829546849b6af5dba440c4?s=96&d=mm&r=g\",\"caption\":\"Date Cuenta\"}}]}<\/script>\n<!-- \/ Yoast SEO plugin. -->","yoast_head_json":{"title":"6 exposiciones de fotograf\u00eda que no te puedes perder","description":"Nuestra escuela no para, y las exposiciones de fotograf\u00eda tampoco porque ahora es m\u00e1s importante que nunca abrir conciencias para transformar la sociedad.","robots":{"index":"index","follow":"follow","max-snippet":"max-snippet:-1","max-image-preview":"max-image-preview:large","max-video-preview":"max-video-preview:-1"},"canonical":"https:\/\/www.datecuenta.org\/escuelalibre\/exposiciones-de-fotografia\/","og_locale":"es_ES","og_type":"article","og_title":"6 exposiciones de fotograf\u00eda que no te puedes perder","og_description":"Nuestra escuela no para, y las exposiciones de fotograf\u00eda tampoco porque ahora es m\u00e1s importante que nunca abrir conciencias para transformar la sociedad.","og_url":"https:\/\/www.datecuenta.org\/escuelalibre\/exposiciones-de-fotografia\/","og_site_name":"Escuela de fotograf\u00eda en Barcelona | DateCuenta","article_published_time":"2020-09-04T10:03:35+00:00","article_modified_time":"2020-09-04T10:03:37+00:00","og_image":[{"width":800,"height":530,"url":"https:\/\/www.datecuenta.org\/escuelalibre\/wp-content\/uploads\/2020\/09\/exposiciones-de-fotografia.jpg","type":"image\/jpeg"}],"author":"Date Cuenta","twitter_card":"summary_large_image","twitter_misc":{"Escrito por":"Date Cuenta","Tiempo de lectura":"4 minutos"},"schema":{"@context":"https:\/\/schema.org","@graph":[{"@type":"Article","@id":"https:\/\/www.datecuenta.org\/escuelalibre\/exposiciones-de-fotografia\/#article","isPartOf":{"@id":"https:\/\/www.datecuenta.org\/escuelalibre\/exposiciones-de-fotografia\/"},"author":{"name":"Date Cuenta","@id":"https:\/\/www.datecuenta.org\/escuelalibre\/#\/schema\/person\/2461c4b87eecd19501ff25c8158edfce"},"headline":"6 exposiciones de fotograf\u00eda que no te puedes perder","datePublished":"2020-09-04T10:03:35+00:00","dateModified":"2020-09-04T10:03:37+00:00","mainEntityOfPage":{"@id":"https:\/\/www.datecuenta.org\/escuelalibre\/exposiciones-de-fotografia\/"},"wordCount":896,"image":{"@id":"https:\/\/www.datecuenta.org\/escuelalibre\/exposiciones-de-fotografia\/#primaryimage"},"thumbnailUrl":"https:\/\/www.datecuenta.org\/escuelalibre\/wp-content\/uploads\/2020\/09\/exposiciones-de-fotografia.jpg","articleSection":["BLOG"],"inLanguage":"es"},{"@type":"WebPage","@id":"https:\/\/www.datecuenta.org\/escuelalibre\/exposiciones-de-fotografia\/","url":"https:\/\/www.datecuenta.org\/escuelalibre\/exposiciones-de-fotografia\/","name":"6 exposiciones de fotograf\u00eda que no te puedes perder","isPartOf":{"@id":"https:\/\/www.datecuenta.org\/escuelalibre\/#website"},"primaryImageOfPage":{"@id":"https:\/\/www.datecuenta.org\/escuelalibre\/exposiciones-de-fotografia\/#primaryimage"},"image":{"@id":"https:\/\/www.datecuenta.org\/escuelalibre\/exposiciones-de-fotografia\/#primaryimage"},"thumbnailUrl":"https:\/\/www.datecuenta.org\/escuelalibre\/wp-content\/uploads\/2020\/09\/exposiciones-de-fotografia.jpg","datePublished":"2020-09-04T10:03:35+00:00","dateModified":"2020-09-04T10:03:37+00:00","author":{"@id":"https:\/\/www.datecuenta.org\/escuelalibre\/#\/schema\/person\/2461c4b87eecd19501ff25c8158edfce"},"description":"Nuestra escuela no para, y las exposiciones de fotograf\u00eda tampoco porque ahora es m\u00e1s importante que nunca abrir conciencias para transformar la sociedad.","breadcrumb":{"@id":"https:\/\/www.datecuenta.org\/escuelalibre\/exposiciones-de-fotografia\/#breadcrumb"},"inLanguage":"es","potentialAction":[{"@type":"ReadAction","target":["https:\/\/www.datecuenta.org\/escuelalibre\/exposiciones-de-fotografia\/"]}]},{"@type":"ImageObject","inLanguage":"es","@id":"https:\/\/www.datecuenta.org\/escuelalibre\/exposiciones-de-fotografia\/#primaryimage","url":"https:\/\/www.datecuenta.org\/escuelalibre\/wp-content\/uploads\/2020\/09\/exposiciones-de-fotografia.jpg","contentUrl":"https:\/\/www.datecuenta.org\/escuelalibre\/wp-content\/uploads\/2020\/09\/exposiciones-de-fotografia.jpg","width":800,"height":530,"caption":"Susan Sontag, una de las grandes maestras de la est\u00e9tica fotogr\u00e1fica"},{"@type":"BreadcrumbList","@id":"https:\/\/www.datecuenta.org\/escuelalibre\/exposiciones-de-fotografia\/#breadcrumb","itemListElement":[{"@type":"ListItem","position":1,"name":"Portada","item":"https:\/\/www.datecuenta.org\/escuelalibre\/"},{"@type":"ListItem","position":2,"name":"6 exposiciones de fotograf\u00eda que no te puedes perder"}]},{"@type":"WebSite","@id":"https:\/\/www.datecuenta.org\/escuelalibre\/#website","url":"https:\/\/www.datecuenta.org\/escuelalibre\/","name":"Escuela de fotograf\u00eda en Barcelona | DateCuenta","description":"","potentialAction":[{"@type":"SearchAction","target":{"@type":"EntryPoint","urlTemplate":"https:\/\/www.datecuenta.org\/escuelalibre\/?s={search_term_string}"},"query-input":{"@type":"PropertyValueSpecification","valueRequired":true,"valueName":"search_term_string"}}],"inLanguage":"es"},{"@type":"Person","@id":"https:\/\/www.datecuenta.org\/escuelalibre\/#\/schema\/person\/2461c4b87eecd19501ff25c8158edfce","name":"Date Cuenta","image":{"@type":"ImageObject","inLanguage":"es","@id":"https:\/\/www.datecuenta.org\/escuelalibre\/#\/schema\/person\/image\/","url":"https:\/\/secure.gravatar.com\/avatar\/cef072a10d2f235035add558d19bd890155332fc9d829546849b6af5dba440c4?s=96&d=mm&r=g","contentUrl":"https:\/\/secure.gravatar.com\/avatar\/cef072a10d2f235035add558d19bd890155332fc9d829546849b6af5dba440c4?s=96&d=mm&r=g","caption":"Date Cuenta"}}]}},"_links":{"self":[{"href":"https:\/\/www.datecuenta.org\/escuelalibre\/wp-json\/wp\/v2\/posts\/4284","targetHints":{"allow":["GET"]}}],"collection":[{"href":"https:\/\/www.datecuenta.org\/escuelalibre\/wp-json\/wp\/v2\/posts"}],"about":[{"href":"https:\/\/www.datecuenta.org\/escuelalibre\/wp-json\/wp\/v2\/types\/post"}],"author":[{"embeddable":true,"href":"https:\/\/www.datecuenta.org\/escuelalibre\/wp-json\/wp\/v2\/users\/1001002"}],"replies":[{"embeddable":true,"href":"https:\/\/www.datecuenta.org\/escuelalibre\/wp-json\/wp\/v2\/comments?post=4284"}],"version-history":[{"count":3,"href":"https:\/\/www.datecuenta.org\/escuelalibre\/wp-json\/wp\/v2\/posts\/4284\/revisions"}],"predecessor-version":[{"id":4293,"href":"https:\/\/www.datecuenta.org\/escuelalibre\/wp-json\/wp\/v2\/posts\/4284\/revisions\/4293"}],"wp:featuredmedia":[{"embeddable":true,"href":"https:\/\/www.datecuenta.org\/escuelalibre\/wp-json\/wp\/v2\/media\/4285"}],"wp:attachment":[{"href":"https:\/\/www.datecuenta.org\/escuelalibre\/wp-json\/wp\/v2\/media?parent=4284"}],"wp:term":[{"taxonomy":"category","embeddable":true,"href":"https:\/\/www.datecuenta.org\/escuelalibre\/wp-json\/wp\/v2\/categories?post=4284"},{"taxonomy":"post_tag","embeddable":true,"href":"https:\/\/www.datecuenta.org\/escuelalibre\/wp-json\/wp\/v2\/tags?post=4284"}],"curies":[{"name":"wp","href":"https:\/\/api.w.org\/{rel}","templated":true}]}}