{"id":4356,"date":"2020-09-16T09:43:30","date_gmt":"2020-09-16T09:43:30","guid":{"rendered":"https:\/\/www.datecuenta.org\/escuelalibre\/?p=4356"},"modified":"2024-06-12T13:59:16","modified_gmt":"2024-06-12T13:59:16","slug":"creatividad","status":"publish","type":"post","link":"https:\/\/www.datecuenta.org\/escuelalibre\/creatividad\/","title":{"rendered":"As\u00ed fotografiamos el confinamiento: la creatividad como salvaci\u00f3n"},"content":{"rendered":"[et_pb_section fb_built=\u00bb1&#8243; admin_label=\u00bbsection\u00bb _builder_version=\u00bb4.16&#8243; global_colors_info=\u00bb{}\u00bb][et_pb_row admin_label=\u00bbrow\u00bb _builder_version=\u00bb4.16&#8243; background_size=\u00bbinitial\u00bb background_position=\u00bbtop_left\u00bb background_repeat=\u00bbrepeat\u00bb global_colors_info=\u00bb{}\u00bb][et_pb_column type=\u00bb4_4&#8243; _builder_version=\u00bb4.16&#8243; custom_padding=\u00bb|||\u00bb global_colors_info=\u00bb{}\u00bb custom_padding__hover=\u00bb|||\u00bb][et_pb_text _builder_version=\u00bb4.25.1&#8243; _module_preset=\u00bbdefault\u00bb hover_enabled=\u00bb0&#8243; sticky_enabled=\u00bb0&#8243; custom_padding=\u00bb||0px|||\u00bb]<p>Nunca tuvimos que desarrollar tanto la creatividad como durante el confinamiento. En junio la escuela libre DateCuenta acab\u00f3 el curso m\u00e1s extra\u00f1o, surrealista y decisivo desde que abrimos las puertas en el 2009. La pandemia del coronavirus golpe\u00f3 las vidas, trastoc\u00f3 rutinas y nos encerr\u00f3 en casa. Y nunca estuvimos tan conectados.<\/p>\n<p><!-- \/wp:post-content --><\/p>\n<p><!-- wp:paragraph --><\/p>\n<p>Ahora, a pocas semanas de empezar el nuevo curso, recuperamos algunos de los trabajos finales de nuestros alumnos que resumen a la perfecci\u00f3n el estallido de creatividad que hubo durante confinamiento en la escuela DateCuenta. Pasen y vean.<\/p>\n<p><!-- \/wp:paragraph --><\/p>\n<p><!-- wp:paragraph --><\/p>\n<p><strong>Por WAYRA FICAPAL | <a rel=\"noreferrer noopener\" href=\"http:\/\/twitter.com\/wayraficapal\" target=\"_blank\">@wayraficapal<\/a><\/strong><\/p>\n<p><!-- \/wp:paragraph --><\/p>[\/et_pb_text][et_pb_image src=\u00bbhttp:\/\/www.datecuenta.org\/escuelalibre\/wp-content\/uploads\/2022\/06\/creatividad-confinamiento-06.jpg\u00bb _builder_version=\u00bb4.25.1&#8243; _module_preset=\u00bbdefault\u00bb title_text=\u00bbcreatividad-confinamiento-06&#8243; hover_enabled=\u00bb0&#8243; sticky_enabled=\u00bb0&#8243;][\/et_pb_image][et_pb_text _builder_version=\u00bb4.25.1&#8243; _module_preset=\u00bbdefault\u00bb hover_enabled=\u00bb0&#8243; sticky_enabled=\u00bb0&#8243;]<p style=\"text-align: center;\">&#8216;Pells&#8217;, de ROSER FABR\u00c9<\/p>[\/et_pb_text][et_pb_text admin_label=\u00bbText\u00bb _builder_version=\u00bb4.16&#8243; background_size=\u00bbinitial\u00bb background_position=\u00bbtop_left\u00bb background_repeat=\u00bbrepeat\u00bb global_colors_info=\u00bb{}\u00bb]<p><!-- wp:image {\"align\":\"center\",\"id\":4357,\"sizeSlug\":\"large\"} --><\/p>\n<div class=\"wp-block-image\">\n<figure class=\"aligncenter size-large\">\n<figcaption><\/figcaption>\n<\/figure>\n<\/div>\n<p><!-- \/wp:image --><\/p>\n<p><!-- wp:heading {\"level\":3} --><\/p>\n<h3>La creatividad en las pieles<strong> de<a rel=\"noreferrer noopener\" href=\"http:\/\/nuevanormalidad.datecuenta.org\/temas-libres\/roser-fabre-pells\/\" target=\"_blank\"> Roser Fabr\u00e9<\/a><\/strong><\/h3>\n<p><!-- \/wp:heading --><\/p>\n<p><!-- wp:paragraph --><\/p>\n<p>La alumna de <a href=\"https:\/\/www.datecuenta.org\/escuelalibre\/curso-iniciacion-fotografia\/\" target=\"_blank\" rel=\"noreferrer noopener\">Iniciaci\u00f3n a la Fotograf\u00eda<\/a> Roser Fabr\u00e9 pas\u00f3 el confinamiento inmersa en construir im\u00e1genes a partir de frutas y verduras que forman parte de su cotidianidad. Jugando con la luz para resaltar las l\u00edneas y texturas, ha logrado sugerirnos nuevos significados. Roser <strong>se inspir\u00f3 en las clases de historia de la fotograf\u00eda<\/strong> y cogi\u00f3 como referente para su proyecto el Grupo f\/64, una asociaci\u00f3n fotogr\u00e1fica fundada en California en 1932 que buscaba la fotograf\u00eda pura, sin intervenciones.<\/p>\n<p><!-- \/wp:paragraph --><\/p>\n<p><!-- wp:image {\"align\":\"center\",\"id\":4358,\"sizeSlug\":\"large\"} --><\/p>\n<div class=\"wp-block-image\">\n<figure class=\"aligncenter size-large\"><img loading=\"lazy\" decoding=\"async\" width=\"600\" height=\"600\" src=\"https:\/\/www.datecuenta.org\/escuelalibre\/wp-content\/uploads\/2020\/09\/Creatividad-confinamiento-04.jpg\" alt=\"creatividad durante el confinamiento  Leticia Barbero\" class=\"wp-image-4358\" srcset=\"https:\/\/www.datecuenta.org\/escuelalibre\/wp-content\/uploads\/2020\/09\/Creatividad-confinamiento-04.jpg 600w, https:\/\/www.datecuenta.org\/escuelalibre\/wp-content\/uploads\/2020\/09\/Creatividad-confinamiento-04-300x300.jpg 300w, https:\/\/www.datecuenta.org\/escuelalibre\/wp-content\/uploads\/2020\/09\/Creatividad-confinamiento-04-436x436.jpg 436w\" sizes=\"(max-width: 600px) 100vw, 600px\" \/>\n<p>&nbsp;<\/p>\n<p>&nbsp;<\/p>\n<p>&nbsp;<\/p>\n<figcaption>&#8216;Agua salada&#8217;, de LETICIA BARBERO<\/figcaption>\n<\/figure>\n<\/div>\n<p><!-- \/wp:image --><\/p>\n<p><!-- wp:heading {\"level\":3} --><\/p>\n<h3>El agua ausente <strong>de <a rel=\"noreferrer noopener\" href=\"http:\/\/nuevanormalidad.datecuenta.org\/nueva-anormalidad\/leticia-barbero-agua-salada\/\" target=\"_blank\">Leticia Barbero<\/a><\/strong><\/h3>\n<p><!-- \/wp:heading --><\/p>\n<p><!-- wp:paragraph --><\/p>\n<p>La alumna del curso de <a rel=\"noreferrer noopener\" href=\"http:\/\/www.datecuenta.org\/escuelalibre\/curso-avanzado-fotografia\/\" target=\"_blank\">Fotograf\u00eda Creativa<\/a> Leticia Barbero ha recurrido a la imaginaci\u00f3n para escapar del confinamiento. <strong>A trav\u00e9s del recuerdo lejano de un voluntariado en la planta de psiquiatr\u00eda de un hospital <\/strong>sevillano, Leticia nos cuenta la historia de Anabel, una interna que sinti\u00e9ndose atrapada \u2013como muchos nos hemos sentido durante el confinamiento\u2013, se viste cada d\u00eda con su pamela, gafas de sol, chanclas y toalla al hombro para irse, de forma imaginaria, a la playa. Leticia decide homenajear este recuerdo y nos regala \u2018Agua Salada\u2019, una serie de tres fotograf\u00edas que nos muestran su cura durante el confinamiento: la fotograf\u00eda, la imaginaci\u00f3n y el mar.<\/p>\n<p><!-- \/wp:paragraph --><\/p>\n<p><!-- wp:image {\"align\":\"center\",\"id\":4359,\"sizeSlug\":\"large\"} --><\/p>\n<div class=\"wp-block-image\">\n<figure class=\"aligncenter size-large\"><img loading=\"lazy\" decoding=\"async\" width=\"600\" height=\"256\" src=\"https:\/\/www.datecuenta.org\/escuelalibre\/wp-content\/uploads\/2020\/09\/Creatividad-confinamiento-03.jpg\" alt=\"creatividad durante el confinamiento  Julia Farran\" class=\"wp-image-4359\" srcset=\"https:\/\/www.datecuenta.org\/escuelalibre\/wp-content\/uploads\/2020\/09\/Creatividad-confinamiento-03.jpg 600w, https:\/\/www.datecuenta.org\/escuelalibre\/wp-content\/uploads\/2020\/09\/Creatividad-confinamiento-03-300x128.jpg 300w, https:\/\/www.datecuenta.org\/escuelalibre\/wp-content\/uploads\/2020\/09\/Creatividad-confinamiento-03-436x186.jpg 436w\" sizes=\"(max-width: 600px) 100vw, 600px\" \/>\n<p>&nbsp;<\/p>\n<p>&nbsp;<\/p>\n<p>&nbsp;<\/p>\n<figcaption>&#8216;Etnograf\u00eda interna&#8217;, de J\u00daLIA FARRAN<\/figcaption>\n<\/figure>\n<\/div>\n<p><!-- \/wp:image --><\/p>\n<p><!-- wp:heading {\"level\":3} --><\/p>\n<h3>La creatividad en el interior <strong>de<a rel=\"noreferrer noopener\" href=\"http:\/\/nuevanormalidad.datecuenta.org\/nueva-anormalidad\/julia-farran-etnografia-interna\/\" target=\"_blank\"> J\u00falia Farran<\/a><\/strong><\/h3>\n<p><!-- \/wp:heading --><\/p>\n<p><!-- wp:paragraph --><\/p>\n<p><strong>Algunas personas han aprovechado el confinamiento para mirar hacia dentro<\/strong>, interrogarse y autoexplorarse. Este es el caso de la alumna de Fotograf\u00eda Creativa J\u00falia Farran que nos presenta \u2018Etnografia interna\u2019, una serie de fotograf\u00edas que \u201cforman parte de una exploraci\u00f3n interna, de como en el silencio de las cuatro paredes aparecen preguntas existenciales\u201d, explica la autora que se pregunta: \u201c\u00bfQui\u00e9n soy? \u00bfD\u00f3nde habito? \u00bfMe habito? \u00bfO me evito?\u201d.<\/p>\n<p><!-- \/wp:paragraph --><\/p>\n<p><!-- wp:image {\"align\":\"center\",\"id\":4360,\"sizeSlug\":\"large\"} --><\/p>\n<div class=\"wp-block-image\">\n<figure class=\"aligncenter size-large\"><img loading=\"lazy\" decoding=\"async\" width=\"600\" height=\"600\" src=\"https:\/\/www.datecuenta.org\/escuelalibre\/wp-content\/uploads\/2020\/09\/Creatividad-confinamiento-01.jpg\" alt=\"creatividad durante el confinamiento  \" class=\"wp-image-4360\" srcset=\"https:\/\/www.datecuenta.org\/escuelalibre\/wp-content\/uploads\/2020\/09\/Creatividad-confinamiento-01.jpg 600w, https:\/\/www.datecuenta.org\/escuelalibre\/wp-content\/uploads\/2020\/09\/Creatividad-confinamiento-01-300x300.jpg 300w, https:\/\/www.datecuenta.org\/escuelalibre\/wp-content\/uploads\/2020\/09\/Creatividad-confinamiento-01-436x436.jpg 436w\" sizes=\"(max-width: 600px) 100vw, 600px\" \/>\n<p>&nbsp;<\/p>\n<p>&nbsp;<\/p>\n<p>&nbsp;<\/p>\n<figcaption>&#8216;Toxicidad imprescindible&#8217;, del alumnado del curso de Iluminaci\u00f3n en estudio<\/figcaption>\n<\/figure>\n<\/div>\n<p><!-- \/wp:image --><\/p>\n<p><!-- wp:heading {\"level\":3} --><\/p>\n<h3><strong>La denuncia del alumnado de <a rel=\"noreferrer noopener\" href=\"http:\/\/nuevanormalidad.datecuenta.org\/emergencia-climatica\/toxicidad-imprescindible\/\" target=\"_blank\">Iluminaci\u00f3n en estudio<\/a><\/strong><\/h3>\n<p><!-- \/wp:heading --><\/p>\n<p><!-- wp:paragraph --><\/p>\n<p>Los alumnos del curso de Iluminaci\u00f3n en Estudio Ramon Aldom\u00e0, David Ribas, Isabel Eudal, Julio Izquierdo, Marco Pachiega y Clara de Castro <strong>denuncian en un trabajo conjunto los residuos que generamos<\/strong> en un mundo donde, por ejemplo, se recicla menos de una quina parte del pl\u00e1stico. \u201cUno de los da\u00f1os colaterales del Covid-19 es el incremento en un 35% del uso del pl\u00e1stico\u201d, nos explican y siguen: \u201cLa industria textil es la segunda m\u00e1s contaminante del mundo despu\u00e9s de la petrolera: produce el 20% de aguas residuales y el 10% de las emisiones de Co2\u201d.<\/p>\n<p><!-- \/wp:paragraph --><\/p>\n<p><!-- wp:image {\"align\":\"center\",\"id\":4361,\"sizeSlug\":\"large\"} --><\/p>\n<div class=\"wp-block-image\">\n<figure class=\"aligncenter size-large\"><img loading=\"lazy\" decoding=\"async\" width=\"800\" height=\"566\" src=\"https:\/\/www.datecuenta.org\/escuelalibre\/wp-content\/uploads\/2020\/09\/Creatividad-confinamiento-05.jpg\" alt=\"creatividad durante el confinamiento  Milagros Rey\" class=\"wp-image-4361\" srcset=\"https:\/\/www.datecuenta.org\/escuelalibre\/wp-content\/uploads\/2020\/09\/Creatividad-confinamiento-05.jpg 800w, https:\/\/www.datecuenta.org\/escuelalibre\/wp-content\/uploads\/2020\/09\/Creatividad-confinamiento-05-300x212.jpg 300w, https:\/\/www.datecuenta.org\/escuelalibre\/wp-content\/uploads\/2020\/09\/Creatividad-confinamiento-05-768x543.jpg 768w, https:\/\/www.datecuenta.org\/escuelalibre\/wp-content\/uploads\/2020\/09\/Creatividad-confinamiento-05-436x308.jpg 436w\" sizes=\"(max-width: 800px) 100vw, 800px\" \/>\n<p>&nbsp;<\/p>\n<p>&nbsp;<\/p>\n<p>&nbsp;<\/p>\n<figcaption>&#8216;Privilegios&#8217;, de MILAGROS REY<\/figcaption>\n<\/figure>\n<\/div>\n<p><!-- \/wp:image --><\/p>\n<p><!-- wp:heading {\"level\":3} --><\/p>\n<h3>Los privilegios que no agradecemos <strong>de <a rel=\"noreferrer noopener\" href=\"http:\/\/nuevanormalidad.datecuenta.org\/nueva-anormalidad\/milagros-rey-privilegios\/\" target=\"_blank\">Milagros Rey<\/a><\/strong><\/h3>\n<p><!-- \/wp:heading --><\/p>\n<p><!-- wp:paragraph --><\/p>\n<p>La alumna del curso de Fotograf\u00eda Creativa Milagros Rey nos invita a reflexionar desde su confinamiento, con im\u00e1genes delicadas e \u00edntimas, <strong>sobre los privilegios de los que muchos gozamos y que a menudo pasamos por alto<\/strong>. \u201c\u00bfQu\u00e9 ser\u00e1 lo que tienen aquellos humanos que ignoran y olvidan la notable dicha de su entorno?\u201d, se pregunta Milagros.<\/p>\n<p><!-- \/wp:paragraph --><\/p>\n<p><!-- wp:image {\"align\":\"center\",\"id\":4362,\"sizeSlug\":\"large\"} --><\/p>\n<div class=\"wp-block-image\">\n<figure class=\"aligncenter size-large\"><img loading=\"lazy\" decoding=\"async\" width=\"800\" height=\"532\" src=\"https:\/\/www.datecuenta.org\/escuelalibre\/wp-content\/uploads\/2020\/09\/Creatividad-confinamiento-02.jpg\" alt=\"\" class=\"wp-image-4362\" srcset=\"https:\/\/www.datecuenta.org\/escuelalibre\/wp-content\/uploads\/2020\/09\/Creatividad-confinamiento-02.jpg 800w, https:\/\/www.datecuenta.org\/escuelalibre\/wp-content\/uploads\/2020\/09\/Creatividad-confinamiento-02-300x200.jpg 300w, https:\/\/www.datecuenta.org\/escuelalibre\/wp-content\/uploads\/2020\/09\/Creatividad-confinamiento-02-150x100.jpg 150w, https:\/\/www.datecuenta.org\/escuelalibre\/wp-content\/uploads\/2020\/09\/Creatividad-confinamiento-02-768x511.jpg 768w, https:\/\/www.datecuenta.org\/escuelalibre\/wp-content\/uploads\/2020\/09\/Creatividad-confinamiento-02-436x290.jpg 436w, https:\/\/www.datecuenta.org\/escuelalibre\/wp-content\/uploads\/2020\/09\/Creatividad-confinamiento-02-673x449.jpg 673w\" sizes=\"(max-width: 800px) 100vw, 800px\" \/>\n<p>&nbsp;<\/p>\n<p>&nbsp;<\/p>\n<p>&nbsp;<\/p>\n<figcaption>&#8216;Intercambiador. Viaje al interior del nuevo mundo&#8217;, de JAVIER GORDO<\/figcaption>\n<\/figure>\n<\/div>\n<p><!-- \/wp:image --><\/p>\n<p><!-- wp:heading {\"level\":3} --><\/p>\n<h3>La creatividad en el trabajo terap\u00e9utico<strong> de <a rel=\"noreferrer noopener\" href=\"http:\/\/nuevanormalidad.datecuenta.org\/nueva-anormalidad\/javier-gordo-intercambiador-viaje-interior-al-nuevo-mundo\/\" target=\"_blank\">Javier Gordo<\/a><\/strong><\/h3>\n<p><!-- \/wp:heading --><\/p>\n<p><!-- wp:paragraph --><\/p>\n<p><strong>Trasladarnos a un mundo de soledad, preocupaci\u00f3n y desasosiego<\/strong> es lo que consigue el alumno del <a rel=\"noreferrer noopener\" href=\"https:\/\/www.datecuenta.org\/escuelalibre\/curso-fotografia-documental\/\" target=\"_blank\">curso de Fotograf\u00eda Documental<\/a> Javier Gordo. \u201cNuevos miedos, nuevas normas, necesidades imperiosas, b\u00e1sicas\u201d, reflexiona el autor.<\/p>\n<p><!-- \/wp:paragraph --><\/p>\n<p><!-- wp:heading {\"level\":3} --><\/p>\n<h3>M\u00e1s creatividad a pesar de todo<\/h3>\n<p><!-- \/wp:heading --><\/p>\n<p><!-- wp:paragraph --><\/p>\n<p>Si quieres ver m\u00e1s trabajos, visita la <a rel=\"noreferrer noopener\" href=\"http:\/\/nuevanormalidad.datecuenta.org\" target=\"_blank\">exposici\u00f3n virtual &#8216;Nueva anormalidad&#8217;<\/a> donde se exponen ochenta trabajos finales de nuestro alumnado realizados durante el confinamiento. No te dejar\u00e1n indiferente. Porque este a\u00f1o seguimos, a pesar de todo, preparados para seguir ofreciendo una formaci\u00f3n de calidad en un nuevo formato semipresencial que asegurar\u00e1 la realizaci\u00f3n de todos los cursos en uno de los momentos m\u00e1s dif\u00edciles que hemos vivido, pero que<strong> m\u00e1s necesaria que nunca es la creatividad para seguir adelante.<\/strong><\/p>\n<p><!-- \/wp:paragraph --><\/p>[\/et_pb_text][\/et_pb_column][\/et_pb_row][\/et_pb_section]","protected":false},"excerpt":{"rendered":"<p>Nunca tuvimos que desarrollar tanto la creatividad como durante el confinamiento. En junio la escuela libre DateCuenta acab\u00f3 el curso m\u00e1s extra\u00f1o, surrealista y decisivo desde que abrimos las puertas en el 2009. La pandemia del coronavirus golpe\u00f3 las vidas, trastoc\u00f3 rutinas y nos encerr\u00f3 en casa. Y nunca estuvimos tan conectados. Ahora, a pocas [&hellip;]<\/p>\n","protected":false},"author":1001002,"featured_media":4361,"comment_status":"closed","ping_status":"closed","sticky":false,"template":"","format":"standard","meta":{"_et_pb_use_builder":"on","_et_pb_old_content":"<!-- wp:paragraph -->\n<p>Nunca tuvimos que desarrollar tanto la creatividad como durante el confinamiento. En junio la escuela libre DateCuenta acab\u00f3 el curso m\u00e1s extra\u00f1o, surrealista y decisivo desde que abrimos las puertas en el 2009. La pandemia del coronavirus golpe\u00f3 las vidas, trastoc\u00f3 rutinas y nos encerr\u00f3 en casa.  Y nunca estuvimos tan conectados.<\/p>\n<!-- \/wp:paragraph -->\n\n<!-- wp:paragraph -->\n<p>Ahora, a pocas semanas de empezar el nuevo curso, recuperamos algunos de los trabajos finales de nuestros alumnos que resumen a la perfecci\u00f3n el estallido de creatividad que hubo durante confinamiento en la escuela DateCuenta. Pasen y vean.<\/p>\n<!-- \/wp:paragraph -->\n\n<!-- wp:paragraph -->\n<p><strong>Por WAYRA FICAPAL | <a rel=\"noreferrer noopener\" href=\"http:\/\/twitter.com\/wayraficapal\" target=\"_blank\">@wayraficapal<\/a><\/strong><\/p>\n<!-- \/wp:paragraph -->\n\n<!-- wp:image {\"align\":\"center\",\"id\":4357,\"sizeSlug\":\"large\"} -->\n<div class=\"wp-block-image\"><figure class=\"aligncenter size-large\"><img src=\"https:\/\/www.datecuenta.org\/escuelalibre\/wp-content\/uploads\/2020\/09\/Creatividad-confinamiento-06.jpg\" alt=\"creatividad durante el confinamiento Roser Fabr\u00e9\" class=\"wp-image-4357\"\/><figcaption>'Pells', de ROSER FABR\u00c9<\/figcaption><\/figure><\/div>\n<!-- \/wp:image -->\n\n<!-- wp:heading {\"level\":3} -->\n<h3>La creatividad en las pieles<strong> de<a rel=\"noreferrer noopener\" href=\"http:\/\/nuevanormalidad.datecuenta.org\/temas-libres\/roser-fabre-pells\/\" target=\"_blank\"> Roser Fabr\u00e9<\/a><\/strong><\/h3>\n<!-- \/wp:heading -->\n\n<!-- wp:paragraph -->\n<p>La alumna de <a href=\"https:\/\/www.datecuenta.org\/escuelalibre\/curso-iniciacion-fotografia\/\" target=\"_blank\" rel=\"noreferrer noopener\">Iniciaci\u00f3n a la Fotograf\u00eda<\/a> Roser Fabr\u00e9 pas\u00f3 el confinamiento inmersa en construir im\u00e1genes a partir de frutas y verduras que forman parte de su cotidianidad. Jugando con la luz para resaltar las l\u00edneas y texturas, ha logrado sugerirnos nuevos significados. Roser <strong>se inspir\u00f3 en las clases de historia de la fotograf\u00eda<\/strong> y cogi\u00f3 como referente para su proyecto el Grupo f\/64, una asociaci\u00f3n fotogr\u00e1fica fundada en California en 1932 que buscaba la fotograf\u00eda pura, sin intervenciones.<\/p>\n<!-- \/wp:paragraph -->\n\n<!-- wp:image {\"align\":\"center\",\"id\":4358,\"sizeSlug\":\"large\"} -->\n<div class=\"wp-block-image\"><figure class=\"aligncenter size-large\"><img src=\"https:\/\/www.datecuenta.org\/escuelalibre\/wp-content\/uploads\/2020\/09\/Creatividad-confinamiento-04.jpg\" alt=\"creatividad durante el confinamiento  Leticia Barbero\" class=\"wp-image-4358\"\/><figcaption>'Agua salada', de LETICIA BARBERO<\/figcaption><\/figure><\/div>\n<!-- \/wp:image -->\n\n<!-- wp:heading {\"level\":3} -->\n<h3>El agua ausente <strong>de <a rel=\"noreferrer noopener\" href=\"http:\/\/nuevanormalidad.datecuenta.org\/nueva-anormalidad\/leticia-barbero-agua-salada\/\" target=\"_blank\">Leticia Barbero<\/a><\/strong><\/h3>\n<!-- \/wp:heading -->\n\n<!-- wp:paragraph -->\n<p>La alumna del curso de <a rel=\"noreferrer noopener\" href=\"http:\/\/www.datecuenta.org\/escuelalibre\/curso-avanzado-fotografia\/\" target=\"_blank\">Fotograf\u00eda Creativa<\/a> Leticia Barbero ha recurrido a la imaginaci\u00f3n para escapar del confinamiento. <strong>A trav\u00e9s del recuerdo lejano de un voluntariado en la planta de psiquiatr\u00eda de un hospital <\/strong>sevillano, Leticia nos cuenta la historia de Anabel, una interna que sinti\u00e9ndose atrapada \u2013como muchos nos hemos sentido durante el confinamiento\u2013, se viste cada d\u00eda con su pamela, gafas de sol, chanclas y toalla al hombro para irse, de forma imaginaria, a la playa. Leticia decide homenajear este recuerdo y nos regala \u2018Agua Salada\u2019, una serie de tres fotograf\u00edas que nos muestran su cura durante el confinamiento: la fotograf\u00eda, la imaginaci\u00f3n y el mar.<\/p>\n<!-- \/wp:paragraph -->\n\n<!-- wp:image {\"align\":\"center\",\"id\":4359,\"sizeSlug\":\"large\"} -->\n<div class=\"wp-block-image\"><figure class=\"aligncenter size-large\"><img src=\"https:\/\/www.datecuenta.org\/escuelalibre\/wp-content\/uploads\/2020\/09\/Creatividad-confinamiento-03.jpg\" alt=\"creatividad durante el confinamiento  Julia Farran\" class=\"wp-image-4359\"\/><figcaption>'Etnograf\u00eda interna', de J\u00daLIA FARRAN<\/figcaption><\/figure><\/div>\n<!-- \/wp:image -->\n\n<!-- wp:heading {\"level\":3} -->\n<h3>La creatividad en el interior <strong>de<a rel=\"noreferrer noopener\" href=\"http:\/\/nuevanormalidad.datecuenta.org\/nueva-anormalidad\/julia-farran-etnografia-interna\/\" target=\"_blank\"> J\u00falia Farran<\/a><\/strong><\/h3>\n<!-- \/wp:heading -->\n\n<!-- wp:paragraph -->\n<p><strong>Algunas personas han aprovechado el confinamiento para mirar hacia dentro<\/strong>, interrogarse y autoexplorarse. Este es el caso de la alumna de Fotograf\u00eda Creativa J\u00falia Farran que nos presenta \u2018Etnografia interna\u2019, una serie de fotograf\u00edas que \u201cforman parte de una exploraci\u00f3n interna, de como en el silencio de las cuatro paredes aparecen preguntas existenciales\u201d, explica la autora que se pregunta: \u201c\u00bfQui\u00e9n soy? \u00bfD\u00f3nde habito? \u00bfMe habito? \u00bfO me evito?\u201d.<\/p>\n<!-- \/wp:paragraph -->\n\n<!-- wp:image {\"align\":\"center\",\"id\":4360,\"sizeSlug\":\"large\"} -->\n<div class=\"wp-block-image\"><figure class=\"aligncenter size-large\"><img src=\"https:\/\/www.datecuenta.org\/escuelalibre\/wp-content\/uploads\/2020\/09\/Creatividad-confinamiento-01.jpg\" alt=\"creatividad durante el confinamiento  \" class=\"wp-image-4360\"\/><figcaption>'Toxicidad imprescindible', del alumnado del curso de Iluminaci\u00f3n en estudio<\/figcaption><\/figure><\/div>\n<!-- \/wp:image -->\n\n<!-- wp:heading {\"level\":3} -->\n<h3><strong>La denuncia del alumnado de <a rel=\"noreferrer noopener\" href=\"http:\/\/nuevanormalidad.datecuenta.org\/emergencia-climatica\/toxicidad-imprescindible\/\" target=\"_blank\">Iluminaci\u00f3n en estudio<\/a><\/strong><\/h3>\n<!-- \/wp:heading -->\n\n<!-- wp:paragraph -->\n<p>Los alumnos del curso de Iluminaci\u00f3n en Estudio Ramon Aldom\u00e0, David Ribas, Isabel Eudal, Julio Izquierdo, Marco Pachiega y Clara de Castro <strong>denuncian en un trabajo conjunto los residuos que generamos<\/strong> en un mundo donde, por ejemplo, se recicla menos de una quina parte del pl\u00e1stico. \u201cUno de los da\u00f1os colaterales del Covid-19 es el incremento en un 35% del uso del pl\u00e1stico\u201d, nos explican y siguen: \u201cLa industria textil es la segunda m\u00e1s contaminante del mundo despu\u00e9s de la petrolera: produce el 20% de aguas residuales y el 10% de las emisiones de Co2\u201d.<\/p>\n<!-- \/wp:paragraph -->\n\n<!-- wp:image {\"align\":\"center\",\"id\":4361,\"sizeSlug\":\"large\"} -->\n<div class=\"wp-block-image\"><figure class=\"aligncenter size-large\"><img src=\"https:\/\/www.datecuenta.org\/escuelalibre\/wp-content\/uploads\/2020\/09\/Creatividad-confinamiento-05.jpg\" alt=\"creatividad durante el confinamiento  Milagros Rey\" class=\"wp-image-4361\"\/><figcaption>'Privilegios', de MILAGROS REY<\/figcaption><\/figure><\/div>\n<!-- \/wp:image -->\n\n<!-- wp:heading {\"level\":3} -->\n<h3>Los privilegios que no agradecemos <strong>de <a rel=\"noreferrer noopener\" href=\"http:\/\/nuevanormalidad.datecuenta.org\/nueva-anormalidad\/milagros-rey-privilegios\/\" target=\"_blank\">Milagros Rey<\/a><\/strong><\/h3>\n<!-- \/wp:heading -->\n\n<!-- wp:paragraph -->\n<p>La alumna del curso de Fotograf\u00eda Creativa Milagros Rey nos invita a reflexionar desde su confinamiento, con im\u00e1genes delicadas e \u00edntimas, <strong>sobre los privilegios de los que muchos gozamos y que a menudo pasamos por alto<\/strong>. \u201c\u00bfQu\u00e9 ser\u00e1 lo que tienen aquellos humanos que ignoran y olvidan la notable dicha de su entorno?\u201d, se pregunta Milagros.<\/p>\n<!-- \/wp:paragraph -->\n\n<!-- wp:image {\"align\":\"center\",\"id\":4362,\"sizeSlug\":\"large\"} -->\n<div class=\"wp-block-image\"><figure class=\"aligncenter size-large\"><img src=\"https:\/\/www.datecuenta.org\/escuelalibre\/wp-content\/uploads\/2020\/09\/Creatividad-confinamiento-02.jpg\" alt=\"\" class=\"wp-image-4362\"\/><figcaption>'Intercambiador. Viaje al interior del nuevo mundo', de JAVIER GORDO<\/figcaption><\/figure><\/div>\n<!-- \/wp:image -->\n\n<!-- wp:heading {\"level\":3} -->\n<h3>La creatividad en el trabajo terap\u00e9utico<strong> de <a rel=\"noreferrer noopener\" href=\"http:\/\/nuevanormalidad.datecuenta.org\/nueva-anormalidad\/javier-gordo-intercambiador-viaje-interior-al-nuevo-mundo\/\" target=\"_blank\">Javier Gordo<\/a><\/strong><\/h3>\n<!-- \/wp:heading -->\n\n<!-- wp:paragraph -->\n<p><strong>Trasladarnos a un mundo de soledad, preocupaci\u00f3n y desasosiego<\/strong> es lo que consigue el alumno del <a rel=\"noreferrer noopener\" href=\"https:\/\/www.datecuenta.org\/escuelalibre\/curso-fotografia-documental\/\" target=\"_blank\">curso de Fotograf\u00eda Documental<\/a> Javier Gordo. \u201cNuevos miedos, nuevas normas, necesidades imperiosas, b\u00e1sicas\u201d, reflexiona el autor.<\/p>\n<!-- \/wp:paragraph -->\n\n<!-- wp:heading {\"level\":3} -->\n<h3>M\u00e1s creatividad a pesar de todo<\/h3>\n<!-- \/wp:heading -->\n\n<!-- wp:paragraph -->\n<p>Si quieres ver m\u00e1s trabajos, visita la <a rel=\"noreferrer noopener\" href=\"http:\/\/nuevanormalidad.datecuenta.org\" target=\"_blank\">exposici\u00f3n virtual 'Nueva anormalidad'<\/a> donde se exponen ochenta trabajos finales de nuestro alumnado realizados durante el confinamiento. No te dejar\u00e1n indiferente. Porque este a\u00f1o seguimos, a pesar de todo, preparados para seguir ofreciendo una formaci\u00f3n de calidad en un nuevo formato semipresencial que asegurar\u00e1 la realizaci\u00f3n de todos los cursos en uno de los momentos m\u00e1s dif\u00edciles que hemos vivido, pero que<strong> m\u00e1s necesaria que nunca es la creatividad para seguir adelante.<\/strong><\/p>\n<!-- \/wp:paragraph -->","_et_gb_content_width":"","content-type":"","_monsterinsights_skip_tracking":false,"_monsterinsights_sitenote_active":false,"_monsterinsights_sitenote_note":"","_monsterinsights_sitenote_category":0,"_joinchat":[],"footnotes":""},"categories":[187],"tags":[],"class_list":["post-4356","post","type-post","status-publish","format-standard","has-post-thumbnail","hentry","category-noticias"],"yoast_head":"<!-- This site is optimized with the Yoast SEO plugin v26.9 - https:\/\/yoast.com\/product\/yoast-seo-wordpress\/ -->\n<title>As\u00ed fotografiamos el confinamiento: la creatividad como salvaci\u00f3n<\/title>\n<meta name=\"description\" content=\"Nunca tuvimos que desarrollar tanto la creatividad como durante el confinamiento y nunca como ahora ha sido tan necesaria.\" \/>\n<meta name=\"robots\" content=\"index, follow, max-snippet:-1, max-image-preview:large, max-video-preview:-1\" \/>\n<link rel=\"canonical\" href=\"https:\/\/www.datecuenta.org\/escuelalibre\/creatividad\/\" \/>\n<meta property=\"og:locale\" content=\"es_ES\" \/>\n<meta property=\"og:type\" content=\"article\" \/>\n<meta property=\"og:title\" content=\"As\u00ed fotografiamos el confinamiento: la creatividad como salvaci\u00f3n\" \/>\n<meta property=\"og:description\" content=\"Nunca tuvimos que desarrollar tanto la creatividad como durante el confinamiento y nunca como ahora ha sido tan necesaria.\" \/>\n<meta property=\"og:url\" content=\"https:\/\/www.datecuenta.org\/escuelalibre\/creatividad\/\" \/>\n<meta property=\"og:site_name\" content=\"Escuela de fotograf\u00eda en Barcelona | DateCuenta\" \/>\n<meta property=\"article:published_time\" content=\"2020-09-16T09:43:30+00:00\" \/>\n<meta property=\"article:modified_time\" content=\"2024-06-12T13:59:16+00:00\" \/>\n<meta property=\"og:image\" content=\"http:\/\/www.datecuenta.org\/escuelalibre\/wp-content\/uploads\/2020\/09\/Creatividad-confinamiento-05.jpg\" \/>\n\t<meta property=\"og:image:width\" content=\"800\" \/>\n\t<meta property=\"og:image:height\" content=\"566\" \/>\n\t<meta property=\"og:image:type\" content=\"image\/jpeg\" \/>\n<meta name=\"author\" content=\"Date Cuenta\" \/>\n<meta name=\"twitter:card\" content=\"summary_large_image\" \/>\n<meta name=\"twitter:label1\" content=\"Escrito por\" \/>\n\t<meta name=\"twitter:data1\" content=\"Date Cuenta\" \/>\n\t<meta name=\"twitter:label2\" content=\"Tiempo de lectura\" \/>\n\t<meta name=\"twitter:data2\" content=\"5 minutos\" \/>\n<script type=\"application\/ld+json\" class=\"yoast-schema-graph\">{\"@context\":\"https:\/\/schema.org\",\"@graph\":[{\"@type\":\"Article\",\"@id\":\"https:\/\/www.datecuenta.org\/escuelalibre\/creatividad\/#article\",\"isPartOf\":{\"@id\":\"https:\/\/www.datecuenta.org\/escuelalibre\/creatividad\/\"},\"author\":{\"name\":\"Date Cuenta\",\"@id\":\"https:\/\/www.datecuenta.org\/escuelalibre\/#\/schema\/person\/2461c4b87eecd19501ff25c8158edfce\"},\"headline\":\"As\u00ed fotografiamos el confinamiento: la creatividad como salvaci\u00f3n\",\"datePublished\":\"2020-09-16T09:43:30+00:00\",\"dateModified\":\"2024-06-12T13:59:16+00:00\",\"mainEntityOfPage\":{\"@id\":\"https:\/\/www.datecuenta.org\/escuelalibre\/creatividad\/\"},\"wordCount\":916,\"image\":{\"@id\":\"https:\/\/www.datecuenta.org\/escuelalibre\/creatividad\/#primaryimage\"},\"thumbnailUrl\":\"https:\/\/www.datecuenta.org\/escuelalibre\/wp-content\/uploads\/2020\/09\/Creatividad-confinamiento-05.jpg\",\"articleSection\":[\"BLOG\"],\"inLanguage\":\"es\"},{\"@type\":\"WebPage\",\"@id\":\"https:\/\/www.datecuenta.org\/escuelalibre\/creatividad\/\",\"url\":\"https:\/\/www.datecuenta.org\/escuelalibre\/creatividad\/\",\"name\":\"As\u00ed fotografiamos el confinamiento: la creatividad como salvaci\u00f3n\",\"isPartOf\":{\"@id\":\"https:\/\/www.datecuenta.org\/escuelalibre\/#website\"},\"primaryImageOfPage\":{\"@id\":\"https:\/\/www.datecuenta.org\/escuelalibre\/creatividad\/#primaryimage\"},\"image\":{\"@id\":\"https:\/\/www.datecuenta.org\/escuelalibre\/creatividad\/#primaryimage\"},\"thumbnailUrl\":\"https:\/\/www.datecuenta.org\/escuelalibre\/wp-content\/uploads\/2020\/09\/Creatividad-confinamiento-05.jpg\",\"datePublished\":\"2020-09-16T09:43:30+00:00\",\"dateModified\":\"2024-06-12T13:59:16+00:00\",\"author\":{\"@id\":\"https:\/\/www.datecuenta.org\/escuelalibre\/#\/schema\/person\/2461c4b87eecd19501ff25c8158edfce\"},\"description\":\"Nunca tuvimos que desarrollar tanto la creatividad como durante el confinamiento y nunca como ahora ha sido tan necesaria.\",\"breadcrumb\":{\"@id\":\"https:\/\/www.datecuenta.org\/escuelalibre\/creatividad\/#breadcrumb\"},\"inLanguage\":\"es\",\"potentialAction\":[{\"@type\":\"ReadAction\",\"target\":[\"https:\/\/www.datecuenta.org\/escuelalibre\/creatividad\/\"]}]},{\"@type\":\"ImageObject\",\"inLanguage\":\"es\",\"@id\":\"https:\/\/www.datecuenta.org\/escuelalibre\/creatividad\/#primaryimage\",\"url\":\"https:\/\/www.datecuenta.org\/escuelalibre\/wp-content\/uploads\/2020\/09\/Creatividad-confinamiento-05.jpg\",\"contentUrl\":\"https:\/\/www.datecuenta.org\/escuelalibre\/wp-content\/uploads\/2020\/09\/Creatividad-confinamiento-05.jpg\",\"width\":800,\"height\":566,\"caption\":\"creatividad durante el confinamiento\"},{\"@type\":\"BreadcrumbList\",\"@id\":\"https:\/\/www.datecuenta.org\/escuelalibre\/creatividad\/#breadcrumb\",\"itemListElement\":[{\"@type\":\"ListItem\",\"position\":1,\"name\":\"Portada\",\"item\":\"https:\/\/www.datecuenta.org\/escuelalibre\/\"},{\"@type\":\"ListItem\",\"position\":2,\"name\":\"As\u00ed fotografiamos el confinamiento: la creatividad como salvaci\u00f3n\"}]},{\"@type\":\"WebSite\",\"@id\":\"https:\/\/www.datecuenta.org\/escuelalibre\/#website\",\"url\":\"https:\/\/www.datecuenta.org\/escuelalibre\/\",\"name\":\"Escuela de fotograf\u00eda en Barcelona | DateCuenta\",\"description\":\"\",\"potentialAction\":[{\"@type\":\"SearchAction\",\"target\":{\"@type\":\"EntryPoint\",\"urlTemplate\":\"https:\/\/www.datecuenta.org\/escuelalibre\/?s={search_term_string}\"},\"query-input\":{\"@type\":\"PropertyValueSpecification\",\"valueRequired\":true,\"valueName\":\"search_term_string\"}}],\"inLanguage\":\"es\"},{\"@type\":\"Person\",\"@id\":\"https:\/\/www.datecuenta.org\/escuelalibre\/#\/schema\/person\/2461c4b87eecd19501ff25c8158edfce\",\"name\":\"Date Cuenta\",\"image\":{\"@type\":\"ImageObject\",\"inLanguage\":\"es\",\"@id\":\"https:\/\/www.datecuenta.org\/escuelalibre\/#\/schema\/person\/image\/\",\"url\":\"https:\/\/secure.gravatar.com\/avatar\/cef072a10d2f235035add558d19bd890155332fc9d829546849b6af5dba440c4?s=96&d=mm&r=g\",\"contentUrl\":\"https:\/\/secure.gravatar.com\/avatar\/cef072a10d2f235035add558d19bd890155332fc9d829546849b6af5dba440c4?s=96&d=mm&r=g\",\"caption\":\"Date Cuenta\"}}]}<\/script>\n<!-- \/ Yoast SEO plugin. -->","yoast_head_json":{"title":"As\u00ed fotografiamos el confinamiento: la creatividad como salvaci\u00f3n","description":"Nunca tuvimos que desarrollar tanto la creatividad como durante el confinamiento y nunca como ahora ha sido tan necesaria.","robots":{"index":"index","follow":"follow","max-snippet":"max-snippet:-1","max-image-preview":"max-image-preview:large","max-video-preview":"max-video-preview:-1"},"canonical":"https:\/\/www.datecuenta.org\/escuelalibre\/creatividad\/","og_locale":"es_ES","og_type":"article","og_title":"As\u00ed fotografiamos el confinamiento: la creatividad como salvaci\u00f3n","og_description":"Nunca tuvimos que desarrollar tanto la creatividad como durante el confinamiento y nunca como ahora ha sido tan necesaria.","og_url":"https:\/\/www.datecuenta.org\/escuelalibre\/creatividad\/","og_site_name":"Escuela de fotograf\u00eda en Barcelona | DateCuenta","article_published_time":"2020-09-16T09:43:30+00:00","article_modified_time":"2024-06-12T13:59:16+00:00","og_image":[{"width":800,"height":566,"url":"http:\/\/www.datecuenta.org\/escuelalibre\/wp-content\/uploads\/2020\/09\/Creatividad-confinamiento-05.jpg","type":"image\/jpeg"}],"author":"Date Cuenta","twitter_card":"summary_large_image","twitter_misc":{"Escrito por":"Date Cuenta","Tiempo de lectura":"5 minutos"},"schema":{"@context":"https:\/\/schema.org","@graph":[{"@type":"Article","@id":"https:\/\/www.datecuenta.org\/escuelalibre\/creatividad\/#article","isPartOf":{"@id":"https:\/\/www.datecuenta.org\/escuelalibre\/creatividad\/"},"author":{"name":"Date Cuenta","@id":"https:\/\/www.datecuenta.org\/escuelalibre\/#\/schema\/person\/2461c4b87eecd19501ff25c8158edfce"},"headline":"As\u00ed fotografiamos el confinamiento: la creatividad como salvaci\u00f3n","datePublished":"2020-09-16T09:43:30+00:00","dateModified":"2024-06-12T13:59:16+00:00","mainEntityOfPage":{"@id":"https:\/\/www.datecuenta.org\/escuelalibre\/creatividad\/"},"wordCount":916,"image":{"@id":"https:\/\/www.datecuenta.org\/escuelalibre\/creatividad\/#primaryimage"},"thumbnailUrl":"https:\/\/www.datecuenta.org\/escuelalibre\/wp-content\/uploads\/2020\/09\/Creatividad-confinamiento-05.jpg","articleSection":["BLOG"],"inLanguage":"es"},{"@type":"WebPage","@id":"https:\/\/www.datecuenta.org\/escuelalibre\/creatividad\/","url":"https:\/\/www.datecuenta.org\/escuelalibre\/creatividad\/","name":"As\u00ed fotografiamos el confinamiento: la creatividad como salvaci\u00f3n","isPartOf":{"@id":"https:\/\/www.datecuenta.org\/escuelalibre\/#website"},"primaryImageOfPage":{"@id":"https:\/\/www.datecuenta.org\/escuelalibre\/creatividad\/#primaryimage"},"image":{"@id":"https:\/\/www.datecuenta.org\/escuelalibre\/creatividad\/#primaryimage"},"thumbnailUrl":"https:\/\/www.datecuenta.org\/escuelalibre\/wp-content\/uploads\/2020\/09\/Creatividad-confinamiento-05.jpg","datePublished":"2020-09-16T09:43:30+00:00","dateModified":"2024-06-12T13:59:16+00:00","author":{"@id":"https:\/\/www.datecuenta.org\/escuelalibre\/#\/schema\/person\/2461c4b87eecd19501ff25c8158edfce"},"description":"Nunca tuvimos que desarrollar tanto la creatividad como durante el confinamiento y nunca como ahora ha sido tan necesaria.","breadcrumb":{"@id":"https:\/\/www.datecuenta.org\/escuelalibre\/creatividad\/#breadcrumb"},"inLanguage":"es","potentialAction":[{"@type":"ReadAction","target":["https:\/\/www.datecuenta.org\/escuelalibre\/creatividad\/"]}]},{"@type":"ImageObject","inLanguage":"es","@id":"https:\/\/www.datecuenta.org\/escuelalibre\/creatividad\/#primaryimage","url":"https:\/\/www.datecuenta.org\/escuelalibre\/wp-content\/uploads\/2020\/09\/Creatividad-confinamiento-05.jpg","contentUrl":"https:\/\/www.datecuenta.org\/escuelalibre\/wp-content\/uploads\/2020\/09\/Creatividad-confinamiento-05.jpg","width":800,"height":566,"caption":"creatividad durante el confinamiento"},{"@type":"BreadcrumbList","@id":"https:\/\/www.datecuenta.org\/escuelalibre\/creatividad\/#breadcrumb","itemListElement":[{"@type":"ListItem","position":1,"name":"Portada","item":"https:\/\/www.datecuenta.org\/escuelalibre\/"},{"@type":"ListItem","position":2,"name":"As\u00ed fotografiamos el confinamiento: la creatividad como salvaci\u00f3n"}]},{"@type":"WebSite","@id":"https:\/\/www.datecuenta.org\/escuelalibre\/#website","url":"https:\/\/www.datecuenta.org\/escuelalibre\/","name":"Escuela de fotograf\u00eda en Barcelona | DateCuenta","description":"","potentialAction":[{"@type":"SearchAction","target":{"@type":"EntryPoint","urlTemplate":"https:\/\/www.datecuenta.org\/escuelalibre\/?s={search_term_string}"},"query-input":{"@type":"PropertyValueSpecification","valueRequired":true,"valueName":"search_term_string"}}],"inLanguage":"es"},{"@type":"Person","@id":"https:\/\/www.datecuenta.org\/escuelalibre\/#\/schema\/person\/2461c4b87eecd19501ff25c8158edfce","name":"Date Cuenta","image":{"@type":"ImageObject","inLanguage":"es","@id":"https:\/\/www.datecuenta.org\/escuelalibre\/#\/schema\/person\/image\/","url":"https:\/\/secure.gravatar.com\/avatar\/cef072a10d2f235035add558d19bd890155332fc9d829546849b6af5dba440c4?s=96&d=mm&r=g","contentUrl":"https:\/\/secure.gravatar.com\/avatar\/cef072a10d2f235035add558d19bd890155332fc9d829546849b6af5dba440c4?s=96&d=mm&r=g","caption":"Date Cuenta"}}]}},"_links":{"self":[{"href":"https:\/\/www.datecuenta.org\/escuelalibre\/wp-json\/wp\/v2\/posts\/4356","targetHints":{"allow":["GET"]}}],"collection":[{"href":"https:\/\/www.datecuenta.org\/escuelalibre\/wp-json\/wp\/v2\/posts"}],"about":[{"href":"https:\/\/www.datecuenta.org\/escuelalibre\/wp-json\/wp\/v2\/types\/post"}],"author":[{"embeddable":true,"href":"https:\/\/www.datecuenta.org\/escuelalibre\/wp-json\/wp\/v2\/users\/1001002"}],"replies":[{"embeddable":true,"href":"https:\/\/www.datecuenta.org\/escuelalibre\/wp-json\/wp\/v2\/comments?post=4356"}],"version-history":[{"count":6,"href":"https:\/\/www.datecuenta.org\/escuelalibre\/wp-json\/wp\/v2\/posts\/4356\/revisions"}],"predecessor-version":[{"id":6935,"href":"https:\/\/www.datecuenta.org\/escuelalibre\/wp-json\/wp\/v2\/posts\/4356\/revisions\/6935"}],"wp:featuredmedia":[{"embeddable":true,"href":"https:\/\/www.datecuenta.org\/escuelalibre\/wp-json\/wp\/v2\/media\/4361"}],"wp:attachment":[{"href":"https:\/\/www.datecuenta.org\/escuelalibre\/wp-json\/wp\/v2\/media?parent=4356"}],"wp:term":[{"taxonomy":"category","embeddable":true,"href":"https:\/\/www.datecuenta.org\/escuelalibre\/wp-json\/wp\/v2\/categories?post=4356"},{"taxonomy":"post_tag","embeddable":true,"href":"https:\/\/www.datecuenta.org\/escuelalibre\/wp-json\/wp\/v2\/tags?post=4356"}],"curies":[{"name":"wp","href":"https:\/\/api.w.org\/{rel}","templated":true}]}}