{"id":4440,"date":"2021-01-24T21:01:24","date_gmt":"2021-01-24T21:01:24","guid":{"rendered":"https:\/\/www.datecuenta.org\/escuelalibre\/?p=4440"},"modified":"2021-02-02T20:08:46","modified_gmt":"2021-02-02T20:08:46","slug":"carmen-aguado-espinosa-fotografia-espejo","status":"publish","type":"post","link":"https:\/\/www.datecuenta.org\/escuelalibre\/carmen-aguado-espinosa-fotografia-espejo\/","title":{"rendered":"Carmen Aguado Espinosa: la fotograf\u00eda como espejo interno a trav\u00e9s del visionado de su obra"},"content":{"rendered":"\n<div class=\"wp-block-image\"><figure class=\"aligncenter size-large\"><img loading=\"lazy\" decoding=\"async\" width=\"700\" height=\"367\" src=\"https:\/\/www.datecuenta.org\/escuelalibre\/wp-content\/uploads\/2021\/01\/carmen-aguado-fotografa.jpg\" alt=\"Carmen Aguado Espinosa\" class=\"wp-image-4448\" srcset=\"https:\/\/www.datecuenta.org\/escuelalibre\/wp-content\/uploads\/2021\/01\/carmen-aguado-fotografa.jpg 700w, https:\/\/www.datecuenta.org\/escuelalibre\/wp-content\/uploads\/2021\/01\/carmen-aguado-fotografa-300x157.jpg 300w, https:\/\/www.datecuenta.org\/escuelalibre\/wp-content\/uploads\/2021\/01\/carmen-aguado-fotografa-436x229.jpg 436w\" sizes=\"(max-width: 700px) 100vw, 700px\" \/><\/figure><\/div>\n\n\n\n<p>Tras el <a rel=\"noreferrer noopener\" href=\"https:\/\/www.datecuenta.org\/escuelalibre\/periodistas-asesinados-mexico\/\" target=\"_blank\">encuentro con los periodistas mexicanos amenazados<\/a>, en la Escuela Libre DateCuenta estamos muy ilusionados de llevar a cabo la segunda masterclass de este curso 2020\/2021. En esta ocasi\u00f3n <strong>invitamos a nuestros alumnos y amigos de la escuela a visionar el trabajo de la fot\u00f3grafa Carmen Aguado Espinosa<\/strong> en el Centre C\u00edvic Pati Llimona, el s\u00e1bado 6 de febrero a las 11h, y que se retransmitir\u00e1 en directo de forma virtual.<\/p>\n\n\n\n<p>Formada en Bellas Artes y Filosof\u00eda, <strong>Carmen Aguado Espinosa usa la fotograf\u00eda anal\u00f3gica como un medio de experimentaci\u00f3n creativa para la b\u00fasqueda interior<\/strong>. \u201cMe sumerjo en una parte biogr\u00e1fica y esa parte personal intento ponerla en im\u00e1genes esenciales y comunes a todos\u201d, explica la fot\u00f3grafa. As\u00ed, a trav\u00e9s de su obra iremos desgranando los pilares de su proceso creativo que seguro que nos servir\u00e1 de inspiraci\u00f3n a la hora de construir el propio proceso fotogr\u00e1fico.<\/p>\n\n\n\n<div class=\"wp-block-image\"><figure class=\"aligncenter size-large\"><a href=\"https:\/\/www.instagram.com\/p\/BqBguiFFfls\/\" target=\"_blank\" rel=\"&lt;nofollow&gt; noopener noreferrer\"><img loading=\"lazy\" decoding=\"async\" width=\"500\" height=\"795\" src=\"https:\/\/www.datecuenta.org\/escuelalibre\/wp-content\/uploads\/2021\/01\/carmen-aguado-.jpg\" alt=\"Carmen Aguado Espinosa\" class=\"wp-image-4443\" srcset=\"https:\/\/www.datecuenta.org\/escuelalibre\/wp-content\/uploads\/2021\/01\/carmen-aguado-.jpg 500w, https:\/\/www.datecuenta.org\/escuelalibre\/wp-content\/uploads\/2021\/01\/carmen-aguado--189x300.jpg 189w, https:\/\/www.datecuenta.org\/escuelalibre\/wp-content\/uploads\/2021\/01\/carmen-aguado--436x693.jpg 436w\" sizes=\"(max-width: 500px) 100vw, 500px\" \/><\/a><\/figure><\/div>\n\n\n\n<h2 class=\"wp-block-heading\">&#8216;Paradiso&#8217;: <strong>Carmen Aguado Espinosa regresa a la infancia<\/strong>,\u00bbdonde estuvo conectada con el todo\u00bb<\/h2>\n\n\n\n<p>Hace ocho a\u00f1os, Carmen Aguado Espinosa comenz\u00f3 una serie fotogr\u00e1fica sobre la infancia en la que recorr\u00eda la Ribera Sacra en Galicia, lugar que la acogi\u00f3 de ni\u00f1a. \u201cVolv\u00eda una y otra vez hasta recuperar los fragmentos de mi misma, buscando aprehender los c\u00f3digos invisibles, donde a\u00fan estuve conectada con el todo\u201d, apunta la artista.<\/p>\n\n\n\n<p>El resultado es \u2018Paradiso\u2019, un trabajo en blanco y negro y a\u00fan en construcci\u00f3n, en el que retrata a sus propios hijos absortos en juegos atemporales y representa a los adolescentes de la zona en un intento de detener el tiempo y su transformaci\u00f3n; rodeados de naturaleza, de los mismos paisajes de la infancia de la fot\u00f3grafa en los que ella se sent\u00eda inspirada y protegida, conectada con el mundo m\u00e1gico. Carmen Aguado Espinosa logra transmitir todo este universo en sus im\u00e1genes.<\/p>\n\n\n\n<p>\u201cLa fotograf\u00eda, para m\u00ed, es un viaje interior, es un misterio, es poes\u00eda. Como el ni\u00f1o que arroja guijarros al charco y observa las olas y los destellos que hacen. Es una mirada dentro de uno mismo, como respirar en un reflejo\u201d, concluye la fot\u00f3grafa.<\/p>\n\n\n\n<h3 class=\"wp-block-heading\"><strong>Si quieres asistir, conf\u00edrmalo aqu\u00ed<\/strong><\/h3>\n\n\n\n<p>Debido a las restricciones sanitarias por la crisis de la pandemia de la COVID-19, <strong>el aforo presencial es limitado, pero se retransmitir\u00e1 en directo a trav\u00e9s de la plataforma Zoom<\/strong>.<\/p>\n\n\n\n<p>Si este a\u00f1o no eres alumno de la escuela y quieres asistir <strong><a href=\"https:\/\/forms.gle\/ReKJStTN2cSY553B9\" target=\"_blank\" rel=\"noreferrer noopener\">confirma tu asistencia en este link<\/a><\/strong> y te enviaremos el acceso a la charla unos d\u00edas antes del encuentro.<\/p>\n\n\n\n<div class=\"wp-block-image\"><figure class=\"aligncenter size-large\"><img loading=\"lazy\" decoding=\"async\" width=\"700\" height=\"700\" src=\"http:\/\/www.datecuenta.org\/escuelalibre\/wp-content\/uploads\/2021\/01\/carmen-aguado-blog.jpg\" alt=\"Carmen Aguado Espinosa conferencia en DateCuenta\" class=\"wp-image-4449\" srcset=\"https:\/\/www.datecuenta.org\/escuelalibre\/wp-content\/uploads\/2021\/01\/carmen-aguado-blog.jpg 700w, https:\/\/www.datecuenta.org\/escuelalibre\/wp-content\/uploads\/2021\/01\/carmen-aguado-blog-300x300.jpg 300w, https:\/\/www.datecuenta.org\/escuelalibre\/wp-content\/uploads\/2021\/01\/carmen-aguado-blog-436x436.jpg 436w\" sizes=\"(max-width: 700px) 100vw, 700px\" \/><\/figure><\/div>\n","protected":false},"excerpt":{"rendered":"<p>Tras el encuentro con los periodistas mexicanos amenazados, en la Escuela Libre DateCuenta estamos muy ilusionados de llevar a cabo la segunda masterclass de este curso 2020\/2021. En esta ocasi\u00f3n invitamos a nuestros alumnos y amigos de la escuela a visionar el trabajo de la fot\u00f3grafa Carmen Aguado Espinosa en el Centre C\u00edvic Pati Llimona, [&hellip;]<\/p>\n","protected":false},"author":1001002,"featured_media":4448,"comment_status":"closed","ping_status":"closed","sticky":false,"template":"","format":"standard","meta":{"_et_pb_use_builder":"","_et_pb_old_content":"","_et_gb_content_width":"","content-type":"","_monsterinsights_skip_tracking":false,"_monsterinsights_sitenote_active":false,"_monsterinsights_sitenote_note":"","_monsterinsights_sitenote_category":0,"_joinchat":[],"footnotes":""},"categories":[187],"tags":[],"class_list":["post-4440","post","type-post","status-publish","format-standard","has-post-thumbnail","hentry","category-noticias"],"yoast_head":"<!-- This site is optimized with the Yoast SEO plugin v26.9 - https:\/\/yoast.com\/product\/yoast-seo-wordpress\/ -->\n<title>Carmen Aguado Espinosa: la fotograf\u00eda como espejo interno a trav\u00e9s del visionado de su obra<\/title>\n<meta name=\"description\" content=\"Invitamos a nuestros alumnos y amigos de la escuela a escuchar a la fot\u00f3grafa Carmen Aguado Espinosa en una charla presencial que se retransmitir\u00e1 online.\" \/>\n<meta name=\"robots\" content=\"index, follow, max-snippet:-1, max-image-preview:large, max-video-preview:-1\" \/>\n<link rel=\"canonical\" href=\"https:\/\/www.datecuenta.org\/escuelalibre\/carmen-aguado-espinosa-fotografia-espejo\/\" \/>\n<meta property=\"og:locale\" content=\"es_ES\" \/>\n<meta property=\"og:type\" content=\"article\" \/>\n<meta property=\"og:title\" content=\"Carmen Aguado Espinosa: la fotograf\u00eda como espejo interno a trav\u00e9s del visionado de su obra\" \/>\n<meta property=\"og:description\" content=\"Invitamos a nuestros alumnos y amigos de la escuela a escuchar a la fot\u00f3grafa Carmen Aguado Espinosa en una charla presencial que se retransmitir\u00e1 online.\" \/>\n<meta property=\"og:url\" content=\"https:\/\/www.datecuenta.org\/escuelalibre\/carmen-aguado-espinosa-fotografia-espejo\/\" \/>\n<meta property=\"og:site_name\" content=\"Escuela de fotograf\u00eda en Barcelona | DateCuenta\" \/>\n<meta property=\"article:published_time\" content=\"2021-01-24T21:01:24+00:00\" \/>\n<meta property=\"article:modified_time\" content=\"2021-02-02T20:08:46+00:00\" \/>\n<meta property=\"og:image\" content=\"https:\/\/www.datecuenta.org\/escuelalibre\/wp-content\/uploads\/2021\/01\/carmen-aguado-fotografa.jpg\" \/>\n\t<meta property=\"og:image:width\" content=\"700\" \/>\n\t<meta property=\"og:image:height\" content=\"367\" \/>\n\t<meta property=\"og:image:type\" content=\"image\/jpeg\" \/>\n<meta name=\"author\" content=\"Date Cuenta\" \/>\n<meta name=\"twitter:card\" content=\"summary_large_image\" \/>\n<meta name=\"twitter:label1\" content=\"Escrito por\" \/>\n\t<meta name=\"twitter:data1\" content=\"Date Cuenta\" \/>\n\t<meta name=\"twitter:label2\" content=\"Tiempo de lectura\" \/>\n\t<meta name=\"twitter:data2\" content=\"2 minutos\" \/>\n<script type=\"application\/ld+json\" class=\"yoast-schema-graph\">{\"@context\":\"https:\/\/schema.org\",\"@graph\":[{\"@type\":\"Article\",\"@id\":\"https:\/\/www.datecuenta.org\/escuelalibre\/carmen-aguado-espinosa-fotografia-espejo\/#article\",\"isPartOf\":{\"@id\":\"https:\/\/www.datecuenta.org\/escuelalibre\/carmen-aguado-espinosa-fotografia-espejo\/\"},\"author\":{\"name\":\"Date Cuenta\",\"@id\":\"https:\/\/www.datecuenta.org\/escuelalibre\/#\/schema\/person\/2461c4b87eecd19501ff25c8158edfce\"},\"headline\":\"Carmen Aguado Espinosa: la fotograf\u00eda como espejo interno a trav\u00e9s del visionado de su obra\",\"datePublished\":\"2021-01-24T21:01:24+00:00\",\"dateModified\":\"2021-02-02T20:08:46+00:00\",\"mainEntityOfPage\":{\"@id\":\"https:\/\/www.datecuenta.org\/escuelalibre\/carmen-aguado-espinosa-fotografia-espejo\/\"},\"wordCount\":461,\"image\":{\"@id\":\"https:\/\/www.datecuenta.org\/escuelalibre\/carmen-aguado-espinosa-fotografia-espejo\/#primaryimage\"},\"thumbnailUrl\":\"https:\/\/www.datecuenta.org\/escuelalibre\/wp-content\/uploads\/2021\/01\/carmen-aguado-fotografa.jpg\",\"articleSection\":[\"BLOG\"],\"inLanguage\":\"es\"},{\"@type\":\"WebPage\",\"@id\":\"https:\/\/www.datecuenta.org\/escuelalibre\/carmen-aguado-espinosa-fotografia-espejo\/\",\"url\":\"https:\/\/www.datecuenta.org\/escuelalibre\/carmen-aguado-espinosa-fotografia-espejo\/\",\"name\":\"Carmen Aguado Espinosa: la fotograf\u00eda como espejo interno a trav\u00e9s del visionado de su obra\",\"isPartOf\":{\"@id\":\"https:\/\/www.datecuenta.org\/escuelalibre\/#website\"},\"primaryImageOfPage\":{\"@id\":\"https:\/\/www.datecuenta.org\/escuelalibre\/carmen-aguado-espinosa-fotografia-espejo\/#primaryimage\"},\"image\":{\"@id\":\"https:\/\/www.datecuenta.org\/escuelalibre\/carmen-aguado-espinosa-fotografia-espejo\/#primaryimage\"},\"thumbnailUrl\":\"https:\/\/www.datecuenta.org\/escuelalibre\/wp-content\/uploads\/2021\/01\/carmen-aguado-fotografa.jpg\",\"datePublished\":\"2021-01-24T21:01:24+00:00\",\"dateModified\":\"2021-02-02T20:08:46+00:00\",\"author\":{\"@id\":\"https:\/\/www.datecuenta.org\/escuelalibre\/#\/schema\/person\/2461c4b87eecd19501ff25c8158edfce\"},\"description\":\"Invitamos a nuestros alumnos y amigos de la escuela a escuchar a la fot\u00f3grafa Carmen Aguado Espinosa en una charla presencial que se retransmitir\u00e1 online.\",\"breadcrumb\":{\"@id\":\"https:\/\/www.datecuenta.org\/escuelalibre\/carmen-aguado-espinosa-fotografia-espejo\/#breadcrumb\"},\"inLanguage\":\"es\",\"potentialAction\":[{\"@type\":\"ReadAction\",\"target\":[\"https:\/\/www.datecuenta.org\/escuelalibre\/carmen-aguado-espinosa-fotografia-espejo\/\"]}]},{\"@type\":\"ImageObject\",\"inLanguage\":\"es\",\"@id\":\"https:\/\/www.datecuenta.org\/escuelalibre\/carmen-aguado-espinosa-fotografia-espejo\/#primaryimage\",\"url\":\"https:\/\/www.datecuenta.org\/escuelalibre\/wp-content\/uploads\/2021\/01\/carmen-aguado-fotografa.jpg\",\"contentUrl\":\"https:\/\/www.datecuenta.org\/escuelalibre\/wp-content\/uploads\/2021\/01\/carmen-aguado-fotografa.jpg\",\"width\":700,\"height\":367},{\"@type\":\"BreadcrumbList\",\"@id\":\"https:\/\/www.datecuenta.org\/escuelalibre\/carmen-aguado-espinosa-fotografia-espejo\/#breadcrumb\",\"itemListElement\":[{\"@type\":\"ListItem\",\"position\":1,\"name\":\"Portada\",\"item\":\"https:\/\/www.datecuenta.org\/escuelalibre\/\"},{\"@type\":\"ListItem\",\"position\":2,\"name\":\"Carmen Aguado Espinosa: la fotograf\u00eda como espejo interno a trav\u00e9s del visionado de su obra\"}]},{\"@type\":\"WebSite\",\"@id\":\"https:\/\/www.datecuenta.org\/escuelalibre\/#website\",\"url\":\"https:\/\/www.datecuenta.org\/escuelalibre\/\",\"name\":\"Escuela de fotograf\u00eda en Barcelona | DateCuenta\",\"description\":\"\",\"potentialAction\":[{\"@type\":\"SearchAction\",\"target\":{\"@type\":\"EntryPoint\",\"urlTemplate\":\"https:\/\/www.datecuenta.org\/escuelalibre\/?s={search_term_string}\"},\"query-input\":{\"@type\":\"PropertyValueSpecification\",\"valueRequired\":true,\"valueName\":\"search_term_string\"}}],\"inLanguage\":\"es\"},{\"@type\":\"Person\",\"@id\":\"https:\/\/www.datecuenta.org\/escuelalibre\/#\/schema\/person\/2461c4b87eecd19501ff25c8158edfce\",\"name\":\"Date Cuenta\",\"image\":{\"@type\":\"ImageObject\",\"inLanguage\":\"es\",\"@id\":\"https:\/\/www.datecuenta.org\/escuelalibre\/#\/schema\/person\/image\/\",\"url\":\"https:\/\/secure.gravatar.com\/avatar\/cef072a10d2f235035add558d19bd890155332fc9d829546849b6af5dba440c4?s=96&d=mm&r=g\",\"contentUrl\":\"https:\/\/secure.gravatar.com\/avatar\/cef072a10d2f235035add558d19bd890155332fc9d829546849b6af5dba440c4?s=96&d=mm&r=g\",\"caption\":\"Date Cuenta\"}}]}<\/script>\n<!-- \/ Yoast SEO plugin. -->","yoast_head_json":{"title":"Carmen Aguado Espinosa: la fotograf\u00eda como espejo interno a trav\u00e9s del visionado de su obra","description":"Invitamos a nuestros alumnos y amigos de la escuela a escuchar a la fot\u00f3grafa Carmen Aguado Espinosa en una charla presencial que se retransmitir\u00e1 online.","robots":{"index":"index","follow":"follow","max-snippet":"max-snippet:-1","max-image-preview":"max-image-preview:large","max-video-preview":"max-video-preview:-1"},"canonical":"https:\/\/www.datecuenta.org\/escuelalibre\/carmen-aguado-espinosa-fotografia-espejo\/","og_locale":"es_ES","og_type":"article","og_title":"Carmen Aguado Espinosa: la fotograf\u00eda como espejo interno a trav\u00e9s del visionado de su obra","og_description":"Invitamos a nuestros alumnos y amigos de la escuela a escuchar a la fot\u00f3grafa Carmen Aguado Espinosa en una charla presencial que se retransmitir\u00e1 online.","og_url":"https:\/\/www.datecuenta.org\/escuelalibre\/carmen-aguado-espinosa-fotografia-espejo\/","og_site_name":"Escuela de fotograf\u00eda en Barcelona | DateCuenta","article_published_time":"2021-01-24T21:01:24+00:00","article_modified_time":"2021-02-02T20:08:46+00:00","og_image":[{"width":700,"height":367,"url":"https:\/\/www.datecuenta.org\/escuelalibre\/wp-content\/uploads\/2021\/01\/carmen-aguado-fotografa.jpg","type":"image\/jpeg"}],"author":"Date Cuenta","twitter_card":"summary_large_image","twitter_misc":{"Escrito por":"Date Cuenta","Tiempo de lectura":"2 minutos"},"schema":{"@context":"https:\/\/schema.org","@graph":[{"@type":"Article","@id":"https:\/\/www.datecuenta.org\/escuelalibre\/carmen-aguado-espinosa-fotografia-espejo\/#article","isPartOf":{"@id":"https:\/\/www.datecuenta.org\/escuelalibre\/carmen-aguado-espinosa-fotografia-espejo\/"},"author":{"name":"Date Cuenta","@id":"https:\/\/www.datecuenta.org\/escuelalibre\/#\/schema\/person\/2461c4b87eecd19501ff25c8158edfce"},"headline":"Carmen Aguado Espinosa: la fotograf\u00eda como espejo interno a trav\u00e9s del visionado de su obra","datePublished":"2021-01-24T21:01:24+00:00","dateModified":"2021-02-02T20:08:46+00:00","mainEntityOfPage":{"@id":"https:\/\/www.datecuenta.org\/escuelalibre\/carmen-aguado-espinosa-fotografia-espejo\/"},"wordCount":461,"image":{"@id":"https:\/\/www.datecuenta.org\/escuelalibre\/carmen-aguado-espinosa-fotografia-espejo\/#primaryimage"},"thumbnailUrl":"https:\/\/www.datecuenta.org\/escuelalibre\/wp-content\/uploads\/2021\/01\/carmen-aguado-fotografa.jpg","articleSection":["BLOG"],"inLanguage":"es"},{"@type":"WebPage","@id":"https:\/\/www.datecuenta.org\/escuelalibre\/carmen-aguado-espinosa-fotografia-espejo\/","url":"https:\/\/www.datecuenta.org\/escuelalibre\/carmen-aguado-espinosa-fotografia-espejo\/","name":"Carmen Aguado Espinosa: la fotograf\u00eda como espejo interno a trav\u00e9s del visionado de su obra","isPartOf":{"@id":"https:\/\/www.datecuenta.org\/escuelalibre\/#website"},"primaryImageOfPage":{"@id":"https:\/\/www.datecuenta.org\/escuelalibre\/carmen-aguado-espinosa-fotografia-espejo\/#primaryimage"},"image":{"@id":"https:\/\/www.datecuenta.org\/escuelalibre\/carmen-aguado-espinosa-fotografia-espejo\/#primaryimage"},"thumbnailUrl":"https:\/\/www.datecuenta.org\/escuelalibre\/wp-content\/uploads\/2021\/01\/carmen-aguado-fotografa.jpg","datePublished":"2021-01-24T21:01:24+00:00","dateModified":"2021-02-02T20:08:46+00:00","author":{"@id":"https:\/\/www.datecuenta.org\/escuelalibre\/#\/schema\/person\/2461c4b87eecd19501ff25c8158edfce"},"description":"Invitamos a nuestros alumnos y amigos de la escuela a escuchar a la fot\u00f3grafa Carmen Aguado Espinosa en una charla presencial que se retransmitir\u00e1 online.","breadcrumb":{"@id":"https:\/\/www.datecuenta.org\/escuelalibre\/carmen-aguado-espinosa-fotografia-espejo\/#breadcrumb"},"inLanguage":"es","potentialAction":[{"@type":"ReadAction","target":["https:\/\/www.datecuenta.org\/escuelalibre\/carmen-aguado-espinosa-fotografia-espejo\/"]}]},{"@type":"ImageObject","inLanguage":"es","@id":"https:\/\/www.datecuenta.org\/escuelalibre\/carmen-aguado-espinosa-fotografia-espejo\/#primaryimage","url":"https:\/\/www.datecuenta.org\/escuelalibre\/wp-content\/uploads\/2021\/01\/carmen-aguado-fotografa.jpg","contentUrl":"https:\/\/www.datecuenta.org\/escuelalibre\/wp-content\/uploads\/2021\/01\/carmen-aguado-fotografa.jpg","width":700,"height":367},{"@type":"BreadcrumbList","@id":"https:\/\/www.datecuenta.org\/escuelalibre\/carmen-aguado-espinosa-fotografia-espejo\/#breadcrumb","itemListElement":[{"@type":"ListItem","position":1,"name":"Portada","item":"https:\/\/www.datecuenta.org\/escuelalibre\/"},{"@type":"ListItem","position":2,"name":"Carmen Aguado Espinosa: la fotograf\u00eda como espejo interno a trav\u00e9s del visionado de su obra"}]},{"@type":"WebSite","@id":"https:\/\/www.datecuenta.org\/escuelalibre\/#website","url":"https:\/\/www.datecuenta.org\/escuelalibre\/","name":"Escuela de fotograf\u00eda en Barcelona | DateCuenta","description":"","potentialAction":[{"@type":"SearchAction","target":{"@type":"EntryPoint","urlTemplate":"https:\/\/www.datecuenta.org\/escuelalibre\/?s={search_term_string}"},"query-input":{"@type":"PropertyValueSpecification","valueRequired":true,"valueName":"search_term_string"}}],"inLanguage":"es"},{"@type":"Person","@id":"https:\/\/www.datecuenta.org\/escuelalibre\/#\/schema\/person\/2461c4b87eecd19501ff25c8158edfce","name":"Date Cuenta","image":{"@type":"ImageObject","inLanguage":"es","@id":"https:\/\/www.datecuenta.org\/escuelalibre\/#\/schema\/person\/image\/","url":"https:\/\/secure.gravatar.com\/avatar\/cef072a10d2f235035add558d19bd890155332fc9d829546849b6af5dba440c4?s=96&d=mm&r=g","contentUrl":"https:\/\/secure.gravatar.com\/avatar\/cef072a10d2f235035add558d19bd890155332fc9d829546849b6af5dba440c4?s=96&d=mm&r=g","caption":"Date Cuenta"}}]}},"_links":{"self":[{"href":"https:\/\/www.datecuenta.org\/escuelalibre\/wp-json\/wp\/v2\/posts\/4440","targetHints":{"allow":["GET"]}}],"collection":[{"href":"https:\/\/www.datecuenta.org\/escuelalibre\/wp-json\/wp\/v2\/posts"}],"about":[{"href":"https:\/\/www.datecuenta.org\/escuelalibre\/wp-json\/wp\/v2\/types\/post"}],"author":[{"embeddable":true,"href":"https:\/\/www.datecuenta.org\/escuelalibre\/wp-json\/wp\/v2\/users\/1001002"}],"replies":[{"embeddable":true,"href":"https:\/\/www.datecuenta.org\/escuelalibre\/wp-json\/wp\/v2\/comments?post=4440"}],"version-history":[{"count":13,"href":"https:\/\/www.datecuenta.org\/escuelalibre\/wp-json\/wp\/v2\/posts\/4440\/revisions"}],"predecessor-version":[{"id":4461,"href":"https:\/\/www.datecuenta.org\/escuelalibre\/wp-json\/wp\/v2\/posts\/4440\/revisions\/4461"}],"wp:featuredmedia":[{"embeddable":true,"href":"https:\/\/www.datecuenta.org\/escuelalibre\/wp-json\/wp\/v2\/media\/4448"}],"wp:attachment":[{"href":"https:\/\/www.datecuenta.org\/escuelalibre\/wp-json\/wp\/v2\/media?parent=4440"}],"wp:term":[{"taxonomy":"category","embeddable":true,"href":"https:\/\/www.datecuenta.org\/escuelalibre\/wp-json\/wp\/v2\/categories?post=4440"},{"taxonomy":"post_tag","embeddable":true,"href":"https:\/\/www.datecuenta.org\/escuelalibre\/wp-json\/wp\/v2\/tags?post=4440"}],"curies":[{"name":"wp","href":"https:\/\/api.w.org\/{rel}","templated":true}]}}