{"id":5257,"date":"2022-06-01T17:42:34","date_gmt":"2022-06-01T17:42:34","guid":{"rendered":"https:\/\/www.datecuenta.org\/escuelalibre\/?p=5257"},"modified":"2023-06-05T15:58:04","modified_gmt":"2023-06-05T15:58:04","slug":"vida-de-una-calle-exposicion-colectiva-fin-de-curso","status":"publish","type":"post","link":"https:\/\/www.datecuenta.org\/escuelalibre\/vida-de-una-calle-exposicion-colectiva-fin-de-curso\/","title":{"rendered":"Vida de una calle: exposici\u00f3n colectiva fin de curso"},"content":{"rendered":"\n<p>Desde Eugene Atget hasta William Klein, muchos han sido los fot\u00f3grafos y fot\u00f3grafas que se han interesado por la vida que transcurre en la calle.<\/p>\n\n\n\n<p>\u00ab<strong>Vida de una calle<\/strong>\u00bb ha sido el tema elegido, entre m\u00e1s de 50 propuestas, por nuestro alumnado de los <a href=\"https:\/\/www.datecuenta.org\/escuelalibre\/curso-iniciacion-fotografia\/\" target=\"_blank\" rel=\"noreferrer noopener\">cursos de iniciaci\u00f3n a la fotograf\u00eda<\/a>, <a href=\"https:\/\/www.datecuenta.org\/escuelalibre\/curso-avanzado-fotografia\/\" target=\"_blank\" rel=\"noreferrer noopener\">cursos de fotograf\u00eda avanzada<\/a> y los <a href=\"https:\/\/www.datecuenta.org\/escuelalibre\/curso-de-iluminacion-en-estudio\/\" target=\"_blank\" rel=\"noreferrer noopener\">cursos de iluminaci\u00f3n en estudio y en exterio<\/a><a href=\"https:\/\/www.datecuenta.org\/escuelalibre\/curso-de-iluminacion-en-estudio\/\">r<\/a>, y que formar\u00e1n parte de esta exposici\u00f3n colectiva. Y estamos deseando que conozc\u00e1is todas estas miradas tan diferentes.<\/p>\n\n\n\n<p>La calle actuar\u00e1 como hilo conductor de esta exposici\u00f3n, muestra de los trabajos finales y de lo aprendido durante todo el curso. En ella tambi\u00e9n se mostrar\u00e1n los proyectos personales realizados por el <a href=\"https:\/\/www.datecuenta.org\/escuelalibre\/curso-fotografia-artistica\/\" target=\"_blank\" rel=\"noreferrer noopener\">curso de especializaci\u00f3n en fotograf\u00eda art\u00edstica<\/a>, con una muestra de los trabajos realizados durante todo el a\u00f1o, el <a href=\"https:\/\/www.datecuenta.org\/escuelalibre\/curso-fotografia-documental\/\" target=\"_blank\" rel=\"noreferrer noopener\">curso de especializaci\u00f3n en fotograf\u00eda documental, fotoperiodismo y reportaje<\/a>, donde cada participante ha realizado un seguimiento documental de un tema elegido, y el <a href=\"https:\/\/www.datecuenta.org\/escuelalibre\/curso-cine\/\" target=\"_blank\" rel=\"noreferrer noopener\">curso de realizaci\u00f3n y gui\u00f3n enfocado al cine documental,<\/a> con una muestra de los teasers y cortos realizados.<\/p>\n\n\n\n<p>La exposici\u00f3n se montar\u00e1 el pr\u00f3ximo <strong>s\u00e1bado 11 de junio<\/strong> a las 11h, con la participaci\u00f3n del alumnado, y se inaugurar\u00e1 el mismo s\u00e1bado a partir de las 13h. El comisariado de la exposici\u00f3n ha sido realizado por el profesorado (Wayra Ficapal, Aitor Fern\u00e1ndez, Ana \u00c1lvarez-Errecalde, D\u00eddac Salau, Javier Guerra y Mariona Giner).<\/p>\n\n\n\n<p>La exposici\u00f3n se podr\u00e1 visitar hasta el 8 de julio. <\/p>\n\n\n\n<p>Queremos dar las gracias al Sindicat de la Imatge UPIFC por la confianza depositada en nuestra escuela este a\u00f1o.<\/p>\n\n\n\n<p>\u00a1Os esperamos con ilusi\u00f3n!<\/p>\n\n\n\n<figure class=\"wp-block-image size-large\"><img loading=\"lazy\" decoding=\"async\" width=\"1024\" height=\"1024\" src=\"https:\/\/www.datecuenta.org\/escuelalibre\/wp-content\/uploads\/2022\/06\/Promo-instagram-facebook-1024x1024.jpg\" alt=\"\" class=\"wp-image-5263\" srcset=\"https:\/\/www.datecuenta.org\/escuelalibre\/wp-content\/uploads\/2022\/06\/Promo-instagram-facebook-980x981.jpg 980w, https:\/\/www.datecuenta.org\/escuelalibre\/wp-content\/uploads\/2022\/06\/Promo-instagram-facebook-480x480.jpg 480w\" sizes=\"(min-width: 0px) and (max-width: 480px) 480px, (min-width: 481px) and (max-width: 980px) 980px, (min-width: 981px) 1024px, 100vw\" \/><\/figure>\n\n\n\n<p><\/p>\n","protected":false},"excerpt":{"rendered":"<p>Desde Eugene Atget hasta William Klein, muchos han sido los fot\u00f3grafos y fot\u00f3grafas que se han interesado por la vida que transcurre en la calle. \u00abVida de una calle\u00bb ha sido el tema elegido, entre m\u00e1s de 50 propuestas, por nuestro alumnado de los cursos de iniciaci\u00f3n a la fotograf\u00eda, cursos de fotograf\u00eda avanzada y [&hellip;]<\/p>\n","protected":false},"author":1001002,"featured_media":5258,"comment_status":"closed","ping_status":"closed","sticky":false,"template":"","format":"standard","meta":{"_et_pb_use_builder":"off","_et_pb_old_content":"","_et_gb_content_width":"","content-type":"","_monsterinsights_skip_tracking":false,"_monsterinsights_sitenote_active":false,"_monsterinsights_sitenote_note":"","_monsterinsights_sitenote_category":0,"_joinchat":[],"footnotes":""},"categories":[187],"tags":[],"class_list":["post-5257","post","type-post","status-publish","format-standard","has-post-thumbnail","hentry","category-noticias"],"yoast_head":"<!-- This site is optimized with the Yoast SEO plugin v26.9 - https:\/\/yoast.com\/product\/yoast-seo-wordpress\/ -->\n<title>Vida de una calle: exposici\u00f3n colectiva fin de curso<\/title>\n<meta name=\"robots\" content=\"index, follow, max-snippet:-1, max-image-preview:large, max-video-preview:-1\" \/>\n<link rel=\"canonical\" href=\"https:\/\/www.datecuenta.org\/escuelalibre\/vida-de-una-calle-exposicion-colectiva-fin-de-curso\/\" \/>\n<meta property=\"og:locale\" content=\"es_ES\" \/>\n<meta property=\"og:type\" content=\"article\" \/>\n<meta property=\"og:title\" content=\"Vida de una calle: exposici\u00f3n colectiva fin de curso\" \/>\n<meta property=\"og:description\" content=\"Desde Eugene Atget hasta William Klein, muchos han sido los fot\u00f3grafos y fot\u00f3grafas que se han interesado por la vida que transcurre en la calle. \u00abVida de una calle\u00bb ha sido el tema elegido, entre m\u00e1s de 50 propuestas, por nuestro alumnado de los cursos de iniciaci\u00f3n a la fotograf\u00eda, cursos de fotograf\u00eda avanzada y [&hellip;]\" \/>\n<meta property=\"og:url\" content=\"https:\/\/www.datecuenta.org\/escuelalibre\/vida-de-una-calle-exposicion-colectiva-fin-de-curso\/\" \/>\n<meta property=\"og:site_name\" content=\"Escuela de fotograf\u00eda en Barcelona | DateCuenta\" \/>\n<meta property=\"article:published_time\" content=\"2022-06-01T17:42:34+00:00\" \/>\n<meta property=\"article:modified_time\" content=\"2023-06-05T15:58:04+00:00\" \/>\n<meta property=\"og:image\" content=\"http:\/\/www.datecuenta.org\/escuelalibre\/wp-content\/uploads\/2022\/06\/Promo-Twitter-Blog.jpg\" \/>\n\t<meta property=\"og:image:width\" content=\"1501\" \/>\n\t<meta property=\"og:image:height\" content=\"787\" \/>\n\t<meta property=\"og:image:type\" content=\"image\/jpeg\" \/>\n<meta name=\"author\" content=\"Date Cuenta\" \/>\n<meta name=\"twitter:card\" content=\"summary_large_image\" \/>\n<meta name=\"twitter:label1\" content=\"Escrito por\" \/>\n\t<meta name=\"twitter:data1\" content=\"Date Cuenta\" \/>\n\t<meta name=\"twitter:label2\" content=\"Tiempo de lectura\" \/>\n\t<meta name=\"twitter:data2\" content=\"2 minutos\" \/>\n<script type=\"application\/ld+json\" class=\"yoast-schema-graph\">{\"@context\":\"https:\/\/schema.org\",\"@graph\":[{\"@type\":\"Article\",\"@id\":\"https:\/\/www.datecuenta.org\/escuelalibre\/vida-de-una-calle-exposicion-colectiva-fin-de-curso\/#article\",\"isPartOf\":{\"@id\":\"https:\/\/www.datecuenta.org\/escuelalibre\/vida-de-una-calle-exposicion-colectiva-fin-de-curso\/\"},\"author\":{\"name\":\"Date Cuenta\",\"@id\":\"https:\/\/www.datecuenta.org\/escuelalibre\/#\/schema\/person\/2461c4b87eecd19501ff25c8158edfce\"},\"headline\":\"Vida de una calle: exposici\u00f3n colectiva fin de curso\",\"datePublished\":\"2022-06-01T17:42:34+00:00\",\"dateModified\":\"2023-06-05T15:58:04+00:00\",\"mainEntityOfPage\":{\"@id\":\"https:\/\/www.datecuenta.org\/escuelalibre\/vida-de-una-calle-exposicion-colectiva-fin-de-curso\/\"},\"wordCount\":300,\"image\":{\"@id\":\"https:\/\/www.datecuenta.org\/escuelalibre\/vida-de-una-calle-exposicion-colectiva-fin-de-curso\/#primaryimage\"},\"thumbnailUrl\":\"https:\/\/www.datecuenta.org\/escuelalibre\/wp-content\/uploads\/2022\/06\/Promo-Twitter-Blog.jpg\",\"articleSection\":[\"BLOG\"],\"inLanguage\":\"es\"},{\"@type\":\"WebPage\",\"@id\":\"https:\/\/www.datecuenta.org\/escuelalibre\/vida-de-una-calle-exposicion-colectiva-fin-de-curso\/\",\"url\":\"https:\/\/www.datecuenta.org\/escuelalibre\/vida-de-una-calle-exposicion-colectiva-fin-de-curso\/\",\"name\":\"Vida de una calle: exposici\u00f3n colectiva fin de curso\",\"isPartOf\":{\"@id\":\"https:\/\/www.datecuenta.org\/escuelalibre\/#website\"},\"primaryImageOfPage\":{\"@id\":\"https:\/\/www.datecuenta.org\/escuelalibre\/vida-de-una-calle-exposicion-colectiva-fin-de-curso\/#primaryimage\"},\"image\":{\"@id\":\"https:\/\/www.datecuenta.org\/escuelalibre\/vida-de-una-calle-exposicion-colectiva-fin-de-curso\/#primaryimage\"},\"thumbnailUrl\":\"https:\/\/www.datecuenta.org\/escuelalibre\/wp-content\/uploads\/2022\/06\/Promo-Twitter-Blog.jpg\",\"datePublished\":\"2022-06-01T17:42:34+00:00\",\"dateModified\":\"2023-06-05T15:58:04+00:00\",\"author\":{\"@id\":\"https:\/\/www.datecuenta.org\/escuelalibre\/#\/schema\/person\/2461c4b87eecd19501ff25c8158edfce\"},\"breadcrumb\":{\"@id\":\"https:\/\/www.datecuenta.org\/escuelalibre\/vida-de-una-calle-exposicion-colectiva-fin-de-curso\/#breadcrumb\"},\"inLanguage\":\"es\",\"potentialAction\":[{\"@type\":\"ReadAction\",\"target\":[\"https:\/\/www.datecuenta.org\/escuelalibre\/vida-de-una-calle-exposicion-colectiva-fin-de-curso\/\"]}]},{\"@type\":\"ImageObject\",\"inLanguage\":\"es\",\"@id\":\"https:\/\/www.datecuenta.org\/escuelalibre\/vida-de-una-calle-exposicion-colectiva-fin-de-curso\/#primaryimage\",\"url\":\"https:\/\/www.datecuenta.org\/escuelalibre\/wp-content\/uploads\/2022\/06\/Promo-Twitter-Blog.jpg\",\"contentUrl\":\"https:\/\/www.datecuenta.org\/escuelalibre\/wp-content\/uploads\/2022\/06\/Promo-Twitter-Blog.jpg\",\"width\":1501,\"height\":787},{\"@type\":\"BreadcrumbList\",\"@id\":\"https:\/\/www.datecuenta.org\/escuelalibre\/vida-de-una-calle-exposicion-colectiva-fin-de-curso\/#breadcrumb\",\"itemListElement\":[{\"@type\":\"ListItem\",\"position\":1,\"name\":\"Portada\",\"item\":\"https:\/\/www.datecuenta.org\/escuelalibre\/\"},{\"@type\":\"ListItem\",\"position\":2,\"name\":\"Vida de una calle: exposici\u00f3n colectiva fin de curso\"}]},{\"@type\":\"WebSite\",\"@id\":\"https:\/\/www.datecuenta.org\/escuelalibre\/#website\",\"url\":\"https:\/\/www.datecuenta.org\/escuelalibre\/\",\"name\":\"Escuela de fotograf\u00eda en Barcelona | DateCuenta\",\"description\":\"\",\"potentialAction\":[{\"@type\":\"SearchAction\",\"target\":{\"@type\":\"EntryPoint\",\"urlTemplate\":\"https:\/\/www.datecuenta.org\/escuelalibre\/?s={search_term_string}\"},\"query-input\":{\"@type\":\"PropertyValueSpecification\",\"valueRequired\":true,\"valueName\":\"search_term_string\"}}],\"inLanguage\":\"es\"},{\"@type\":\"Person\",\"@id\":\"https:\/\/www.datecuenta.org\/escuelalibre\/#\/schema\/person\/2461c4b87eecd19501ff25c8158edfce\",\"name\":\"Date Cuenta\",\"image\":{\"@type\":\"ImageObject\",\"inLanguage\":\"es\",\"@id\":\"https:\/\/www.datecuenta.org\/escuelalibre\/#\/schema\/person\/image\/\",\"url\":\"https:\/\/secure.gravatar.com\/avatar\/cef072a10d2f235035add558d19bd890155332fc9d829546849b6af5dba440c4?s=96&d=mm&r=g\",\"contentUrl\":\"https:\/\/secure.gravatar.com\/avatar\/cef072a10d2f235035add558d19bd890155332fc9d829546849b6af5dba440c4?s=96&d=mm&r=g\",\"caption\":\"Date Cuenta\"}}]}<\/script>\n<!-- \/ Yoast SEO plugin. -->","yoast_head_json":{"title":"Vida de una calle: exposici\u00f3n colectiva fin de curso","robots":{"index":"index","follow":"follow","max-snippet":"max-snippet:-1","max-image-preview":"max-image-preview:large","max-video-preview":"max-video-preview:-1"},"canonical":"https:\/\/www.datecuenta.org\/escuelalibre\/vida-de-una-calle-exposicion-colectiva-fin-de-curso\/","og_locale":"es_ES","og_type":"article","og_title":"Vida de una calle: exposici\u00f3n colectiva fin de curso","og_description":"Desde Eugene Atget hasta William Klein, muchos han sido los fot\u00f3grafos y fot\u00f3grafas que se han interesado por la vida que transcurre en la calle. \u00abVida de una calle\u00bb ha sido el tema elegido, entre m\u00e1s de 50 propuestas, por nuestro alumnado de los cursos de iniciaci\u00f3n a la fotograf\u00eda, cursos de fotograf\u00eda avanzada y [&hellip;]","og_url":"https:\/\/www.datecuenta.org\/escuelalibre\/vida-de-una-calle-exposicion-colectiva-fin-de-curso\/","og_site_name":"Escuela de fotograf\u00eda en Barcelona | DateCuenta","article_published_time":"2022-06-01T17:42:34+00:00","article_modified_time":"2023-06-05T15:58:04+00:00","og_image":[{"width":1501,"height":787,"url":"http:\/\/www.datecuenta.org\/escuelalibre\/wp-content\/uploads\/2022\/06\/Promo-Twitter-Blog.jpg","type":"image\/jpeg"}],"author":"Date Cuenta","twitter_card":"summary_large_image","twitter_misc":{"Escrito por":"Date Cuenta","Tiempo de lectura":"2 minutos"},"schema":{"@context":"https:\/\/schema.org","@graph":[{"@type":"Article","@id":"https:\/\/www.datecuenta.org\/escuelalibre\/vida-de-una-calle-exposicion-colectiva-fin-de-curso\/#article","isPartOf":{"@id":"https:\/\/www.datecuenta.org\/escuelalibre\/vida-de-una-calle-exposicion-colectiva-fin-de-curso\/"},"author":{"name":"Date Cuenta","@id":"https:\/\/www.datecuenta.org\/escuelalibre\/#\/schema\/person\/2461c4b87eecd19501ff25c8158edfce"},"headline":"Vida de una calle: exposici\u00f3n colectiva fin de curso","datePublished":"2022-06-01T17:42:34+00:00","dateModified":"2023-06-05T15:58:04+00:00","mainEntityOfPage":{"@id":"https:\/\/www.datecuenta.org\/escuelalibre\/vida-de-una-calle-exposicion-colectiva-fin-de-curso\/"},"wordCount":300,"image":{"@id":"https:\/\/www.datecuenta.org\/escuelalibre\/vida-de-una-calle-exposicion-colectiva-fin-de-curso\/#primaryimage"},"thumbnailUrl":"https:\/\/www.datecuenta.org\/escuelalibre\/wp-content\/uploads\/2022\/06\/Promo-Twitter-Blog.jpg","articleSection":["BLOG"],"inLanguage":"es"},{"@type":"WebPage","@id":"https:\/\/www.datecuenta.org\/escuelalibre\/vida-de-una-calle-exposicion-colectiva-fin-de-curso\/","url":"https:\/\/www.datecuenta.org\/escuelalibre\/vida-de-una-calle-exposicion-colectiva-fin-de-curso\/","name":"Vida de una calle: exposici\u00f3n colectiva fin de curso","isPartOf":{"@id":"https:\/\/www.datecuenta.org\/escuelalibre\/#website"},"primaryImageOfPage":{"@id":"https:\/\/www.datecuenta.org\/escuelalibre\/vida-de-una-calle-exposicion-colectiva-fin-de-curso\/#primaryimage"},"image":{"@id":"https:\/\/www.datecuenta.org\/escuelalibre\/vida-de-una-calle-exposicion-colectiva-fin-de-curso\/#primaryimage"},"thumbnailUrl":"https:\/\/www.datecuenta.org\/escuelalibre\/wp-content\/uploads\/2022\/06\/Promo-Twitter-Blog.jpg","datePublished":"2022-06-01T17:42:34+00:00","dateModified":"2023-06-05T15:58:04+00:00","author":{"@id":"https:\/\/www.datecuenta.org\/escuelalibre\/#\/schema\/person\/2461c4b87eecd19501ff25c8158edfce"},"breadcrumb":{"@id":"https:\/\/www.datecuenta.org\/escuelalibre\/vida-de-una-calle-exposicion-colectiva-fin-de-curso\/#breadcrumb"},"inLanguage":"es","potentialAction":[{"@type":"ReadAction","target":["https:\/\/www.datecuenta.org\/escuelalibre\/vida-de-una-calle-exposicion-colectiva-fin-de-curso\/"]}]},{"@type":"ImageObject","inLanguage":"es","@id":"https:\/\/www.datecuenta.org\/escuelalibre\/vida-de-una-calle-exposicion-colectiva-fin-de-curso\/#primaryimage","url":"https:\/\/www.datecuenta.org\/escuelalibre\/wp-content\/uploads\/2022\/06\/Promo-Twitter-Blog.jpg","contentUrl":"https:\/\/www.datecuenta.org\/escuelalibre\/wp-content\/uploads\/2022\/06\/Promo-Twitter-Blog.jpg","width":1501,"height":787},{"@type":"BreadcrumbList","@id":"https:\/\/www.datecuenta.org\/escuelalibre\/vida-de-una-calle-exposicion-colectiva-fin-de-curso\/#breadcrumb","itemListElement":[{"@type":"ListItem","position":1,"name":"Portada","item":"https:\/\/www.datecuenta.org\/escuelalibre\/"},{"@type":"ListItem","position":2,"name":"Vida de una calle: exposici\u00f3n colectiva fin de curso"}]},{"@type":"WebSite","@id":"https:\/\/www.datecuenta.org\/escuelalibre\/#website","url":"https:\/\/www.datecuenta.org\/escuelalibre\/","name":"Escuela de fotograf\u00eda en Barcelona | DateCuenta","description":"","potentialAction":[{"@type":"SearchAction","target":{"@type":"EntryPoint","urlTemplate":"https:\/\/www.datecuenta.org\/escuelalibre\/?s={search_term_string}"},"query-input":{"@type":"PropertyValueSpecification","valueRequired":true,"valueName":"search_term_string"}}],"inLanguage":"es"},{"@type":"Person","@id":"https:\/\/www.datecuenta.org\/escuelalibre\/#\/schema\/person\/2461c4b87eecd19501ff25c8158edfce","name":"Date Cuenta","image":{"@type":"ImageObject","inLanguage":"es","@id":"https:\/\/www.datecuenta.org\/escuelalibre\/#\/schema\/person\/image\/","url":"https:\/\/secure.gravatar.com\/avatar\/cef072a10d2f235035add558d19bd890155332fc9d829546849b6af5dba440c4?s=96&d=mm&r=g","contentUrl":"https:\/\/secure.gravatar.com\/avatar\/cef072a10d2f235035add558d19bd890155332fc9d829546849b6af5dba440c4?s=96&d=mm&r=g","caption":"Date Cuenta"}}]}},"_links":{"self":[{"href":"https:\/\/www.datecuenta.org\/escuelalibre\/wp-json\/wp\/v2\/posts\/5257","targetHints":{"allow":["GET"]}}],"collection":[{"href":"https:\/\/www.datecuenta.org\/escuelalibre\/wp-json\/wp\/v2\/posts"}],"about":[{"href":"https:\/\/www.datecuenta.org\/escuelalibre\/wp-json\/wp\/v2\/types\/post"}],"author":[{"embeddable":true,"href":"https:\/\/www.datecuenta.org\/escuelalibre\/wp-json\/wp\/v2\/users\/1001002"}],"replies":[{"embeddable":true,"href":"https:\/\/www.datecuenta.org\/escuelalibre\/wp-json\/wp\/v2\/comments?post=5257"}],"version-history":[{"count":5,"href":"https:\/\/www.datecuenta.org\/escuelalibre\/wp-json\/wp\/v2\/posts\/5257\/revisions"}],"predecessor-version":[{"id":5267,"href":"https:\/\/www.datecuenta.org\/escuelalibre\/wp-json\/wp\/v2\/posts\/5257\/revisions\/5267"}],"wp:featuredmedia":[{"embeddable":true,"href":"https:\/\/www.datecuenta.org\/escuelalibre\/wp-json\/wp\/v2\/media\/5258"}],"wp:attachment":[{"href":"https:\/\/www.datecuenta.org\/escuelalibre\/wp-json\/wp\/v2\/media?parent=5257"}],"wp:term":[{"taxonomy":"category","embeddable":true,"href":"https:\/\/www.datecuenta.org\/escuelalibre\/wp-json\/wp\/v2\/categories?post=5257"},{"taxonomy":"post_tag","embeddable":true,"href":"https:\/\/www.datecuenta.org\/escuelalibre\/wp-json\/wp\/v2\/tags?post=5257"}],"curies":[{"name":"wp","href":"https:\/\/api.w.org\/{rel}","templated":true}]}}