{"id":5816,"date":"2022-11-21T16:29:07","date_gmt":"2022-11-21T16:29:07","guid":{"rendered":"https:\/\/www.datecuenta.org\/escuelalibre\/?p=5816"},"modified":"2023-06-05T15:57:59","modified_gmt":"2023-06-05T15:57:59","slug":"paulo-cacais-recetario-basico-para-comerse-el-mundillo-fotografico","status":"publish","type":"post","link":"https:\/\/www.datecuenta.org\/escuelalibre\/paulo-cacais-recetario-basico-para-comerse-el-mundillo-fotografico\/","title":{"rendered":"Paulo Cacais: recetario b\u00e1sico para comerse el mundillo fotogr\u00e1fico"},"content":{"rendered":"\n<p>\u00bfC\u00f3mo consigo exponer mi trabajo? \u00bfC\u00f3mo consigo entrar al circuito de festivales? \u00bfMerece la pena que pague por una revisi\u00f3n de portfolio? \u00bfPuedo presentar mi trabajo a una galer\u00eda de arte? \u00bfC\u00f3mo funciona el circuito comercial? \u00bfQu\u00e9 puertas me abrir\u00e1 una exposici\u00f3n, un premio o una publicaci\u00f3n? \u00bfVivir\u00e9 alg\u00fan d\u00eda del arte?<\/p>\n\n\n\n<p>Casi todas estas preguntas os las podr\u00e1 contestar <strong>Paulo Cacais<\/strong> en la <strong>primera masterclase<\/strong> <strong>del curso<\/strong> <strong>2022\/2023<\/strong> que hemos organizado para todo nuestro alumnado y para el p\u00fablico general, el pr\u00f3ximo <strong>s\u00e1bado 10 de diciembre<\/strong> <strong>a las 11h.<\/strong> en el Centre C\u00edvic Pati Llimona de Barcelona.<\/p>\n\n\n\n<p><a href=\"https:\/\/tigomigo.com\/\" target=\"_blank\" rel=\"noreferrer noopener\">Paulo Cacais<\/a> (Portugal, 1982) es el director del <a href=\"https:\/\/xafat.cat\" target=\"_blank\" rel=\"noreferrer noopener\">Emotiva Festival<\/a> (que se puede visitar hasta el 11 de diciembre), en la pr\u00f3xima masterclase  dedicado profesionalmente a la fotograf\u00eda y el arte contempor\u00e1neo con experiencia en galerismo, curaduria art\u00edstica a entidades p\u00fablicas y privadas, ferias y festivales de arte, montaje de exposiciones en espacios p\u00fablicos y direcci\u00f3n y gesti\u00f3n cultural.<\/p>\n\n\n\n<p>La entrada es gratuita y libre hasta completar el aforo. No es necesario reservar plaza.<\/p>\n\n\n\n<figure class=\"wp-block-image size-full\"><img loading=\"lazy\" decoding=\"async\" width=\"596\" height=\"596\" src=\"https:\/\/www.datecuenta.org\/escuelalibre\/wp-content\/uploads\/2022\/11\/paulo-cacais-1.jpg\" alt=\"\" class=\"wp-image-5818\" srcset=\"https:\/\/www.datecuenta.org\/escuelalibre\/wp-content\/uploads\/2022\/11\/paulo-cacais-1.jpg 596w, https:\/\/www.datecuenta.org\/escuelalibre\/wp-content\/uploads\/2022\/11\/paulo-cacais-1-480x480.jpg 480w\" sizes=\"(min-width: 0px) and (max-width: 480px) 480px, (min-width: 481px) 596px, 100vw\" \/><\/figure>\n\n\n\n<p><\/p>\n","protected":false},"excerpt":{"rendered":"<p>\u00bfC\u00f3mo consigo exponer mi trabajo? \u00bfC\u00f3mo consigo entrar al circuito de festivales? \u00bfMerece la pena que pague por una revisi\u00f3n de portfolio? \u00bfPuedo presentar mi trabajo a una galer\u00eda de arte? \u00bfC\u00f3mo funciona el circuito comercial? \u00bfQu\u00e9 puertas me abrir\u00e1 una exposici\u00f3n, un premio o una publicaci\u00f3n? \u00bfVivir\u00e9 alg\u00fan d\u00eda del arte? Casi todas estas [&hellip;]<\/p>\n","protected":false},"author":1001002,"featured_media":5817,"comment_status":"closed","ping_status":"closed","sticky":false,"template":"","format":"standard","meta":{"_et_pb_use_builder":"off","_et_pb_old_content":"","_et_gb_content_width":"","content-type":"","_monsterinsights_skip_tracking":false,"_monsterinsights_sitenote_active":false,"_monsterinsights_sitenote_note":"","_monsterinsights_sitenote_category":0,"_joinchat":[],"footnotes":""},"categories":[187],"tags":[],"class_list":["post-5816","post","type-post","status-publish","format-standard","has-post-thumbnail","hentry","category-noticias"],"yoast_head":"<!-- This site is optimized with the Yoast SEO plugin v26.9 - https:\/\/yoast.com\/product\/yoast-seo-wordpress\/ -->\n<title>Paulo Cacais: recetario b\u00e1sico para comerse el mundillo fotogr\u00e1fico<\/title>\n<meta name=\"robots\" content=\"index, follow, max-snippet:-1, max-image-preview:large, max-video-preview:-1\" \/>\n<link rel=\"canonical\" href=\"https:\/\/www.datecuenta.org\/escuelalibre\/paulo-cacais-recetario-basico-para-comerse-el-mundillo-fotografico\/\" \/>\n<meta property=\"og:locale\" content=\"es_ES\" \/>\n<meta property=\"og:type\" content=\"article\" \/>\n<meta property=\"og:title\" content=\"Paulo Cacais: recetario b\u00e1sico para comerse el mundillo fotogr\u00e1fico\" \/>\n<meta property=\"og:description\" content=\"\u00bfC\u00f3mo consigo exponer mi trabajo? \u00bfC\u00f3mo consigo entrar al circuito de festivales? \u00bfMerece la pena que pague por una revisi\u00f3n de portfolio? \u00bfPuedo presentar mi trabajo a una galer\u00eda de arte? \u00bfC\u00f3mo funciona el circuito comercial? \u00bfQu\u00e9 puertas me abrir\u00e1 una exposici\u00f3n, un premio o una publicaci\u00f3n? \u00bfVivir\u00e9 alg\u00fan d\u00eda del arte? Casi todas estas [&hellip;]\" \/>\n<meta property=\"og:url\" content=\"https:\/\/www.datecuenta.org\/escuelalibre\/paulo-cacais-recetario-basico-para-comerse-el-mundillo-fotografico\/\" \/>\n<meta property=\"og:site_name\" content=\"Escuela de fotograf\u00eda en Barcelona | DateCuenta\" \/>\n<meta property=\"article:published_time\" content=\"2022-11-21T16:29:07+00:00\" \/>\n<meta property=\"article:modified_time\" content=\"2023-06-05T15:57:59+00:00\" \/>\n<meta property=\"og:image\" content=\"http:\/\/www.datecuenta.org\/escuelalibre\/wp-content\/uploads\/2022\/11\/paulo-cacais.jpg\" \/>\n\t<meta property=\"og:image:width\" content=\"801\" \/>\n\t<meta property=\"og:image:height\" content=\"420\" \/>\n\t<meta property=\"og:image:type\" content=\"image\/jpeg\" \/>\n<meta name=\"author\" content=\"Date Cuenta\" \/>\n<meta name=\"twitter:card\" content=\"summary_large_image\" \/>\n<meta name=\"twitter:label1\" content=\"Escrito por\" \/>\n\t<meta name=\"twitter:data1\" content=\"Date Cuenta\" \/>\n\t<meta name=\"twitter:label2\" content=\"Tiempo de lectura\" \/>\n\t<meta name=\"twitter:data2\" content=\"1 minuto\" \/>\n<script type=\"application\/ld+json\" class=\"yoast-schema-graph\">{\"@context\":\"https:\/\/schema.org\",\"@graph\":[{\"@type\":\"Article\",\"@id\":\"https:\/\/www.datecuenta.org\/escuelalibre\/paulo-cacais-recetario-basico-para-comerse-el-mundillo-fotografico\/#article\",\"isPartOf\":{\"@id\":\"https:\/\/www.datecuenta.org\/escuelalibre\/paulo-cacais-recetario-basico-para-comerse-el-mundillo-fotografico\/\"},\"author\":{\"name\":\"Date Cuenta\",\"@id\":\"https:\/\/www.datecuenta.org\/escuelalibre\/#\/schema\/person\/2461c4b87eecd19501ff25c8158edfce\"},\"headline\":\"Paulo Cacais: recetario b\u00e1sico para comerse el mundillo fotogr\u00e1fico\",\"datePublished\":\"2022-11-21T16:29:07+00:00\",\"dateModified\":\"2023-06-05T15:57:59+00:00\",\"mainEntityOfPage\":{\"@id\":\"https:\/\/www.datecuenta.org\/escuelalibre\/paulo-cacais-recetario-basico-para-comerse-el-mundillo-fotografico\/\"},\"wordCount\":200,\"image\":{\"@id\":\"https:\/\/www.datecuenta.org\/escuelalibre\/paulo-cacais-recetario-basico-para-comerse-el-mundillo-fotografico\/#primaryimage\"},\"thumbnailUrl\":\"https:\/\/www.datecuenta.org\/escuelalibre\/wp-content\/uploads\/2022\/11\/paulo-cacais.jpg\",\"articleSection\":[\"BLOG\"],\"inLanguage\":\"es\"},{\"@type\":\"WebPage\",\"@id\":\"https:\/\/www.datecuenta.org\/escuelalibre\/paulo-cacais-recetario-basico-para-comerse-el-mundillo-fotografico\/\",\"url\":\"https:\/\/www.datecuenta.org\/escuelalibre\/paulo-cacais-recetario-basico-para-comerse-el-mundillo-fotografico\/\",\"name\":\"Paulo Cacais: recetario b\u00e1sico para comerse el mundillo fotogr\u00e1fico\",\"isPartOf\":{\"@id\":\"https:\/\/www.datecuenta.org\/escuelalibre\/#website\"},\"primaryImageOfPage\":{\"@id\":\"https:\/\/www.datecuenta.org\/escuelalibre\/paulo-cacais-recetario-basico-para-comerse-el-mundillo-fotografico\/#primaryimage\"},\"image\":{\"@id\":\"https:\/\/www.datecuenta.org\/escuelalibre\/paulo-cacais-recetario-basico-para-comerse-el-mundillo-fotografico\/#primaryimage\"},\"thumbnailUrl\":\"https:\/\/www.datecuenta.org\/escuelalibre\/wp-content\/uploads\/2022\/11\/paulo-cacais.jpg\",\"datePublished\":\"2022-11-21T16:29:07+00:00\",\"dateModified\":\"2023-06-05T15:57:59+00:00\",\"author\":{\"@id\":\"https:\/\/www.datecuenta.org\/escuelalibre\/#\/schema\/person\/2461c4b87eecd19501ff25c8158edfce\"},\"breadcrumb\":{\"@id\":\"https:\/\/www.datecuenta.org\/escuelalibre\/paulo-cacais-recetario-basico-para-comerse-el-mundillo-fotografico\/#breadcrumb\"},\"inLanguage\":\"es\",\"potentialAction\":[{\"@type\":\"ReadAction\",\"target\":[\"https:\/\/www.datecuenta.org\/escuelalibre\/paulo-cacais-recetario-basico-para-comerse-el-mundillo-fotografico\/\"]}]},{\"@type\":\"ImageObject\",\"inLanguage\":\"es\",\"@id\":\"https:\/\/www.datecuenta.org\/escuelalibre\/paulo-cacais-recetario-basico-para-comerse-el-mundillo-fotografico\/#primaryimage\",\"url\":\"https:\/\/www.datecuenta.org\/escuelalibre\/wp-content\/uploads\/2022\/11\/paulo-cacais.jpg\",\"contentUrl\":\"https:\/\/www.datecuenta.org\/escuelalibre\/wp-content\/uploads\/2022\/11\/paulo-cacais.jpg\",\"width\":801,\"height\":420},{\"@type\":\"BreadcrumbList\",\"@id\":\"https:\/\/www.datecuenta.org\/escuelalibre\/paulo-cacais-recetario-basico-para-comerse-el-mundillo-fotografico\/#breadcrumb\",\"itemListElement\":[{\"@type\":\"ListItem\",\"position\":1,\"name\":\"Portada\",\"item\":\"https:\/\/www.datecuenta.org\/escuelalibre\/\"},{\"@type\":\"ListItem\",\"position\":2,\"name\":\"Paulo Cacais: recetario b\u00e1sico para comerse el mundillo fotogr\u00e1fico\"}]},{\"@type\":\"WebSite\",\"@id\":\"https:\/\/www.datecuenta.org\/escuelalibre\/#website\",\"url\":\"https:\/\/www.datecuenta.org\/escuelalibre\/\",\"name\":\"Escuela de fotograf\u00eda en Barcelona | DateCuenta\",\"description\":\"\",\"potentialAction\":[{\"@type\":\"SearchAction\",\"target\":{\"@type\":\"EntryPoint\",\"urlTemplate\":\"https:\/\/www.datecuenta.org\/escuelalibre\/?s={search_term_string}\"},\"query-input\":{\"@type\":\"PropertyValueSpecification\",\"valueRequired\":true,\"valueName\":\"search_term_string\"}}],\"inLanguage\":\"es\"},{\"@type\":\"Person\",\"@id\":\"https:\/\/www.datecuenta.org\/escuelalibre\/#\/schema\/person\/2461c4b87eecd19501ff25c8158edfce\",\"name\":\"Date Cuenta\",\"image\":{\"@type\":\"ImageObject\",\"inLanguage\":\"es\",\"@id\":\"https:\/\/www.datecuenta.org\/escuelalibre\/#\/schema\/person\/image\/\",\"url\":\"https:\/\/secure.gravatar.com\/avatar\/cef072a10d2f235035add558d19bd890155332fc9d829546849b6af5dba440c4?s=96&d=mm&r=g\",\"contentUrl\":\"https:\/\/secure.gravatar.com\/avatar\/cef072a10d2f235035add558d19bd890155332fc9d829546849b6af5dba440c4?s=96&d=mm&r=g\",\"caption\":\"Date Cuenta\"}}]}<\/script>\n<!-- \/ Yoast SEO plugin. -->","yoast_head_json":{"title":"Paulo Cacais: recetario b\u00e1sico para comerse el mundillo fotogr\u00e1fico","robots":{"index":"index","follow":"follow","max-snippet":"max-snippet:-1","max-image-preview":"max-image-preview:large","max-video-preview":"max-video-preview:-1"},"canonical":"https:\/\/www.datecuenta.org\/escuelalibre\/paulo-cacais-recetario-basico-para-comerse-el-mundillo-fotografico\/","og_locale":"es_ES","og_type":"article","og_title":"Paulo Cacais: recetario b\u00e1sico para comerse el mundillo fotogr\u00e1fico","og_description":"\u00bfC\u00f3mo consigo exponer mi trabajo? \u00bfC\u00f3mo consigo entrar al circuito de festivales? \u00bfMerece la pena que pague por una revisi\u00f3n de portfolio? \u00bfPuedo presentar mi trabajo a una galer\u00eda de arte? \u00bfC\u00f3mo funciona el circuito comercial? \u00bfQu\u00e9 puertas me abrir\u00e1 una exposici\u00f3n, un premio o una publicaci\u00f3n? \u00bfVivir\u00e9 alg\u00fan d\u00eda del arte? Casi todas estas [&hellip;]","og_url":"https:\/\/www.datecuenta.org\/escuelalibre\/paulo-cacais-recetario-basico-para-comerse-el-mundillo-fotografico\/","og_site_name":"Escuela de fotograf\u00eda en Barcelona | DateCuenta","article_published_time":"2022-11-21T16:29:07+00:00","article_modified_time":"2023-06-05T15:57:59+00:00","og_image":[{"width":801,"height":420,"url":"http:\/\/www.datecuenta.org\/escuelalibre\/wp-content\/uploads\/2022\/11\/paulo-cacais.jpg","type":"image\/jpeg"}],"author":"Date Cuenta","twitter_card":"summary_large_image","twitter_misc":{"Escrito por":"Date Cuenta","Tiempo de lectura":"1 minuto"},"schema":{"@context":"https:\/\/schema.org","@graph":[{"@type":"Article","@id":"https:\/\/www.datecuenta.org\/escuelalibre\/paulo-cacais-recetario-basico-para-comerse-el-mundillo-fotografico\/#article","isPartOf":{"@id":"https:\/\/www.datecuenta.org\/escuelalibre\/paulo-cacais-recetario-basico-para-comerse-el-mundillo-fotografico\/"},"author":{"name":"Date Cuenta","@id":"https:\/\/www.datecuenta.org\/escuelalibre\/#\/schema\/person\/2461c4b87eecd19501ff25c8158edfce"},"headline":"Paulo Cacais: recetario b\u00e1sico para comerse el mundillo fotogr\u00e1fico","datePublished":"2022-11-21T16:29:07+00:00","dateModified":"2023-06-05T15:57:59+00:00","mainEntityOfPage":{"@id":"https:\/\/www.datecuenta.org\/escuelalibre\/paulo-cacais-recetario-basico-para-comerse-el-mundillo-fotografico\/"},"wordCount":200,"image":{"@id":"https:\/\/www.datecuenta.org\/escuelalibre\/paulo-cacais-recetario-basico-para-comerse-el-mundillo-fotografico\/#primaryimage"},"thumbnailUrl":"https:\/\/www.datecuenta.org\/escuelalibre\/wp-content\/uploads\/2022\/11\/paulo-cacais.jpg","articleSection":["BLOG"],"inLanguage":"es"},{"@type":"WebPage","@id":"https:\/\/www.datecuenta.org\/escuelalibre\/paulo-cacais-recetario-basico-para-comerse-el-mundillo-fotografico\/","url":"https:\/\/www.datecuenta.org\/escuelalibre\/paulo-cacais-recetario-basico-para-comerse-el-mundillo-fotografico\/","name":"Paulo Cacais: recetario b\u00e1sico para comerse el mundillo fotogr\u00e1fico","isPartOf":{"@id":"https:\/\/www.datecuenta.org\/escuelalibre\/#website"},"primaryImageOfPage":{"@id":"https:\/\/www.datecuenta.org\/escuelalibre\/paulo-cacais-recetario-basico-para-comerse-el-mundillo-fotografico\/#primaryimage"},"image":{"@id":"https:\/\/www.datecuenta.org\/escuelalibre\/paulo-cacais-recetario-basico-para-comerse-el-mundillo-fotografico\/#primaryimage"},"thumbnailUrl":"https:\/\/www.datecuenta.org\/escuelalibre\/wp-content\/uploads\/2022\/11\/paulo-cacais.jpg","datePublished":"2022-11-21T16:29:07+00:00","dateModified":"2023-06-05T15:57:59+00:00","author":{"@id":"https:\/\/www.datecuenta.org\/escuelalibre\/#\/schema\/person\/2461c4b87eecd19501ff25c8158edfce"},"breadcrumb":{"@id":"https:\/\/www.datecuenta.org\/escuelalibre\/paulo-cacais-recetario-basico-para-comerse-el-mundillo-fotografico\/#breadcrumb"},"inLanguage":"es","potentialAction":[{"@type":"ReadAction","target":["https:\/\/www.datecuenta.org\/escuelalibre\/paulo-cacais-recetario-basico-para-comerse-el-mundillo-fotografico\/"]}]},{"@type":"ImageObject","inLanguage":"es","@id":"https:\/\/www.datecuenta.org\/escuelalibre\/paulo-cacais-recetario-basico-para-comerse-el-mundillo-fotografico\/#primaryimage","url":"https:\/\/www.datecuenta.org\/escuelalibre\/wp-content\/uploads\/2022\/11\/paulo-cacais.jpg","contentUrl":"https:\/\/www.datecuenta.org\/escuelalibre\/wp-content\/uploads\/2022\/11\/paulo-cacais.jpg","width":801,"height":420},{"@type":"BreadcrumbList","@id":"https:\/\/www.datecuenta.org\/escuelalibre\/paulo-cacais-recetario-basico-para-comerse-el-mundillo-fotografico\/#breadcrumb","itemListElement":[{"@type":"ListItem","position":1,"name":"Portada","item":"https:\/\/www.datecuenta.org\/escuelalibre\/"},{"@type":"ListItem","position":2,"name":"Paulo Cacais: recetario b\u00e1sico para comerse el mundillo fotogr\u00e1fico"}]},{"@type":"WebSite","@id":"https:\/\/www.datecuenta.org\/escuelalibre\/#website","url":"https:\/\/www.datecuenta.org\/escuelalibre\/","name":"Escuela de fotograf\u00eda en Barcelona | DateCuenta","description":"","potentialAction":[{"@type":"SearchAction","target":{"@type":"EntryPoint","urlTemplate":"https:\/\/www.datecuenta.org\/escuelalibre\/?s={search_term_string}"},"query-input":{"@type":"PropertyValueSpecification","valueRequired":true,"valueName":"search_term_string"}}],"inLanguage":"es"},{"@type":"Person","@id":"https:\/\/www.datecuenta.org\/escuelalibre\/#\/schema\/person\/2461c4b87eecd19501ff25c8158edfce","name":"Date Cuenta","image":{"@type":"ImageObject","inLanguage":"es","@id":"https:\/\/www.datecuenta.org\/escuelalibre\/#\/schema\/person\/image\/","url":"https:\/\/secure.gravatar.com\/avatar\/cef072a10d2f235035add558d19bd890155332fc9d829546849b6af5dba440c4?s=96&d=mm&r=g","contentUrl":"https:\/\/secure.gravatar.com\/avatar\/cef072a10d2f235035add558d19bd890155332fc9d829546849b6af5dba440c4?s=96&d=mm&r=g","caption":"Date Cuenta"}}]}},"_links":{"self":[{"href":"https:\/\/www.datecuenta.org\/escuelalibre\/wp-json\/wp\/v2\/posts\/5816","targetHints":{"allow":["GET"]}}],"collection":[{"href":"https:\/\/www.datecuenta.org\/escuelalibre\/wp-json\/wp\/v2\/posts"}],"about":[{"href":"https:\/\/www.datecuenta.org\/escuelalibre\/wp-json\/wp\/v2\/types\/post"}],"author":[{"embeddable":true,"href":"https:\/\/www.datecuenta.org\/escuelalibre\/wp-json\/wp\/v2\/users\/1001002"}],"replies":[{"embeddable":true,"href":"https:\/\/www.datecuenta.org\/escuelalibre\/wp-json\/wp\/v2\/comments?post=5816"}],"version-history":[{"count":1,"href":"https:\/\/www.datecuenta.org\/escuelalibre\/wp-json\/wp\/v2\/posts\/5816\/revisions"}],"predecessor-version":[{"id":5819,"href":"https:\/\/www.datecuenta.org\/escuelalibre\/wp-json\/wp\/v2\/posts\/5816\/revisions\/5819"}],"wp:featuredmedia":[{"embeddable":true,"href":"https:\/\/www.datecuenta.org\/escuelalibre\/wp-json\/wp\/v2\/media\/5817"}],"wp:attachment":[{"href":"https:\/\/www.datecuenta.org\/escuelalibre\/wp-json\/wp\/v2\/media?parent=5816"}],"wp:term":[{"taxonomy":"category","embeddable":true,"href":"https:\/\/www.datecuenta.org\/escuelalibre\/wp-json\/wp\/v2\/categories?post=5816"},{"taxonomy":"post_tag","embeddable":true,"href":"https:\/\/www.datecuenta.org\/escuelalibre\/wp-json\/wp\/v2\/tags?post=5816"}],"curies":[{"name":"wp","href":"https:\/\/api.w.org\/{rel}","templated":true}]}}