{"id":5826,"date":"2022-12-11T12:34:16","date_gmt":"2022-12-11T12:34:16","guid":{"rendered":"https:\/\/www.datecuenta.org\/escuelalibre\/?p=5826"},"modified":"2023-06-05T15:57:44","modified_gmt":"2023-06-05T15:57:44","slug":"paulo-cacais","status":"publish","type":"post","link":"https:\/\/www.datecuenta.org\/escuelalibre\/paulo-cacais\/","title":{"rendered":"Paulo Cacais: para vivir de la fotograf\u00eda es fundamental conocer el entorno"},"content":{"rendered":"\n<blockquote class=\"wp-block-quote is-layout-flow wp-block-quote-is-layout-flow\"><p><strong><a href=\"https:\/\/tigomigo.com\/\" target=\"_blank\" rel=\"noreferrer noopener\">Paulo Cacais<\/a><\/strong> irrumpi\u00f3 el pasado s\u00e1bado 10 de diciembre con un aire positivo, claro, emp\u00e1tico y <strong>retando a lxs alumnxs a salir de su zona de confort<\/strong> y ponerse a trabajar con unas cuantas claves claras para introducirse en el \u201cmundillo\u201d de la fotograf\u00eda sin atragantarse. As\u00ed mismo lo especific\u00f3 Paulo mientras se quejaba, burl\u00f3n, porque le hab\u00edamos cortado el t\u00edtulo final a su conferencia.<\/p><\/blockquote>\n\n\n\n<h4 class=\"wp-block-heading\"><strong>Por JAVIER GUERRA. Fotograf\u00edas de LOURDES SEGADE y AITOR FERN\u00c1NDEZ<\/strong><\/h4>\n\n\n\n<p>A lo largo de la charla fuimos viendo su experiencia profesional en el campo de las galer\u00edas (\u00e9l mismo tuvo una), curadur\u00eda art\u00edstica, entidades p\u00fablicas y privadas, ferias o <strong>el propio festival<\/strong> que dirige: el <a href=\"https:\/\/www.xafat.cat\/emotiva\/\" target=\"_blank\" rel=\"noreferrer noopener\">Emotiva Festival.<\/a><\/p>\n\n\n\n<p><strong>Las claves de Paulo Cacais <\/strong>fueron muy concisas, y las dividi\u00f3 en tres apartados: <strong>tener un proyecto, conocer bien el <em>ecosistema<\/em> y saber aprovechar las oportunidades que tenemos<\/strong>. Comentaba que le llegan conjuntos de fotos unidas por un tema pero sin ninguna narraci\u00f3n detr\u00e1s, ning\u00fan cuerpo, ni conceptualizaci\u00f3n. Y es eso justamente lo que necesita un proyecto para ser s\u00f3lido y que tenga estabilidad para ser valorado o expuesto.<\/p>\n\n\n\n<figure class=\"wp-block-image size-large\"><img loading=\"lazy\" decoding=\"async\" width=\"1024\" height=\"683\" src=\"https:\/\/www.datecuenta.org\/escuelalibre\/wp-content\/uploads\/2022\/12\/paulo-cacais-2-1-1024x683.jpg\" alt=\"\" class=\"wp-image-5835\" srcset=\"https:\/\/www.datecuenta.org\/escuelalibre\/wp-content\/uploads\/2022\/12\/paulo-cacais-2-1-1024x683.jpg 1024w, https:\/\/www.datecuenta.org\/escuelalibre\/wp-content\/uploads\/2022\/12\/paulo-cacais-2-1-980x653.jpg 980w, https:\/\/www.datecuenta.org\/escuelalibre\/wp-content\/uploads\/2022\/12\/paulo-cacais-2-1-480x320.jpg 480w\" sizes=\"(min-width: 0px) and (max-width: 480px) 480px, (min-width: 481px) and (max-width: 980px) 980px, (min-width: 981px) 1024px, 100vw\" \/><\/figure>\n\n\n\n<p>En un segundo bloque explicaba que <strong>es fundamental conocer bien el entorno<\/strong>, lo que se est\u00e1 haciendo. Hay que conocer lo que nos precede, los referentes, estar al d\u00eda de lo que se est\u00e1 haciendo, ir a exposiciones, ver como est\u00e1n hechas, qu\u00e9 temas se tratan, etc.<\/p>\n\n\n\n<p>Insisti\u00f3 en que tenemos que aprovechar las oportunidades que se nos da en el d\u00eda a d\u00eda de este <em>mundillo<\/em> fotogr\u00e1fico: estar muy atentxs, tener los ojos abiertos, ir a exposiciones y conocer a personas y hablar con ellas de proyectos, exposiciones, de fotograf\u00eda, en definitiva.<\/p>\n\n\n\n<p>Paulo Cacais tambi\u00e9n recomend\u00f3 tener <strong>tres presentaciones orales preparadas<\/strong>, una muy elaborada de unos 30 minutos, una intermedia de 5 minutos y una \u00faltima muy sint\u00e9tica para explicar en momentos fugaces que pueda entenderse en 30 segundos. Adem\u00e1s de esto, como siempre explicamos a nuestro alumnado, <strong>tener un dossier escrito<\/strong> preparado para posibles becas, subvenciones o para entregar a galer\u00edas. <\/p>\n\n\n\n<figure class=\"wp-block-image size-large\"><img loading=\"lazy\" decoding=\"async\" width=\"1024\" height=\"683\" src=\"http:\/\/www.datecuenta.org\/escuelalibre\/wp-content\/uploads\/2022\/12\/paulo-cacais-3-1024x683.jpg\" alt=\"\" class=\"wp-image-5832\" srcset=\"http:\/\/www.datecuenta.org\/escuelalibre\/wp-content\/uploads\/2022\/12\/paulo-cacais-3-1024x683.jpg 1024w, http:\/\/www.datecuenta.org\/escuelalibre\/wp-content\/uploads\/2022\/12\/paulo-cacais-3-980x653.jpg 980w, http:\/\/www.datecuenta.org\/escuelalibre\/wp-content\/uploads\/2022\/12\/paulo-cacais-3-480x320.jpg 480w\" sizes=\"(min-width: 0px) and (max-width: 480px) 480px, (min-width: 481px) and (max-width: 980px) 980px, (min-width: 981px) 1024px, 100vw\" \/><\/figure>\n\n\n\n<h2 class=\"wp-block-heading\">Paulo Cacais: \u00abMontar una exposici\u00f3n es siempre un reto\u00bb<\/h2>\n\n\n\n<p>Seg\u00fan Paulo, la importancia estar en el <em>mundillo<\/em> fotogr\u00e1fico es un tema de progresi\u00f3n. <strong>Primero debemos movernos en el circuito local<\/strong>. En una fase posterior ya entrar\u00edamos en un segundo nivel donde incluimos las galer\u00edas de arte, \u201cson un buen ecosistema\u201d, \u201cdebemos generar una relaci\u00f3n de confianza entre artista-galerista\u201d dijo Paulo. De este modo se ir\u00e1n alcanzando espacios cada vez m\u00e1s grandes, pero se trata de una progresi\u00f3n.<\/p>\n\n\n\n<p>En la parte final de la masterclase Paulo, respondiendo a las preguntas de lxs alumnxs, entr\u00f3 en temas interesantes e impopulares, como \u00e9l mismo dijo, como <strong>la precariedad, los cobros por los trabajos, el hecho de pagar en los visionados de portafolios<\/strong> o concursos. Sobre todo, matiz\u00f3 que hay que tener mucho cuidado con los abusos que se pueden generar por nuestra inexperiencia o ganas de estar en el ansiado <em>mundillo<\/em> fotogr\u00e1fico.<\/p>\n\n\n\n<p><strong>Paulo Cacais nos dej\u00f3 claro que tenemos que trabajar<\/strong>, movernos en exposiciones y charlar con personas relacionadas, tener un proyecto, y, \u00bfpor qu\u00e9 no?, ponernos en el papel que vamos a representar en este mundillo, siempre desde la honestidad. Y sin atragantarnos, dec\u00eda el t\u00edtulo completo de la masterclase ofreci\u00f3 para DateCuenta.<\/p>\n","protected":false},"excerpt":{"rendered":"<p>Paulo Cacais irrumpi\u00f3 el pasado s\u00e1bado 10 de diciembre con un aire positivo, claro, emp\u00e1tico y retando a lxs alumnxs a salir de su zona de confort y ponerse a trabajar con unas cuantas claves claras para introducirse en el \u201cmundillo\u201d de la fotograf\u00eda sin atragantarse. As\u00ed mismo lo especific\u00f3 Paulo mientras se quejaba, burl\u00f3n, [&hellip;]<\/p>\n","protected":false},"author":1001002,"featured_media":5833,"comment_status":"closed","ping_status":"closed","sticky":false,"template":"","format":"standard","meta":{"_et_pb_use_builder":"off","_et_pb_old_content":"","_et_gb_content_width":"","content-type":"","_monsterinsights_skip_tracking":false,"_monsterinsights_sitenote_active":false,"_monsterinsights_sitenote_note":"","_monsterinsights_sitenote_category":0,"_joinchat":[],"footnotes":""},"categories":[187],"tags":[],"class_list":["post-5826","post","type-post","status-publish","format-standard","has-post-thumbnail","hentry","category-noticias"],"yoast_head":"<!-- This site is optimized with the Yoast SEO plugin v26.9 - https:\/\/yoast.com\/product\/yoast-seo-wordpress\/ -->\n<title>Paulo Cacais: para vivir de la fotograf\u00eda es fundamental conocer el entorno<\/title>\n<meta name=\"robots\" content=\"index, follow, max-snippet:-1, max-image-preview:large, max-video-preview:-1\" \/>\n<link rel=\"canonical\" href=\"https:\/\/www.datecuenta.org\/escuelalibre\/paulo-cacais\/\" \/>\n<meta property=\"og:locale\" content=\"es_ES\" \/>\n<meta property=\"og:type\" content=\"article\" \/>\n<meta property=\"og:title\" content=\"Paulo Cacais: para vivir de la fotograf\u00eda es fundamental conocer el entorno\" \/>\n<meta property=\"og:description\" content=\"Paulo Cacais irrumpi\u00f3 el pasado s\u00e1bado 10 de diciembre con un aire positivo, claro, emp\u00e1tico y retando a lxs alumnxs a salir de su zona de confort y ponerse a trabajar con unas cuantas claves claras para introducirse en el \u201cmundillo\u201d de la fotograf\u00eda sin atragantarse. As\u00ed mismo lo especific\u00f3 Paulo mientras se quejaba, burl\u00f3n, [&hellip;]\" \/>\n<meta property=\"og:url\" content=\"https:\/\/www.datecuenta.org\/escuelalibre\/paulo-cacais\/\" \/>\n<meta property=\"og:site_name\" content=\"Escuela de fotograf\u00eda en Barcelona | DateCuenta\" \/>\n<meta property=\"article:published_time\" content=\"2022-12-11T12:34:16+00:00\" \/>\n<meta property=\"article:modified_time\" content=\"2023-06-05T15:57:44+00:00\" \/>\n<meta property=\"og:image\" content=\"http:\/\/www.datecuenta.org\/escuelalibre\/wp-content\/uploads\/2022\/12\/paulo-cacais-1.jpg\" \/>\n\t<meta property=\"og:image:width\" content=\"1200\" \/>\n\t<meta property=\"og:image:height\" content=\"800\" \/>\n\t<meta property=\"og:image:type\" content=\"image\/jpeg\" \/>\n<meta name=\"author\" content=\"Date Cuenta\" \/>\n<meta name=\"twitter:card\" content=\"summary_large_image\" \/>\n<meta name=\"twitter:label1\" content=\"Escrito por\" \/>\n\t<meta name=\"twitter:data1\" content=\"Date Cuenta\" \/>\n\t<meta name=\"twitter:label2\" content=\"Tiempo de lectura\" \/>\n\t<meta name=\"twitter:data2\" content=\"3 minutos\" \/>\n<script type=\"application\/ld+json\" class=\"yoast-schema-graph\">{\"@context\":\"https:\/\/schema.org\",\"@graph\":[{\"@type\":\"Article\",\"@id\":\"https:\/\/www.datecuenta.org\/escuelalibre\/paulo-cacais\/#article\",\"isPartOf\":{\"@id\":\"https:\/\/www.datecuenta.org\/escuelalibre\/paulo-cacais\/\"},\"author\":{\"name\":\"Date Cuenta\",\"@id\":\"https:\/\/www.datecuenta.org\/escuelalibre\/#\/schema\/person\/2461c4b87eecd19501ff25c8158edfce\"},\"headline\":\"Paulo Cacais: para vivir de la fotograf\u00eda es fundamental conocer el entorno\",\"datePublished\":\"2022-12-11T12:34:16+00:00\",\"dateModified\":\"2023-06-05T15:57:44+00:00\",\"mainEntityOfPage\":{\"@id\":\"https:\/\/www.datecuenta.org\/escuelalibre\/paulo-cacais\/\"},\"wordCount\":584,\"image\":{\"@id\":\"https:\/\/www.datecuenta.org\/escuelalibre\/paulo-cacais\/#primaryimage\"},\"thumbnailUrl\":\"https:\/\/www.datecuenta.org\/escuelalibre\/wp-content\/uploads\/2022\/12\/paulo-cacais-1.jpg\",\"articleSection\":[\"BLOG\"],\"inLanguage\":\"es\"},{\"@type\":\"WebPage\",\"@id\":\"https:\/\/www.datecuenta.org\/escuelalibre\/paulo-cacais\/\",\"url\":\"https:\/\/www.datecuenta.org\/escuelalibre\/paulo-cacais\/\",\"name\":\"Paulo Cacais: para vivir de la fotograf\u00eda es fundamental conocer el entorno\",\"isPartOf\":{\"@id\":\"https:\/\/www.datecuenta.org\/escuelalibre\/#website\"},\"primaryImageOfPage\":{\"@id\":\"https:\/\/www.datecuenta.org\/escuelalibre\/paulo-cacais\/#primaryimage\"},\"image\":{\"@id\":\"https:\/\/www.datecuenta.org\/escuelalibre\/paulo-cacais\/#primaryimage\"},\"thumbnailUrl\":\"https:\/\/www.datecuenta.org\/escuelalibre\/wp-content\/uploads\/2022\/12\/paulo-cacais-1.jpg\",\"datePublished\":\"2022-12-11T12:34:16+00:00\",\"dateModified\":\"2023-06-05T15:57:44+00:00\",\"author\":{\"@id\":\"https:\/\/www.datecuenta.org\/escuelalibre\/#\/schema\/person\/2461c4b87eecd19501ff25c8158edfce\"},\"breadcrumb\":{\"@id\":\"https:\/\/www.datecuenta.org\/escuelalibre\/paulo-cacais\/#breadcrumb\"},\"inLanguage\":\"es\",\"potentialAction\":[{\"@type\":\"ReadAction\",\"target\":[\"https:\/\/www.datecuenta.org\/escuelalibre\/paulo-cacais\/\"]}]},{\"@type\":\"ImageObject\",\"inLanguage\":\"es\",\"@id\":\"https:\/\/www.datecuenta.org\/escuelalibre\/paulo-cacais\/#primaryimage\",\"url\":\"https:\/\/www.datecuenta.org\/escuelalibre\/wp-content\/uploads\/2022\/12\/paulo-cacais-1.jpg\",\"contentUrl\":\"https:\/\/www.datecuenta.org\/escuelalibre\/wp-content\/uploads\/2022\/12\/paulo-cacais-1.jpg\",\"width\":1200,\"height\":800},{\"@type\":\"BreadcrumbList\",\"@id\":\"https:\/\/www.datecuenta.org\/escuelalibre\/paulo-cacais\/#breadcrumb\",\"itemListElement\":[{\"@type\":\"ListItem\",\"position\":1,\"name\":\"Portada\",\"item\":\"https:\/\/www.datecuenta.org\/escuelalibre\/\"},{\"@type\":\"ListItem\",\"position\":2,\"name\":\"Paulo Cacais: para vivir de la fotograf\u00eda es fundamental conocer el entorno\"}]},{\"@type\":\"WebSite\",\"@id\":\"https:\/\/www.datecuenta.org\/escuelalibre\/#website\",\"url\":\"https:\/\/www.datecuenta.org\/escuelalibre\/\",\"name\":\"Escuela de fotograf\u00eda en Barcelona | DateCuenta\",\"description\":\"\",\"potentialAction\":[{\"@type\":\"SearchAction\",\"target\":{\"@type\":\"EntryPoint\",\"urlTemplate\":\"https:\/\/www.datecuenta.org\/escuelalibre\/?s={search_term_string}\"},\"query-input\":{\"@type\":\"PropertyValueSpecification\",\"valueRequired\":true,\"valueName\":\"search_term_string\"}}],\"inLanguage\":\"es\"},{\"@type\":\"Person\",\"@id\":\"https:\/\/www.datecuenta.org\/escuelalibre\/#\/schema\/person\/2461c4b87eecd19501ff25c8158edfce\",\"name\":\"Date Cuenta\",\"image\":{\"@type\":\"ImageObject\",\"inLanguage\":\"es\",\"@id\":\"https:\/\/www.datecuenta.org\/escuelalibre\/#\/schema\/person\/image\/\",\"url\":\"https:\/\/secure.gravatar.com\/avatar\/cef072a10d2f235035add558d19bd890155332fc9d829546849b6af5dba440c4?s=96&d=mm&r=g\",\"contentUrl\":\"https:\/\/secure.gravatar.com\/avatar\/cef072a10d2f235035add558d19bd890155332fc9d829546849b6af5dba440c4?s=96&d=mm&r=g\",\"caption\":\"Date Cuenta\"}}]}<\/script>\n<!-- \/ Yoast SEO plugin. -->","yoast_head_json":{"title":"Paulo Cacais: para vivir de la fotograf\u00eda es fundamental conocer el entorno","robots":{"index":"index","follow":"follow","max-snippet":"max-snippet:-1","max-image-preview":"max-image-preview:large","max-video-preview":"max-video-preview:-1"},"canonical":"https:\/\/www.datecuenta.org\/escuelalibre\/paulo-cacais\/","og_locale":"es_ES","og_type":"article","og_title":"Paulo Cacais: para vivir de la fotograf\u00eda es fundamental conocer el entorno","og_description":"Paulo Cacais irrumpi\u00f3 el pasado s\u00e1bado 10 de diciembre con un aire positivo, claro, emp\u00e1tico y retando a lxs alumnxs a salir de su zona de confort y ponerse a trabajar con unas cuantas claves claras para introducirse en el \u201cmundillo\u201d de la fotograf\u00eda sin atragantarse. As\u00ed mismo lo especific\u00f3 Paulo mientras se quejaba, burl\u00f3n, [&hellip;]","og_url":"https:\/\/www.datecuenta.org\/escuelalibre\/paulo-cacais\/","og_site_name":"Escuela de fotograf\u00eda en Barcelona | DateCuenta","article_published_time":"2022-12-11T12:34:16+00:00","article_modified_time":"2023-06-05T15:57:44+00:00","og_image":[{"width":1200,"height":800,"url":"http:\/\/www.datecuenta.org\/escuelalibre\/wp-content\/uploads\/2022\/12\/paulo-cacais-1.jpg","type":"image\/jpeg"}],"author":"Date Cuenta","twitter_card":"summary_large_image","twitter_misc":{"Escrito por":"Date Cuenta","Tiempo de lectura":"3 minutos"},"schema":{"@context":"https:\/\/schema.org","@graph":[{"@type":"Article","@id":"https:\/\/www.datecuenta.org\/escuelalibre\/paulo-cacais\/#article","isPartOf":{"@id":"https:\/\/www.datecuenta.org\/escuelalibre\/paulo-cacais\/"},"author":{"name":"Date Cuenta","@id":"https:\/\/www.datecuenta.org\/escuelalibre\/#\/schema\/person\/2461c4b87eecd19501ff25c8158edfce"},"headline":"Paulo Cacais: para vivir de la fotograf\u00eda es fundamental conocer el entorno","datePublished":"2022-12-11T12:34:16+00:00","dateModified":"2023-06-05T15:57:44+00:00","mainEntityOfPage":{"@id":"https:\/\/www.datecuenta.org\/escuelalibre\/paulo-cacais\/"},"wordCount":584,"image":{"@id":"https:\/\/www.datecuenta.org\/escuelalibre\/paulo-cacais\/#primaryimage"},"thumbnailUrl":"https:\/\/www.datecuenta.org\/escuelalibre\/wp-content\/uploads\/2022\/12\/paulo-cacais-1.jpg","articleSection":["BLOG"],"inLanguage":"es"},{"@type":"WebPage","@id":"https:\/\/www.datecuenta.org\/escuelalibre\/paulo-cacais\/","url":"https:\/\/www.datecuenta.org\/escuelalibre\/paulo-cacais\/","name":"Paulo Cacais: para vivir de la fotograf\u00eda es fundamental conocer el entorno","isPartOf":{"@id":"https:\/\/www.datecuenta.org\/escuelalibre\/#website"},"primaryImageOfPage":{"@id":"https:\/\/www.datecuenta.org\/escuelalibre\/paulo-cacais\/#primaryimage"},"image":{"@id":"https:\/\/www.datecuenta.org\/escuelalibre\/paulo-cacais\/#primaryimage"},"thumbnailUrl":"https:\/\/www.datecuenta.org\/escuelalibre\/wp-content\/uploads\/2022\/12\/paulo-cacais-1.jpg","datePublished":"2022-12-11T12:34:16+00:00","dateModified":"2023-06-05T15:57:44+00:00","author":{"@id":"https:\/\/www.datecuenta.org\/escuelalibre\/#\/schema\/person\/2461c4b87eecd19501ff25c8158edfce"},"breadcrumb":{"@id":"https:\/\/www.datecuenta.org\/escuelalibre\/paulo-cacais\/#breadcrumb"},"inLanguage":"es","potentialAction":[{"@type":"ReadAction","target":["https:\/\/www.datecuenta.org\/escuelalibre\/paulo-cacais\/"]}]},{"@type":"ImageObject","inLanguage":"es","@id":"https:\/\/www.datecuenta.org\/escuelalibre\/paulo-cacais\/#primaryimage","url":"https:\/\/www.datecuenta.org\/escuelalibre\/wp-content\/uploads\/2022\/12\/paulo-cacais-1.jpg","contentUrl":"https:\/\/www.datecuenta.org\/escuelalibre\/wp-content\/uploads\/2022\/12\/paulo-cacais-1.jpg","width":1200,"height":800},{"@type":"BreadcrumbList","@id":"https:\/\/www.datecuenta.org\/escuelalibre\/paulo-cacais\/#breadcrumb","itemListElement":[{"@type":"ListItem","position":1,"name":"Portada","item":"https:\/\/www.datecuenta.org\/escuelalibre\/"},{"@type":"ListItem","position":2,"name":"Paulo Cacais: para vivir de la fotograf\u00eda es fundamental conocer el entorno"}]},{"@type":"WebSite","@id":"https:\/\/www.datecuenta.org\/escuelalibre\/#website","url":"https:\/\/www.datecuenta.org\/escuelalibre\/","name":"Escuela de fotograf\u00eda en Barcelona | DateCuenta","description":"","potentialAction":[{"@type":"SearchAction","target":{"@type":"EntryPoint","urlTemplate":"https:\/\/www.datecuenta.org\/escuelalibre\/?s={search_term_string}"},"query-input":{"@type":"PropertyValueSpecification","valueRequired":true,"valueName":"search_term_string"}}],"inLanguage":"es"},{"@type":"Person","@id":"https:\/\/www.datecuenta.org\/escuelalibre\/#\/schema\/person\/2461c4b87eecd19501ff25c8158edfce","name":"Date Cuenta","image":{"@type":"ImageObject","inLanguage":"es","@id":"https:\/\/www.datecuenta.org\/escuelalibre\/#\/schema\/person\/image\/","url":"https:\/\/secure.gravatar.com\/avatar\/cef072a10d2f235035add558d19bd890155332fc9d829546849b6af5dba440c4?s=96&d=mm&r=g","contentUrl":"https:\/\/secure.gravatar.com\/avatar\/cef072a10d2f235035add558d19bd890155332fc9d829546849b6af5dba440c4?s=96&d=mm&r=g","caption":"Date Cuenta"}}]}},"_links":{"self":[{"href":"https:\/\/www.datecuenta.org\/escuelalibre\/wp-json\/wp\/v2\/posts\/5826","targetHints":{"allow":["GET"]}}],"collection":[{"href":"https:\/\/www.datecuenta.org\/escuelalibre\/wp-json\/wp\/v2\/posts"}],"about":[{"href":"https:\/\/www.datecuenta.org\/escuelalibre\/wp-json\/wp\/v2\/types\/post"}],"author":[{"embeddable":true,"href":"https:\/\/www.datecuenta.org\/escuelalibre\/wp-json\/wp\/v2\/users\/1001002"}],"replies":[{"embeddable":true,"href":"https:\/\/www.datecuenta.org\/escuelalibre\/wp-json\/wp\/v2\/comments?post=5826"}],"version-history":[{"count":7,"href":"https:\/\/www.datecuenta.org\/escuelalibre\/wp-json\/wp\/v2\/posts\/5826\/revisions"}],"predecessor-version":[{"id":5837,"href":"https:\/\/www.datecuenta.org\/escuelalibre\/wp-json\/wp\/v2\/posts\/5826\/revisions\/5837"}],"wp:featuredmedia":[{"embeddable":true,"href":"https:\/\/www.datecuenta.org\/escuelalibre\/wp-json\/wp\/v2\/media\/5833"}],"wp:attachment":[{"href":"https:\/\/www.datecuenta.org\/escuelalibre\/wp-json\/wp\/v2\/media?parent=5826"}],"wp:term":[{"taxonomy":"category","embeddable":true,"href":"https:\/\/www.datecuenta.org\/escuelalibre\/wp-json\/wp\/v2\/categories?post=5826"},{"taxonomy":"post_tag","embeddable":true,"href":"https:\/\/www.datecuenta.org\/escuelalibre\/wp-json\/wp\/v2\/tags?post=5826"}],"curies":[{"name":"wp","href":"https:\/\/api.w.org\/{rel}","templated":true}]}}