{"id":5869,"date":"2023-03-26T21:42:53","date_gmt":"2023-03-26T21:42:53","guid":{"rendered":"https:\/\/www.datecuenta.org\/escuelalibre\/?p=5869"},"modified":"2023-03-28T11:18:53","modified_gmt":"2023-03-28T11:18:53","slug":"derechos-de-autor-y-derechos-de-imagen-en-fotografia","status":"publish","type":"post","link":"https:\/\/www.datecuenta.org\/escuelalibre\/derechos-de-autor-y-derechos-de-imagen-en-fotografia\/","title":{"rendered":"Todo sobre los derechos de autor y derechos de imagen en fotograf\u00eda"},"content":{"rendered":"\n<blockquote class=\"wp-block-quote is-layout-flow wp-block-quote-is-layout-flow\"><p><strong>Derechos de imagen y derechos de autor<\/strong> son t\u00e9rminos que a menudo se confunden y es necesario diferenciar y comprender a fondo si nos queremos dedicar a la fotograf\u00eda.<\/p><\/blockquote>\n\n\n\n<blockquote class=\"wp-block-quote is-layout-flow wp-block-quote-is-layout-flow\"><p>El pasado s\u00e1bado 25 de marzo, pudimos <strong>abordar en profundidad la legalidad actual en  derechos de autor y derechos de imagen<\/strong> en el marco de una <strong><a href=\"https:\/\/www.datecuenta.org\/escuelalibre\/derechos-de-autor-imagen-fotografia\/\" target=\"_blank\" rel=\"noreferrer noopener\">nueva masterclase a cargo de&nbsp; Albert Mas\u00f3<\/a><\/strong>, prestigioso fot\u00f3grafo catal\u00e1n especializado en fotograf\u00eda de naturaleza y forense. Tambi\u00e9n&nbsp; jurado de numerosos concursos de fotograf\u00eda, asesor de National Geographic y gestor de la agencia de fotograf\u00eda Australphoto, ha tenido numerosas oportunidades de&nbsp;abordar las tantas dudas que nos genera a las personas que nos dedicamos a la fotograf\u00eda.<\/p><\/blockquote>\n\n\n\n<h4 class=\"wp-block-heading\"><strong>Por LUKAS ROMERO. Fotograf\u00edas de PEDRO VIDAL<\/strong><\/h4>\n\n\n\n<figure class=\"wp-block-image size-full\"><img loading=\"lazy\" decoding=\"async\" width=\"900\" height=\"600\" src=\"http:\/\/www.datecuenta.org\/escuelalibre\/wp-content\/uploads\/2023\/03\/derechos-autor-derechos-imagen-2.jpg\" alt=\"Derechos de autor y derechos de imagen Albert Maso 2\" class=\"wp-image-5873\" srcset=\"http:\/\/www.datecuenta.org\/escuelalibre\/wp-content\/uploads\/2023\/03\/derechos-autor-derechos-imagen-2.jpg 900w, http:\/\/www.datecuenta.org\/escuelalibre\/wp-content\/uploads\/2023\/03\/derechos-autor-derechos-imagen-2-480x320.jpg 480w\" sizes=\"(min-width: 0px) and (max-width: 480px) 480px, (min-width: 481px) 900px, 100vw\" \/><\/figure>\n\n\n\n<h2 class=\"wp-block-heading\">Derechos de imagen: \u00ab<strong>En derechos de autor y derechos de imagen, es nuestra responsabilidad como fot\u00f3grafos y fot\u00f3grafas saber que podemos y no podemos hacer\u201d<\/strong><\/h2>\n\n\n\n<p>Empecemos por los <strong>derechos de imagen<\/strong>. Albert nos explic\u00f3 que hay diferentes leyes que amparan los derechos de imagen, pero destac\u00f3 una entre todas ellas, la Ley 1\/1982 de 5 de mayo. Aqu\u00ed te contamos lo m\u00e1s importante:<\/p>\n\n\n\n<p>Siempre que estemos en <strong>v\u00eda p\u00fablica podremos tomar fotograf\u00edas<\/strong>, teniendo en cuenta las caracter\u00edsticas del lugar. Deberemos pedir permisos en los <strong>recintos privados<\/strong> o de <strong>titularidad<\/strong> <strong>p\u00fablica<\/strong> como bares, restaurantes, etc. que aunque sean de entrada libre, ello no significa que puedas hacer fotos sin el consentimiento del propietario.  Es nuestro deber como profesionales de la fotograf\u00eda conocer cada espacio y saber qu\u00e9 podemos y qu\u00e9 no podemos hacer.<\/p>\n\n\n\n<p>En cuanto a <strong>copias impresas<\/strong>, podemos hacer cuantas copias queramos para el uso privado. No se considerar\u00e1 agravio realizar estas impresiones siempre y cuando no comporten una <strong>exposici\u00f3n al p\u00fablico<\/strong>.<br>Ahora bien, <strong>el asunto se complica cuando queremos publicar.<\/strong> <\/p>\n\n\n\n<p>En l\u00edneas generales, no hay problema si las personas que aparecen no son identificables o no ocupan un lugar relevante en la fotograf\u00eda, pero puedes llevar documentos para que la persona fotografiada te autorice <em>in situ<\/em> el permiso de sus derechos de imagen. Sin embargo, <strong>existen excepciones<\/strong> como por ejemplo: im\u00e1genes de un cargo p\u00fablico en un acto, que la imagen infome de un suceso o acontecimiento o tenga una finalidad informativa relevante.<\/p>\n\n\n\n<p>Debemos destacar tambi\u00e9n la protecci\u00f3n a menores: La ley nos dice que es necesaria la firma de sus tutores legales, pudiendo ser revocados por un juez, o a la mayor\u00eda de edad de la persona fotografiada, que podr\u00eda revocarlos. <\/p>\n\n\n\n<figure class=\"wp-block-image size-full\"><img loading=\"lazy\" decoding=\"async\" width=\"900\" height=\"600\" src=\"http:\/\/www.datecuenta.org\/escuelalibre\/wp-content\/uploads\/2023\/03\/derechos-autor-derechos-imagen-3.jpg\" alt=\"Derechos de autor y derechos de imagen Albert Maso 3\" class=\"wp-image-5872\" srcset=\"http:\/\/www.datecuenta.org\/escuelalibre\/wp-content\/uploads\/2023\/03\/derechos-autor-derechos-imagen-3.jpg 900w, http:\/\/www.datecuenta.org\/escuelalibre\/wp-content\/uploads\/2023\/03\/derechos-autor-derechos-imagen-3-480x320.jpg 480w\" sizes=\"(min-width: 0px) and (max-width: 480px) 480px, (min-width: 481px) 900px, 100vw\" \/><\/figure>\n\n\n\n<h2 class=\"wp-block-heading\">Derechos de autor: <strong>\u201cLa propiedad intelectual de una obra corresponde al autor\/a por el mero hecho de haberla creado y se genera en el momento de su creaci\u00f3n<em>\u201d<\/em><\/strong><\/h2>\n\n\n\n<p>Siempre tenemos los <strong>derechos morales<\/strong> sobre nuestra obra, es decir, que se reconozca y firme como nuestra, as\u00ed como decidir si queremos divulgarla y en qu\u00e9 forma. Tenemos tambi\u00e9n derecho a la integridad y a la no mutilaci\u00f3n ni alteraci\u00f3n por m\u00ednima que sea. <\/p>\n\n\n\n<p>Si no he dado el permiso, nunca se podr\u00e1 publicar una foto m\u00eda, pero puedo ceder mis\u00a0<strong>derechos econ\u00f3micos<\/strong>\u00a0sobre esta si as\u00ed lo deseo a cambio de una remuneraci\u00f3n, y puedo establecer las condiciones de su publicaci\u00f3n: medio en el que aparecer\u00e1, tiempo durante el que puede utilizarse, etc.<\/p>\n\n\n\n<p>En el caso de <strong>ceder mis derechos de autor\u00eda<\/strong>, por ejemplo, a una marca, esa fotograf\u00eda solo podr\u00e1 utilizarse por el tiempo que se me haya pagado y siempre llevar\u00e1 mi autor\u00eda aunque haya cedido los derechos de explotaci\u00f3n.<\/p>\n\n\n\n<p>Algo muy importante que Albert explic\u00f3, fue <strong>la diferencia entre Obra fotogr\u00e1fica y Mera fotograf\u00eda<\/strong>.<\/p>\n\n\n\n<p>La legislaci\u00f3n Dual de 1987 <strong>otorga a la obra fotogr\u00e1fica<\/strong> los derechos morales y econ\u00f3micos hasta 70 a\u00f1os despu\u00e9s de la muerte del Autor\/a, siendo de 25 a\u00f1os y solo en derechos econ\u00f3micos desde la captaci\u00f3n de la imagen. No as\u00ed en el caso de la <strong>mera fotograf\u00eda<\/strong>.<\/p>\n\n\n\n<p>Sin embargo, <strong>la diferencia entre Obra fotogr\u00e1fica y Mera fotograf\u00eda la determina un juez<\/strong>. Esto dej\u00f3 a todas las personas asistentes con la boca abierta, ya que es una persona que no tiene nada que ver con el mundo del arte, la composici\u00f3n y complejidad de la t\u00e9cnica, que determine si una fotograf\u00eda por la cual se reclaman derechos de autor es Obra fotogr\u00e1fica o Mera fotograf\u00eda.<\/p>\n\n\n\n<p>Albert nos trajo diferentes casos donde una casi id\u00e9ntica fotograf\u00eda para unos jueces era Obra Fotogr\u00e1fica y en otros era Mera fotograf\u00eda. Para dictar sentencia, el juez deber\u00eda fijarse en si dicha fotograf\u00eda tiene o carece de creatividad, t\u00e9cnica, captaci\u00f3n fiel de la realidad, etc. pero, claro est\u00e1, basado en apreciaciones subjetivas y muchas veces contradictorias.<\/p>\n\n\n\n<p>En la masterclase de Albert Mas\u00f3 se nos resolvieron muchas dudas y se abrieron muchos temas que no caben en este resumen. Sobre todo, Albert nos dej\u00f3 claro que tenemos que saber cu\u00e1les son nuestros derechos, d\u00f3nde o no podemos fotografiar y qu\u00e9 hacer con nuestra obra para no tener problemas. Y nos aconsej\u00f3 no publicar nuestra obra en redes sociales donde aceptamos<strong><em> <\/em>t\u00e9rminos y condiciones<\/strong> <strong>que no leemos <\/strong>y que pueden autorizar a la red social al uso gratuito de nuestro material.<\/p>\n\n\n\n<figure class=\"wp-block-image size-full\"><img loading=\"lazy\" decoding=\"async\" width=\"900\" height=\"600\" src=\"http:\/\/www.datecuenta.org\/escuelalibre\/wp-content\/uploads\/2023\/03\/derechos-autor-derechos-imagen-4.jpg\" alt=\"Derechos de autor y derechos de imagen Albert Maso 4\" class=\"wp-image-5874\" srcset=\"http:\/\/www.datecuenta.org\/escuelalibre\/wp-content\/uploads\/2023\/03\/derechos-autor-derechos-imagen-4.jpg 900w, http:\/\/www.datecuenta.org\/escuelalibre\/wp-content\/uploads\/2023\/03\/derechos-autor-derechos-imagen-4-480x320.jpg 480w\" sizes=\"(min-width: 0px) and (max-width: 480px) 480px, (min-width: 481px) 900px, 100vw\" \/><\/figure>\n","protected":false},"excerpt":{"rendered":"<p>Derechos de imagen y derechos de autor son t\u00e9rminos que a menudo se confunden y es necesario diferenciar y comprender a fondo si nos queremos dedicar a la fotograf\u00eda. El pasado s\u00e1bado 25 de marzo, pudimos abordar en profundidad la legalidad actual en derechos de autor y derechos de imagen en el marco de una [&hellip;]<\/p>\n","protected":false},"author":1001002,"featured_media":5875,"comment_status":"closed","ping_status":"closed","sticky":false,"template":"","format":"standard","meta":{"_et_pb_use_builder":"off","_et_pb_old_content":"","_et_gb_content_width":"","content-type":"","_monsterinsights_skip_tracking":false,"_monsterinsights_sitenote_active":false,"_monsterinsights_sitenote_note":"","_monsterinsights_sitenote_category":0,"_joinchat":[],"footnotes":""},"categories":[187],"tags":[],"class_list":["post-5869","post","type-post","status-publish","format-standard","has-post-thumbnail","hentry","category-noticias"],"yoast_head":"<!-- This site is optimized with the Yoast SEO plugin v26.9 - https:\/\/yoast.com\/product\/yoast-seo-wordpress\/ -->\n<title>Todo sobre los derechos de autor y derechos de imagen en fotograf\u00eda<\/title>\n<meta name=\"description\" content=\"Derechos de imagen y derechos de autor son t\u00e9rminos que es necesario comprender a fondo si nos queremos dedicar a la fotograf\u00eda.\" \/>\n<meta name=\"robots\" content=\"index, follow, max-snippet:-1, max-image-preview:large, max-video-preview:-1\" \/>\n<link rel=\"canonical\" href=\"https:\/\/www.datecuenta.org\/escuelalibre\/derechos-de-autor-y-derechos-de-imagen-en-fotografia\/\" \/>\n<meta property=\"og:locale\" content=\"es_ES\" \/>\n<meta property=\"og:type\" content=\"article\" \/>\n<meta property=\"og:title\" content=\"Todo sobre los derechos de autor y derechos de imagen en fotograf\u00eda\" \/>\n<meta property=\"og:description\" content=\"Derechos de imagen y derechos de autor son t\u00e9rminos que es necesario comprender a fondo si nos queremos dedicar a la fotograf\u00eda.\" \/>\n<meta property=\"og:url\" content=\"https:\/\/www.datecuenta.org\/escuelalibre\/derechos-de-autor-y-derechos-de-imagen-en-fotografia\/\" \/>\n<meta property=\"og:site_name\" content=\"Escuela de fotograf\u00eda en Barcelona | DateCuenta\" \/>\n<meta property=\"article:published_time\" content=\"2023-03-26T21:42:53+00:00\" \/>\n<meta property=\"article:modified_time\" content=\"2023-03-28T11:18:53+00:00\" \/>\n<meta property=\"og:image\" content=\"https:\/\/www.datecuenta.org\/escuelalibre\/wp-content\/uploads\/2023\/03\/derechos-autor-derechos-imagen-1-1.jpg\" \/>\n\t<meta property=\"og:image:width\" content=\"900\" \/>\n\t<meta property=\"og:image:height\" content=\"600\" \/>\n\t<meta property=\"og:image:type\" content=\"image\/jpeg\" \/>\n<meta name=\"author\" content=\"Date Cuenta\" \/>\n<meta name=\"twitter:card\" content=\"summary_large_image\" \/>\n<meta name=\"twitter:label1\" content=\"Escrito por\" \/>\n\t<meta name=\"twitter:data1\" content=\"Date Cuenta\" \/>\n\t<meta name=\"twitter:label2\" content=\"Tiempo de lectura\" \/>\n\t<meta name=\"twitter:data2\" content=\"5 minutos\" \/>\n<script type=\"application\/ld+json\" class=\"yoast-schema-graph\">{\"@context\":\"https:\/\/schema.org\",\"@graph\":[{\"@type\":\"Article\",\"@id\":\"https:\/\/www.datecuenta.org\/escuelalibre\/derechos-de-autor-y-derechos-de-imagen-en-fotografia\/#article\",\"isPartOf\":{\"@id\":\"https:\/\/www.datecuenta.org\/escuelalibre\/derechos-de-autor-y-derechos-de-imagen-en-fotografia\/\"},\"author\":{\"name\":\"Date Cuenta\",\"@id\":\"https:\/\/www.datecuenta.org\/escuelalibre\/#\/schema\/person\/2461c4b87eecd19501ff25c8158edfce\"},\"headline\":\"Todo sobre los derechos de autor y derechos de imagen en fotograf\u00eda\",\"datePublished\":\"2023-03-26T21:42:53+00:00\",\"dateModified\":\"2023-03-28T11:18:53+00:00\",\"mainEntityOfPage\":{\"@id\":\"https:\/\/www.datecuenta.org\/escuelalibre\/derechos-de-autor-y-derechos-de-imagen-en-fotografia\/\"},\"wordCount\":916,\"image\":{\"@id\":\"https:\/\/www.datecuenta.org\/escuelalibre\/derechos-de-autor-y-derechos-de-imagen-en-fotografia\/#primaryimage\"},\"thumbnailUrl\":\"https:\/\/www.datecuenta.org\/escuelalibre\/wp-content\/uploads\/2023\/03\/derechos-autor-derechos-imagen-1.jpg\",\"articleSection\":[\"BLOG\"],\"inLanguage\":\"es\"},{\"@type\":\"WebPage\",\"@id\":\"https:\/\/www.datecuenta.org\/escuelalibre\/derechos-de-autor-y-derechos-de-imagen-en-fotografia\/\",\"url\":\"https:\/\/www.datecuenta.org\/escuelalibre\/derechos-de-autor-y-derechos-de-imagen-en-fotografia\/\",\"name\":\"Todo sobre los derechos de autor y derechos de imagen en fotograf\u00eda\",\"isPartOf\":{\"@id\":\"https:\/\/www.datecuenta.org\/escuelalibre\/#website\"},\"primaryImageOfPage\":{\"@id\":\"https:\/\/www.datecuenta.org\/escuelalibre\/derechos-de-autor-y-derechos-de-imagen-en-fotografia\/#primaryimage\"},\"image\":{\"@id\":\"https:\/\/www.datecuenta.org\/escuelalibre\/derechos-de-autor-y-derechos-de-imagen-en-fotografia\/#primaryimage\"},\"thumbnailUrl\":\"https:\/\/www.datecuenta.org\/escuelalibre\/wp-content\/uploads\/2023\/03\/derechos-autor-derechos-imagen-1.jpg\",\"datePublished\":\"2023-03-26T21:42:53+00:00\",\"dateModified\":\"2023-03-28T11:18:53+00:00\",\"author\":{\"@id\":\"https:\/\/www.datecuenta.org\/escuelalibre\/#\/schema\/person\/2461c4b87eecd19501ff25c8158edfce\"},\"description\":\"Derechos de imagen y derechos de autor son t\u00e9rminos que es necesario comprender a fondo si nos queremos dedicar a la fotograf\u00eda.\",\"breadcrumb\":{\"@id\":\"https:\/\/www.datecuenta.org\/escuelalibre\/derechos-de-autor-y-derechos-de-imagen-en-fotografia\/#breadcrumb\"},\"inLanguage\":\"es\",\"potentialAction\":[{\"@type\":\"ReadAction\",\"target\":[\"https:\/\/www.datecuenta.org\/escuelalibre\/derechos-de-autor-y-derechos-de-imagen-en-fotografia\/\"]}]},{\"@type\":\"ImageObject\",\"inLanguage\":\"es\",\"@id\":\"https:\/\/www.datecuenta.org\/escuelalibre\/derechos-de-autor-y-derechos-de-imagen-en-fotografia\/#primaryimage\",\"url\":\"https:\/\/www.datecuenta.org\/escuelalibre\/wp-content\/uploads\/2023\/03\/derechos-autor-derechos-imagen-1.jpg\",\"contentUrl\":\"https:\/\/www.datecuenta.org\/escuelalibre\/wp-content\/uploads\/2023\/03\/derechos-autor-derechos-imagen-1.jpg\",\"width\":900,\"height\":600,\"caption\":\"Derechos de autor y derechos de imagen Albert Maso\"},{\"@type\":\"BreadcrumbList\",\"@id\":\"https:\/\/www.datecuenta.org\/escuelalibre\/derechos-de-autor-y-derechos-de-imagen-en-fotografia\/#breadcrumb\",\"itemListElement\":[{\"@type\":\"ListItem\",\"position\":1,\"name\":\"Portada\",\"item\":\"https:\/\/www.datecuenta.org\/escuelalibre\/\"},{\"@type\":\"ListItem\",\"position\":2,\"name\":\"Todo sobre los derechos de autor y derechos de imagen en fotograf\u00eda\"}]},{\"@type\":\"WebSite\",\"@id\":\"https:\/\/www.datecuenta.org\/escuelalibre\/#website\",\"url\":\"https:\/\/www.datecuenta.org\/escuelalibre\/\",\"name\":\"Escuela de fotograf\u00eda en Barcelona | DateCuenta\",\"description\":\"\",\"potentialAction\":[{\"@type\":\"SearchAction\",\"target\":{\"@type\":\"EntryPoint\",\"urlTemplate\":\"https:\/\/www.datecuenta.org\/escuelalibre\/?s={search_term_string}\"},\"query-input\":{\"@type\":\"PropertyValueSpecification\",\"valueRequired\":true,\"valueName\":\"search_term_string\"}}],\"inLanguage\":\"es\"},{\"@type\":\"Person\",\"@id\":\"https:\/\/www.datecuenta.org\/escuelalibre\/#\/schema\/person\/2461c4b87eecd19501ff25c8158edfce\",\"name\":\"Date Cuenta\",\"image\":{\"@type\":\"ImageObject\",\"inLanguage\":\"es\",\"@id\":\"https:\/\/www.datecuenta.org\/escuelalibre\/#\/schema\/person\/image\/\",\"url\":\"https:\/\/secure.gravatar.com\/avatar\/cef072a10d2f235035add558d19bd890155332fc9d829546849b6af5dba440c4?s=96&d=mm&r=g\",\"contentUrl\":\"https:\/\/secure.gravatar.com\/avatar\/cef072a10d2f235035add558d19bd890155332fc9d829546849b6af5dba440c4?s=96&d=mm&r=g\",\"caption\":\"Date Cuenta\"}}]}<\/script>\n<!-- \/ Yoast SEO plugin. -->","yoast_head_json":{"title":"Todo sobre los derechos de autor y derechos de imagen en fotograf\u00eda","description":"Derechos de imagen y derechos de autor son t\u00e9rminos que es necesario comprender a fondo si nos queremos dedicar a la fotograf\u00eda.","robots":{"index":"index","follow":"follow","max-snippet":"max-snippet:-1","max-image-preview":"max-image-preview:large","max-video-preview":"max-video-preview:-1"},"canonical":"https:\/\/www.datecuenta.org\/escuelalibre\/derechos-de-autor-y-derechos-de-imagen-en-fotografia\/","og_locale":"es_ES","og_type":"article","og_title":"Todo sobre los derechos de autor y derechos de imagen en fotograf\u00eda","og_description":"Derechos de imagen y derechos de autor son t\u00e9rminos que es necesario comprender a fondo si nos queremos dedicar a la fotograf\u00eda.","og_url":"https:\/\/www.datecuenta.org\/escuelalibre\/derechos-de-autor-y-derechos-de-imagen-en-fotografia\/","og_site_name":"Escuela de fotograf\u00eda en Barcelona | DateCuenta","article_published_time":"2023-03-26T21:42:53+00:00","article_modified_time":"2023-03-28T11:18:53+00:00","og_image":[{"width":900,"height":600,"url":"https:\/\/www.datecuenta.org\/escuelalibre\/wp-content\/uploads\/2023\/03\/derechos-autor-derechos-imagen-1-1.jpg","type":"image\/jpeg"}],"author":"Date Cuenta","twitter_card":"summary_large_image","twitter_misc":{"Escrito por":"Date Cuenta","Tiempo de lectura":"5 minutos"},"schema":{"@context":"https:\/\/schema.org","@graph":[{"@type":"Article","@id":"https:\/\/www.datecuenta.org\/escuelalibre\/derechos-de-autor-y-derechos-de-imagen-en-fotografia\/#article","isPartOf":{"@id":"https:\/\/www.datecuenta.org\/escuelalibre\/derechos-de-autor-y-derechos-de-imagen-en-fotografia\/"},"author":{"name":"Date Cuenta","@id":"https:\/\/www.datecuenta.org\/escuelalibre\/#\/schema\/person\/2461c4b87eecd19501ff25c8158edfce"},"headline":"Todo sobre los derechos de autor y derechos de imagen en fotograf\u00eda","datePublished":"2023-03-26T21:42:53+00:00","dateModified":"2023-03-28T11:18:53+00:00","mainEntityOfPage":{"@id":"https:\/\/www.datecuenta.org\/escuelalibre\/derechos-de-autor-y-derechos-de-imagen-en-fotografia\/"},"wordCount":916,"image":{"@id":"https:\/\/www.datecuenta.org\/escuelalibre\/derechos-de-autor-y-derechos-de-imagen-en-fotografia\/#primaryimage"},"thumbnailUrl":"https:\/\/www.datecuenta.org\/escuelalibre\/wp-content\/uploads\/2023\/03\/derechos-autor-derechos-imagen-1.jpg","articleSection":["BLOG"],"inLanguage":"es"},{"@type":"WebPage","@id":"https:\/\/www.datecuenta.org\/escuelalibre\/derechos-de-autor-y-derechos-de-imagen-en-fotografia\/","url":"https:\/\/www.datecuenta.org\/escuelalibre\/derechos-de-autor-y-derechos-de-imagen-en-fotografia\/","name":"Todo sobre los derechos de autor y derechos de imagen en fotograf\u00eda","isPartOf":{"@id":"https:\/\/www.datecuenta.org\/escuelalibre\/#website"},"primaryImageOfPage":{"@id":"https:\/\/www.datecuenta.org\/escuelalibre\/derechos-de-autor-y-derechos-de-imagen-en-fotografia\/#primaryimage"},"image":{"@id":"https:\/\/www.datecuenta.org\/escuelalibre\/derechos-de-autor-y-derechos-de-imagen-en-fotografia\/#primaryimage"},"thumbnailUrl":"https:\/\/www.datecuenta.org\/escuelalibre\/wp-content\/uploads\/2023\/03\/derechos-autor-derechos-imagen-1.jpg","datePublished":"2023-03-26T21:42:53+00:00","dateModified":"2023-03-28T11:18:53+00:00","author":{"@id":"https:\/\/www.datecuenta.org\/escuelalibre\/#\/schema\/person\/2461c4b87eecd19501ff25c8158edfce"},"description":"Derechos de imagen y derechos de autor son t\u00e9rminos que es necesario comprender a fondo si nos queremos dedicar a la fotograf\u00eda.","breadcrumb":{"@id":"https:\/\/www.datecuenta.org\/escuelalibre\/derechos-de-autor-y-derechos-de-imagen-en-fotografia\/#breadcrumb"},"inLanguage":"es","potentialAction":[{"@type":"ReadAction","target":["https:\/\/www.datecuenta.org\/escuelalibre\/derechos-de-autor-y-derechos-de-imagen-en-fotografia\/"]}]},{"@type":"ImageObject","inLanguage":"es","@id":"https:\/\/www.datecuenta.org\/escuelalibre\/derechos-de-autor-y-derechos-de-imagen-en-fotografia\/#primaryimage","url":"https:\/\/www.datecuenta.org\/escuelalibre\/wp-content\/uploads\/2023\/03\/derechos-autor-derechos-imagen-1.jpg","contentUrl":"https:\/\/www.datecuenta.org\/escuelalibre\/wp-content\/uploads\/2023\/03\/derechos-autor-derechos-imagen-1.jpg","width":900,"height":600,"caption":"Derechos de autor y derechos de imagen Albert Maso"},{"@type":"BreadcrumbList","@id":"https:\/\/www.datecuenta.org\/escuelalibre\/derechos-de-autor-y-derechos-de-imagen-en-fotografia\/#breadcrumb","itemListElement":[{"@type":"ListItem","position":1,"name":"Portada","item":"https:\/\/www.datecuenta.org\/escuelalibre\/"},{"@type":"ListItem","position":2,"name":"Todo sobre los derechos de autor y derechos de imagen en fotograf\u00eda"}]},{"@type":"WebSite","@id":"https:\/\/www.datecuenta.org\/escuelalibre\/#website","url":"https:\/\/www.datecuenta.org\/escuelalibre\/","name":"Escuela de fotograf\u00eda en Barcelona | DateCuenta","description":"","potentialAction":[{"@type":"SearchAction","target":{"@type":"EntryPoint","urlTemplate":"https:\/\/www.datecuenta.org\/escuelalibre\/?s={search_term_string}"},"query-input":{"@type":"PropertyValueSpecification","valueRequired":true,"valueName":"search_term_string"}}],"inLanguage":"es"},{"@type":"Person","@id":"https:\/\/www.datecuenta.org\/escuelalibre\/#\/schema\/person\/2461c4b87eecd19501ff25c8158edfce","name":"Date Cuenta","image":{"@type":"ImageObject","inLanguage":"es","@id":"https:\/\/www.datecuenta.org\/escuelalibre\/#\/schema\/person\/image\/","url":"https:\/\/secure.gravatar.com\/avatar\/cef072a10d2f235035add558d19bd890155332fc9d829546849b6af5dba440c4?s=96&d=mm&r=g","contentUrl":"https:\/\/secure.gravatar.com\/avatar\/cef072a10d2f235035add558d19bd890155332fc9d829546849b6af5dba440c4?s=96&d=mm&r=g","caption":"Date Cuenta"}}]}},"_links":{"self":[{"href":"https:\/\/www.datecuenta.org\/escuelalibre\/wp-json\/wp\/v2\/posts\/5869","targetHints":{"allow":["GET"]}}],"collection":[{"href":"https:\/\/www.datecuenta.org\/escuelalibre\/wp-json\/wp\/v2\/posts"}],"about":[{"href":"https:\/\/www.datecuenta.org\/escuelalibre\/wp-json\/wp\/v2\/types\/post"}],"author":[{"embeddable":true,"href":"https:\/\/www.datecuenta.org\/escuelalibre\/wp-json\/wp\/v2\/users\/1001002"}],"replies":[{"embeddable":true,"href":"https:\/\/www.datecuenta.org\/escuelalibre\/wp-json\/wp\/v2\/comments?post=5869"}],"version-history":[{"count":11,"href":"https:\/\/www.datecuenta.org\/escuelalibre\/wp-json\/wp\/v2\/posts\/5869\/revisions"}],"predecessor-version":[{"id":5887,"href":"https:\/\/www.datecuenta.org\/escuelalibre\/wp-json\/wp\/v2\/posts\/5869\/revisions\/5887"}],"wp:featuredmedia":[{"embeddable":true,"href":"https:\/\/www.datecuenta.org\/escuelalibre\/wp-json\/wp\/v2\/media\/5875"}],"wp:attachment":[{"href":"https:\/\/www.datecuenta.org\/escuelalibre\/wp-json\/wp\/v2\/media?parent=5869"}],"wp:term":[{"taxonomy":"category","embeddable":true,"href":"https:\/\/www.datecuenta.org\/escuelalibre\/wp-json\/wp\/v2\/categories?post=5869"},{"taxonomy":"post_tag","embeddable":true,"href":"https:\/\/www.datecuenta.org\/escuelalibre\/wp-json\/wp\/v2\/tags?post=5869"}],"curies":[{"name":"wp","href":"https:\/\/api.w.org\/{rel}","templated":true}]}}