{"id":6377,"date":"2023-11-21T17:45:43","date_gmt":"2023-11-21T17:45:43","guid":{"rendered":"https:\/\/www.datecuenta.org\/escuelalibre\/?p=6377"},"modified":"2023-12-18T14:48:54","modified_gmt":"2023-12-18T14:48:54","slug":"anna-surinyach-fotografia-conflictos","status":"publish","type":"post","link":"https:\/\/www.datecuenta.org\/escuelalibre\/anna-surinyach-fotografia-conflictos\/","title":{"rendered":"Anna Surinyach: c\u00f3mo seguir fotografiando conflictos"},"content":{"rendered":"\n<h2 class=\"wp-block-heading\"><strong>La fotoperiodista <\/strong>Anna Surinyach<strong>, primera masterclase del a\u00f1o<\/strong><\/h2>\n\n\n\n<p>La guerra de Ucrania ha provocado el mayor movimiento de personas de las \u00faltimas d\u00e9cadas. Pero no es el \u00fanico. Vivimos <strong>el momento de la historia en el que m\u00e1s personas se han visto obligadas a dejar sus hogares<\/strong> por diferentes causas relacionadas con todo tipo de violencias.<\/p>\n\n\n\n<p>Las guerras, la pobreza, las hambrunas y el cambio clim\u00e1tico han hecho que millones de familias dejen sus casas para poder seguir viviendo. Sin embargo, muchas veces se encuentran con muros f\u00edsicos, burocr\u00e1ticos y psicol\u00f3gicos. <strong>\u00bfC\u00f3mo contar todas esas historias a trav\u00e9s de las im\u00e1genes?<\/strong><\/p>\n\n\n\n<figure class=\"wp-block-image size-full\"><img loading=\"lazy\" decoding=\"async\" width=\"750\" height=\"500\" src=\"http:\/\/www.datecuenta.org\/escuelalibre\/wp-content\/uploads\/2023\/11\/mar-de-luto-anna-surinyach.jpg\" alt=\"\" class=\"wp-image-6378\" srcset=\"http:\/\/www.datecuenta.org\/escuelalibre\/wp-content\/uploads\/2023\/11\/mar-de-luto-anna-surinyach.jpg 750w, http:\/\/www.datecuenta.org\/escuelalibre\/wp-content\/uploads\/2023\/11\/mar-de-luto-anna-surinyach-480x320.jpg 480w\" sizes=\"(min-width: 0px) and (max-width: 480px) 480px, (min-width: 481px) 750px, 100vw\" \/><figcaption class=\"wp-element-caption\">En su proyecto \u00abMar de Luto\u00bb, la fotoperiodista ANNA SURINYACH aprendi\u00f3 a bucear para poder relatar y dignificar la vida de las personas migrantes que han perdido la vida en las peligrosas traves\u00edas mar\u00edtimas.<\/figcaption><\/figure>\n\n\n\n<h2 class=\"wp-block-heading\"><strong>Replantear las narrativas visuales: c\u00f3mo seguir fotografiando migraciones, conflictos y crisis humanitarias<\/strong><\/h2>\n\n\n\n<p>La fotoperiodista <strong>Anna Surinyach<\/strong> ha documentado movimientos de poblaci\u00f3n en diferentes partes del mundo: Afganist\u00e1n, Sud\u00e1n del Sur, Europa, el Mediterr\u00e1neo, Nigeria o Chad.<\/p>\n\n\n\n<p>En este encuentro, Anna nos mostrar\u00e1 personas a las que ha conocido, contextos en los que ha trabajado y hablar\u00e1 tambi\u00e9n de los dilemas y contradicciones con las que se ha encontrado a la hora de contar historias.<\/p>\n\n\n\n<p>Lo har\u00e1 en un formato interactivo, donde el alumnado de la escuela y el resto de asistentes puedan formar parte del debate que nos plantea, necesario no solo para las <strong>personas que quieran dedicarse al <a href=\"https:\/\/www.datecuenta.org\/escuelalibre\/curso-fotografia-fotoperiodismo\/\">fotoperiodismo<\/a><\/strong> o a la fotograf\u00eda, tambi\u00e9n para el p\u00fablico general que quiere <strong>fomentar su conciencia cr\u00edtica<\/strong> y su capacidad de lectura de noticias e im\u00e1genes.<\/p>\n\n\n\n<p><a href=\"https:\/\/www.revista5w.com\/autores\/anna-surinyach\" target=\"_blank\" rel=\"noreferrer noopener nofollow\">Anna Surinyach<\/a> (Barcelona, 1985) es una fot\u00f3grafa forjada en su trabajo durante a\u00f1os en la ONG M\u00e9dicos Sin Fronteras. Desde 2015 es fot\u00f3grafa <em>freelance,<\/em> cofundadora y editora gr\u00e1fica de la <a href=\"https:\/\/www.revista5w.com\/\" target=\"_blank\" rel=\"noreferrer noopener nofollow\">Revista 5W<\/a>.<em> <\/em>Ha dirigido varios documentales. En 2020 gan\u00f3 el Premio Desalambre a la perseverancia y hace muy poco le fue otorgado el Premio Zampaglione por su proyecto \u00abMar de Luto\u00bb. <\/p>\n\n\n\n<p>El evento ser\u00e1 en el <strong>Centre C\u00edvic Pati Llimona<\/strong> (carrer Regomir, 3 de Barcelona), el <strong>s\u00e1bado 16 de diciembre a las 11h<\/strong>. La entrada ser\u00e1 libre, como siempre.<\/p>\n","protected":false},"excerpt":{"rendered":"<p>La fotoperiodista Anna Surinyach, primera masterclase del a\u00f1o La guerra de Ucrania ha provocado el mayor movimiento de personas de las \u00faltimas d\u00e9cadas. Pero no es el \u00fanico. Vivimos el momento de la historia en el que m\u00e1s personas se han visto obligadas a dejar sus hogares por diferentes causas relacionadas con todo tipo de [&hellip;]<\/p>\n","protected":false},"author":1001002,"featured_media":6384,"comment_status":"closed","ping_status":"closed","sticky":false,"template":"","format":"standard","meta":{"_et_pb_use_builder":"off","_et_pb_old_content":"","_et_gb_content_width":"","content-type":"","_monsterinsights_skip_tracking":false,"_monsterinsights_sitenote_active":false,"_monsterinsights_sitenote_note":"","_monsterinsights_sitenote_category":0,"_joinchat":[],"footnotes":""},"categories":[187],"tags":[],"class_list":["post-6377","post","type-post","status-publish","format-standard","has-post-thumbnail","hentry","category-noticias"],"yoast_head":"<!-- This site is optimized with the Yoast SEO plugin v26.9 - https:\/\/yoast.com\/product\/yoast-seo-wordpress\/ -->\n<title>Anna Surinyach: c\u00f3mo seguir fotografiando conflictos<\/title>\n<meta name=\"description\" content=\"La fotoperiodista Anna Surinyach, primera masterclase del a\u00f1o de la escuela de fotograf\u00eda DateCuenta\" \/>\n<meta name=\"robots\" content=\"index, follow, max-snippet:-1, max-image-preview:large, max-video-preview:-1\" \/>\n<link rel=\"canonical\" href=\"https:\/\/www.datecuenta.org\/escuelalibre\/anna-surinyach-fotografia-conflictos\/\" \/>\n<meta property=\"og:locale\" content=\"es_ES\" \/>\n<meta property=\"og:type\" content=\"article\" \/>\n<meta property=\"og:title\" content=\"Anna Surinyach: c\u00f3mo seguir fotografiando conflictos\" \/>\n<meta property=\"og:description\" content=\"La fotoperiodista Anna Surinyach, primera masterclase del a\u00f1o de la escuela de fotograf\u00eda DateCuenta\" \/>\n<meta property=\"og:url\" content=\"https:\/\/www.datecuenta.org\/escuelalibre\/anna-surinyach-fotografia-conflictos\/\" \/>\n<meta property=\"og:site_name\" content=\"Escuela de fotograf\u00eda en Barcelona | DateCuenta\" \/>\n<meta property=\"article:published_time\" content=\"2023-11-21T17:45:43+00:00\" \/>\n<meta property=\"article:modified_time\" content=\"2023-12-18T14:48:54+00:00\" \/>\n<meta property=\"og:image\" content=\"http:\/\/www.datecuenta.org\/escuelalibre\/wp-content\/uploads\/2023\/11\/Mar-de-Luto-Anna-Surinyach-DateCuenta.jpg\" \/>\n\t<meta property=\"og:image:width\" content=\"900\" \/>\n\t<meta property=\"og:image:height\" content=\"600\" \/>\n\t<meta property=\"og:image:type\" content=\"image\/jpeg\" \/>\n<meta name=\"author\" content=\"Date Cuenta\" \/>\n<meta name=\"twitter:card\" content=\"summary_large_image\" \/>\n<meta name=\"twitter:label1\" content=\"Escrito por\" \/>\n\t<meta name=\"twitter:data1\" content=\"Date Cuenta\" \/>\n\t<meta name=\"twitter:label2\" content=\"Tiempo de lectura\" \/>\n\t<meta name=\"twitter:data2\" content=\"2 minutos\" \/>\n<script type=\"application\/ld+json\" class=\"yoast-schema-graph\">{\"@context\":\"https:\/\/schema.org\",\"@graph\":[{\"@type\":\"Article\",\"@id\":\"https:\/\/www.datecuenta.org\/escuelalibre\/anna-surinyach-fotografia-conflictos\/#article\",\"isPartOf\":{\"@id\":\"https:\/\/www.datecuenta.org\/escuelalibre\/anna-surinyach-fotografia-conflictos\/\"},\"author\":{\"name\":\"Date Cuenta\",\"@id\":\"https:\/\/www.datecuenta.org\/escuelalibre\/#\/schema\/person\/2461c4b87eecd19501ff25c8158edfce\"},\"headline\":\"Anna Surinyach: c\u00f3mo seguir fotografiando conflictos\",\"datePublished\":\"2023-11-21T17:45:43+00:00\",\"dateModified\":\"2023-12-18T14:48:54+00:00\",\"mainEntityOfPage\":{\"@id\":\"https:\/\/www.datecuenta.org\/escuelalibre\/anna-surinyach-fotografia-conflictos\/\"},\"wordCount\":390,\"image\":{\"@id\":\"https:\/\/www.datecuenta.org\/escuelalibre\/anna-surinyach-fotografia-conflictos\/#primaryimage\"},\"thumbnailUrl\":\"https:\/\/www.datecuenta.org\/escuelalibre\/wp-content\/uploads\/2023\/11\/Mar-de-Luto-Anna-Surinyach-DateCuenta.jpg\",\"articleSection\":[\"BLOG\"],\"inLanguage\":\"es\"},{\"@type\":\"WebPage\",\"@id\":\"https:\/\/www.datecuenta.org\/escuelalibre\/anna-surinyach-fotografia-conflictos\/\",\"url\":\"https:\/\/www.datecuenta.org\/escuelalibre\/anna-surinyach-fotografia-conflictos\/\",\"name\":\"Anna Surinyach: c\u00f3mo seguir fotografiando conflictos\",\"isPartOf\":{\"@id\":\"https:\/\/www.datecuenta.org\/escuelalibre\/#website\"},\"primaryImageOfPage\":{\"@id\":\"https:\/\/www.datecuenta.org\/escuelalibre\/anna-surinyach-fotografia-conflictos\/#primaryimage\"},\"image\":{\"@id\":\"https:\/\/www.datecuenta.org\/escuelalibre\/anna-surinyach-fotografia-conflictos\/#primaryimage\"},\"thumbnailUrl\":\"https:\/\/www.datecuenta.org\/escuelalibre\/wp-content\/uploads\/2023\/11\/Mar-de-Luto-Anna-Surinyach-DateCuenta.jpg\",\"datePublished\":\"2023-11-21T17:45:43+00:00\",\"dateModified\":\"2023-12-18T14:48:54+00:00\",\"author\":{\"@id\":\"https:\/\/www.datecuenta.org\/escuelalibre\/#\/schema\/person\/2461c4b87eecd19501ff25c8158edfce\"},\"description\":\"La fotoperiodista Anna Surinyach, primera masterclase del a\u00f1o de la escuela de fotograf\u00eda DateCuenta\",\"breadcrumb\":{\"@id\":\"https:\/\/www.datecuenta.org\/escuelalibre\/anna-surinyach-fotografia-conflictos\/#breadcrumb\"},\"inLanguage\":\"es\",\"potentialAction\":[{\"@type\":\"ReadAction\",\"target\":[\"https:\/\/www.datecuenta.org\/escuelalibre\/anna-surinyach-fotografia-conflictos\/\"]}]},{\"@type\":\"ImageObject\",\"inLanguage\":\"es\",\"@id\":\"https:\/\/www.datecuenta.org\/escuelalibre\/anna-surinyach-fotografia-conflictos\/#primaryimage\",\"url\":\"https:\/\/www.datecuenta.org\/escuelalibre\/wp-content\/uploads\/2023\/11\/Mar-de-Luto-Anna-Surinyach-DateCuenta.jpg\",\"contentUrl\":\"https:\/\/www.datecuenta.org\/escuelalibre\/wp-content\/uploads\/2023\/11\/Mar-de-Luto-Anna-Surinyach-DateCuenta.jpg\",\"width\":900,\"height\":600,\"caption\":\"Anna Surinyach Datecuenta\"},{\"@type\":\"BreadcrumbList\",\"@id\":\"https:\/\/www.datecuenta.org\/escuelalibre\/anna-surinyach-fotografia-conflictos\/#breadcrumb\",\"itemListElement\":[{\"@type\":\"ListItem\",\"position\":1,\"name\":\"Portada\",\"item\":\"https:\/\/www.datecuenta.org\/escuelalibre\/\"},{\"@type\":\"ListItem\",\"position\":2,\"name\":\"Anna Surinyach: c\u00f3mo seguir fotografiando conflictos\"}]},{\"@type\":\"WebSite\",\"@id\":\"https:\/\/www.datecuenta.org\/escuelalibre\/#website\",\"url\":\"https:\/\/www.datecuenta.org\/escuelalibre\/\",\"name\":\"Escuela de fotograf\u00eda en Barcelona | DateCuenta\",\"description\":\"\",\"potentialAction\":[{\"@type\":\"SearchAction\",\"target\":{\"@type\":\"EntryPoint\",\"urlTemplate\":\"https:\/\/www.datecuenta.org\/escuelalibre\/?s={search_term_string}\"},\"query-input\":{\"@type\":\"PropertyValueSpecification\",\"valueRequired\":true,\"valueName\":\"search_term_string\"}}],\"inLanguage\":\"es\"},{\"@type\":\"Person\",\"@id\":\"https:\/\/www.datecuenta.org\/escuelalibre\/#\/schema\/person\/2461c4b87eecd19501ff25c8158edfce\",\"name\":\"Date Cuenta\",\"image\":{\"@type\":\"ImageObject\",\"inLanguage\":\"es\",\"@id\":\"https:\/\/www.datecuenta.org\/escuelalibre\/#\/schema\/person\/image\/\",\"url\":\"https:\/\/secure.gravatar.com\/avatar\/cef072a10d2f235035add558d19bd890155332fc9d829546849b6af5dba440c4?s=96&d=mm&r=g\",\"contentUrl\":\"https:\/\/secure.gravatar.com\/avatar\/cef072a10d2f235035add558d19bd890155332fc9d829546849b6af5dba440c4?s=96&d=mm&r=g\",\"caption\":\"Date Cuenta\"}}]}<\/script>\n<!-- \/ Yoast SEO plugin. -->","yoast_head_json":{"title":"Anna Surinyach: c\u00f3mo seguir fotografiando conflictos","description":"La fotoperiodista Anna Surinyach, primera masterclase del a\u00f1o de la escuela de fotograf\u00eda DateCuenta","robots":{"index":"index","follow":"follow","max-snippet":"max-snippet:-1","max-image-preview":"max-image-preview:large","max-video-preview":"max-video-preview:-1"},"canonical":"https:\/\/www.datecuenta.org\/escuelalibre\/anna-surinyach-fotografia-conflictos\/","og_locale":"es_ES","og_type":"article","og_title":"Anna Surinyach: c\u00f3mo seguir fotografiando conflictos","og_description":"La fotoperiodista Anna Surinyach, primera masterclase del a\u00f1o de la escuela de fotograf\u00eda DateCuenta","og_url":"https:\/\/www.datecuenta.org\/escuelalibre\/anna-surinyach-fotografia-conflictos\/","og_site_name":"Escuela de fotograf\u00eda en Barcelona | DateCuenta","article_published_time":"2023-11-21T17:45:43+00:00","article_modified_time":"2023-12-18T14:48:54+00:00","og_image":[{"width":900,"height":600,"url":"http:\/\/www.datecuenta.org\/escuelalibre\/wp-content\/uploads\/2023\/11\/Mar-de-Luto-Anna-Surinyach-DateCuenta.jpg","type":"image\/jpeg"}],"author":"Date Cuenta","twitter_card":"summary_large_image","twitter_misc":{"Escrito por":"Date Cuenta","Tiempo de lectura":"2 minutos"},"schema":{"@context":"https:\/\/schema.org","@graph":[{"@type":"Article","@id":"https:\/\/www.datecuenta.org\/escuelalibre\/anna-surinyach-fotografia-conflictos\/#article","isPartOf":{"@id":"https:\/\/www.datecuenta.org\/escuelalibre\/anna-surinyach-fotografia-conflictos\/"},"author":{"name":"Date Cuenta","@id":"https:\/\/www.datecuenta.org\/escuelalibre\/#\/schema\/person\/2461c4b87eecd19501ff25c8158edfce"},"headline":"Anna Surinyach: c\u00f3mo seguir fotografiando conflictos","datePublished":"2023-11-21T17:45:43+00:00","dateModified":"2023-12-18T14:48:54+00:00","mainEntityOfPage":{"@id":"https:\/\/www.datecuenta.org\/escuelalibre\/anna-surinyach-fotografia-conflictos\/"},"wordCount":390,"image":{"@id":"https:\/\/www.datecuenta.org\/escuelalibre\/anna-surinyach-fotografia-conflictos\/#primaryimage"},"thumbnailUrl":"https:\/\/www.datecuenta.org\/escuelalibre\/wp-content\/uploads\/2023\/11\/Mar-de-Luto-Anna-Surinyach-DateCuenta.jpg","articleSection":["BLOG"],"inLanguage":"es"},{"@type":"WebPage","@id":"https:\/\/www.datecuenta.org\/escuelalibre\/anna-surinyach-fotografia-conflictos\/","url":"https:\/\/www.datecuenta.org\/escuelalibre\/anna-surinyach-fotografia-conflictos\/","name":"Anna Surinyach: c\u00f3mo seguir fotografiando conflictos","isPartOf":{"@id":"https:\/\/www.datecuenta.org\/escuelalibre\/#website"},"primaryImageOfPage":{"@id":"https:\/\/www.datecuenta.org\/escuelalibre\/anna-surinyach-fotografia-conflictos\/#primaryimage"},"image":{"@id":"https:\/\/www.datecuenta.org\/escuelalibre\/anna-surinyach-fotografia-conflictos\/#primaryimage"},"thumbnailUrl":"https:\/\/www.datecuenta.org\/escuelalibre\/wp-content\/uploads\/2023\/11\/Mar-de-Luto-Anna-Surinyach-DateCuenta.jpg","datePublished":"2023-11-21T17:45:43+00:00","dateModified":"2023-12-18T14:48:54+00:00","author":{"@id":"https:\/\/www.datecuenta.org\/escuelalibre\/#\/schema\/person\/2461c4b87eecd19501ff25c8158edfce"},"description":"La fotoperiodista Anna Surinyach, primera masterclase del a\u00f1o de la escuela de fotograf\u00eda DateCuenta","breadcrumb":{"@id":"https:\/\/www.datecuenta.org\/escuelalibre\/anna-surinyach-fotografia-conflictos\/#breadcrumb"},"inLanguage":"es","potentialAction":[{"@type":"ReadAction","target":["https:\/\/www.datecuenta.org\/escuelalibre\/anna-surinyach-fotografia-conflictos\/"]}]},{"@type":"ImageObject","inLanguage":"es","@id":"https:\/\/www.datecuenta.org\/escuelalibre\/anna-surinyach-fotografia-conflictos\/#primaryimage","url":"https:\/\/www.datecuenta.org\/escuelalibre\/wp-content\/uploads\/2023\/11\/Mar-de-Luto-Anna-Surinyach-DateCuenta.jpg","contentUrl":"https:\/\/www.datecuenta.org\/escuelalibre\/wp-content\/uploads\/2023\/11\/Mar-de-Luto-Anna-Surinyach-DateCuenta.jpg","width":900,"height":600,"caption":"Anna Surinyach Datecuenta"},{"@type":"BreadcrumbList","@id":"https:\/\/www.datecuenta.org\/escuelalibre\/anna-surinyach-fotografia-conflictos\/#breadcrumb","itemListElement":[{"@type":"ListItem","position":1,"name":"Portada","item":"https:\/\/www.datecuenta.org\/escuelalibre\/"},{"@type":"ListItem","position":2,"name":"Anna Surinyach: c\u00f3mo seguir fotografiando conflictos"}]},{"@type":"WebSite","@id":"https:\/\/www.datecuenta.org\/escuelalibre\/#website","url":"https:\/\/www.datecuenta.org\/escuelalibre\/","name":"Escuela de fotograf\u00eda en Barcelona | DateCuenta","description":"","potentialAction":[{"@type":"SearchAction","target":{"@type":"EntryPoint","urlTemplate":"https:\/\/www.datecuenta.org\/escuelalibre\/?s={search_term_string}"},"query-input":{"@type":"PropertyValueSpecification","valueRequired":true,"valueName":"search_term_string"}}],"inLanguage":"es"},{"@type":"Person","@id":"https:\/\/www.datecuenta.org\/escuelalibre\/#\/schema\/person\/2461c4b87eecd19501ff25c8158edfce","name":"Date Cuenta","image":{"@type":"ImageObject","inLanguage":"es","@id":"https:\/\/www.datecuenta.org\/escuelalibre\/#\/schema\/person\/image\/","url":"https:\/\/secure.gravatar.com\/avatar\/cef072a10d2f235035add558d19bd890155332fc9d829546849b6af5dba440c4?s=96&d=mm&r=g","contentUrl":"https:\/\/secure.gravatar.com\/avatar\/cef072a10d2f235035add558d19bd890155332fc9d829546849b6af5dba440c4?s=96&d=mm&r=g","caption":"Date Cuenta"}}]}},"_links":{"self":[{"href":"https:\/\/www.datecuenta.org\/escuelalibre\/wp-json\/wp\/v2\/posts\/6377","targetHints":{"allow":["GET"]}}],"collection":[{"href":"https:\/\/www.datecuenta.org\/escuelalibre\/wp-json\/wp\/v2\/posts"}],"about":[{"href":"https:\/\/www.datecuenta.org\/escuelalibre\/wp-json\/wp\/v2\/types\/post"}],"author":[{"embeddable":true,"href":"https:\/\/www.datecuenta.org\/escuelalibre\/wp-json\/wp\/v2\/users\/1001002"}],"replies":[{"embeddable":true,"href":"https:\/\/www.datecuenta.org\/escuelalibre\/wp-json\/wp\/v2\/comments?post=6377"}],"version-history":[{"count":5,"href":"https:\/\/www.datecuenta.org\/escuelalibre\/wp-json\/wp\/v2\/posts\/6377\/revisions"}],"predecessor-version":[{"id":6470,"href":"https:\/\/www.datecuenta.org\/escuelalibre\/wp-json\/wp\/v2\/posts\/6377\/revisions\/6470"}],"wp:featuredmedia":[{"embeddable":true,"href":"https:\/\/www.datecuenta.org\/escuelalibre\/wp-json\/wp\/v2\/media\/6384"}],"wp:attachment":[{"href":"https:\/\/www.datecuenta.org\/escuelalibre\/wp-json\/wp\/v2\/media?parent=6377"}],"wp:term":[{"taxonomy":"category","embeddable":true,"href":"https:\/\/www.datecuenta.org\/escuelalibre\/wp-json\/wp\/v2\/categories?post=6377"},{"taxonomy":"post_tag","embeddable":true,"href":"https:\/\/www.datecuenta.org\/escuelalibre\/wp-json\/wp\/v2\/tags?post=6377"}],"curies":[{"name":"wp","href":"https:\/\/api.w.org\/{rel}","templated":true}]}}