{"id":6468,"date":"2024-03-04T16:23:48","date_gmt":"2024-03-04T16:23:48","guid":{"rendered":"https:\/\/www.datecuenta.org\/escuelalibre\/?p=6468"},"modified":"2024-03-04T16:24:30","modified_gmt":"2024-03-04T16:24:30","slug":"lourdes-segade","status":"publish","type":"post","link":"https:\/\/www.datecuenta.org\/escuelalibre\/lourdes-segade\/","title":{"rendered":"Lourdes Segade: fotografiar para ser"},"content":{"rendered":"\n<h2 class=\"wp-block-heading\"><strong>Lourdes Segade: la <\/strong>fotograf\u00eda<strong> como proceso de <\/strong>transformaci\u00f3n personal<\/h2>\n\n\n\n<p>Lourdes Segade sabe que m\u00e1s all\u00e1 del clic \u2013y mucho m\u00e1s aqu\u00ed\u2013 hay todo un mundo que habitualmente desconocemos. Seducidos por la cultura de lo r\u00e1pido, los resultados y la est\u00e9tica vac\u00eda, abducidos por nuestra propia opini\u00f3n sobre las cosas y queriendo manifestarla ah\u00ed afuera a toda costa, ignoramos y dejamos de experimentar las bondades de un proceso, el <strong>proceso fotogr\u00e1fico<\/strong>, que puede ser una v\u00eda de desarrollo humano, individual y colectivo.<\/p>\n\n\n\n<p>El <strong>acto fotogr\u00e1fico no se hace s\u00f3lo con los ojos<\/strong>; ser\u00eda deseable que fuese un acto de escucha integral y que el impulso de expresi\u00f3n saliera de lugares m\u00e1s profundos, que fuese ejecutado con algo m\u00e1s que la mera voluntad de capturar, de apropiarse visualmente de algo externo, que fuese <strong>parte de una exploraci\u00f3n y reflexi\u00f3n personal<\/strong>, un paso m\u00e1s en un proceso de indagaci\u00f3n y expresi\u00f3n sobre c\u00f3mo es y c\u00f3mo est\u00e1 en el mundo quien est\u00e1 fotografiando.<\/p>\n\n\n\n<p>En \u00faltima instancia, el acto fotogr\u00e1fico es un acto de contemplaci\u00f3n de la realidad que se manifiesta, interna y externa; y podr\u00eda ser una reverencia a ella.<\/p>\n\n\n\n<p>Pero, <strong>\u00bfd\u00f3nde estamos mientras fotografiamos?<\/strong> \u00bfEstamos presentes? \u00bfEstamos abiertas y conscientes? \u00bfC\u00f3mo nos limitamos en el proceso de fotografiar? \u00bfD\u00f3nde ponemos nuestro coraz\u00f3n?<\/p>\n\n\n\n<p>En este encuentro con <strong><a href=\"https:\/\/www.lourdessegadeterapias.com\" target=\"_blank\" rel=\"noreferrer noopener nofollow\">Lourdes <\/a><a href=\"https:\/\/www.instagram.com\/lourdessegadeterapias\" target=\"_blank\" rel=\"noreferrer noopener nofollow\">Segade<\/a><\/strong>, facilitadora de procesos de autoconocimiento y transformaci\u00f3n que utiliza el trabajo con im\u00e1genes de distintas formas, conversaremos sobre aspectos del proceso fotogr\u00e1fico que no solemos tener en cuenta y sobre c\u00f3mo podemos servirnos de \u00e9l y ponernos al servicio para conocernos, transformarnos y establecer nuevas relaciones con nosotras mismas, con los dem\u00e1s y con la Vida.<\/p>\n\n\n\n<p>En el transcurso de la masterclase, <strong>Lourdes Segade propondr\u00e1 alg\u00fan ejercicio para que quienes asistan puedan experimentar nuevas formas de mirar<\/strong>.<\/p>\n\n\n\n<p>El encuentro ser\u00e1 el pr\u00f3ximo <strong>s\u00e1bado 16 de marzo a las 11h<\/strong> en el Centre C\u00edvic Pati Llimona de Barcelona.<\/p>\n\n\n\n<p>La entrada es libre hasta completar el aforo.<\/p>\n\n\n\n<figure class=\"wp-block-image size-full\"><img loading=\"lazy\" decoding=\"async\" width=\"800\" height=\"800\" src=\"https:\/\/www.datecuenta.org\/escuelalibre\/wp-content\/uploads\/2024\/02\/lourdes-segade-2-1.jpg\" alt=\"\" class=\"wp-image-6474\" srcset=\"https:\/\/www.datecuenta.org\/escuelalibre\/wp-content\/uploads\/2024\/02\/lourdes-segade-2-1.jpg 800w, https:\/\/www.datecuenta.org\/escuelalibre\/wp-content\/uploads\/2024\/02\/lourdes-segade-2-1-480x480.jpg 480w\" sizes=\"(min-width: 0px) and (max-width: 480px) 480px, (min-width: 481px) 800px, 100vw\" \/><figcaption class=\"wp-element-caption\">Cama. FOTO: \u00a9 Lourdes Segade<\/figcaption><\/figure>\n\n\n\n<h2 class=\"wp-block-heading\">La fotoperiodista que cambi\u00f3 su mirada para seguir transformando<\/h2>\n\n\n\n<p>Tras casi 20 a\u00f1os como fot\u00f3grafa independiente y despu\u00e9s de hacerse un hueco en el panorama fotogr\u00e1fico nacional e internacional, <strong>Lourdes Segade dio un giro a su carrera por una profunda crisis vital <\/strong>y al sentir una llamada vocacional en el acompa\u00f1amiento de procesos de autoconocimiento y transformaci\u00f3n. Desde 2015, en paralelo a la docencia de la fotograf\u00eda como herramienta de desarrollo humano, a la que se dedica desde hace 15 a\u00f1os, se ha formado en Terapia Gestalt, Constelaciones Familiares, PNL, trabajo corporal y art\u00edstico y otras disciplinas y herramientas que pone al servicio de los procesos de las personas que acompa\u00f1a. <\/p>\n\n\n\n<p>Actualmente, su trabajo se centra en acompa\u00f1amientos en consulta individual y a parejas que quieren mejorar su relaci\u00f3n, as\u00ed como en talleres grupales. El trabajo con im\u00e1genes \u2013incluyendo la fotograf\u00eda, entre otros abordajes\u2013 es una de las herramientas en que est\u00e1 especializada.<\/p>\n\n\n\n<p><\/p>\n","protected":false},"excerpt":{"rendered":"<p>La segunda masterclase del a\u00f1o se llevar\u00e1 a cabo por Lourdes Segade, quien nos har\u00e1 experimentar el proceso fotogr\u00e1fico como un proceso de transformacion personal<\/p>\n","protected":false},"author":1001002,"featured_media":6476,"comment_status":"closed","ping_status":"closed","sticky":false,"template":"","format":"standard","meta":{"_et_pb_use_builder":"off","_et_pb_old_content":"","_et_gb_content_width":"","content-type":"","_monsterinsights_skip_tracking":false,"_monsterinsights_sitenote_active":false,"_monsterinsights_sitenote_note":"","_monsterinsights_sitenote_category":0,"_joinchat":[],"footnotes":""},"categories":[187],"tags":[],"class_list":["post-6468","post","type-post","status-publish","format-standard","has-post-thumbnail","hentry","category-noticias"],"yoast_head":"<!-- This site is optimized with the Yoast SEO plugin v26.9 - https:\/\/yoast.com\/product\/yoast-seo-wordpress\/ -->\n<title>Lourdes Segade: fotografiar para ser<\/title>\n<meta name=\"description\" content=\"La segunda masterclase del a\u00f1o se llevar\u00e1 a cabo por Lourdes Segade, quien nos har\u00e1 experimentar el proceso fotogr\u00e1fico como un proceso de transformaci\u00f3n personal\" \/>\n<meta name=\"robots\" content=\"index, follow, max-snippet:-1, max-image-preview:large, max-video-preview:-1\" \/>\n<link rel=\"canonical\" href=\"https:\/\/www.datecuenta.org\/escuelalibre\/lourdes-segade\/\" \/>\n<meta property=\"og:locale\" content=\"es_ES\" \/>\n<meta property=\"og:type\" content=\"article\" \/>\n<meta property=\"og:title\" content=\"Lourdes Segade: fotografiar para ser\" \/>\n<meta property=\"og:description\" content=\"La segunda masterclase del a\u00f1o se llevar\u00e1 a cabo por Lourdes Segade, quien nos har\u00e1 experimentar el proceso fotogr\u00e1fico como un proceso de transformaci\u00f3n personal\" \/>\n<meta property=\"og:url\" content=\"https:\/\/www.datecuenta.org\/escuelalibre\/lourdes-segade\/\" \/>\n<meta property=\"og:site_name\" content=\"Escuela de fotograf\u00eda en Barcelona | DateCuenta\" \/>\n<meta property=\"article:published_time\" content=\"2024-03-04T16:23:48+00:00\" \/>\n<meta property=\"article:modified_time\" content=\"2024-03-04T16:24:30+00:00\" \/>\n<meta property=\"og:image\" content=\"http:\/\/www.datecuenta.org\/escuelalibre\/wp-content\/uploads\/2024\/02\/Yo_silencio.jpg\" \/>\n\t<meta property=\"og:image:width\" content=\"1353\" \/>\n\t<meta property=\"og:image:height\" content=\"1353\" \/>\n\t<meta property=\"og:image:type\" content=\"image\/jpeg\" \/>\n<meta name=\"author\" content=\"Date Cuenta\" \/>\n<meta name=\"twitter:card\" content=\"summary_large_image\" \/>\n<meta name=\"twitter:label1\" content=\"Escrito por\" \/>\n\t<meta name=\"twitter:data1\" content=\"Date Cuenta\" \/>\n\t<meta name=\"twitter:label2\" content=\"Tiempo de lectura\" \/>\n\t<meta name=\"twitter:data2\" content=\"3 minutos\" \/>\n<script type=\"application\/ld+json\" class=\"yoast-schema-graph\">{\"@context\":\"https:\/\/schema.org\",\"@graph\":[{\"@type\":\"Article\",\"@id\":\"https:\/\/www.datecuenta.org\/escuelalibre\/lourdes-segade\/#article\",\"isPartOf\":{\"@id\":\"https:\/\/www.datecuenta.org\/escuelalibre\/lourdes-segade\/\"},\"author\":{\"name\":\"Date Cuenta\",\"@id\":\"https:\/\/www.datecuenta.org\/escuelalibre\/#\/schema\/person\/2461c4b87eecd19501ff25c8158edfce\"},\"headline\":\"Lourdes Segade: fotografiar para ser\",\"datePublished\":\"2024-03-04T16:23:48+00:00\",\"dateModified\":\"2024-03-04T16:24:30+00:00\",\"mainEntityOfPage\":{\"@id\":\"https:\/\/www.datecuenta.org\/escuelalibre\/lourdes-segade\/\"},\"wordCount\":532,\"image\":{\"@id\":\"https:\/\/www.datecuenta.org\/escuelalibre\/lourdes-segade\/#primaryimage\"},\"thumbnailUrl\":\"https:\/\/www.datecuenta.org\/escuelalibre\/wp-content\/uploads\/2024\/02\/Yo_silencio.jpg\",\"articleSection\":[\"BLOG\"],\"inLanguage\":\"es\"},{\"@type\":\"WebPage\",\"@id\":\"https:\/\/www.datecuenta.org\/escuelalibre\/lourdes-segade\/\",\"url\":\"https:\/\/www.datecuenta.org\/escuelalibre\/lourdes-segade\/\",\"name\":\"Lourdes Segade: fotografiar para ser\",\"isPartOf\":{\"@id\":\"https:\/\/www.datecuenta.org\/escuelalibre\/#website\"},\"primaryImageOfPage\":{\"@id\":\"https:\/\/www.datecuenta.org\/escuelalibre\/lourdes-segade\/#primaryimage\"},\"image\":{\"@id\":\"https:\/\/www.datecuenta.org\/escuelalibre\/lourdes-segade\/#primaryimage\"},\"thumbnailUrl\":\"https:\/\/www.datecuenta.org\/escuelalibre\/wp-content\/uploads\/2024\/02\/Yo_silencio.jpg\",\"datePublished\":\"2024-03-04T16:23:48+00:00\",\"dateModified\":\"2024-03-04T16:24:30+00:00\",\"author\":{\"@id\":\"https:\/\/www.datecuenta.org\/escuelalibre\/#\/schema\/person\/2461c4b87eecd19501ff25c8158edfce\"},\"description\":\"La segunda masterclase del a\u00f1o se llevar\u00e1 a cabo por Lourdes Segade, quien nos har\u00e1 experimentar el proceso fotogr\u00e1fico como un proceso de transformaci\u00f3n personal\",\"breadcrumb\":{\"@id\":\"https:\/\/www.datecuenta.org\/escuelalibre\/lourdes-segade\/#breadcrumb\"},\"inLanguage\":\"es\",\"potentialAction\":[{\"@type\":\"ReadAction\",\"target\":[\"https:\/\/www.datecuenta.org\/escuelalibre\/lourdes-segade\/\"]}]},{\"@type\":\"ImageObject\",\"inLanguage\":\"es\",\"@id\":\"https:\/\/www.datecuenta.org\/escuelalibre\/lourdes-segade\/#primaryimage\",\"url\":\"https:\/\/www.datecuenta.org\/escuelalibre\/wp-content\/uploads\/2024\/02\/Yo_silencio.jpg\",\"contentUrl\":\"https:\/\/www.datecuenta.org\/escuelalibre\/wp-content\/uploads\/2024\/02\/Yo_silencio.jpg\",\"width\":1353,\"height\":1353,\"caption\":\"Yo. Silencio. FOTO: Lourdes Segade\"},{\"@type\":\"BreadcrumbList\",\"@id\":\"https:\/\/www.datecuenta.org\/escuelalibre\/lourdes-segade\/#breadcrumb\",\"itemListElement\":[{\"@type\":\"ListItem\",\"position\":1,\"name\":\"Portada\",\"item\":\"https:\/\/www.datecuenta.org\/escuelalibre\/\"},{\"@type\":\"ListItem\",\"position\":2,\"name\":\"Lourdes Segade: fotografiar para ser\"}]},{\"@type\":\"WebSite\",\"@id\":\"https:\/\/www.datecuenta.org\/escuelalibre\/#website\",\"url\":\"https:\/\/www.datecuenta.org\/escuelalibre\/\",\"name\":\"Escuela de fotograf\u00eda en Barcelona | DateCuenta\",\"description\":\"\",\"potentialAction\":[{\"@type\":\"SearchAction\",\"target\":{\"@type\":\"EntryPoint\",\"urlTemplate\":\"https:\/\/www.datecuenta.org\/escuelalibre\/?s={search_term_string}\"},\"query-input\":{\"@type\":\"PropertyValueSpecification\",\"valueRequired\":true,\"valueName\":\"search_term_string\"}}],\"inLanguage\":\"es\"},{\"@type\":\"Person\",\"@id\":\"https:\/\/www.datecuenta.org\/escuelalibre\/#\/schema\/person\/2461c4b87eecd19501ff25c8158edfce\",\"name\":\"Date Cuenta\",\"image\":{\"@type\":\"ImageObject\",\"inLanguage\":\"es\",\"@id\":\"https:\/\/www.datecuenta.org\/escuelalibre\/#\/schema\/person\/image\/\",\"url\":\"https:\/\/secure.gravatar.com\/avatar\/cef072a10d2f235035add558d19bd890155332fc9d829546849b6af5dba440c4?s=96&d=mm&r=g\",\"contentUrl\":\"https:\/\/secure.gravatar.com\/avatar\/cef072a10d2f235035add558d19bd890155332fc9d829546849b6af5dba440c4?s=96&d=mm&r=g\",\"caption\":\"Date Cuenta\"}}]}<\/script>\n<!-- \/ Yoast SEO plugin. -->","yoast_head_json":{"title":"Lourdes Segade: fotografiar para ser","description":"La segunda masterclase del a\u00f1o se llevar\u00e1 a cabo por Lourdes Segade, quien nos har\u00e1 experimentar el proceso fotogr\u00e1fico como un proceso de transformaci\u00f3n personal","robots":{"index":"index","follow":"follow","max-snippet":"max-snippet:-1","max-image-preview":"max-image-preview:large","max-video-preview":"max-video-preview:-1"},"canonical":"https:\/\/www.datecuenta.org\/escuelalibre\/lourdes-segade\/","og_locale":"es_ES","og_type":"article","og_title":"Lourdes Segade: fotografiar para ser","og_description":"La segunda masterclase del a\u00f1o se llevar\u00e1 a cabo por Lourdes Segade, quien nos har\u00e1 experimentar el proceso fotogr\u00e1fico como un proceso de transformaci\u00f3n personal","og_url":"https:\/\/www.datecuenta.org\/escuelalibre\/lourdes-segade\/","og_site_name":"Escuela de fotograf\u00eda en Barcelona | DateCuenta","article_published_time":"2024-03-04T16:23:48+00:00","article_modified_time":"2024-03-04T16:24:30+00:00","og_image":[{"width":1353,"height":1353,"url":"http:\/\/www.datecuenta.org\/escuelalibre\/wp-content\/uploads\/2024\/02\/Yo_silencio.jpg","type":"image\/jpeg"}],"author":"Date Cuenta","twitter_card":"summary_large_image","twitter_misc":{"Escrito por":"Date Cuenta","Tiempo de lectura":"3 minutos"},"schema":{"@context":"https:\/\/schema.org","@graph":[{"@type":"Article","@id":"https:\/\/www.datecuenta.org\/escuelalibre\/lourdes-segade\/#article","isPartOf":{"@id":"https:\/\/www.datecuenta.org\/escuelalibre\/lourdes-segade\/"},"author":{"name":"Date Cuenta","@id":"https:\/\/www.datecuenta.org\/escuelalibre\/#\/schema\/person\/2461c4b87eecd19501ff25c8158edfce"},"headline":"Lourdes Segade: fotografiar para ser","datePublished":"2024-03-04T16:23:48+00:00","dateModified":"2024-03-04T16:24:30+00:00","mainEntityOfPage":{"@id":"https:\/\/www.datecuenta.org\/escuelalibre\/lourdes-segade\/"},"wordCount":532,"image":{"@id":"https:\/\/www.datecuenta.org\/escuelalibre\/lourdes-segade\/#primaryimage"},"thumbnailUrl":"https:\/\/www.datecuenta.org\/escuelalibre\/wp-content\/uploads\/2024\/02\/Yo_silencio.jpg","articleSection":["BLOG"],"inLanguage":"es"},{"@type":"WebPage","@id":"https:\/\/www.datecuenta.org\/escuelalibre\/lourdes-segade\/","url":"https:\/\/www.datecuenta.org\/escuelalibre\/lourdes-segade\/","name":"Lourdes Segade: fotografiar para ser","isPartOf":{"@id":"https:\/\/www.datecuenta.org\/escuelalibre\/#website"},"primaryImageOfPage":{"@id":"https:\/\/www.datecuenta.org\/escuelalibre\/lourdes-segade\/#primaryimage"},"image":{"@id":"https:\/\/www.datecuenta.org\/escuelalibre\/lourdes-segade\/#primaryimage"},"thumbnailUrl":"https:\/\/www.datecuenta.org\/escuelalibre\/wp-content\/uploads\/2024\/02\/Yo_silencio.jpg","datePublished":"2024-03-04T16:23:48+00:00","dateModified":"2024-03-04T16:24:30+00:00","author":{"@id":"https:\/\/www.datecuenta.org\/escuelalibre\/#\/schema\/person\/2461c4b87eecd19501ff25c8158edfce"},"description":"La segunda masterclase del a\u00f1o se llevar\u00e1 a cabo por Lourdes Segade, quien nos har\u00e1 experimentar el proceso fotogr\u00e1fico como un proceso de transformaci\u00f3n personal","breadcrumb":{"@id":"https:\/\/www.datecuenta.org\/escuelalibre\/lourdes-segade\/#breadcrumb"},"inLanguage":"es","potentialAction":[{"@type":"ReadAction","target":["https:\/\/www.datecuenta.org\/escuelalibre\/lourdes-segade\/"]}]},{"@type":"ImageObject","inLanguage":"es","@id":"https:\/\/www.datecuenta.org\/escuelalibre\/lourdes-segade\/#primaryimage","url":"https:\/\/www.datecuenta.org\/escuelalibre\/wp-content\/uploads\/2024\/02\/Yo_silencio.jpg","contentUrl":"https:\/\/www.datecuenta.org\/escuelalibre\/wp-content\/uploads\/2024\/02\/Yo_silencio.jpg","width":1353,"height":1353,"caption":"Yo. Silencio. FOTO: Lourdes Segade"},{"@type":"BreadcrumbList","@id":"https:\/\/www.datecuenta.org\/escuelalibre\/lourdes-segade\/#breadcrumb","itemListElement":[{"@type":"ListItem","position":1,"name":"Portada","item":"https:\/\/www.datecuenta.org\/escuelalibre\/"},{"@type":"ListItem","position":2,"name":"Lourdes Segade: fotografiar para ser"}]},{"@type":"WebSite","@id":"https:\/\/www.datecuenta.org\/escuelalibre\/#website","url":"https:\/\/www.datecuenta.org\/escuelalibre\/","name":"Escuela de fotograf\u00eda en Barcelona | DateCuenta","description":"","potentialAction":[{"@type":"SearchAction","target":{"@type":"EntryPoint","urlTemplate":"https:\/\/www.datecuenta.org\/escuelalibre\/?s={search_term_string}"},"query-input":{"@type":"PropertyValueSpecification","valueRequired":true,"valueName":"search_term_string"}}],"inLanguage":"es"},{"@type":"Person","@id":"https:\/\/www.datecuenta.org\/escuelalibre\/#\/schema\/person\/2461c4b87eecd19501ff25c8158edfce","name":"Date Cuenta","image":{"@type":"ImageObject","inLanguage":"es","@id":"https:\/\/www.datecuenta.org\/escuelalibre\/#\/schema\/person\/image\/","url":"https:\/\/secure.gravatar.com\/avatar\/cef072a10d2f235035add558d19bd890155332fc9d829546849b6af5dba440c4?s=96&d=mm&r=g","contentUrl":"https:\/\/secure.gravatar.com\/avatar\/cef072a10d2f235035add558d19bd890155332fc9d829546849b6af5dba440c4?s=96&d=mm&r=g","caption":"Date Cuenta"}}]}},"_links":{"self":[{"href":"https:\/\/www.datecuenta.org\/escuelalibre\/wp-json\/wp\/v2\/posts\/6468","targetHints":{"allow":["GET"]}}],"collection":[{"href":"https:\/\/www.datecuenta.org\/escuelalibre\/wp-json\/wp\/v2\/posts"}],"about":[{"href":"https:\/\/www.datecuenta.org\/escuelalibre\/wp-json\/wp\/v2\/types\/post"}],"author":[{"embeddable":true,"href":"https:\/\/www.datecuenta.org\/escuelalibre\/wp-json\/wp\/v2\/users\/1001002"}],"replies":[{"embeddable":true,"href":"https:\/\/www.datecuenta.org\/escuelalibre\/wp-json\/wp\/v2\/comments?post=6468"}],"version-history":[{"count":7,"href":"https:\/\/www.datecuenta.org\/escuelalibre\/wp-json\/wp\/v2\/posts\/6468\/revisions"}],"predecessor-version":[{"id":6480,"href":"https:\/\/www.datecuenta.org\/escuelalibre\/wp-json\/wp\/v2\/posts\/6468\/revisions\/6480"}],"wp:featuredmedia":[{"embeddable":true,"href":"https:\/\/www.datecuenta.org\/escuelalibre\/wp-json\/wp\/v2\/media\/6476"}],"wp:attachment":[{"href":"https:\/\/www.datecuenta.org\/escuelalibre\/wp-json\/wp\/v2\/media?parent=6468"}],"wp:term":[{"taxonomy":"category","embeddable":true,"href":"https:\/\/www.datecuenta.org\/escuelalibre\/wp-json\/wp\/v2\/categories?post=6468"},{"taxonomy":"post_tag","embeddable":true,"href":"https:\/\/www.datecuenta.org\/escuelalibre\/wp-json\/wp\/v2\/tags?post=6468"}],"curies":[{"name":"wp","href":"https:\/\/api.w.org\/{rel}","templated":true}]}}