{"id":6489,"date":"2024-03-16T22:09:27","date_gmt":"2024-03-16T22:09:27","guid":{"rendered":"https:\/\/www.datecuenta.org\/escuelalibre\/?p=6489"},"modified":"2024-03-29T19:09:46","modified_gmt":"2024-03-29T19:09:46","slug":"lourdes-segade-proceso-fotografico","status":"publish","type":"post","link":"https:\/\/www.datecuenta.org\/escuelalibre\/lourdes-segade-proceso-fotografico\/","title":{"rendered":"Lourdes Segade: \u00abEs necesario habitar el proceso fotogr\u00e1fico\u00bb"},"content":{"rendered":"\n<blockquote class=\"wp-block-quote is-layout-flow wp-block-quote-is-layout-flow\">\n<p><strong>Hace once a\u00f1os que conoc\u00ed a <a href=\"https:\/\/www.lourdessegadeterapias.com\/\" target=\"_blank\" rel=\"noreferrer noopener nofollow\">Lourdes Segade<\/a>, como invitada en la masterclase del tercer a\u00f1o de vida de la <a href=\"http:\/\/https;\/\/datecuenta.org\/escuelalibre\" target=\"_blank\" rel=\"noreferrer noopener\">escuela DateCuenta<\/a>. Por entonces era una fot\u00f3grafa que colaboraba con el New York Times, auguraba una proyecci\u00f3n internacional exitosa y animaba al alumnado a llamar a las puertas de los medios sin importar lo grande que fueran. Pero su mirada cambi\u00f3.<\/strong><\/p>\n<\/blockquote>\n\n\n\n<h4 class=\"wp-block-heading\"><strong>Por AITOR FERN\u00c1NDEZ. Fotograf\u00edas de GABRIEL BRAU<\/strong><\/h4>\n\n\n\n<p>\u201cYo era una fot\u00f3grafa que hac\u00eda fotos de personas, que trataba de comprender la vida de otros. Mi mirada era hacia fuera. La gente me preguntaba: \u00bfc\u00f3mo pod\u00edas estar ah\u00ed?\u201d<\/p>\n\n\n\n<p>Cuando la conoc\u00ed, Lourdes Segade era una fot\u00f3grafa de la intimidad. Se acercaba a historias que normalmente no eran contadas por los medios de comunicaci\u00f3n masivos: la vejez, las enfermedades raras\u2026 Las personas le abr\u00edan su mundo y su coraz\u00f3n de manera generosa. Ella las fotografiaba en sus momentos m\u00e1s vulnerables.<\/p>\n\n\n\n<p>En 2011, a la madre de Lourdes le diagnosticaron un c\u00e1ncer y a ella se le desmoron\u00f3 el mundo. Enseguida se le revel\u00f3 la necesidad de utilizar la fotograf\u00eda para documentar lo que pasaba. Era lo que hab\u00eda hecho siempre. Pero algo pas\u00f3 en su interior, porque finalmente decidi\u00f3 no hacerlo.<\/p>\n\n\n\n<p>Cogi\u00f3 una c\u00e1mara lomogr\u00e1fica, de pl\u00e1stico, porque era peque\u00f1a, impredecible t\u00e9cnicamente, como lo que ella sent\u00eda en aquellos momentos. Se compr\u00f3 un cuaderno y empez\u00f3 a pegar en \u00e9l las fotograf\u00edas que hac\u00eda. En \u00e9l escribi\u00f3 tambi\u00e9n las reflexiones que le ven\u00edan a la mente:<\/p>\n\n\n\n<p>\u201cEs la primera vez que sue\u00f1o que mam\u00e1 tiene c\u00e1ncer\u201d.<\/p>\n\n\n\n<p>Lo hizo para s\u00ed misma, para calmar la ansiedad, para tratar de comprender el rev\u00e9s que le hab\u00eda dado la vida. Pero a\u00f1os despu\u00e9s volvi\u00f3 a revisitar el trabajo y se dio cuenta de que era algo muy valioso. Su mirada empez\u00f3 a cambiar en aquel momento.<\/p>\n\n\n\n<h2 class=\"wp-block-heading\"><strong>\u00bfQui\u00e9n soy?<\/strong><\/h2>\n\n\n\n<p>En un mundo en el que vivimos \u201cdesorden por compulsi\u00f3n visual\u201d, seg\u00fan ella misma lo define, pensamos que nuestra fotograf\u00eda es \u201ccojonuda\u201d si nos dan un mont\u00f3n de <em>likes<\/em> y, por el contrario, que no vale la pena si no los recibe.<\/p>\n\n\n\n<p>Sin embargo no nos paramos a pensar porqu\u00e9 hacemos nuestro trabajo o si lo hacemos desde el amor. No estamos presentes en lo que hacemos.<\/p>\n\n\n\n<p>El \u201c\u00e9xito\u201d de Lourdes continu\u00f3. Recibi\u00f3 dos becas en residencias art\u00edsticas sin haberlas pedido. Se ve\u00eda rodeada de artistas de m\u00faltiples disciplinas y ella, con su mirada bidimensional, no sab\u00eda qu\u00e9 hacer. Aquello la empez\u00f3 a cambiar. Dej\u00f3 de contar historias de personas para enfocarse en s\u00ed misma. Dej\u00f3 de preguntarse qui\u00e9n eres para preguntarse qui\u00e9n soy.<\/p>\n\n\n\n<figure class=\"wp-block-image size-full\"><img loading=\"lazy\" decoding=\"async\" width=\"900\" height=\"600\" src=\"http:\/\/www.datecuenta.org\/escuelalibre\/wp-content\/uploads\/2024\/03\/Lourdes-Segade-proceso-fotografico-1.jpg\" alt=\"Lourdes Segade, durante la masterclase del pasado 16 de marzo | Foto: GABRIEL BRAU\" class=\"wp-image-6492\" srcset=\"http:\/\/www.datecuenta.org\/escuelalibre\/wp-content\/uploads\/2024\/03\/Lourdes-Segade-proceso-fotografico-1.jpg 900w, http:\/\/www.datecuenta.org\/escuelalibre\/wp-content\/uploads\/2024\/03\/Lourdes-Segade-proceso-fotografico-1-480x320.jpg 480w\" sizes=\"(min-width: 0px) and (max-width: 480px) 480px, (min-width: 481px) 900px, 100vw\" \/><figcaption class=\"wp-element-caption\">Lourdes Segade, durante la masterclase del pasado 16 de marzo | Foto: GABRIEL BRAU<\/figcaption><\/figure>\n\n\n\n<h2 class=\"wp-block-heading\"><strong>No miramos<\/strong><\/h2>\n\n\n\n<p>\u201cA veces creemos que elegimos, pero es una falsa sensaci\u00f3n. Vivimos en un proceso autom\u00e1tico, en una zona de confort. Cuando fotografiamos es igual. No nos damos cuenta de que lo que hacemos es autom\u00e1tico y dejamos de habitar el proceso fotogr\u00e1fico. Dejamos de vivir los instantes como si fueran \u00fanicos\u201d.<\/p>\n\n\n\n<p>El proceso fotogr\u00e1fico es cerrado (el encuadre, la fragmentaci\u00f3n del tiempo\u2026) y es dif\u00edcil pensar que podamos vivirlo de otra manera. La propuesta que hace Lourdes es abrir. Dejar el ego a un lado y abrir. Dejar la forma a un lado y abrir. Dejar la meta a un lado y abrir. Abrir para empezar a vivir, a disfrutar del proceso, a conocernos a trav\u00e9s del proceso. Dejar de pensar si la foto es buena o es mala. Lo importante es aprender a reconocer c\u00f3mo hemos llegado ah\u00ed.<\/p>\n\n\n\n<p>Cada d\u00eda pasan por nuestros ojos multitud de situaciones que desechamos porque no las miramos. Pero si realizamos el acto fotogr\u00e1fico no solo con los ojos, si no con todo el ser, con todo el cuerpo, empezar\u00e1n a pasarnos cosas maravillosas. Naturalmente no es una cosa que se decida y se consiga de un d\u00eda para otro, es algo que necesita entrenamiento.<\/p>\n\n\n\n<p>Lourdes nos propone diferentes ejercicios para desarrollar la percepci\u00f3n y para conocernos mejor. Podemos cerrar los ojos y observar las sensaciones corporales sin juzgarlas; podemos observar la realidad en panor\u00e1mica, abriendo la mirada; podemos revisar nuestro trabajo despu\u00e9s de un tiempo y analizar los patrones que se repiten y no estamos eligiendo; podemos responder a un texto o una pel\u00edcula con una fotograf\u00eda. Podemos parar, para escucharnos y para escuchar.<\/p>\n\n\n\n<figure class=\"wp-block-image size-full\"><img loading=\"lazy\" decoding=\"async\" width=\"900\" height=\"600\" src=\"https:\/\/www.datecuenta.org\/escuelalibre\/wp-content\/uploads\/2024\/03\/Lourdes-Segade-proceso-fotografico-3-1.jpg\" alt=\"Lourdes Segade, durante la masterclase del pasado 16 de marzo | Foto: GABRIEL BRAU\" class=\"wp-image-6495\" srcset=\"https:\/\/www.datecuenta.org\/escuelalibre\/wp-content\/uploads\/2024\/03\/Lourdes-Segade-proceso-fotografico-3-1.jpg 900w, https:\/\/www.datecuenta.org\/escuelalibre\/wp-content\/uploads\/2024\/03\/Lourdes-Segade-proceso-fotografico-3-1-480x320.jpg 480w\" sizes=\"(min-width: 0px) and (max-width: 480px) 480px, (min-width: 481px) 900px, 100vw\" \/><figcaption class=\"wp-element-caption\">Lourdes Segade realiz\u00f3 varios ejercicios para que el p\u00fablico pudiera trabajar la consciencia | Foto: GABRIEL BRAU<\/figcaption><\/figure>\n\n\n\n<h2 class=\"wp-block-heading\"><strong>No creamos nada<\/strong><\/h2>\n\n\n\n<p>\u201cNo creamos nada, todo est\u00e1 creado ya. Nos creemos que hacemos la vida, pero la vida nos hace a nosotras. Si mis ojos no estuvieran ma\u00f1ana, todo seguir\u00eda exactamente igual que hoy. Pero si un d\u00eda me quedo ciega, ma\u00f1ana podr\u00e9 seguir mirando\u201d.<\/p>\n\n\n\n<p>A menudo el ego invade el proceso fotogr\u00e1fico y creemos que hay que adoptar un estilo para que se nos valore, para que se nos reconozca. \u00bfD\u00f3nde queda, entonces, aquello que nos aproxim\u00f3 a la fotograf\u00eda por primera vez? \u00bfAquello que quisimos encontrar en este recurso de expresi\u00f3n que posibilita tanto crecimiento personal?<\/p>\n\n\n\n<p>Para Lourdes, la fotograf\u00eda ha dejado de ser obra y proyecci\u00f3n personal. Utiliza la fotograf\u00eda como herramienta de conocimiento personal y para ayudar a otras personas a conocerse y a transformarse a s\u00ed mismas.<\/p>\n\n\n\n<figure class=\"wp-block-image size-full\"><img loading=\"lazy\" decoding=\"async\" width=\"900\" height=\"600\" src=\"http:\/\/www.datecuenta.org\/escuelalibre\/wp-content\/uploads\/2024\/03\/Lourdes-Segade-proceso-fotografico-4.jpg\" alt=\"\" class=\"wp-image-6494\" srcset=\"http:\/\/www.datecuenta.org\/escuelalibre\/wp-content\/uploads\/2024\/03\/Lourdes-Segade-proceso-fotografico-4.jpg 900w, http:\/\/www.datecuenta.org\/escuelalibre\/wp-content\/uploads\/2024\/03\/Lourdes-Segade-proceso-fotografico-4-480x320.jpg 480w\" sizes=\"(min-width: 0px) and (max-width: 480px) 480px, (min-width: 481px) 900px, 100vw\" \/><figcaption class=\"wp-element-caption\">La propuesta de Lourdes Segade apuesta por habitar el proceso fotogr\u00e1fico | Foto: GABRIEL BRAU <\/figcaption><\/figure>\n\n\n\n<h2 class=\"wp-block-heading\"><strong>Encontrar la belleza<\/strong><\/h2>\n\n\n\n<p>Lourdes Segade <a href=\"https:\/\/www.instagram.com\/photomohican\" target=\"_blank\" rel=\"noreferrer noopener nofollow\">tiene un proyecto fotogr\u00e1fico<\/a> que durar\u00e1 toda la vida, en el que va fotografiando elementos cotidianos que le asombran y la conectan con la Vida (s\u00ed, Lourdes lo escribe as\u00ed, con may\u00fascula). Para la mayor\u00eda pasar\u00edan desapercibidos, pero ah\u00ed es donde ella encuentra la belleza: una remolacha cortada por un cuchillo todav\u00eda h\u00famedo por el zumo lila, la sombra de un cable en la pared que parece una l\u00ednea de monta\u00f1as, la boca llena de helado de su sobrino que a otro le dar\u00eda asco pero que a ella le hace percibir el sabor. La fruta podrida que tiene un nuevo tipo de Vida dentro de s\u00ed.<\/p>\n\n\n\n<p>La propuesta de Lourdes tiene que ver con habitar el proceso fotogr\u00e1fico, con disparar poniendo toda la carne en el asador. Debemos hacer la foto que nos est\u00e1 llamando y no la que creemos que tenemos que hacer. Lourdes reconoce que su propuesta es dif\u00edcil y requiere decisi\u00f3n, pero sabe que es aprovechable en todo tipo de fotograf\u00eda y que tiene un poder de transformaci\u00f3n arrollador.<\/p>\n\n\n\n<p>\u201cPocas veces fotografiamos cosas que nos incomodan. Quiz\u00e1 es ah\u00ed donde debamos ir, y donde debamos permitirnos encontrar la belleza\u201d.<\/p>\n","protected":false},"excerpt":{"rendered":"<p>Hace once a\u00f1os que conoc\u00ed a Lourdes Segade, como invitada en la masterclase del tercer a\u00f1o de vida de la escuela DateCuenta. Por entonces era una fot\u00f3grafa que colaboraba con el New York Times, auguraba una proyecci\u00f3n internacional exitosa y animaba al alumnado a llamar a las puertas de los medios sin importar lo grande [&hellip;]<\/p>\n","protected":false},"author":1001002,"featured_media":6491,"comment_status":"closed","ping_status":"closed","sticky":false,"template":"","format":"standard","meta":{"_et_pb_use_builder":"off","_et_pb_old_content":"","_et_gb_content_width":"","content-type":"","_monsterinsights_skip_tracking":false,"_monsterinsights_sitenote_active":false,"_monsterinsights_sitenote_note":"","_monsterinsights_sitenote_category":0,"_joinchat":[],"footnotes":""},"categories":[187],"tags":[],"class_list":["post-6489","post","type-post","status-publish","format-standard","has-post-thumbnail","hentry","category-noticias"],"yoast_head":"<!-- This site is optimized with the Yoast SEO plugin v26.9 - https:\/\/yoast.com\/product\/yoast-seo-wordpress\/ -->\n<title>Lourdes Segade: &quot;Es necesario habitar el proceso fotogr\u00e1fico&quot;<\/title>\n<meta name=\"robots\" content=\"index, follow, max-snippet:-1, max-image-preview:large, max-video-preview:-1\" \/>\n<link rel=\"canonical\" href=\"https:\/\/www.datecuenta.org\/escuelalibre\/lourdes-segade-proceso-fotografico\/\" \/>\n<meta property=\"og:locale\" content=\"es_ES\" \/>\n<meta property=\"og:type\" content=\"article\" \/>\n<meta property=\"og:title\" content=\"Lourdes Segade: &quot;Es necesario habitar el proceso fotogr\u00e1fico&quot;\" \/>\n<meta property=\"og:description\" content=\"Hace once a\u00f1os que conoc\u00ed a Lourdes Segade, como invitada en la masterclase del tercer a\u00f1o de vida de la escuela DateCuenta. Por entonces era una fot\u00f3grafa que colaboraba con el New York Times, auguraba una proyecci\u00f3n internacional exitosa y animaba al alumnado a llamar a las puertas de los medios sin importar lo grande [&hellip;]\" \/>\n<meta property=\"og:url\" content=\"https:\/\/www.datecuenta.org\/escuelalibre\/lourdes-segade-proceso-fotografico\/\" \/>\n<meta property=\"og:site_name\" content=\"Escuela de fotograf\u00eda en Barcelona | DateCuenta\" \/>\n<meta property=\"article:published_time\" content=\"2024-03-16T22:09:27+00:00\" \/>\n<meta property=\"article:modified_time\" content=\"2024-03-29T19:09:46+00:00\" \/>\n<meta property=\"og:image\" content=\"http:\/\/www.datecuenta.org\/escuelalibre\/wp-content\/uploads\/2024\/03\/Lourdes-Segade-proceso-fotografico-2.jpg\" \/>\n\t<meta property=\"og:image:width\" content=\"900\" \/>\n\t<meta property=\"og:image:height\" content=\"600\" \/>\n\t<meta property=\"og:image:type\" content=\"image\/jpeg\" \/>\n<meta name=\"author\" content=\"Date Cuenta\" \/>\n<meta name=\"twitter:card\" content=\"summary_large_image\" \/>\n<meta name=\"twitter:label1\" content=\"Escrito por\" \/>\n\t<meta name=\"twitter:data1\" content=\"Date Cuenta\" \/>\n\t<meta name=\"twitter:label2\" content=\"Tiempo de lectura\" \/>\n\t<meta name=\"twitter:data2\" content=\"6 minutos\" \/>\n<script type=\"application\/ld+json\" class=\"yoast-schema-graph\">{\"@context\":\"https:\/\/schema.org\",\"@graph\":[{\"@type\":\"Article\",\"@id\":\"https:\/\/www.datecuenta.org\/escuelalibre\/lourdes-segade-proceso-fotografico\/#article\",\"isPartOf\":{\"@id\":\"https:\/\/www.datecuenta.org\/escuelalibre\/lourdes-segade-proceso-fotografico\/\"},\"author\":{\"name\":\"Date Cuenta\",\"@id\":\"https:\/\/www.datecuenta.org\/escuelalibre\/#\/schema\/person\/2461c4b87eecd19501ff25c8158edfce\"},\"headline\":\"Lourdes Segade: \u00abEs necesario habitar el proceso fotogr\u00e1fico\u00bb\",\"datePublished\":\"2024-03-16T22:09:27+00:00\",\"dateModified\":\"2024-03-29T19:09:46+00:00\",\"mainEntityOfPage\":{\"@id\":\"https:\/\/www.datecuenta.org\/escuelalibre\/lourdes-segade-proceso-fotografico\/\"},\"wordCount\":1172,\"image\":{\"@id\":\"https:\/\/www.datecuenta.org\/escuelalibre\/lourdes-segade-proceso-fotografico\/#primaryimage\"},\"thumbnailUrl\":\"https:\/\/www.datecuenta.org\/escuelalibre\/wp-content\/uploads\/2024\/03\/Lourdes-Segade-proceso-fotografico-2.jpg\",\"articleSection\":[\"BLOG\"],\"inLanguage\":\"es\"},{\"@type\":\"WebPage\",\"@id\":\"https:\/\/www.datecuenta.org\/escuelalibre\/lourdes-segade-proceso-fotografico\/\",\"url\":\"https:\/\/www.datecuenta.org\/escuelalibre\/lourdes-segade-proceso-fotografico\/\",\"name\":\"Lourdes Segade: \\\"Es necesario habitar el proceso fotogr\u00e1fico\\\"\",\"isPartOf\":{\"@id\":\"https:\/\/www.datecuenta.org\/escuelalibre\/#website\"},\"primaryImageOfPage\":{\"@id\":\"https:\/\/www.datecuenta.org\/escuelalibre\/lourdes-segade-proceso-fotografico\/#primaryimage\"},\"image\":{\"@id\":\"https:\/\/www.datecuenta.org\/escuelalibre\/lourdes-segade-proceso-fotografico\/#primaryimage\"},\"thumbnailUrl\":\"https:\/\/www.datecuenta.org\/escuelalibre\/wp-content\/uploads\/2024\/03\/Lourdes-Segade-proceso-fotografico-2.jpg\",\"datePublished\":\"2024-03-16T22:09:27+00:00\",\"dateModified\":\"2024-03-29T19:09:46+00:00\",\"author\":{\"@id\":\"https:\/\/www.datecuenta.org\/escuelalibre\/#\/schema\/person\/2461c4b87eecd19501ff25c8158edfce\"},\"breadcrumb\":{\"@id\":\"https:\/\/www.datecuenta.org\/escuelalibre\/lourdes-segade-proceso-fotografico\/#breadcrumb\"},\"inLanguage\":\"es\",\"potentialAction\":[{\"@type\":\"ReadAction\",\"target\":[\"https:\/\/www.datecuenta.org\/escuelalibre\/lourdes-segade-proceso-fotografico\/\"]}]},{\"@type\":\"ImageObject\",\"inLanguage\":\"es\",\"@id\":\"https:\/\/www.datecuenta.org\/escuelalibre\/lourdes-segade-proceso-fotografico\/#primaryimage\",\"url\":\"https:\/\/www.datecuenta.org\/escuelalibre\/wp-content\/uploads\/2024\/03\/Lourdes-Segade-proceso-fotografico-2.jpg\",\"contentUrl\":\"https:\/\/www.datecuenta.org\/escuelalibre\/wp-content\/uploads\/2024\/03\/Lourdes-Segade-proceso-fotografico-2.jpg\",\"width\":900,\"height\":600},{\"@type\":\"BreadcrumbList\",\"@id\":\"https:\/\/www.datecuenta.org\/escuelalibre\/lourdes-segade-proceso-fotografico\/#breadcrumb\",\"itemListElement\":[{\"@type\":\"ListItem\",\"position\":1,\"name\":\"Portada\",\"item\":\"https:\/\/www.datecuenta.org\/escuelalibre\/\"},{\"@type\":\"ListItem\",\"position\":2,\"name\":\"Lourdes Segade: \u00abEs necesario habitar el proceso fotogr\u00e1fico\u00bb\"}]},{\"@type\":\"WebSite\",\"@id\":\"https:\/\/www.datecuenta.org\/escuelalibre\/#website\",\"url\":\"https:\/\/www.datecuenta.org\/escuelalibre\/\",\"name\":\"Escuela de fotograf\u00eda en Barcelona | DateCuenta\",\"description\":\"\",\"potentialAction\":[{\"@type\":\"SearchAction\",\"target\":{\"@type\":\"EntryPoint\",\"urlTemplate\":\"https:\/\/www.datecuenta.org\/escuelalibre\/?s={search_term_string}\"},\"query-input\":{\"@type\":\"PropertyValueSpecification\",\"valueRequired\":true,\"valueName\":\"search_term_string\"}}],\"inLanguage\":\"es\"},{\"@type\":\"Person\",\"@id\":\"https:\/\/www.datecuenta.org\/escuelalibre\/#\/schema\/person\/2461c4b87eecd19501ff25c8158edfce\",\"name\":\"Date Cuenta\",\"image\":{\"@type\":\"ImageObject\",\"inLanguage\":\"es\",\"@id\":\"https:\/\/www.datecuenta.org\/escuelalibre\/#\/schema\/person\/image\/\",\"url\":\"https:\/\/secure.gravatar.com\/avatar\/cef072a10d2f235035add558d19bd890155332fc9d829546849b6af5dba440c4?s=96&d=mm&r=g\",\"contentUrl\":\"https:\/\/secure.gravatar.com\/avatar\/cef072a10d2f235035add558d19bd890155332fc9d829546849b6af5dba440c4?s=96&d=mm&r=g\",\"caption\":\"Date Cuenta\"}}]}<\/script>\n<!-- \/ Yoast SEO plugin. -->","yoast_head_json":{"title":"Lourdes Segade: \"Es necesario habitar el proceso fotogr\u00e1fico\"","robots":{"index":"index","follow":"follow","max-snippet":"max-snippet:-1","max-image-preview":"max-image-preview:large","max-video-preview":"max-video-preview:-1"},"canonical":"https:\/\/www.datecuenta.org\/escuelalibre\/lourdes-segade-proceso-fotografico\/","og_locale":"es_ES","og_type":"article","og_title":"Lourdes Segade: \"Es necesario habitar el proceso fotogr\u00e1fico\"","og_description":"Hace once a\u00f1os que conoc\u00ed a Lourdes Segade, como invitada en la masterclase del tercer a\u00f1o de vida de la escuela DateCuenta. Por entonces era una fot\u00f3grafa que colaboraba con el New York Times, auguraba una proyecci\u00f3n internacional exitosa y animaba al alumnado a llamar a las puertas de los medios sin importar lo grande [&hellip;]","og_url":"https:\/\/www.datecuenta.org\/escuelalibre\/lourdes-segade-proceso-fotografico\/","og_site_name":"Escuela de fotograf\u00eda en Barcelona | DateCuenta","article_published_time":"2024-03-16T22:09:27+00:00","article_modified_time":"2024-03-29T19:09:46+00:00","og_image":[{"width":900,"height":600,"url":"http:\/\/www.datecuenta.org\/escuelalibre\/wp-content\/uploads\/2024\/03\/Lourdes-Segade-proceso-fotografico-2.jpg","type":"image\/jpeg"}],"author":"Date Cuenta","twitter_card":"summary_large_image","twitter_misc":{"Escrito por":"Date Cuenta","Tiempo de lectura":"6 minutos"},"schema":{"@context":"https:\/\/schema.org","@graph":[{"@type":"Article","@id":"https:\/\/www.datecuenta.org\/escuelalibre\/lourdes-segade-proceso-fotografico\/#article","isPartOf":{"@id":"https:\/\/www.datecuenta.org\/escuelalibre\/lourdes-segade-proceso-fotografico\/"},"author":{"name":"Date Cuenta","@id":"https:\/\/www.datecuenta.org\/escuelalibre\/#\/schema\/person\/2461c4b87eecd19501ff25c8158edfce"},"headline":"Lourdes Segade: \u00abEs necesario habitar el proceso fotogr\u00e1fico\u00bb","datePublished":"2024-03-16T22:09:27+00:00","dateModified":"2024-03-29T19:09:46+00:00","mainEntityOfPage":{"@id":"https:\/\/www.datecuenta.org\/escuelalibre\/lourdes-segade-proceso-fotografico\/"},"wordCount":1172,"image":{"@id":"https:\/\/www.datecuenta.org\/escuelalibre\/lourdes-segade-proceso-fotografico\/#primaryimage"},"thumbnailUrl":"https:\/\/www.datecuenta.org\/escuelalibre\/wp-content\/uploads\/2024\/03\/Lourdes-Segade-proceso-fotografico-2.jpg","articleSection":["BLOG"],"inLanguage":"es"},{"@type":"WebPage","@id":"https:\/\/www.datecuenta.org\/escuelalibre\/lourdes-segade-proceso-fotografico\/","url":"https:\/\/www.datecuenta.org\/escuelalibre\/lourdes-segade-proceso-fotografico\/","name":"Lourdes Segade: \"Es necesario habitar el proceso fotogr\u00e1fico\"","isPartOf":{"@id":"https:\/\/www.datecuenta.org\/escuelalibre\/#website"},"primaryImageOfPage":{"@id":"https:\/\/www.datecuenta.org\/escuelalibre\/lourdes-segade-proceso-fotografico\/#primaryimage"},"image":{"@id":"https:\/\/www.datecuenta.org\/escuelalibre\/lourdes-segade-proceso-fotografico\/#primaryimage"},"thumbnailUrl":"https:\/\/www.datecuenta.org\/escuelalibre\/wp-content\/uploads\/2024\/03\/Lourdes-Segade-proceso-fotografico-2.jpg","datePublished":"2024-03-16T22:09:27+00:00","dateModified":"2024-03-29T19:09:46+00:00","author":{"@id":"https:\/\/www.datecuenta.org\/escuelalibre\/#\/schema\/person\/2461c4b87eecd19501ff25c8158edfce"},"breadcrumb":{"@id":"https:\/\/www.datecuenta.org\/escuelalibre\/lourdes-segade-proceso-fotografico\/#breadcrumb"},"inLanguage":"es","potentialAction":[{"@type":"ReadAction","target":["https:\/\/www.datecuenta.org\/escuelalibre\/lourdes-segade-proceso-fotografico\/"]}]},{"@type":"ImageObject","inLanguage":"es","@id":"https:\/\/www.datecuenta.org\/escuelalibre\/lourdes-segade-proceso-fotografico\/#primaryimage","url":"https:\/\/www.datecuenta.org\/escuelalibre\/wp-content\/uploads\/2024\/03\/Lourdes-Segade-proceso-fotografico-2.jpg","contentUrl":"https:\/\/www.datecuenta.org\/escuelalibre\/wp-content\/uploads\/2024\/03\/Lourdes-Segade-proceso-fotografico-2.jpg","width":900,"height":600},{"@type":"BreadcrumbList","@id":"https:\/\/www.datecuenta.org\/escuelalibre\/lourdes-segade-proceso-fotografico\/#breadcrumb","itemListElement":[{"@type":"ListItem","position":1,"name":"Portada","item":"https:\/\/www.datecuenta.org\/escuelalibre\/"},{"@type":"ListItem","position":2,"name":"Lourdes Segade: \u00abEs necesario habitar el proceso fotogr\u00e1fico\u00bb"}]},{"@type":"WebSite","@id":"https:\/\/www.datecuenta.org\/escuelalibre\/#website","url":"https:\/\/www.datecuenta.org\/escuelalibre\/","name":"Escuela de fotograf\u00eda en Barcelona | DateCuenta","description":"","potentialAction":[{"@type":"SearchAction","target":{"@type":"EntryPoint","urlTemplate":"https:\/\/www.datecuenta.org\/escuelalibre\/?s={search_term_string}"},"query-input":{"@type":"PropertyValueSpecification","valueRequired":true,"valueName":"search_term_string"}}],"inLanguage":"es"},{"@type":"Person","@id":"https:\/\/www.datecuenta.org\/escuelalibre\/#\/schema\/person\/2461c4b87eecd19501ff25c8158edfce","name":"Date Cuenta","image":{"@type":"ImageObject","inLanguage":"es","@id":"https:\/\/www.datecuenta.org\/escuelalibre\/#\/schema\/person\/image\/","url":"https:\/\/secure.gravatar.com\/avatar\/cef072a10d2f235035add558d19bd890155332fc9d829546849b6af5dba440c4?s=96&d=mm&r=g","contentUrl":"https:\/\/secure.gravatar.com\/avatar\/cef072a10d2f235035add558d19bd890155332fc9d829546849b6af5dba440c4?s=96&d=mm&r=g","caption":"Date Cuenta"}}]}},"_links":{"self":[{"href":"https:\/\/www.datecuenta.org\/escuelalibre\/wp-json\/wp\/v2\/posts\/6489","targetHints":{"allow":["GET"]}}],"collection":[{"href":"https:\/\/www.datecuenta.org\/escuelalibre\/wp-json\/wp\/v2\/posts"}],"about":[{"href":"https:\/\/www.datecuenta.org\/escuelalibre\/wp-json\/wp\/v2\/types\/post"}],"author":[{"embeddable":true,"href":"https:\/\/www.datecuenta.org\/escuelalibre\/wp-json\/wp\/v2\/users\/1001002"}],"replies":[{"embeddable":true,"href":"https:\/\/www.datecuenta.org\/escuelalibre\/wp-json\/wp\/v2\/comments?post=6489"}],"version-history":[{"count":7,"href":"https:\/\/www.datecuenta.org\/escuelalibre\/wp-json\/wp\/v2\/posts\/6489\/revisions"}],"predecessor-version":[{"id":6505,"href":"https:\/\/www.datecuenta.org\/escuelalibre\/wp-json\/wp\/v2\/posts\/6489\/revisions\/6505"}],"wp:featuredmedia":[{"embeddable":true,"href":"https:\/\/www.datecuenta.org\/escuelalibre\/wp-json\/wp\/v2\/media\/6491"}],"wp:attachment":[{"href":"https:\/\/www.datecuenta.org\/escuelalibre\/wp-json\/wp\/v2\/media?parent=6489"}],"wp:term":[{"taxonomy":"category","embeddable":true,"href":"https:\/\/www.datecuenta.org\/escuelalibre\/wp-json\/wp\/v2\/categories?post=6489"},{"taxonomy":"post_tag","embeddable":true,"href":"https:\/\/www.datecuenta.org\/escuelalibre\/wp-json\/wp\/v2\/tags?post=6489"}],"curies":[{"name":"wp","href":"https:\/\/api.w.org\/{rel}","templated":true}]}}