{"id":7056,"date":"2025-01-20T11:24:58","date_gmt":"2025-01-20T11:24:58","guid":{"rendered":"https:\/\/www.datecuenta.org\/escuelalibre\/?p=7056"},"modified":"2025-01-20T17:31:01","modified_gmt":"2025-01-20T17:31:01","slug":"aniversario","status":"publish","type":"post","link":"https:\/\/www.datecuenta.org\/escuelalibre\/aniversario\/","title":{"rendered":"Jornada 15 aniversario DateCuenta"},"content":{"rendered":"\n[et_pb_section fb_built=\u00bb1&#8243; _builder_version=\u00bb4.25.1&#8243; _module_preset=\u00bbdefault\u00bb global_colors_info=\u00bb{}\u00bb][et_pb_row _builder_version=\u00bb4.25.1&#8243; _module_preset=\u00bbdefault\u00bb min_height=\u00bb758.9px\u00bb global_colors_info=\u00bb{}\u00bb][et_pb_column type=\u00bb4_4&#8243; _builder_version=\u00bb4.25.1&#8243; _module_preset=\u00bbdefault\u00bb global_colors_info=\u00bb{}\u00bb][et_pb_text _builder_version=\u00bb4.25.1&#8243; _module_preset=\u00bbdefault\u00bb global_colors_info=\u00bb{}\u00bb]<p>Tras 15 a\u00f1os de andadura, DateCuenta se ha convertido en una <strong>referencia de la educaci\u00f3n libre y sin \u00e1nimo de lucro en el \u00e1mbito de la fotograf\u00eda<\/strong> y la comunicaci\u00f3n cr\u00edtica. Mantener el proyecto vivo todos estos a\u00f1os no ha sido f\u00e1cil, pero s\u00ed tremendamente satisfactorio. Nos llena de emoci\u00f3n haber llegado hasta aqu\u00ed tras el paso de m\u00e1s de un millar de alumnas y alumnos de decenas de nacionalidades, la mayor\u00eda, personas muy comprometidas con el mundo que las envuelve.<\/p>\n<p>En agradecimiento a todas estas personas hemos organizado esta jornada para el <strong>15 de marzo de 2025<\/strong>, para celebrar que queremos seguir dejando el mundo por donde pasamos un poco mejor de lo que lo encontramos. Los beneficios recaudados en esta jornada ser\u00e1n para financiar la <strong>Beca 15 Aniversario<\/strong>, que se otorgar\u00e1 el curso que viene.<\/p>\n<p>Las personas que hemos invitado a nuestra jornada como talleristas o conferenciantes tienen mucho del esp\u00edritu DateCuenta. <strong>Transformar, cambiar la mirada, sentir que la fotograf\u00eda es una herramienta, dejar el ego a un lado, decir no a los caminos que no queremos seguir, sentir que otra forma de hacer es posible.<\/strong> Esperamos contar contigo para compartir este d\u00eda que esperamos sea enriquecedor para todos y todas.<\/p>[\/et_pb_text][et_pb_image src=\u00bbhttp:\/\/www.datecuenta.org\/escuelalibre\/wp-content\/uploads\/2024\/12\/invitadas-15-aniversario-datecuenta.jpg\u00bb alt=\u00bbInvitadas 15 aniversario datecuenta\u00bb title_text=\u00bbinvitadas-15-aniversario-datecuenta\u00bb _builder_version=\u00bb4.25.1&#8243; _module_preset=\u00bbdefault\u00bb global_colors_info=\u00bb{}\u00bb][\/et_pb_image][et_pb_text _builder_version=\u00bb4.25.1&#8243; _module_preset=\u00bbdefault\u00bb global_colors_info=\u00bb{}\u00bb]<h1>Programa 15 a\u00f1os transformando miradas<\/h1>[\/et_pb_text][\/et_pb_column][\/et_pb_row][et_pb_row _builder_version=\u00bb4.25.1&#8243; _module_preset=\u00bbdefault\u00bb global_colors_info=\u00bb{}\u00bb][et_pb_column type=\u00bb4_4&#8243; _builder_version=\u00bb4.25.1&#8243; _module_preset=\u00bbdefault\u00bb global_colors_info=\u00bb{}\u00bb][et_pb_toggle title=\u00bb10-10:30h: Acogida\u00bb _builder_version=\u00bb4.25.1&#8243; _module_preset=\u00bbdefault\u00bb global_colors_info=\u00bb{}\u00bb]<p>Acogida de las personas asistentes<\/p>[\/et_pb_toggle][et_pb_toggle title=\u00bb10:30-12:00h: Mesa redonda %22Vivir de la fotograf\u00eda es posible%22&#8243; _builder_version=\u00bb4.25.1&#8243; _module_preset=\u00bbdefault\u00bb global_colors_info=\u00bb{}\u00bb]<p><strong>Vivir de la fotograf\u00eda es posible<\/strong><\/p>\n<p>Seis exalumnas de la escuela DateCuenta para demostrar que, aunque el camino es arduo, vivir de la fotograf\u00eda es posible. <strong>Santiago Botero <\/strong>(Colombia), <strong>Sergi Conesa <\/strong>(Barcelona), <strong>Romina Ficca <\/strong>(Italia), <strong>Javier G\u00f3miz <\/strong>(C\u00e1diz), <strong>Paulina Polkowska<\/strong> (Polonia) y <strong>Mar Sala<\/strong> (Barcelona) tomaron diferentes caminos, pero ninguno abandon\u00f3 su pasi\u00f3n por contar historias a partir de la fotograf\u00eda. Emprenden, se diversifican, crean entidades, renuevan lenguajes. \u00bfC\u00f3mo lo est\u00e1n haciendo si, adem\u00e1s, no est\u00e1n renunciando a su capacidad cr\u00edtica ni a su visi\u00f3n transformadora del mundo?<\/p>[\/et_pb_toggle][et_pb_toggle title=\u00bb12:30-14:00h: Talleres con profesionales de mirada cr\u00edtica\u00bb _builder_version=\u00bb4.25.1&#8243; _module_preset=\u00bbdefault\u00bb global_colors_info=\u00bb{}\u00bb]<p>Cinco profesionales nos acompa\u00f1ar\u00e1n durante lal jornada para fortalecer nuestra mirada cr\u00edtica desde diversos \u00e1mbitos. La fuerza del retrato simb\u00f3lico, la fotograf\u00eda como herramienta para transmitir la memoria, el trabajo intuitivo que ofrece el collage, introducirse en la fotograf\u00eda documental y la percepci\u00f3n del mundo a trav\u00e9s de la mirada ser\u00e1n los ejes de trabajo. Orgullosos de poder contar con grandes como <strong>Ana \u00c1lvarez-Errecalde<\/strong> (Argentina), <strong>Rober Astorgano<\/strong> (Logro\u00f1o), <strong>Imanol Buis\u00e0n<\/strong> (Terrassa), <strong>Santiago Botero<\/strong> (Colombia) y <strong>Lourdes Segade<\/strong> (Barcelona).<\/p>[\/et_pb_toggle][et_pb_toggle title=\u00bb14:00-16:00h: Comida\u00bb _builder_version=\u00bb4.25.1&#8243; _module_preset=\u00bbdefault\u00bb global_colors_info=\u00bb{}\u00bb]<p>Proponemos un descanso de un par de horas para compartir momentos y experiencias al ritmo de una comida casera de la mano de Celsa y Mart\u00ed del <strong>Menjador Comunitari Ca l&#8217;Isidret<\/strong>, dos opciones a elegir a un precio de 12\u20ac.<\/p>[\/et_pb_toggle][et_pb_toggle title=\u00bb16:00-18:00h: Masterclase con Ana Palacios\u00bb _builder_version=\u00bb4.25.1&#8243; _module_preset=\u00bbdefault\u00bb global_colors_info=\u00bb{}\u00bb]<p><strong>Ana Palacios<\/strong> (Madrid) pas\u00f3 17 a\u00f1os de su vida trabajando <strong>en grandes producciones de cine internacional<\/strong>. En Hollywood colabor\u00f3 con Roman Polanski, Ridley Scott, Natalie Portman o Liam Neeson. A pesar del \u00e9xito profesional sent\u00eda un vac\u00edo. Por ello decidi\u00f3 <strong>dar un giro y recuperar su carrera de periodista a trav\u00e9s de la fotograf\u00eda<\/strong>. Empez\u00f3 adentr\u00e1ndose en el mundo de los misioneros en contextos de pobreza. Desde entonces ha producido diferentes proyectos vinculados a los <strong>Derechos Humanos, el territorio y los derechos de los animales, siendo altavoz de comunidades vulnerables e invisibilizadas<\/strong>.<\/p>[\/et_pb_toggle][et_pb_toggle title=\u00bb18:00-18:30h: Cierre y sorteos 15 aniversario\u00bb _builder_version=\u00bb4.25.1&#8243; _module_preset=\u00bbdefault\u00bb hover_enabled=\u00bb0&#8243; global_colors_info=\u00bb{}\u00bb sticky_enabled=\u00bb0&#8243;]<p>Cerraremos la jornada con mucho coraz\u00f3n y el sorteo de material fotogr\u00e1fico gracias a <strong>FotoK<\/strong> y de 3 suscripciones trimestrales a la revista 5w con el n\u00famero 10 incluido reci\u00e9n salido del horno gracias a <strong>Revista 5W Cr\u00f3nicas de Larga Distancia<\/strong>.<\/p>[\/et_pb_toggle][et_pb_cta title=\u00bbCel\u00e9bralo junto a nosotras\u00bb button_url=\u00bbhttps:\/\/tienda.datecuenta.org\/categoria-producto\/15-aniversario-datecuenta\/\u00bb url_new_window=\u00bbon\u00bb button_text=\u00bbInscr\u00edbete a la jornada\u00bb _builder_version=\u00bb4.25.1&#8243; _module_preset=\u00bbdefault\u00bb global_colors_info=\u00bb{}\u00bb]<p><strong>15 de marzo de 2025 <\/strong>de 10-18:30h<br \/>Aportaci\u00f3n: <span style=\"text-decoration: line-through;\">30\u20ac<\/span> 25\u20ac (hasta el\u00a0 20 de febrero)<br \/>(15\u20ac para el alumnado 2024\/25)<br \/>Comida opcional (12\u20ac)<\/p>\n<p>Incluye participaci\u00f3n en sorteos gracias a FotoK y Revista 5W<br \/><strong>Beneficios para financiar la Beca 15 aniversario<\/strong><br \/><strong>Plazas limitadas<\/strong><\/p>[\/et_pb_cta][et_pb_text _builder_version=\u00bb4.25.1&#8243; _module_preset=\u00bbdefault\u00bb global_colors_info=\u00bb{}\u00bb]<p><a href=\"http:\/\/www.datecuenta.org\/escuelalibre\/wp-content\/uploads\/2024\/12\/15-aniversario-date-cuenta.pdf\" target=\"_blank\" rel=\"noopener\">Desc\u00e1rgate el programa en pdf aqu\u00ed.<\/a><\/p>[\/et_pb_text][et_pb_text _builder_version=\u00bb4.25.1&#8243; _module_preset=\u00bbdefault\u00bb custom_margin=\u00bb||-1px|||\u00bb global_colors_info=\u00bb{}\u00bb][\/et_pb_text][\/et_pb_column][\/et_pb_row][et_pb_row _builder_version=\u00bb4.25.1&#8243; _module_preset=\u00bbdefault\u00bb global_colors_info=\u00bb{}\u00bb][et_pb_column type=\u00bb4_4&#8243; _builder_version=\u00bb4.25.1&#8243; _module_preset=\u00bbdefault\u00bb global_colors_info=\u00bb{}\u00bb][et_pb_text _builder_version=\u00bb4.25.1&#8243; _module_preset=\u00bbdefault\u00bb global_colors_info=\u00bb{}\u00bb]<h2>ANA PALACIOS \u00b7 \u00b7 \u00b7<\/h2>[\/et_pb_text][et_pb_image src=\u00bbhttp:\/\/www.datecuenta.org\/escuelalibre\/wp-content\/uploads\/2024\/12\/15-aniversario-datecuenta-ana-palacios1.jpg\u00bb title_text=\u00bb15-aniversario-datecuenta-ana-palacios1&#8243; _builder_version=\u00bb4.25.1&#8243; _module_preset=\u00bbdefault\u00bb global_colors_info=\u00bb{}\u00bb][\/et_pb_image][et_pb_text _builder_version=\u00bb4.25.1&#8243; _module_preset=\u00bbdefault\u00bb global_colors_info=\u00bb{}\u00bb]<p><em>Albino<\/em> \u00a9ANA PALACIOS<\/p>[\/et_pb_text][et_pb_text _builder_version=\u00bb4.25.1&#8243; _module_preset=\u00bbdefault\u00bb custom_padding=\u00bb0px|||||\u00bb global_colors_info=\u00bb{}\u00bb]<h4>Del glamour de Hollywood a la fotograf\u00eda humanitaria (masterclase)<\/h4>\n<p><strong>Ana Palacios<\/strong> pas\u00f3 17 a\u00f1os de su vida trabajando en <strong>grandes producciones de cine internacional<\/strong>. En Hollywood colabor\u00f3 con Roman Polanski, Ridley Scott, Natalie Portman o Liam Neeson. A pesar del \u00e9xito profesional sent\u00eda un vac\u00edo. Por ello decidi\u00f3 dar un giro y recuperar su carrera de periodista a trav\u00e9s de la fotograf\u00eda. Empez\u00f3 adentr\u00e1ndose en el mundo de los misioneros en contextos de pobreza. Desde entonces ha producido diferentes proyectos vinculados a los Derechos Humanos, el territorio y los derechos de los animales, siendo <strong>altavoz de comunidades vulnerables e invisibilizadas<\/strong>.<\/p>[\/et_pb_text][\/et_pb_column][\/et_pb_row][et_pb_row column_structure=\u00bb2_5,3_5&#8243; _builder_version=\u00bb4.25.1&#8243; _module_preset=\u00bbdefault\u00bb global_colors_info=\u00bb{}\u00bb][et_pb_column type=\u00bb2_5&#8243; _builder_version=\u00bb4.25.1&#8243; _module_preset=\u00bbdefault\u00bb global_colors_info=\u00bb{}\u00bb][et_pb_image src=\u00bbhttp:\/\/www.datecuenta.org\/escuelalibre\/wp-content\/uploads\/2024\/12\/15-aniversario-datecuenta-ana-palacios2.jpg\u00bb alt=\u00bbAna Palacios jornada 15 aniversario DateCuenta\u00bb title_text=\u00bb15-aniversario-datecuenta-ana-palacios2&#8243; _builder_version=\u00bb4.25.1&#8243; _module_preset=\u00bbdefault\u00bb global_colors_info=\u00bb{}\u00bb][\/et_pb_image][et_pb_text _builder_version=\u00bb4.25.1&#8243; _module_preset=\u00bbdefault\u00bb global_colors_info=\u00bb{}\u00bb]<p>\u00a9PABLO CUADRADO<\/p>[\/et_pb_text][et_pb_text _builder_version=\u00bb4.25.1&#8243; _module_preset=\u00bbdefault\u00bb global_colors_info=\u00bb{}\u00bb]<a href=\"https:\/\/www.instagram.com\/anapalaciosphoto\/?hl=es\" target=\"_blank\" rel=\"noopener\"><strong>@anapalaciosphoto<\/strong><\/a>\n\n<a href=\"https:\/\/www.ana-palacios.com\/\"><strong>ana-palacios.com<\/strong><\/a>[\/et_pb_text][\/et_pb_column][et_pb_column type=\u00bb3_5&#8243; _builder_version=\u00bb4.25.1&#8243; _module_preset=\u00bbdefault\u00bb global_colors_info=\u00bb{}\u00bb][et_pb_text _builder_version=\u00bb4.25.1&#8243; _module_preset=\u00bbdefault\u00bb global_colors_info=\u00bb{}\u00bb]<p><strong>Ana Palacios <\/strong>es <strong>periodista visual<\/strong> especializada en comunicaci\u00f3n integral de <strong>proyectos con impacto social vinculados al tercer sector<\/strong> y fundadora del espacio fotogr\u00e1fico <em>La mirilla de Malasa\u00f1a<\/em>.<\/p>\n<p>Es mentora del Canon Europe Student Programme. Es miembro del jurado de premios de fotograf\u00eda como el Luis Valtue\u00f1a o el ASISAFoto. Es docente en el Master de PHOTOESPA\u00d1A y en la Escuela de Verano de la Universidad Complutense. Publica sus reportajes en medios como <em>National Geographic, The Guardian Weekend Magazine, El Pa\u00eds Semanal, CNN, 6 Mois, Die Zeit, Revista 5W, Stern, La Vanguardia Magazine<\/em>, entre otros. Sus exposiciones individuales se han podido visitar en salas como el C\u00edrculo de Bellas Artes de Madrid, la Alianza Francesa de Tanzania o la Casa de la Donne en Roma. Su obra forma parte de colecciones p\u00fablicas y privadas como la Fundaci\u00f3n Masaveu, DKV Seguros o la Lucie Foundation. Ha publicado tres libros y ha dirigido un documental sobre esclavitud infantil disponible en Filmin.<\/p>[\/et_pb_text][\/et_pb_column][\/et_pb_row][et_pb_row _builder_version=\u00bb4.25.1&#8243; _module_preset=\u00bbdefault\u00bb global_colors_info=\u00bb{}\u00bb][et_pb_column type=\u00bb4_4&#8243; _builder_version=\u00bb4.25.1&#8243; _module_preset=\u00bbdefault\u00bb global_colors_info=\u00bb{}\u00bb][et_pb_text _builder_version=\u00bb4.25.1&#8243; _module_preset=\u00bbdefault\u00bb global_colors_info=\u00bb{}\u00bb]<h2>ANA \u00c1LVAREZ-ERRECALDE \u00b7 \u00b7 \u00b7<\/h2>[\/et_pb_text][et_pb_image src=\u00bbhttp:\/\/www.datecuenta.org\/escuelalibre\/wp-content\/uploads\/2024\/12\/15-aniversario-datecuenta-ana-alvarez-errecalde1.jpg\u00bb alt=\u00bbAna Alvarez Errecalde aniversario DateCuenta2&#8243; title_text=\u00bb15-aniversario-datecuenta-ana-alvarez-errecalde1&#8243; _builder_version=\u00bb4.25.1&#8243; _module_preset=\u00bbdefault\u00bb global_colors_info=\u00bb{}\u00bb][\/et_pb_image][et_pb_text _builder_version=\u00bb4.25.1&#8243; _module_preset=\u00bbdefault\u00bb global_colors_info=\u00bb{}\u00bb]<p><em>Simbiosis<\/em> \u00a9ANA \u00c1LVAREZ-ERRECALDE<\/p>[\/et_pb_text][et_pb_text _builder_version=\u00bb4.25.1&#8243; _module_preset=\u00bbdefault\u00bb custom_padding=\u00bb0px|||||\u00bb global_colors_info=\u00bb{}\u00bb]<h4>Retrato simb\u00f3lico (taller)<\/h4>\n<p>Este taller es una oportunidad para indagar en diferentes narrativas personales a trav\u00e9s de la fotograf\u00eda. Utilizando el <strong>poder aleg\u00f3rico de la met\u00e1fora y del simbolismo<\/strong>, cada participante podr\u00e1 articular su historia de vida,\u00a0deseos, intereses y\/o preocupaciones plasm\u00e1ndolas en la <strong>creaci\u00f3n de una imagen fotogr\u00e1fica<\/strong>.\u00a0A partir de algunos referentes hist\u00f3ricos, se propondr\u00e1 un ejercicio creativo y una puesta en com\u00fan, para que cada participante pueda salir de este taller con la <strong>inspiraci\u00f3n y la curiosidad<\/strong> necesaria para continuar desarrollando su propio potencial creativo.<\/p>[\/et_pb_text][\/et_pb_column][\/et_pb_row][et_pb_row column_structure=\u00bb2_5,3_5&#8243; _builder_version=\u00bb4.25.1&#8243; _module_preset=\u00bbdefault\u00bb global_colors_info=\u00bb{}\u00bb][et_pb_column type=\u00bb2_5&#8243; _builder_version=\u00bb4.25.1&#8243; _module_preset=\u00bbdefault\u00bb global_colors_info=\u00bb{}\u00bb][et_pb_image src=\u00bbhttp:\/\/www.datecuenta.org\/escuelalibre\/wp-content\/uploads\/2024\/12\/15-aniversario-datecuenta-ana-alvarez-errecalde2.jpg\u00bb alt=\u00bbAna Alvarez Errecalde aniversario datecuenta\u00bb title_text=\u00bb15-aniversario-datecuenta-ana-alvarez-errecalde2&#8243; _builder_version=\u00bb4.25.1&#8243; _module_preset=\u00bbdefault\u00bb global_colors_info=\u00bb{}\u00bb][\/et_pb_image][et_pb_text _builder_version=\u00bb4.25.1&#8243; _module_preset=\u00bbdefault\u00bb global_colors_info=\u00bb{}\u00bb]<a href=\"https:\/\/www.instagram.com\/alvarezerrecalde\" target=\"_blank\" rel=\"noopener\"><strong>@anaalvarezerrecalde<\/strong><\/a>\n\n<a href=\"https:\/\/alvarezerrecalde.com\/\"><strong>alvarezerrecalde.com<\/strong><\/a>[\/et_pb_text][\/et_pb_column][et_pb_column type=\u00bb3_5&#8243; _builder_version=\u00bb4.25.1&#8243; _module_preset=\u00bbdefault\u00bb global_colors_info=\u00bb{}\u00bb][et_pb_text _builder_version=\u00bb4.25.1&#8243; _module_preset=\u00bbdefault\u00bb global_colors_info=\u00bb{}\u00bb]<p><strong>Ana \u00c1lvarez-Errecalde<\/strong> es <strong>artista argentina<\/strong> residente en Barcelona. Ha presentado su obra en el Royal College of Arts de Londres y la Universidad de Manchester (U.K), en CaixaForum (Madrid, Barcelona, Sevilla, Valencia y Zaragoza) en el CCCB, el FAD y Arts Santa M\u00f3nica (Barcelona), Casa Vel\u00e1zquez y Canal Isabel II (Madrid), MET Quito (Ecuador), Centro Cultural de Espa\u00f1a en Buenos Aires (Argentina), galer\u00eda V\u017eigalica de Liubliana (Eslovenia) y Klovi\u0107evi Dvori Gallery de Zagreb (Croacia) entre otros sitios destacados. <strong><em>CARE, cuidar importa\u00a0<\/em>es su segundo libro fotogr\u00e1fico<\/strong> y de investigaci\u00f3n social, que cuestiona las representaciones visuales que acceden al arte contempor\u00e1neo.<\/p>[\/et_pb_text][\/et_pb_column][\/et_pb_row][et_pb_row _builder_version=\u00bb4.25.1&#8243; _module_preset=\u00bbdefault\u00bb global_colors_info=\u00bb{}\u00bb][et_pb_column type=\u00bb4_4&#8243; _builder_version=\u00bb4.25.1&#8243; _module_preset=\u00bbdefault\u00bb global_colors_info=\u00bb{}\u00bb][et_pb_text _builder_version=\u00bb4.25.1&#8243; _module_preset=\u00bbdefault\u00bb global_colors_info=\u00bb{}\u00bb]<h2>IMANOL BUIS\u00c0N \u00b7 \u00b7 \u00b7<\/h2>[\/et_pb_text][et_pb_image src=\u00bbhttp:\/\/www.datecuenta.org\/escuelalibre\/wp-content\/uploads\/2024\/12\/15-aniversario-datecuenta-imanol-buisan1.jpg\u00bb alt=\u00bbimanol buisan bio aniversario datecuenta\u00bb title_text=\u00bb15-aniversario-datecuenta-imanol-buisan1&#8243; _builder_version=\u00bb4.25.1&#8243; _module_preset=\u00bbdefault\u00bb global_colors_info=\u00bb{}\u00bb][\/et_pb_image][et_pb_text _builder_version=\u00bb4.25.1&#8243; _module_preset=\u00bbdefault\u00bb global_colors_info=\u00bb{}\u00bb]<p><em>Feminicidio<\/em> \u00a9IMANOL BUIS\u00c0N<\/p>[\/et_pb_text][et_pb_text _builder_version=\u00bb4.25.1&#8243; _module_preset=\u00bbdefault\u00bb custom_padding=\u00bb0px|||||\u00bb global_colors_info=\u00bb{}\u00bb]<h4>Las sombras (taller)<\/h4>\n<p>Las sombras son lo oculto que hace visible lo que estuvo iluminado, pero \u00bfy si la sombra es lo que construye realidad? <strong>Juguemos a destruir el objeto, sin pensarlo.<\/strong> La fotograf\u00eda, el anuncio, un dibujo de un libro ilustrado. <strong>No juzguemos las im\u00e1genes<\/strong>, no observemos su sem\u00e1ntica, su semi\u00f3tica, dediqu\u00e9monos a extraer elementos puramente pl\u00e1sticos, busquemos el color, la forma, la textura, persigamos la sombra, la arruga, y una vez tengamos retales inconexos separemos la mirada, y volvamos a mirar qu\u00e9 nos ilumina en la sombra. La propuesta de este taller busca <strong>descomponer la imagen en algo inteligible<\/strong>, acercarse a la imagen fuera de cualquier intenci\u00f3n del artista que la cre\u00f3 y <strong>a trav\u00e9s del juego volver a construir una realidad<\/strong>, crear otra narrativa.<\/p>[\/et_pb_text][\/et_pb_column][\/et_pb_row][et_pb_row column_structure=\u00bb2_5,3_5&#8243; _builder_version=\u00bb4.25.1&#8243; _module_preset=\u00bbdefault\u00bb global_colors_info=\u00bb{}\u00bb][et_pb_column type=\u00bb2_5&#8243; _builder_version=\u00bb4.25.1&#8243; _module_preset=\u00bbdefault\u00bb global_colors_info=\u00bb{}\u00bb][et_pb_image src=\u00bbhttp:\/\/www.datecuenta.org\/escuelalibre\/wp-content\/uploads\/2024\/12\/15-aniversario-datecuenta-imanol-buisan2.jpg\u00bb alt=\u00bbimanol buisan bio aniversario datecuenta\u00bb title_text=\u00bb15-aniversario-datecuenta-imanol-buisan2&#8243; _builder_version=\u00bb4.25.1&#8243; _module_preset=\u00bbdefault\u00bb global_colors_info=\u00bb{}\u00bb][\/et_pb_image][et_pb_text _builder_version=\u00bb4.25.1&#8243; _module_preset=\u00bbdefault\u00bb global_colors_info=\u00bb{}\u00bb]<a href=\"https:\/\/www.instagram.com\/imabm\/?hl=es\" target=\"_blank\" rel=\"noopener\"><strong>@imabm<\/strong><\/a>\n\n<a href=\"https:\/\/imanolbuisan.com\/\"><strong>imanolbuisan.com<\/strong><\/a>[\/et_pb_text][\/et_pb_column][et_pb_column type=\u00bb3_5&#8243; _builder_version=\u00bb4.25.1&#8243; _module_preset=\u00bbdefault\u00bb global_colors_info=\u00bb{}\u00bb][et_pb_text _builder_version=\u00bb4.25.1&#8243; _module_preset=\u00bbdefault\u00bb global_colors_info=\u00bb{}\u00bb]<p><strong><\/strong>Imanol Buis\u00e0n es un <strong>artista de collage y dise\u00f1ador gr\u00e1fico<\/strong>. No hace fotograf\u00edas, para \u00e9l<strong> las im\u00e1genes son manchas<\/strong>, tinta, material por el que pasar las tijeras y crear algo nuevo. Trabaja el collage anal\u00f3gico desde 2014, cuando se encontr\u00f3 con una t\u00e9cnica \u00e1gil y r\u00e1pida, que le permiti\u00f3 experimentar y alcanzar la necesidad de trabajar todos los d\u00edas, y con la que ha recorrido desde lo m\u00e1s figurativo hasta la abstracci\u00f3n. Su proyecto inicial fue un proyecto de collage diario que dur\u00f3 7 a\u00f1os, a ra\u00edz del cual empez\u00f3 a <strong>dar estructura a su lenguaje y a entender la propia t\u00e9cnica<\/strong> como un eje estructural.<\/p>[\/et_pb_text][\/et_pb_column][\/et_pb_row][et_pb_row _builder_version=\u00bb4.25.1&#8243; _module_preset=\u00bbdefault\u00bb global_colors_info=\u00bb{}\u00bb][et_pb_column type=\u00bb4_4&#8243; _builder_version=\u00bb4.25.1&#8243; _module_preset=\u00bbdefault\u00bb global_colors_info=\u00bb{}\u00bb][et_pb_text _builder_version=\u00bb4.25.1&#8243; _module_preset=\u00bbdefault\u00bb global_colors_info=\u00bb{}\u00bb]<h2>LOURDES SEGADE \u00b7 \u00b7 \u00b7 <\/h2>[\/et_pb_text][et_pb_image src=\u00bbhttp:\/\/www.datecuenta.org\/escuelalibre\/wp-content\/uploads\/2024\/12\/15-aniversario-datecuenta-lourdes-segade1.jpg\u00bb alt=\u00bbimanol buisan bio aniversario datecuenta\u00bb title_text=\u00bb15-aniversario-datecuenta-lourdes-segade1&#8243; _builder_version=\u00bb4.25.1&#8243; _module_preset=\u00bbdefault\u00bb global_colors_info=\u00bb{}\u00bb][\/et_pb_image][et_pb_text _builder_version=\u00bb4.25.1&#8243; _module_preset=\u00bbdefault\u00bb global_colors_info=\u00bb{}\u00bb]<p><em>Sin t\u00edtulo<\/em> \u00a9LOURDES SEGADE<\/p>[\/et_pb_text][et_pb_text _builder_version=\u00bb4.25.1&#8243; _module_preset=\u00bbdefault\u00bb custom_padding=\u00bb0px|||||\u00bb global_colors_info=\u00bb{}\u00bb]<h4>Sentir la mirada (taller)<\/h4>\n<p>Si convertimos el mirar en algo que se hace s\u00f3lo con los ojos, en vez de abrirnos a la realidad <strong>nos cerramos ante ella en un acto que se convierte en puro control<\/strong>, en querer aislar una porci\u00f3n del resto, en separar lo que yo quiero. <strong>Hay otra forma de mirar<\/strong>, una que es sentida y que permite el encuentro, que lo que quiere ser revelado se muestre ante nuestros ojos. En este taller, a trav\u00e9s de ejercicios de percepci\u00f3n, iremos dando respuesta, desde la experiencia, a una pregunta: <strong>\u00bfse puede sentir la mirada?<\/strong><\/p>[\/et_pb_text][\/et_pb_column][\/et_pb_row][et_pb_row column_structure=\u00bb2_5,3_5&#8243; _builder_version=\u00bb4.25.1&#8243; _module_preset=\u00bbdefault\u00bb global_colors_info=\u00bb{}\u00bb][et_pb_column type=\u00bb2_5&#8243; _builder_version=\u00bb4.25.1&#8243; _module_preset=\u00bbdefault\u00bb global_colors_info=\u00bb{}\u00bb][et_pb_image src=\u00bbhttp:\/\/www.datecuenta.org\/escuelalibre\/wp-content\/uploads\/2024\/12\/15-aniversario-datecuenta-lourdes-segade2.jpg\u00bb alt=\u00bbLourdes Segade DateCuenta aniversario bio\u00bb title_text=\u00bb15-aniversario-datecuenta-lourdes-segade2&#8243; _builder_version=\u00bb4.25.1&#8243; _module_preset=\u00bbdefault\u00bb global_colors_info=\u00bb{}\u00bb][\/et_pb_image][et_pb_text _builder_version=\u00bb4.25.1&#8243; _module_preset=\u00bbdefault\u00bb global_colors_info=\u00bb{}\u00bb]<a href=\"https:\/\/www.instagram.com\/lourdessegadeterapias\/?hl=es\"_blank\" rel=\"noopener\"><strong>@lourdessegadeterapias<\/strong><\/a>\n\n<a href=\"https:\/\/www.lourdessegadeterapias.com\/\"><strong>lourdessegadeterapias.com<\/strong><\/a>[\/et_pb_text][\/et_pb_column][et_pb_column type=\u00bb3_5&#8243; _builder_version=\u00bb4.25.1&#8243; _module_preset=\u00bbdefault\u00bb global_colors_info=\u00bb{}\u00bb][et_pb_text _builder_version=\u00bb4.25.1&#8243; _module_preset=\u00bbdefault\u00bb global_colors_info=\u00bb{}\u00bb]<p><strong><\/strong>Durante casi 20 a\u00f1os Lourdes Segade<strong> se dedic\u00f3 a la fotograf\u00eda documental, recorriendo el mundo con mirada atenta y coraz\u00f3n abierto<\/strong>, trabajando para medios nacionales e internacionales. Una crisis personal y profesional le llev\u00f3 a replantearse su vida y a redescubrir el sentido de la palabra proceso, tanto en la creaci\u00f3n como en la transformaci\u00f3n humana. Hoy acompa\u00f1a a otras personas en sus caminos de autoconocimiento, a veces u<strong>tilizando la fotograf\u00eda y otras herramientas art\u00edsticas como puentes hacia lo profundo y lo sutil<\/strong>. Cree profundamente que hay Belleza en todo lo que es y que la \u00fanica revoluci\u00f3n posible es la del Amor.<\/p>[\/et_pb_text][\/et_pb_column][\/et_pb_row][et_pb_row _builder_version=\u00bb4.25.1&#8243; _module_preset=\u00bbdefault\u00bb global_colors_info=\u00bb{}\u00bb][et_pb_column type=\u00bb4_4&#8243; _builder_version=\u00bb4.25.1&#8243; _module_preset=\u00bbdefault\u00bb global_colors_info=\u00bb{}\u00bb][et_pb_text _builder_version=\u00bb4.25.1&#8243; _module_preset=\u00bbdefault\u00bb global_colors_info=\u00bb{}\u00bb]<h2>ROBER ASTORGANO \u00b7 \u00b7 \u00b7<\/h2>[\/et_pb_text][et_pb_image src=\u00bbhttp:\/\/www.datecuenta.org\/escuelalibre\/wp-content\/uploads\/2024\/12\/15-aniversario-datecuenta-rober-astorgano1.jpg\u00bb alt=\u00bbRober Astorgano aniversario datecuenta\u00bb title_text=\u00bb15-aniversario-datecuenta-rober-astorgano1&#8243; _builder_version=\u00bb4.25.1&#8243; _module_preset=\u00bbdefault\u00bb global_colors_info=\u00bb{}\u00bb][\/et_pb_image][et_pb_text _builder_version=\u00bb4.25.1&#8243; _module_preset=\u00bbdefault\u00bb global_colors_info=\u00bb{}\u00bb]<p><em>Las mujeres de negro <\/em>\u00a9ROBER ASTORGANO<\/p>[\/et_pb_text][et_pb_text _builder_version=\u00bb4.25.1&#8243; _module_preset=\u00bbdefault\u00bb custom_padding=\u00bb0px|||||\u00bb global_colors_info=\u00bb{}\u00bb]<h4>Fotograf\u00eda, cine y dignidad: el valor de la memoria (taller)<\/h4>\n<p>\u00bfC\u00f3mo se cuenta la historia a trav\u00e9s de las generaciones? \u00bfQu\u00e9 conocemos de nuestro pasado m\u00e1s reciente? <strong>\u00bfSe pierde el recuerdo cuando se silencia?<\/strong> \u00bfCu\u00e1l es el legado que dejamos a las generaciones futuras? Este taller pr\u00e1ctico ofrece al alumnado las pautas generales sobre el g\u00e9nero documental como herramienta de transformaci\u00f3n y sensibilizaci\u00f3n social. <strong>Descubriremos el valor de la memoria y la importancia de la herencia cultural hablada<\/strong> a trav\u00e9s del cine y la fotograf\u00eda, indagando la realidad, planteando discursos sociales y representando historias particulares y colectivas. Abordaremos la <strong>fotograf\u00eda documental, el retrato y la entrevista grabada<\/strong> y su importancia como documento social, art\u00edstico y transformador.<\/p>[\/et_pb_text][\/et_pb_column][\/et_pb_row][et_pb_row column_structure=\u00bb2_5,3_5&#8243; _builder_version=\u00bb4.25.1&#8243; _module_preset=\u00bbdefault\u00bb global_colors_info=\u00bb{}\u00bb][et_pb_column type=\u00bb2_5&#8243; _builder_version=\u00bb4.25.1&#8243; _module_preset=\u00bbdefault\u00bb global_colors_info=\u00bb{}\u00bb][et_pb_image src=\u00bbhttp:\/\/www.datecuenta.org\/escuelalibre\/wp-content\/uploads\/2024\/12\/15-aniversario-datecuenta-rober-astorgano2.jpg\u00bb alt=\u00bbRober Astorgano aniversario datecuenta\u00bb title_text=\u00bb15-aniversario-datecuenta-rober-astorgano2&#8243; _builder_version=\u00bb4.25.1&#8243; _module_preset=\u00bbdefault\u00bb global_colors_info=\u00bb{}\u00bb][\/et_pb_image][et_pb_text _builder_version=\u00bb4.25.1&#8243; _module_preset=\u00bbdefault\u00bb global_colors_info=\u00bb{}\u00bb]<a href=\"https:\/\/www.instagram.com\/roberastorgano\" _blank=\"\" rel=\"noopener\"><strong>@roberastorgano<\/strong><\/a>\n\n<a href=\"https:\/\/www.roberastorgano.com\/\"><strong>roberastorgano.com<\/strong><\/a>[\/et_pb_text][\/et_pb_column][et_pb_column type=\u00bb3_5&#8243; _builder_version=\u00bb4.25.1&#8243; _module_preset=\u00bbdefault\u00bb global_colors_info=\u00bb{}\u00bb][et_pb_text _builder_version=\u00bb4.25.1&#8243; _module_preset=\u00bbdefault\u00bb global_colors_info=\u00bb{}\u00bb]<p><strong><\/strong>Fot\u00f3grafo riojano licenciado en Ciencias Ambientales, formado en fotograf\u00eda y cine en Barcelona, especializado en Fotograf\u00eda y Realizaci\u00f3n Documental. Su trabajo ha sido expuesto en Barcelona, \u200b\u200bMadrid, Bilbao, Bruselas o San Francisco. <strong>Ha trabajado para agencias<\/strong> como Anadolu Agency y sus fotograf\u00edas han sido publicadas en medios como <em>El Peri\u00f3dico de Catalunya<\/em>, <em>El Diario, International Business Times o BZ Ullstein GmH<\/em>. Obtuvo el primer premio <em>The Yellow Awards 2018<\/em> por su trabajo sobre las fronteras europeas y fue finalista en <em>The Global Peace Photo Award<\/em>. <strong>Ha dirigido cuatro cortometrajes documentales. <em>Las Patronas<\/em>, rodado en M\u00e9xico, obtuvo 13 premios a nivel internacional<\/strong>. En 2025 se estrenar\u00e1 su primer largometraje <em>Las mujeres de negro<\/em>.<\/p>[\/et_pb_text][\/et_pb_column][\/et_pb_row][et_pb_row _builder_version=\u00bb4.25.1&#8243; _module_preset=\u00bbdefault\u00bb global_colors_info=\u00bb{}\u00bb][et_pb_column type=\u00bb4_4&#8243; _builder_version=\u00bb4.25.1&#8243; _module_preset=\u00bbdefault\u00bb global_colors_info=\u00bb{}\u00bb][et_pb_text _builder_version=\u00bb4.25.1&#8243; _module_preset=\u00bbdefault\u00bb global_colors_info=\u00bb{}\u00bb]<h2>SANTIAGO BOTERO \u00b7 \u00b7 \u00b7<\/h2>[\/et_pb_text][et_pb_image src=\u00bbhttp:\/\/www.datecuenta.org\/escuelalibre\/wp-content\/uploads\/2024\/12\/15-aniversario-datecuenta-santiago-botero1.jpg\u00bb alt=\u00bbSantiago Botero datecuenta1&#8243; title_text=\u00bb15-aniversario-datecuenta-santiago-botero1&#8243; _builder_version=\u00bb4.25.1&#8243; _module_preset=\u00bbdefault\u00bb global_colors_info=\u00bb{}\u00bb][\/et_pb_image][et_pb_text _builder_version=\u00bb4.25.1&#8243; _module_preset=\u00bbdefault\u00bb global_colors_info=\u00bb{}\u00bb]<p><em>Colombia, estallido social 2019-2020<\/em> \u00a9SANTIAGO BOTERO<\/p>[\/et_pb_text][et_pb_text _builder_version=\u00bb4.25.1&#8243; _module_preset=\u00bbdefault\u00bb custom_padding=\u00bb0px|||||\u00bb global_colors_info=\u00bb{}\u00bb]<h4>Introducci\u00f3n a la fotograf\u00eda documental (taller)<\/h4>\n<p>Este taller de fotograf\u00eda documental tiene como objetivo introducir a los participantes en el mundo de la fotograf\u00eda documental, <strong>desde la exploraci\u00f3n personal hasta la b\u00fasqueda de historias en nuestro entorno<\/strong>. A trav\u00e9s de la pr\u00e1ctica, aprenderemos a capturar momentos, contextos y narrativas visuales, explorando diversas t\u00e9cnicas para contar una historia de manera aut\u00e9ntica. El taller <strong>se desarrollar\u00e1 desde un enfoque pr\u00e1ctico, mediante actividades en educaci\u00f3n no formal<\/strong>, lo que permitir\u00e1 a los participantes aprender de manera din\u00e1mica y directa.<\/p>[\/et_pb_text][\/et_pb_column][\/et_pb_row][et_pb_row column_structure=\u00bb2_5,3_5&#8243; _builder_version=\u00bb4.25.1&#8243; _module_preset=\u00bbdefault\u00bb global_colors_info=\u00bb{}\u00bb][et_pb_column type=\u00bb2_5&#8243; _builder_version=\u00bb4.25.1&#8243; _module_preset=\u00bbdefault\u00bb global_colors_info=\u00bb{}\u00bb][et_pb_image src=\u00bbhttp:\/\/www.datecuenta.org\/escuelalibre\/wp-content\/uploads\/2024\/12\/15-aniversario-datecuenta-santiago-botero2.jpg\u00bb alt=\u00bbSantiago Botero datecuenta2&#8243; title_text=\u00bb15-aniversario-datecuenta-santiago-botero2&#8243; _builder_version=\u00bb4.25.1&#8243; _module_preset=\u00bbdefault\u00bb global_colors_info=\u00bb{}\u00bb][\/et_pb_image][et_pb_text _builder_version=\u00bb4.25.1&#8243; _module_preset=\u00bbdefault\u00bb global_colors_info=\u00bb{}\u00bb]<a href=\"https:\/\/www.instagram.com\/dkobotero\" _blank=\"\" rel=\"noopener\"><strong>@dkobotero<\/strong><\/a>\n\n<a href=\"https:\/\/www.santiagoboteroph.com\/\"><strong>santiagoboteroph.com<\/strong><\/a>[\/et_pb_text][\/et_pb_column][et_pb_column type=\u00bb3_5&#8243; _builder_version=\u00bb4.25.1&#8243; _module_preset=\u00bbdefault\u00bb global_colors_info=\u00bb{}\u00bb][et_pb_text _builder_version=\u00bb4.25.1&#8243; _module_preset=\u00bbdefault\u00bb global_colors_info=\u00bb{}\u00bb]<p><strong><\/strong>Humanista, comprometido con las causas sociales. <strong>Fot\u00f3grafo reportero con experiencia en la cobertura visual de comunidades afectadas por la violencia<\/strong> y de movimientos sociales en Espa\u00f1a, Argentina y Colombia. Considera muy importante la visi\u00f3n cr\u00edtica y la participaci\u00f3n activa en las realidades que viven los sectores vulnerables. Sumamente interesado en el <strong>post-y-conflicto armado colombiano, los flujos migratorios y la cultura ind\u00edgena<\/strong>.<\/p>[\/et_pb_text][\/et_pb_column][\/et_pb_row][et_pb_row _builder_version=\u00bb4.25.1&#8243; _module_preset=\u00bbdefault\u00bb global_colors_info=\u00bb{}\u00bb][et_pb_column type=\u00bb4_4&#8243; _builder_version=\u00bb4.25.1&#8243; _module_preset=\u00bbdefault\u00bb global_colors_info=\u00bb{}\u00bb][et_pb_text _builder_version=\u00bb4.25.1&#8243; _module_preset=\u00bbdefault\u00bb global_colors_info=\u00bb{}\u00bb]<h2>VIVIR DE LA FOTOGRAF\u00cdA ES POSIBLE (MESA REDONDA) \u00b7 \u00b7 \u00b7<\/h2>[\/et_pb_text][et_pb_text _builder_version=\u00bb4.25.1&#8243; _module_preset=\u00bbdefault\u00bb global_colors_info=\u00bb{}\u00bb]<p><strong>Santiago Botero <\/strong>(Colombia), <strong>Sergi Conesa <\/strong>(Barcelona), <strong>Romina Ficca <\/strong>(Italia), <strong>Javier G\u00f3miz <\/strong>(C\u00e1diz), <strong>Paulina Polkowska<\/strong> (Polonia) y <strong>Mar Sala<\/strong> (Barcelona) tomaron diferentes caminos, pero ninguno abandon\u00f3 su pasi\u00f3n por contar historias a partir de la fotograf\u00eda. Emprenden, se diversifican, crean entidades, renuevan lenguajes. \u00bfC\u00f3mo lo est\u00e1n haciendo si, adem\u00e1s, <strong>no est\u00e1n renunciando a su capacidad cr\u00edtica<\/strong> ni a su visi\u00f3n transformadora del mundo?<\/p>[\/et_pb_text][et_pb_image src=\u00bbhttp:\/\/www.datecuenta.org\/escuelalibre\/wp-content\/uploads\/2024\/12\/15-aniversario-datecuenta-vivir-fotografia.jpg\u00bb alt=\u00bbmesa de exalumnos\u00bb title_text=\u00bb15-aniversario-datecuenta-vivir-fotografia\u00bb _builder_version=\u00bb4.25.1&#8243; _module_preset=\u00bbdefault\u00bb global_colors_info=\u00bb{}\u00bb][\/et_pb_image][et_pb_text _builder_version=\u00bb4.25.1&#8243; _module_preset=\u00bbdefault\u00bb global_colors_info=\u00bb{}\u00bb]<p><em>Ingrid<\/em> @PAULINA POLKOWSKA, <em>Detenci\u00f3n de Pablo Hasel<\/em> \u00a9SERGI CONESA, <em>Paiporta, Valencia<\/em> \u00a9MAR SALA, <em>Efugio, Melilla-Nador<\/em>, \u00a9SANTIAGO BOTERO, <em>Glitterlook<\/em> \u00a9ROMINA FICCA, <em>Playa de Muro, Mallorca<\/em> \u00a9JAVIER G\u00d3MIZ<\/p>[\/et_pb_text][\/et_pb_column][\/et_pb_row][et_pb_row column_structure=\u00bb2_5,3_5&#8243; _builder_version=\u00bb4.25.1&#8243; _module_preset=\u00bbdefault\u00bb global_colors_info=\u00bb{}\u00bb][et_pb_column type=\u00bb2_5&#8243; _builder_version=\u00bb4.25.1&#8243; _module_preset=\u00bbdefault\u00bb global_colors_info=\u00bb{}\u00bb][et_pb_text _builder_version=\u00bb4.25.1&#8243; _module_preset=\u00bbdefault\u00bb global_colors_info=\u00bb{}\u00bb]<h2>SERGI CONESA \u00b7 \u00b7 \u00b7<\/h2>[\/et_pb_text][et_pb_image src=\u00bbhttp:\/\/www.datecuenta.org\/escuelalibre\/wp-content\/uploads\/2024\/12\/15-aniversario-datecuenta-sergi-conesa2.jpg\u00bb alt=\u00bbSergi Conesa bio aniversario DateCuenta \u00bb title_text=\u00bb15-aniversario-datecuenta-sergi-conesa2&#8243; _builder_version=\u00bb4.25.1&#8243; _module_preset=\u00bbdefault\u00bb global_colors_info=\u00bb{}\u00bb][\/et_pb_image][et_pb_text _builder_version=\u00bb4.25.1&#8243; _module_preset=\u00bbdefault\u00bb global_colors_info=\u00bb{}\u00bb]<a href=\"https:\/\/www.instagram.com\/sergiconesa\/?hl=es\" _blank=\"\" rel=\"noopener\"><strong>@sergiconesa<\/strong><\/a>\n\n<a href=\"https:\/\/www.larafega.com\/\"><strong>larafega.com<\/strong><\/a>[\/et_pb_text][\/et_pb_column][et_pb_column type=\u00bb3_5&#8243; _builder_version=\u00bb4.25.1&#8243; _module_preset=\u00bbdefault\u00bb global_colors_info=\u00bb{}\u00bb][et_pb_text _builder_version=\u00bb4.25.1&#8243; _module_preset=\u00bbdefault\u00bb global_colors_info=\u00bb{}\u00bb]<p><strong>Sergi Conesa<\/strong> tiene una formaci\u00f3n paralela en el mundo social y en el mundo de la fotograf\u00eda. <strong>Colaborador de <em>El Peri\u00f3dico de Catalunya<\/em><\/strong> durante 2 a\u00f1os, tambi\u00e9n ha publicado reportajes en medios como <em>La Directa, El Salto, Cuarto Poder, La Marea o LFMagazine<\/em>. Obtuvo la beca Constel\u00b7lacions con el trabajo <em>No m\u2019ho perdis<\/em>, realizado conjuntamente con la fot\u00f3grafa Noa Morales y que culmin\u00f3 en una exposici\u00f3n itinerante en Francia y Catalunya. <strong>Es fundador de la Associaci\u00f3 La R\u00e0fega<\/strong>, una entidad que usa el potencial de la <strong>fotograf\u00eda participativa para favorecer el intercambio social<\/strong>, cultural y el autoconocimiento individual.<\/p>[\/et_pb_text][\/et_pb_column][\/et_pb_row][et_pb_row column_structure=\u00bb2_5,3_5&#8243; _builder_version=\u00bb4.25.1&#8243; _module_preset=\u00bbdefault\u00bb global_colors_info=\u00bb{}\u00bb][et_pb_column type=\u00bb2_5&#8243; _builder_version=\u00bb4.25.1&#8243; _module_preset=\u00bbdefault\u00bb global_colors_info=\u00bb{}\u00bb][et_pb_text _builder_version=\u00bb4.25.1&#8243; _module_preset=\u00bbdefault\u00bb global_colors_info=\u00bb{}\u00bb]<h2>ROMINA FICCA \u00b7 \u00b7 \u00b7<\/h2>[\/et_pb_text][et_pb_image src=\u00bbhttp:\/\/www.datecuenta.org\/escuelalibre\/wp-content\/uploads\/2024\/12\/15-aniversario-datecuenta-romina-ficca2.jpg\u00bb alt=\u00bbSantiago Botero datecuenta2&#8243; title_text=\u00bb15-aniversario-datecuenta-romina-ficca2&#8243; _builder_version=\u00bb4.25.1&#8243; _module_preset=\u00bbdefault\u00bb global_colors_info=\u00bb{}\u00bb][\/et_pb_image][et_pb_text _builder_version=\u00bb4.25.1&#8243; _module_preset=\u00bbdefault\u00bb global_colors_info=\u00bb{}\u00bb]<a href=\"https:\/\/www.instagram.com\/rominaficca\" _blank=\"\" rel=\"noopener\"><strong>@rominaficca<\/strong><\/a>\n\n<a href=\"https:\/\/rominaficca.vsble.me\/\/\"><strong>rominaficca.com<\/strong><\/a>[\/et_pb_text][\/et_pb_column][et_pb_column type=\u00bb3_5&#8243; _builder_version=\u00bb4.25.1&#8243; _module_preset=\u00bbdefault\u00bb global_colors_info=\u00bb{}\u00bb][et_pb_text _builder_version=\u00bb4.25.1&#8243; _module_preset=\u00bbdefault\u00bb global_colors_info=\u00bb{}\u00bb]<p><strong>Romina Ficca<\/strong>, nacida en Italia, residente desde hace 18 a\u00f1os en Barcelona, utiliza y mezcla los lenguajes anal\u00f3gico, digital e Inteligencia Artificial para crear atmosferas fotogr\u00e1ficas \u00edntimas y c\u00e1lidas. Durante a\u00f1os ha escogido <strong>la sensualidad y la provocaci\u00f3n para la representaci\u00f3n del cuerpo de las mujeres<\/strong>, llegando al cuerpo pol\u00edtico con ligereza. Usa prevalentemente el 35mm y n\u00fameros f muy peque\u00f1os para dejar siempre un margen de imaginaci\u00f3n y dejar enfocado solo lo que desea remarcar. Ha trabajado como <strong>fot\u00f3grafa freelance en el mundo del <em>clubbing<\/em>, de la moda y evento corporativo<\/strong>.<\/p>[\/et_pb_text][\/et_pb_column][\/et_pb_row][et_pb_row column_structure=\u00bb2_5,3_5&#8243; _builder_version=\u00bb4.25.1&#8243; _module_preset=\u00bbdefault\u00bb global_colors_info=\u00bb{}\u00bb][et_pb_column type=\u00bb2_5&#8243; _builder_version=\u00bb4.25.1&#8243; _module_preset=\u00bbdefault\u00bb global_colors_info=\u00bb{}\u00bb][et_pb_text _builder_version=\u00bb4.25.1&#8243; _module_preset=\u00bbdefault\u00bb global_colors_info=\u00bb{}\u00bb]<h2>JAVIER G\u00d3MIZ \u00b7 \u00b7 \u00b7<\/h2>[\/et_pb_text][et_pb_image src=\u00bbhttp:\/\/www.datecuenta.org\/escuelalibre\/wp-content\/uploads\/2024\/12\/15-aniversario-datecuenta-javier-gomiz2.jpg\u00bb alt=\u00bbJavier Gomiz bio aniversario DateCuenta\u00bb title_text=\u00bb15-aniversario-datecuenta-javier-gomiz2&#8243; _builder_version=\u00bb4.25.1&#8243; _module_preset=\u00bbdefault\u00bb global_colors_info=\u00bb{}\u00bb][\/et_pb_image][et_pb_text _builder_version=\u00bb4.25.1&#8243; _module_preset=\u00bbdefault\u00bb global_colors_info=\u00bb{}\u00bb]<a href=\"https:\/\/www.instagram.com\/javiergomiz\" _blank=\"\" rel=\"noopener\"><strong>@javiergomiz<\/strong><\/a>\n\n<a href=\"https:\/\/javiergomiz.com\/\"><strong>javiergomiz.com<\/strong><\/a>[\/et_pb_text][\/et_pb_column][et_pb_column type=\u00bb3_5&#8243; _builder_version=\u00bb4.25.1&#8243; _module_preset=\u00bbdefault\u00bb global_colors_info=\u00bb{}\u00bb][et_pb_text _builder_version=\u00bb4.25.1&#8243; _module_preset=\u00bbdefault\u00bb global_colors_info=\u00bb{}\u00bb]<p><strong><\/strong>Fot\u00f3grafo jerezano formado de manera autodidacta y en IDEP, en la Escuela Massana y en la escuela DateCuenta, donde realiz\u00f3 el curso de fotoperiodismo Tras terminar su formaci\u00f3n en nuestra escuela, <strong>decidi\u00f3 dejar su profesi\u00f3n inicial y dedicarse a la fotograf\u00eda por completo<\/strong>. Encontr\u00f3 en Mallorca la uni\u00f3n de su pasi\u00f3n por la fotograf\u00eda y el mar, y desde all\u00ed se dedica a la <strong>fotograf\u00eda profesional con dron para el sector inmobiliario y hotelero<\/strong>, colaborando con empresas como MIRAI. Combina esta tarea con la de copywriter de viajes en las web tur\u00edsticas de las que es co-creador, \u201cYo soy Mallorca\u201d y \u201cYo soy Formentera\u201d.<\/p>[\/et_pb_text][\/et_pb_column][\/et_pb_row][et_pb_row column_structure=\u00bb2_5,3_5&#8243; _builder_version=\u00bb4.25.1&#8243; _module_preset=\u00bbdefault\u00bb global_colors_info=\u00bb{}\u00bb][et_pb_column type=\u00bb2_5&#8243; _builder_version=\u00bb4.25.1&#8243; _module_preset=\u00bbdefault\u00bb global_colors_info=\u00bb{}\u00bb][et_pb_text _builder_version=\u00bb4.25.1&#8243; _module_preset=\u00bbdefault\u00bb global_colors_info=\u00bb{}\u00bb]<h2>PAULINA POLKOWSKA \u00b7 \u00b7 \u00b7<\/h2>[\/et_pb_text][et_pb_image src=\u00bbhttp:\/\/www.datecuenta.org\/escuelalibre\/wp-content\/uploads\/2024\/12\/15-aniversario-datecuenta-paulina-polkowska2.jpg\u00bb alt=\u00bbPaulina Polkowska bio aniversario DateCuenta\u00bb title_text=\u00bb15-aniversario-datecuenta-paulina-polkowska2&#8243; _builder_version=\u00bb4.25.1&#8243; _module_preset=\u00bbdefault\u00bb global_colors_info=\u00bb{}\u00bb][\/et_pb_image][et_pb_text _builder_version=\u00bb4.25.1&#8243; _module_preset=\u00bbdefault\u00bb global_colors_info=\u00bb{}\u00bb]<a href=\"https:\/\/www.instagram.com\/paulina.polkowska\" _blank=\"\" rel=\"noopener\"><strong>@paulina.polkowska<\/strong><\/a>\n\n<a href=\"https:\/\/paulina-polkowska.com\/\"><strong>paulina-polkowska.com<\/strong><\/a>[\/et_pb_text][\/et_pb_column][et_pb_column type=\u00bb3_5&#8243; _builder_version=\u00bb4.25.1&#8243; _module_preset=\u00bbdefault\u00bb global_colors_info=\u00bb{}\u00bb][et_pb_text _builder_version=\u00bb4.25.1&#8243; _module_preset=\u00bbdefault\u00bb global_colors_info=\u00bb{}\u00bb]<p><strong>Paulina Polkowska<\/strong> es fot\u00f3grafa de personas en procesos de transformaci\u00f3n, retrato para el autoestima y proyectos hol\u00edsticos. <strong>Trabaja en el marco de espacios terap\u00e9uticos para documentar los procesos que surgen de ellos<\/strong>. Sus clientes suelen ser profesionales del desarrollo personal, emprendedores y otros creativos a los que ayuda a transmitir su esencia a trav\u00e9s de la <strong>fotograf\u00eda emocional<\/strong>.<\/p>[\/et_pb_text][\/et_pb_column][\/et_pb_row][et_pb_row column_structure=\u00bb2_5,3_5&#8243; _builder_version=\u00bb4.25.1&#8243; _module_preset=\u00bbdefault\u00bb global_colors_info=\u00bb{}\u00bb][et_pb_column type=\u00bb2_5&#8243; _builder_version=\u00bb4.25.1&#8243; _module_preset=\u00bbdefault\u00bb global_colors_info=\u00bb{}\u00bb][et_pb_text _builder_version=\u00bb4.25.1&#8243; _module_preset=\u00bbdefault\u00bb global_colors_info=\u00bb{}\u00bb]<h2>MAR SALA \u00b7 \u00b7 \u00b7<\/h2>[\/et_pb_text][et_pb_image src=\u00bbhttp:\/\/www.datecuenta.org\/escuelalibre\/wp-content\/uploads\/2024\/12\/15-aniversario-datecuenta-mar-sala2.jpg\u00bb alt=\u00bbMar Sala bio aniversario DateCuenta\u00bb title_text=\u00bb15-aniversario-datecuenta-mar-sala2&#8243; _builder_version=\u00bb4.25.1&#8243; _module_preset=\u00bbdefault\u00bb global_colors_info=\u00bb{}\u00bb][\/et_pb_image][et_pb_text _builder_version=\u00bb4.25.1&#8243; _module_preset=\u00bbdefault\u00bb global_colors_info=\u00bb{}\u00bb]<a href=\"https:\/\/www.instagram.com\/mar.sala\" _blank=\"\" rel=\"noopener\"><strong>@mar.sala<\/strong><\/a>[\/et_pb_text][\/et_pb_column][et_pb_column type=\u00bb3_5&#8243; _builder_version=\u00bb4.25.1&#8243; _module_preset=\u00bbdefault\u00bb global_colors_info=\u00bb{}\u00bb][et_pb_text _builder_version=\u00bb4.25.1&#8243; _module_preset=\u00bbdefault\u00bb global_colors_info=\u00bb{}\u00bb]<p><strong>Mar Sala<\/strong> estudi\u00f3 Comunicaci\u00f3n y Periodismo Audiovisual y Periodismo Internacional. Ha tenido experiencia profesional en radio y prensa escrita, pero siempre hab\u00eda tenido la espina metida en el mundo del documental y el reportaje y por eso sigui\u00f3 form\u00e1ndose con el Curso de documental de la escuela. Empez\u00f3 cubriendo <strong>movilizaciones sociales de manera independiente<\/strong>, centrada en temas ambientales y crisis clim\u00e1tica y actualmente forma <strong>parte del \u00e1rea de v\u00eddeo de <em>El Salto Diario<\/em><\/strong>, cubriendo manifestaciones y temas de \u00e1mbito social audiovisualmente.<\/p>[\/et_pb_text][\/et_pb_column][\/et_pb_row][et_pb_row _builder_version=\u00bb4.25.1&#8243; _module_preset=\u00bbdefault\u00bb global_colors_info=\u00bb{}\u00bb][et_pb_column type=\u00bb4_4&#8243; _builder_version=\u00bb4.25.1&#8243; _module_preset=\u00bbdefault\u00bb global_colors_info=\u00bb{}\u00bb][et_pb_cta title=\u00bbCel\u00e9bralo junto a nosotras\u00bb button_url=\u00bbhttps:\/\/tienda.datecuenta.org\/categoria-producto\/15-aniversario-datecuenta\/\u00bb url_new_window=\u00bbon\u00bb button_text=\u00bbInscr\u00edbete a la jornada\u00bb _builder_version=\u00bb4.25.1&#8243; _module_preset=\u00bbdefault\u00bb global_colors_info=\u00bb{}\u00bb]<p><strong><\/strong><strong>15 de marzo de 2025 <\/strong>de 10-18:30h<br \/>Aportaci\u00f3n: <span style=\"text-decoration: line-through;\">30\u20ac<\/span> 25\u20ac (hasta el\u00a0 20 de febrero)<br \/>(15\u20ac para el alumnado 2024\/25)<br \/>Comida opcional (12\u20ac)<\/p>\n<p>Incluye participaci\u00f3n en sorteos gracias a FotoK y Revista 5W<br \/><strong>Beneficios para financiar la Beca 15 aniversario<\/strong><br \/><strong>Plazas limitadas<\/strong><\/p>[\/et_pb_cta][et_pb_text _builder_version=\u00bb4.25.1&#8243; _module_preset=\u00bbdefault\u00bb global_colors_info=\u00bb{}\u00bb]<p><a href=\"http:\/\/www.datecuenta.org\/escuelalibre\/wp-content\/uploads\/2024\/12\/15-aniversario-date-cuenta.pdf\" target=\"_blank\" rel=\"noopener\">Desc\u00e1rgate el programa en pdf aqu\u00ed.<\/a><\/p>[\/et_pb_text][\/et_pb_column][\/et_pb_row][et_pb_row column_structure=\u00bb1_6,1_6,1_6,1_6,1_6,1_6&#8243; _builder_version=\u00bb4.25.1&#8243; _module_preset=\u00bbdefault\u00bb global_colors_info=\u00bb{}\u00bb][et_pb_column type=\u00bb1_6&#8243; _builder_version=\u00bb4.25.1&#8243; _module_preset=\u00bbdefault\u00bb global_colors_info=\u00bb{}\u00bb][et_pb_text _builder_version=\u00bb4.25.1&#8243; _module_preset=\u00bbdefault\u00bb global_colors_info=\u00bb{}\u00bb]<p>Organiza:<\/p>[\/et_pb_text][et_pb_image src=\u00bbhttp:\/\/www.datecuenta.org\/escuelalibre\/wp-content\/uploads\/2024\/05\/logo-escuela-datecuenta-15.png\u00bb alt=\u00bbLogo 15 aniversario escuela DateCuenta\u00bb title_text=\u00bblogo-escuela-datecuenta-15&#8243; url=\u00bbhttps:\/\/datecuenta.org\u00bb url_new_window=\u00bbon\u00bb _builder_version=\u00bb4.25.1&#8243; _module_preset=\u00bbdefault\u00bb global_colors_info=\u00bb{}\u00bb][\/et_pb_image][\/et_pb_column][et_pb_column type=\u00bb1_6&#8243; _builder_version=\u00bb4.25.1&#8243; _module_preset=\u00bbdefault\u00bb global_colors_info=\u00bb{}\u00bb][et_pb_text _builder_version=\u00bb4.25.1&#8243; _module_preset=\u00bbdefault\u00bb global_colors_info=\u00bb{}\u00bb]<p>Colaboran:<\/p>[\/et_pb_text][et_pb_image src=\u00bbhttp:\/\/www.datecuenta.org\/escuelalibre\/wp-content\/uploads\/2025\/01\/Ca-l-Isidret.jpg\u00bb title_text=\u00bbCa-l-Isidret\u00bb url=\u00bbhttps:\/\/calisidret.eixpereiv.org\/\u00bb url_new_window=\u00bbon\u00bb _builder_version=\u00bb4.25.1&#8243; _module_preset=\u00bbdefault\u00bb global_colors_info=\u00bb{}\u00bb][\/et_pb_image][\/et_pb_column][et_pb_column type=\u00bb1_6&#8243; _builder_version=\u00bb4.25.1&#8243; _module_preset=\u00bbdefault\u00bb global_colors_info=\u00bb{}\u00bb][et_pb_text _builder_version=\u00bb4.25.1&#8243; _module_preset=\u00bbdefault\u00bb global_colors_info=\u00bb{}\u00bb][\/et_pb_text][et_pb_image src=\u00bbhttp:\/\/www.datecuenta.org\/escuelalibre\/wp-content\/uploads\/2025\/01\/eix.jpg\u00bb title_text=\u00bbeix\u00bb url=\u00bbhttps:\/\/eixpereiv.org\/\u00bb url_new_window=\u00bbon\u00bb _builder_version=\u00bb4.25.1&#8243; _module_preset=\u00bbdefault\u00bb global_colors_info=\u00bb{}\u00bb][\/et_pb_image][\/et_pb_column][et_pb_column type=\u00bb1_6&#8243; _builder_version=\u00bb4.25.1&#8243; _module_preset=\u00bbdefault\u00bb global_colors_info=\u00bb{}\u00bb][et_pb_text _builder_version=\u00bb4.25.1&#8243; _module_preset=\u00bbdefault\u00bb global_colors_info=\u00bb{}\u00bb][\/et_pb_text][et_pb_image src=\u00bbhttp:\/\/www.datecuenta.org\/escuelalibre\/wp-content\/uploads\/2025\/01\/menjador.jpg\u00bb title_text=\u00bbmenjador\u00bb _builder_version=\u00bb4.25.1&#8243; _module_preset=\u00bbdefault\u00bb global_colors_info=\u00bb{}\u00bb][\/et_pb_image][\/et_pb_column][et_pb_column type=\u00bb1_6&#8243; _builder_version=\u00bb4.25.1&#8243; _module_preset=\u00bbdefault\u00bb global_colors_info=\u00bb{}\u00bb][et_pb_text _builder_version=\u00bb4.25.1&#8243; _module_preset=\u00bbdefault\u00bb global_colors_info=\u00bb{}\u00bb]<p>Gracias a:<\/p>[\/et_pb_text][et_pb_image src=\u00bbhttp:\/\/www.datecuenta.org\/escuelalibre\/wp-content\/uploads\/2025\/01\/Revista_5Ws.jpg\u00bb title_text=\u00bbRevista_5Ws\u00bb url=\u00bbhttps:\/\/www.revista5w.com\/\u00bb url_new_window=\u00bbon\u00bb align=\u00bbcenter\u00bb _builder_version=\u00bb4.25.1&#8243; _module_preset=\u00bbdefault\u00bb custom_margin=\u00bb||||false|false\u00bb global_colors_info=\u00bb{}\u00bb][\/et_pb_image][\/et_pb_column][et_pb_column type=\u00bb1_6&#8243; _builder_version=\u00bb4.25.1&#8243; _module_preset=\u00bbdefault\u00bb global_colors_info=\u00bb{}\u00bb][et_pb_text _builder_version=\u00bb4.25.1&#8243; _module_preset=\u00bbdefault\u00bb global_colors_info=\u00bb{}\u00bb][\/et_pb_text][et_pb_image src=\u00bbhttp:\/\/www.datecuenta.org\/escuelalibre\/wp-content\/uploads\/2025\/01\/FotoK.jpg\u00bb title_text=\u00bbFotoK\u00bb url=\u00bbhttps:\/\/fotok.es\u00bb url_new_window=\u00bbon\u00bb _builder_version=\u00bb4.25.1&#8243; _module_preset=\u00bbdefault\u00bb global_colors_info=\u00bb{}\u00bb][\/et_pb_image][\/et_pb_column][\/et_pb_row][\/et_pb_section]\n","protected":false},"excerpt":{"rendered":"<p>Tras 15 a\u00f1os de andadura, DateCuenta se ha convertido en una referencia de la educaci\u00f3n libre y sin \u00e1nimo de lucro en el \u00e1mbito de la fotograf\u00eda y la comunicaci\u00f3n cr\u00edtica. Mantener el proyecto vivo todos estos a\u00f1os no ha sido f\u00e1cil, pero s\u00ed tremendamente satisfactorio. Nos llena de emoci\u00f3n haber llegado hasta aqu\u00ed tras [&hellip;]<\/p>\n","protected":false},"author":1001002,"featured_media":7201,"comment_status":"closed","ping_status":"closed","sticky":false,"template":"","format":"standard","meta":{"_et_pb_use_builder":"on","_et_pb_old_content":"","_et_gb_content_width":"2880","content-type":"","_monsterinsights_skip_tracking":false,"_monsterinsights_sitenote_active":false,"_monsterinsights_sitenote_note":"","_monsterinsights_sitenote_category":0,"_joinchat":[],"footnotes":""},"categories":[187],"tags":[],"class_list":["post-7056","post","type-post","status-publish","format-standard","has-post-thumbnail","hentry","category-noticias"],"yoast_head":"<!-- This site is optimized with the Yoast SEO plugin v26.9 - https:\/\/yoast.com\/product\/yoast-seo-wordpress\/ -->\n<title>Jornada 15 aniversario DateCuenta<\/title>\n<meta name=\"robots\" content=\"index, nofollow, max-snippet:-1, max-image-preview:large, max-video-preview:-1\" \/>\n<link rel=\"canonical\" href=\"https:\/\/www.datecuenta.org\/escuelalibre\/aniversario\/\" \/>\n<meta property=\"og:locale\" content=\"es_ES\" \/>\n<meta property=\"og:type\" content=\"article\" \/>\n<meta property=\"og:title\" content=\"Jornada 15 aniversario DateCuenta\" \/>\n<meta property=\"og:description\" content=\"Tras 15 a\u00f1os de andadura, DateCuenta se ha convertido en una referencia de la educaci\u00f3n libre y sin \u00e1nimo de lucro en el \u00e1mbito de la fotograf\u00eda y la comunicaci\u00f3n cr\u00edtica. Mantener el proyecto vivo todos estos a\u00f1os no ha sido f\u00e1cil, pero s\u00ed tremendamente satisfactorio. Nos llena de emoci\u00f3n haber llegado hasta aqu\u00ed tras [&hellip;]\" \/>\n<meta property=\"og:url\" content=\"https:\/\/www.datecuenta.org\/escuelalibre\/aniversario\/\" \/>\n<meta property=\"og:site_name\" content=\"Escuela de fotograf\u00eda en Barcelona | DateCuenta\" \/>\n<meta property=\"article:published_time\" content=\"2025-01-20T11:24:58+00:00\" \/>\n<meta property=\"article:modified_time\" content=\"2025-01-20T17:31:01+00:00\" \/>\n<meta property=\"og:image\" content=\"http:\/\/www.datecuenta.org\/escuelalibre\/wp-content\/uploads\/2025\/01\/jornada-date-cuenta.jpg\" \/>\n\t<meta property=\"og:image:width\" content=\"900\" \/>\n\t<meta property=\"og:image:height\" content=\"552\" \/>\n\t<meta property=\"og:image:type\" content=\"image\/jpeg\" \/>\n<meta name=\"author\" content=\"Date Cuenta\" \/>\n<meta name=\"twitter:card\" content=\"summary_large_image\" \/>\n<meta name=\"twitter:label1\" content=\"Escrito por\" \/>\n\t<meta name=\"twitter:data1\" content=\"Date Cuenta\" \/>\n\t<meta name=\"twitter:label2\" content=\"Tiempo de lectura\" \/>\n\t<meta name=\"twitter:data2\" content=\"16 minutos\" \/>\n<script type=\"application\/ld+json\" class=\"yoast-schema-graph\">{\"@context\":\"https:\/\/schema.org\",\"@graph\":[{\"@type\":\"Article\",\"@id\":\"https:\/\/www.datecuenta.org\/escuelalibre\/aniversario\/#article\",\"isPartOf\":{\"@id\":\"https:\/\/www.datecuenta.org\/escuelalibre\/aniversario\/\"},\"author\":{\"name\":\"Date Cuenta\",\"@id\":\"https:\/\/www.datecuenta.org\/escuelalibre\/#\/schema\/person\/2461c4b87eecd19501ff25c8158edfce\"},\"headline\":\"Jornada 15 aniversario DateCuenta\",\"datePublished\":\"2025-01-20T11:24:58+00:00\",\"dateModified\":\"2025-01-20T17:31:01+00:00\",\"mainEntityOfPage\":{\"@id\":\"https:\/\/www.datecuenta.org\/escuelalibre\/aniversario\/\"},\"wordCount\":2675,\"image\":{\"@id\":\"https:\/\/www.datecuenta.org\/escuelalibre\/aniversario\/#primaryimage\"},\"thumbnailUrl\":\"https:\/\/www.datecuenta.org\/escuelalibre\/wp-content\/uploads\/2025\/01\/jornada-date-cuenta.jpg\",\"articleSection\":[\"BLOG\"],\"inLanguage\":\"es\"},{\"@type\":\"WebPage\",\"@id\":\"https:\/\/www.datecuenta.org\/escuelalibre\/aniversario\/\",\"url\":\"https:\/\/www.datecuenta.org\/escuelalibre\/aniversario\/\",\"name\":\"Jornada 15 aniversario DateCuenta\",\"isPartOf\":{\"@id\":\"https:\/\/www.datecuenta.org\/escuelalibre\/#website\"},\"primaryImageOfPage\":{\"@id\":\"https:\/\/www.datecuenta.org\/escuelalibre\/aniversario\/#primaryimage\"},\"image\":{\"@id\":\"https:\/\/www.datecuenta.org\/escuelalibre\/aniversario\/#primaryimage\"},\"thumbnailUrl\":\"https:\/\/www.datecuenta.org\/escuelalibre\/wp-content\/uploads\/2025\/01\/jornada-date-cuenta.jpg\",\"datePublished\":\"2025-01-20T11:24:58+00:00\",\"dateModified\":\"2025-01-20T17:31:01+00:00\",\"author\":{\"@id\":\"https:\/\/www.datecuenta.org\/escuelalibre\/#\/schema\/person\/2461c4b87eecd19501ff25c8158edfce\"},\"breadcrumb\":{\"@id\":\"https:\/\/www.datecuenta.org\/escuelalibre\/aniversario\/#breadcrumb\"},\"inLanguage\":\"es\",\"potentialAction\":[{\"@type\":\"ReadAction\",\"target\":[\"https:\/\/www.datecuenta.org\/escuelalibre\/aniversario\/\"]}]},{\"@type\":\"ImageObject\",\"inLanguage\":\"es\",\"@id\":\"https:\/\/www.datecuenta.org\/escuelalibre\/aniversario\/#primaryimage\",\"url\":\"https:\/\/www.datecuenta.org\/escuelalibre\/wp-content\/uploads\/2025\/01\/jornada-date-cuenta.jpg\",\"contentUrl\":\"https:\/\/www.datecuenta.org\/escuelalibre\/wp-content\/uploads\/2025\/01\/jornada-date-cuenta.jpg\",\"width\":900,\"height\":552},{\"@type\":\"BreadcrumbList\",\"@id\":\"https:\/\/www.datecuenta.org\/escuelalibre\/aniversario\/#breadcrumb\",\"itemListElement\":[{\"@type\":\"ListItem\",\"position\":1,\"name\":\"Portada\",\"item\":\"https:\/\/www.datecuenta.org\/escuelalibre\/\"},{\"@type\":\"ListItem\",\"position\":2,\"name\":\"Jornada 15 aniversario DateCuenta\"}]},{\"@type\":\"WebSite\",\"@id\":\"https:\/\/www.datecuenta.org\/escuelalibre\/#website\",\"url\":\"https:\/\/www.datecuenta.org\/escuelalibre\/\",\"name\":\"Escuela de fotograf\u00eda en Barcelona | DateCuenta\",\"description\":\"\",\"potentialAction\":[{\"@type\":\"SearchAction\",\"target\":{\"@type\":\"EntryPoint\",\"urlTemplate\":\"https:\/\/www.datecuenta.org\/escuelalibre\/?s={search_term_string}\"},\"query-input\":{\"@type\":\"PropertyValueSpecification\",\"valueRequired\":true,\"valueName\":\"search_term_string\"}}],\"inLanguage\":\"es\"},{\"@type\":\"Person\",\"@id\":\"https:\/\/www.datecuenta.org\/escuelalibre\/#\/schema\/person\/2461c4b87eecd19501ff25c8158edfce\",\"name\":\"Date Cuenta\",\"image\":{\"@type\":\"ImageObject\",\"inLanguage\":\"es\",\"@id\":\"https:\/\/www.datecuenta.org\/escuelalibre\/#\/schema\/person\/image\/\",\"url\":\"https:\/\/secure.gravatar.com\/avatar\/cef072a10d2f235035add558d19bd890155332fc9d829546849b6af5dba440c4?s=96&d=mm&r=g\",\"contentUrl\":\"https:\/\/secure.gravatar.com\/avatar\/cef072a10d2f235035add558d19bd890155332fc9d829546849b6af5dba440c4?s=96&d=mm&r=g\",\"caption\":\"Date Cuenta\"}}]}<\/script>\n<!-- \/ Yoast SEO plugin. -->","yoast_head_json":{"title":"Jornada 15 aniversario DateCuenta","robots":{"index":"index","follow":"nofollow","max-snippet":"max-snippet:-1","max-image-preview":"max-image-preview:large","max-video-preview":"max-video-preview:-1"},"canonical":"https:\/\/www.datecuenta.org\/escuelalibre\/aniversario\/","og_locale":"es_ES","og_type":"article","og_title":"Jornada 15 aniversario DateCuenta","og_description":"Tras 15 a\u00f1os de andadura, DateCuenta se ha convertido en una referencia de la educaci\u00f3n libre y sin \u00e1nimo de lucro en el \u00e1mbito de la fotograf\u00eda y la comunicaci\u00f3n cr\u00edtica. Mantener el proyecto vivo todos estos a\u00f1os no ha sido f\u00e1cil, pero s\u00ed tremendamente satisfactorio. Nos llena de emoci\u00f3n haber llegado hasta aqu\u00ed tras [&hellip;]","og_url":"https:\/\/www.datecuenta.org\/escuelalibre\/aniversario\/","og_site_name":"Escuela de fotograf\u00eda en Barcelona | DateCuenta","article_published_time":"2025-01-20T11:24:58+00:00","article_modified_time":"2025-01-20T17:31:01+00:00","og_image":[{"width":900,"height":552,"url":"http:\/\/www.datecuenta.org\/escuelalibre\/wp-content\/uploads\/2025\/01\/jornada-date-cuenta.jpg","type":"image\/jpeg"}],"author":"Date Cuenta","twitter_card":"summary_large_image","twitter_misc":{"Escrito por":"Date Cuenta","Tiempo de lectura":"16 minutos"},"schema":{"@context":"https:\/\/schema.org","@graph":[{"@type":"Article","@id":"https:\/\/www.datecuenta.org\/escuelalibre\/aniversario\/#article","isPartOf":{"@id":"https:\/\/www.datecuenta.org\/escuelalibre\/aniversario\/"},"author":{"name":"Date Cuenta","@id":"https:\/\/www.datecuenta.org\/escuelalibre\/#\/schema\/person\/2461c4b87eecd19501ff25c8158edfce"},"headline":"Jornada 15 aniversario DateCuenta","datePublished":"2025-01-20T11:24:58+00:00","dateModified":"2025-01-20T17:31:01+00:00","mainEntityOfPage":{"@id":"https:\/\/www.datecuenta.org\/escuelalibre\/aniversario\/"},"wordCount":2675,"image":{"@id":"https:\/\/www.datecuenta.org\/escuelalibre\/aniversario\/#primaryimage"},"thumbnailUrl":"https:\/\/www.datecuenta.org\/escuelalibre\/wp-content\/uploads\/2025\/01\/jornada-date-cuenta.jpg","articleSection":["BLOG"],"inLanguage":"es"},{"@type":"WebPage","@id":"https:\/\/www.datecuenta.org\/escuelalibre\/aniversario\/","url":"https:\/\/www.datecuenta.org\/escuelalibre\/aniversario\/","name":"Jornada 15 aniversario DateCuenta","isPartOf":{"@id":"https:\/\/www.datecuenta.org\/escuelalibre\/#website"},"primaryImageOfPage":{"@id":"https:\/\/www.datecuenta.org\/escuelalibre\/aniversario\/#primaryimage"},"image":{"@id":"https:\/\/www.datecuenta.org\/escuelalibre\/aniversario\/#primaryimage"},"thumbnailUrl":"https:\/\/www.datecuenta.org\/escuelalibre\/wp-content\/uploads\/2025\/01\/jornada-date-cuenta.jpg","datePublished":"2025-01-20T11:24:58+00:00","dateModified":"2025-01-20T17:31:01+00:00","author":{"@id":"https:\/\/www.datecuenta.org\/escuelalibre\/#\/schema\/person\/2461c4b87eecd19501ff25c8158edfce"},"breadcrumb":{"@id":"https:\/\/www.datecuenta.org\/escuelalibre\/aniversario\/#breadcrumb"},"inLanguage":"es","potentialAction":[{"@type":"ReadAction","target":["https:\/\/www.datecuenta.org\/escuelalibre\/aniversario\/"]}]},{"@type":"ImageObject","inLanguage":"es","@id":"https:\/\/www.datecuenta.org\/escuelalibre\/aniversario\/#primaryimage","url":"https:\/\/www.datecuenta.org\/escuelalibre\/wp-content\/uploads\/2025\/01\/jornada-date-cuenta.jpg","contentUrl":"https:\/\/www.datecuenta.org\/escuelalibre\/wp-content\/uploads\/2025\/01\/jornada-date-cuenta.jpg","width":900,"height":552},{"@type":"BreadcrumbList","@id":"https:\/\/www.datecuenta.org\/escuelalibre\/aniversario\/#breadcrumb","itemListElement":[{"@type":"ListItem","position":1,"name":"Portada","item":"https:\/\/www.datecuenta.org\/escuelalibre\/"},{"@type":"ListItem","position":2,"name":"Jornada 15 aniversario DateCuenta"}]},{"@type":"WebSite","@id":"https:\/\/www.datecuenta.org\/escuelalibre\/#website","url":"https:\/\/www.datecuenta.org\/escuelalibre\/","name":"Escuela de fotograf\u00eda en Barcelona | DateCuenta","description":"","potentialAction":[{"@type":"SearchAction","target":{"@type":"EntryPoint","urlTemplate":"https:\/\/www.datecuenta.org\/escuelalibre\/?s={search_term_string}"},"query-input":{"@type":"PropertyValueSpecification","valueRequired":true,"valueName":"search_term_string"}}],"inLanguage":"es"},{"@type":"Person","@id":"https:\/\/www.datecuenta.org\/escuelalibre\/#\/schema\/person\/2461c4b87eecd19501ff25c8158edfce","name":"Date Cuenta","image":{"@type":"ImageObject","inLanguage":"es","@id":"https:\/\/www.datecuenta.org\/escuelalibre\/#\/schema\/person\/image\/","url":"https:\/\/secure.gravatar.com\/avatar\/cef072a10d2f235035add558d19bd890155332fc9d829546849b6af5dba440c4?s=96&d=mm&r=g","contentUrl":"https:\/\/secure.gravatar.com\/avatar\/cef072a10d2f235035add558d19bd890155332fc9d829546849b6af5dba440c4?s=96&d=mm&r=g","caption":"Date Cuenta"}}]}},"_links":{"self":[{"href":"https:\/\/www.datecuenta.org\/escuelalibre\/wp-json\/wp\/v2\/posts\/7056","targetHints":{"allow":["GET"]}}],"collection":[{"href":"https:\/\/www.datecuenta.org\/escuelalibre\/wp-json\/wp\/v2\/posts"}],"about":[{"href":"https:\/\/www.datecuenta.org\/escuelalibre\/wp-json\/wp\/v2\/types\/post"}],"author":[{"embeddable":true,"href":"https:\/\/www.datecuenta.org\/escuelalibre\/wp-json\/wp\/v2\/users\/1001002"}],"replies":[{"embeddable":true,"href":"https:\/\/www.datecuenta.org\/escuelalibre\/wp-json\/wp\/v2\/comments?post=7056"}],"version-history":[{"count":41,"href":"https:\/\/www.datecuenta.org\/escuelalibre\/wp-json\/wp\/v2\/posts\/7056\/revisions"}],"predecessor-version":[{"id":7202,"href":"https:\/\/www.datecuenta.org\/escuelalibre\/wp-json\/wp\/v2\/posts\/7056\/revisions\/7202"}],"wp:featuredmedia":[{"embeddable":true,"href":"https:\/\/www.datecuenta.org\/escuelalibre\/wp-json\/wp\/v2\/media\/7201"}],"wp:attachment":[{"href":"https:\/\/www.datecuenta.org\/escuelalibre\/wp-json\/wp\/v2\/media?parent=7056"}],"wp:term":[{"taxonomy":"category","embeddable":true,"href":"https:\/\/www.datecuenta.org\/escuelalibre\/wp-json\/wp\/v2\/categories?post=7056"},{"taxonomy":"post_tag","embeddable":true,"href":"https:\/\/www.datecuenta.org\/escuelalibre\/wp-json\/wp\/v2\/tags?post=7056"}],"curies":[{"name":"wp","href":"https:\/\/api.w.org\/{rel}","templated":true}]}}