{"id":7218,"date":"2025-03-19T14:34:57","date_gmt":"2025-03-19T14:34:57","guid":{"rendered":"https:\/\/www.datecuenta.org\/escuelalibre\/?p=7218"},"modified":"2025-03-19T21:15:25","modified_gmt":"2025-03-19T21:15:25","slug":"datecuenta-edad-adulta","status":"publish","type":"post","link":"https:\/\/www.datecuenta.org\/escuelalibre\/datecuenta-edad-adulta\/","title":{"rendered":"DateCuenta llega a la edad adulta: 15 a\u00f1os de fotograf\u00eda para hacer un mundo mejor"},"content":{"rendered":"\n<p><strong>Por AITOR FERN\u00c1NDEZ, PEDRO VIDAL, JAVIER GUERRA y CECILIA COCA<\/strong><\/p>\n\n\n\n<p>Se conoce como la <strong>fiesta de los quince a\u00f1os<\/strong> la costumbre proveniente de las grandes culturas precolombinas de M\u00e9xico de realizar una serie de ritos para celebrar la entrada a la edad adulta. Es una costumbre que se mantiene viva en pa\u00edses como M\u00e9xico y otros pa\u00edses de centro y Suram\u00e9rica.<\/p>\n\n\n\n<p>Se podr\u00eda decir que <strong>DateCuenta tambi\u00e9n ha llegado a la edad adulta<\/strong>. A pesar de las dificultades, el proyecto se ha mantenido fiel a sus principios convirti\u00e9ndose en una escuela de fotograf\u00eda de referencia en Barcelona.<\/p>\n\n\n\n<p>Elegida por <strong>m\u00e1s de mil personas<\/strong> de decenas de nacionalidades, en DateCuenta tambi\u00e9n <strong>se han otorgado medio centenar de becas y premios sociales<\/strong>, se han producido <strong>una docena de proyectos documentales<\/strong> y se ha <strong>colaborado con una veintena de ONG, entidades<\/strong> de periodismo libre y movimientos sociales.<\/p>\n\n\n\n<p><a href=\"https:\/\/datecuenta.org\/escuelalibre\/aniversario\" target=\"_blank\" rel=\"noreferrer noopener\">DateCuenta ha cumplido 15 a\u00f1os arropada por personas a las que admiramos<\/a>, que comulgan con nuestros principios y que utilizan la fotograf\u00eda para hacer un mundo mejor. Durante todas las actividades hemos podido sentir que el alumnado se enriqueci\u00f3 de los consejos y ense\u00f1anzas de todos ellos.<\/p>\n\n\n\n<figure class=\"wp-block-image size-full is-resized\"><img loading=\"lazy\" decoding=\"async\" width=\"675\" height=\"450\" src=\"https:\/\/www.datecuenta.org\/escuelalibre\/wp-content\/uploads\/2025\/03\/aniversario1.jpg\" alt=\"\" class=\"wp-image-7241\" style=\"width:823px;height:auto\" srcset=\"https:\/\/www.datecuenta.org\/escuelalibre\/wp-content\/uploads\/2025\/03\/aniversario1.jpg 675w, https:\/\/www.datecuenta.org\/escuelalibre\/wp-content\/uploads\/2025\/03\/aniversario1-480x320.jpg 480w\" sizes=\"(min-width: 0px) and (max-width: 480px) 480px, (min-width: 481px) 675px, 100vw\" \/><\/figure>\n\n\n\n<p><strong><em>Mesa redonda con Sergi Conesa, Javier G\u00f3miz, Paulina Polkowska, Santiago Botero, Romina Ficca, Mar Sala y Aitor Fern\u00e1ndez<\/em><\/strong><\/p>\n\n\n\n<h2 class=\"wp-block-heading\"><strong>Vivir de la fotograf\u00eda no es f\u00e1cil, pero es posible<\/strong><\/h2>\n\n\n\n<p>Durante la <strong>mesa redonda con Javier G\u00f3miz, Paulina Polkowska, Romina Ficca, Mar Sala, Sergi Conesa y Santiago Botero<\/strong>, moderada por el coordinador de la escuela Aitor Fern\u00e1ndez, tuvimos la oportunidad de conocer la forma en que estos seis exalumnos, actualmente profesionales, se han ido abriendo camino en el mundo de la fotograf\u00eda.<\/p>\n\n\n\n<p>Javier G\u00f3miz, quien <strong>dej\u00f3 su profesi\u00f3n de enfermero tras su paso por la escuela<\/strong>, habl\u00f3 de la necesidad de vivir una vida profesional plena, de dedicarse a lo que realmente a uno le llena. <strong>\u201cMe dedico plenamente a la fotograf\u00eda porque apost\u00e9 por una propuesta que era \u00fatil y que no ten\u00eda competencia en Mallorca<\/strong>\u201d. Javier fue inteligente al encontrar un nicho de mercado y posicionarlo al invertir en una apuesta innovadora, la fotograf\u00eda con dron aplicada a la fotograf\u00eda inmobiliaria y el sector tur\u00edstico.<\/p>\n\n\n\n<p>Abrirse camino no fue f\u00e1cil para ninguno. Uno simplemente no decide dedicarse a la fotograf\u00eda y al d\u00eda siguiente le llueven los clientes. Con Paulina Polkowska y Romina Ficca hablamos precisamente de los obst\u00e1culos que se presentan al llegar al mercado fotogr\u00e1fico. <strong>\u201cLa fotograf\u00eda es para ricos\u201d,<\/strong> fue una de las frases contundentes de Romina.<\/p>\n\n\n\n<p>Ambas, y desde sus respectivos campos &nbsp;-la fotograf\u00eda como herramienta de acompa\u00f1amiento en el crecimiento personal y la fotograf\u00eda art\u00edstica-, se encuentran en un momento de cambio por una necesidad de reinventar su camino. <strong>\u201cA veces es mejor parar para poder entender por d\u00f3nde quieres continuar\u201d<\/strong>, aconsej\u00f3 Paulina.<\/p>\n\n\n\n<figure class=\"wp-block-image size-full\"><img loading=\"lazy\" decoding=\"async\" width=\"675\" height=\"450\" src=\"https:\/\/www.datecuenta.org\/escuelalibre\/wp-content\/uploads\/2025\/03\/aniversario4.jpg\" alt=\"\" class=\"wp-image-7243\" srcset=\"https:\/\/www.datecuenta.org\/escuelalibre\/wp-content\/uploads\/2025\/03\/aniversario4.jpg 675w, https:\/\/www.datecuenta.org\/escuelalibre\/wp-content\/uploads\/2025\/03\/aniversario4-480x320.jpg 480w\" sizes=\"(min-width: 0px) and (max-width: 480px) 480px, (min-width: 481px) 675px, 100vw\" \/><\/figure>\n\n\n\n<p><strong><em>Taller con Lourdes Segade<\/em><\/strong><\/p>\n\n\n\n<p>Con Mar Sala, Sergi Conesa y Santiago Botero, los tres m\u00e1s cercanos al mundo de la fotograf\u00eda documental el fotoperiodismo y el videoperiodismo, hablamos sobre todo d<strong>el ruido medi\u00e1tico y de las dificultades de llegar al gran p\u00fablico<\/strong>. Los tres, cada uno a su manera, <strong>se han abierto camino gracias a la innovaci\u00f3n y al compromiso con la transformaci\u00f3n social<\/strong>.<\/p>\n\n\n\n<p>Mar, que trabaja en el \u00e1rea de v\u00eddeo del diario El Salto, enfoca los reportajes en v\u00eddeo de una manera innovadora, en un formato enfocado a la difusi\u00f3n en redes sociales, donde est\u00e1 el p\u00fablico joven al que hay que llegar. Sergi fund\u00f3 una entidad que trabaja acercando la fotograf\u00eda a colectivos con el objetivo de empoderarlos y de que asuman un rol activo en la transformaci\u00f3n de su realidad. Santiago trabaja sobre todo al lado de las sociedades ind\u00edgenas, a las que ve como la soluci\u00f3n a los problemas generados por el capitalismo.<\/p>\n\n\n\n<p>Los tres buscan constantemente la manera de financiar sus proyectos, de seguir adelante abri\u00e9ndose camino y manteni\u00e9ndose en este sector, tan duro como satisfactorio. <strong>\u201cYo he llegado a lugares sin tener donde dormir y me he puesto a llamar a todos los hoteles para que me ofrezcan alojamiento a cambio de fotograf\u00edas y lo he conseguido\u201d,<\/strong> relat\u00f3 Santiago.<\/p>\n\n\n\n<p>De estos seis exalumnos aprendimos que <strong>debemos cambiar la mente y la forma de relacionarnos con el mundo<\/strong> que nos envuelve, m\u00e1s que seguir caminos prefijados. La suerte influye y hay que trabajar mucho, pero e<strong>xisten ideas buen\u00edsimas para poder ser autosuficientes econ\u00f3micamente y que nuestro trabajo deje huella en los caminos que transitamos<\/strong>.<\/p>\n\n\n\n<figure class=\"wp-block-image size-full\"><img loading=\"lazy\" decoding=\"async\" width=\"900\" height=\"600\" src=\"https:\/\/www.datecuenta.org\/escuelalibre\/wp-content\/uploads\/2025\/03\/aniversario5.jpg\" alt=\"\" class=\"wp-image-7244\" srcset=\"https:\/\/www.datecuenta.org\/escuelalibre\/wp-content\/uploads\/2025\/03\/aniversario5.jpg 900w, https:\/\/www.datecuenta.org\/escuelalibre\/wp-content\/uploads\/2025\/03\/aniversario5-480x320.jpg 480w\" sizes=\"(min-width: 0px) and (max-width: 480px) 480px, (min-width: 481px) 900px, 100vw\" \/><\/figure>\n\n\n\n<p><strong><em>Taller con Rober Astorgano<\/em><\/strong><\/p>\n\n\n\n<h2 class=\"wp-block-heading\"><strong>La fuerza de la fotograf\u00eda<\/strong><\/h2>\n\n\n\n<p>Cinco profesionales de mirada cr\u00edtica acompa\u00f1aron a nuestro alumnado mediante cinco talleres diferentes que se dieron antes de la comida.<\/p>\n\n\n\n<p>Con la artista <strong>Ana \u00c1lvarez-Errecalde<\/strong> participamos en un emotivo taller que nos demostr\u00f3 la fuerza del retrato simb\u00f3lico. Sentados frente a una mesa llena de objetos muy diferentes -desde un cuchillo hasta una manzana-, el alumnado tuvo que elegir uno e incluirlo en una propuesta de retrato.<\/p>\n\n\n\n<p>Con el fot\u00f3grafo documental <strong>Rober Astorgano<\/strong> trabajamos la importancia de la fotograf\u00eda para la transmisi\u00f3n de la memoria hist\u00f3rica. Gracias a cuatro personas que acudieron voluntariamente, el alumnado tuvo la oportunidad de entrevistarlos, retratarlos, y reivindicar la historia m\u00e1s social de nuestro barrio.<\/p>\n\n\n\n<figure class=\"wp-block-image size-full\"><img loading=\"lazy\" decoding=\"async\" width=\"900\" height=\"600\" src=\"https:\/\/www.datecuenta.org\/escuelalibre\/wp-content\/uploads\/2025\/03\/aniversario3.jpg\" alt=\"\" class=\"wp-image-7245\" srcset=\"https:\/\/www.datecuenta.org\/escuelalibre\/wp-content\/uploads\/2025\/03\/aniversario3.jpg 900w, https:\/\/www.datecuenta.org\/escuelalibre\/wp-content\/uploads\/2025\/03\/aniversario3-480x320.jpg 480w\" sizes=\"(min-width: 0px) and (max-width: 480px) 480px, (min-width: 481px) 900px, 100vw\" \/><\/figure>\n\n\n\n<p><strong><em>Taller con Imanol Buis\u00e0n<\/em><\/strong><\/p>\n\n\n\n<p><strong>Lourdes Segade<\/strong> nos abri\u00f3 la puerta, una vez m\u00e1s, a un mundo diferente. Mediante diferentes ejercicios de percepci\u00f3n nos ense\u00f1\u00f3 otra forma de mirar, otra forma de abrirnos hacia lo que se revela ante nuestros ojos para poder encontrar nuestro camino en la fotograf\u00eda.<\/p>\n\n\n\n<p>Con <strong>Imanol Buis\u00e0n<\/strong> nos sumergimos en el arte del collage y la producci\u00f3n de im\u00e1genes sin disponer de una c\u00e1mara. Tuvimos la oportunidad de jugar con las formas, trabajar con las manos y alejarnos del trabajo tan mental que muchas veces tenemos que realizar como fot\u00f3grafos.<\/p>\n\n\n\n<p><strong>Santiago Botero<\/strong> particip\u00f3 tambi\u00e9n como tallerista ofreciendo una clase de fotograf\u00eda documental muy intuitiva y alejada de la educaci\u00f3n formal. Llev\u00f3 al alumnado a un taller de carpinter\u00eda en el que se pudo crear im\u00e1genes, sentir la profesi\u00f3n y relatar la historia de lo que all\u00ed acontec\u00eda.<\/p>\n\n\n\n<figure class=\"wp-block-image size-full\"><img loading=\"lazy\" decoding=\"async\" width=\"900\" height=\"600\" src=\"https:\/\/www.datecuenta.org\/escuelalibre\/wp-content\/uploads\/2025\/03\/aniversario2.jpg\" alt=\"\" class=\"wp-image-7247\" srcset=\"https:\/\/www.datecuenta.org\/escuelalibre\/wp-content\/uploads\/2025\/03\/aniversario2.jpg 900w, https:\/\/www.datecuenta.org\/escuelalibre\/wp-content\/uploads\/2025\/03\/aniversario2-480x320.jpg 480w\" sizes=\"(min-width: 0px) and (max-width: 480px) 480px, (min-width: 481px) 900px, 100vw\" \/><\/figure>\n\n\n\n<p><strong><em>Taller con Ana \u00c1lvarez-Errecalde<\/em><\/strong><\/p>\n\n\n\n<h2 class=\"wp-block-heading\"><strong>Un trabajo con un 10% de producci\u00f3n y un 90% de gesti\u00f3n<\/strong><\/h2>\n\n\n\n<p>El broche de oro lo puso <strong>el encuentro con Ana Palacios<\/strong>, que ofreci\u00f3 una masterclase inspiradora y llena de humor donde nos volvi\u00f3 a hablar de los caminos que se transitan en la vida para poder llegar al bienestar profesional.<\/p>\n\n\n\n<p>Tras 17 a\u00f1os trabajando en grandes producciones de cine internacional con gran \u00e9xito profesional y sin preocupaci\u00f3n por el dinero, Ana sent\u00eda que algo no iba bien. Un d\u00eda decidi\u00f3 aparcar su vida como productora. En un viaje a la India se dio de bruces con la realidad de la pobreza, que afecta a millones de personas en el mundo.<\/p>\n\n\n\n<p>Con sus primeras fotograf\u00edas empez\u00f3 consiguiendo peque\u00f1as cosas, pero que en realidad eran muy grandes: <strong>\u201cCuando llegu\u00e9 de la India expliqu\u00e9 a mis compa\u00f1eros de rodaje la historia de Raju\u201d<\/strong>. Raju era un ni\u00f1o al que sus padres ten\u00edan que atar cuando ellos se iban a trabajar para evitar que se hiciera da\u00f1o por la casa porque no pod\u00eda caminar. \u201c<strong>Raju necesitaba una operaci\u00f3n para poder andar. Recaudamos el dinero que hac\u00eda falta y Raju pudo caminar.\u201d<\/strong><\/p>\n\n\n\n<figure class=\"wp-block-image size-full\"><img loading=\"lazy\" decoding=\"async\" width=\"900\" height=\"600\" src=\"https:\/\/www.datecuenta.org\/escuelalibre\/wp-content\/uploads\/2025\/03\/aniversario7.jpg\" alt=\"\" class=\"wp-image-7248\" srcset=\"https:\/\/www.datecuenta.org\/escuelalibre\/wp-content\/uploads\/2025\/03\/aniversario7.jpg 900w, https:\/\/www.datecuenta.org\/escuelalibre\/wp-content\/uploads\/2025\/03\/aniversario7-480x320.jpg 480w\" sizes=\"(min-width: 0px) and (max-width: 480px) 480px, (min-width: 481px) 900px, 100vw\" \/><\/figure>\n\n\n\n<p><strong><em>Masterclase con Ana Palacios<\/em><\/strong><\/p>\n\n\n\n<p>Saber que <strong>la fotograf\u00eda a\u00fan es capaz de transformar las vidas de esa manera es inspirador<\/strong> y hace que se aprecie en el final una verdadera meta, m\u00e1s all\u00e1 de los reconocimientos y premios, que por supuesto tambi\u00e9n son de agradecer. A d\u00eda de hoy, y tras logros tan importantes como <em>Albino, Ni\u00f1os esclavos<\/em> o <em>Sanctuaria<\/em>, Ana se ha convertido en una periodista visual de referencia en Espa\u00f1a.<\/p>\n\n\n\n<p>Ana no tuvo problemas para hablar de las dificultades para abrirse paso en la fotograf\u00eda. Aconsej\u00f3 al alumnado <strong>rodearse de buenos profesionales<\/strong> para que lleguen all\u00ed donde t\u00fa no eres capaz de llegar -una buena dise\u00f1adora gr\u00e1fica, un buen retocador, una buena comunicadora de proyectos-.<\/p>\n\n\n\n<p>El camino de la fotograf\u00eda se transita tambi\u00e9n sabiendo que la gran parte del tiempo estar\u00e1s gestionando m\u00e1s que produciendo. \u201c<strong>Yo dedico un 90% de gesti\u00f3n frente al 10% de producci\u00f3n\u201d<\/strong>, confes\u00f3, ante la gran sorpresa de las personas participantes. Ana lo transita porque sabe que su fotograf\u00eda humanitaria est\u00e1 generando un impacto social. <strong>\u201cSi no me fuera posible trabajar como fot\u00f3grafa de esta manera, volver\u00eda a lo que estaba haciendo hasta ahora\u201d,<\/strong> concluy\u00f3.<\/p>\n\n\n\n<h2 class=\"wp-block-heading\"><strong>Gracias por permitirnos llegar a la edad adulta<\/strong><\/h2>\n\n\n\n<p>Desde DateCuenta queremos <strong>agradecer una vez m\u00e1s<\/strong> a todas las personas que hab\u00e9is hecho grande y despu\u00e9s sostenido nuestro proyecto, especialmente en los momentos m\u00e1s dif\u00edciles, como fueron los a\u00f1os de pandemia. Muchas gracias de todo coraz\u00f3n a todo el profesorado actual y pasado y a todas las personas que han colaborado dejando su huella en el proyecto.<\/p>\n\n\n\n<p>Agradecer tambi\u00e9n a todas las personas asistentes, al equipo del<strong> Casal Ca l\u2019Isidret <\/strong>por la posibilidad que nos dan, desde hace tres a\u00f1os, de estar en su espacio. Nos encanta formar parte como una entidad m\u00e1s de las que aqu\u00ed habitan y est\u00e1n transformando el barrio de Sant Mart\u00ed, en Barcelona. Gracias tambi\u00e9n a los dos patrocinadores que apostaron por esta jornada, <strong>FotoK<\/strong> y la <strong>revista 5W<\/strong>, que ofrecieron dos lotes material fotogr\u00e1fico y tres suscripciones como recompensas.<\/p>\n\n\n\n<p><strong>Por otros 15 a\u00f1os m\u00e1s, o los que vengan<\/strong>. Gracias por hacerlo posible.<\/p>\n","protected":false},"excerpt":{"rendered":"<p>DateCuenta ha cumplido 15 a\u00f1os arropada por personas a las que admiramos, que comulgan con nuestros principios y que utilizan la fotograf\u00eda para hacer un mundo mejor.<\/p>\n","protected":false},"author":1001002,"featured_media":7228,"comment_status":"closed","ping_status":"closed","sticky":false,"template":"","format":"standard","meta":{"_et_pb_use_builder":"off","_et_pb_old_content":"","_et_gb_content_width":"795","content-type":"","_monsterinsights_skip_tracking":false,"_monsterinsights_sitenote_active":false,"_monsterinsights_sitenote_note":"","_monsterinsights_sitenote_category":0,"_joinchat":[],"footnotes":""},"categories":[187],"tags":[],"class_list":["post-7218","post","type-post","status-publish","format-standard","has-post-thumbnail","hentry","category-noticias"],"yoast_head":"<!-- This site is optimized with the Yoast SEO plugin v26.9 - https:\/\/yoast.com\/product\/yoast-seo-wordpress\/ -->\n<title>DateCuenta llega a la edad adulta: 15 a\u00f1os de fotograf\u00eda para hacer un mundo mejor<\/title>\n<meta name=\"description\" content=\"DateCuenta ha cumplido 15 a\u00f1os arropada por personas a las que admiramos, que comulgan con nuestros principios y que utilizan la fotograf\u00eda para hacer un mundo mejor.\" \/>\n<meta name=\"robots\" content=\"index, follow, max-snippet:-1, max-image-preview:large, max-video-preview:-1\" \/>\n<link rel=\"canonical\" href=\"https:\/\/www.datecuenta.org\/escuelalibre\/datecuenta-edad-adulta\/\" \/>\n<meta property=\"og:locale\" content=\"es_ES\" \/>\n<meta property=\"og:type\" content=\"article\" \/>\n<meta property=\"og:title\" content=\"DateCuenta llega a la edad adulta: 15 a\u00f1os de fotograf\u00eda para hacer un mundo mejor\" \/>\n<meta property=\"og:description\" content=\"DateCuenta ha cumplido 15 a\u00f1os arropada por personas a las que admiramos, que comulgan con nuestros principios y que utilizan la fotograf\u00eda para hacer un mundo mejor.\" \/>\n<meta property=\"og:url\" content=\"https:\/\/www.datecuenta.org\/escuelalibre\/datecuenta-edad-adulta\/\" \/>\n<meta property=\"og:site_name\" content=\"Escuela de fotograf\u00eda en Barcelona | DateCuenta\" \/>\n<meta property=\"article:published_time\" content=\"2025-03-19T14:34:57+00:00\" \/>\n<meta property=\"article:modified_time\" content=\"2025-03-19T21:15:25+00:00\" \/>\n<meta property=\"og:image\" content=\"http:\/\/www.datecuenta.org\/escuelalibre\/wp-content\/uploads\/2025\/03\/3-aniversario-datecuenta-ana-palacios.jpg\" \/>\n\t<meta property=\"og:image:width\" content=\"900\" \/>\n\t<meta property=\"og:image:height\" content=\"600\" \/>\n\t<meta property=\"og:image:type\" content=\"image\/jpeg\" \/>\n<meta name=\"author\" content=\"Date Cuenta\" \/>\n<meta name=\"twitter:card\" content=\"summary_large_image\" \/>\n<meta name=\"twitter:label1\" content=\"Escrito por\" \/>\n\t<meta name=\"twitter:data1\" content=\"Date Cuenta\" \/>\n\t<meta name=\"twitter:label2\" content=\"Tiempo de lectura\" \/>\n\t<meta name=\"twitter:data2\" content=\"9 minutos\" \/>\n<script type=\"application\/ld+json\" class=\"yoast-schema-graph\">{\"@context\":\"https:\/\/schema.org\",\"@graph\":[{\"@type\":\"Article\",\"@id\":\"https:\/\/www.datecuenta.org\/escuelalibre\/datecuenta-edad-adulta\/#article\",\"isPartOf\":{\"@id\":\"https:\/\/www.datecuenta.org\/escuelalibre\/datecuenta-edad-adulta\/\"},\"author\":{\"name\":\"Date Cuenta\",\"@id\":\"https:\/\/www.datecuenta.org\/escuelalibre\/#\/schema\/person\/2461c4b87eecd19501ff25c8158edfce\"},\"headline\":\"DateCuenta llega a la edad adulta: 15 a\u00f1os de fotograf\u00eda para hacer un mundo mejor\",\"datePublished\":\"2025-03-19T14:34:57+00:00\",\"dateModified\":\"2025-03-19T21:15:25+00:00\",\"mainEntityOfPage\":{\"@id\":\"https:\/\/www.datecuenta.org\/escuelalibre\/datecuenta-edad-adulta\/\"},\"wordCount\":1676,\"image\":{\"@id\":\"https:\/\/www.datecuenta.org\/escuelalibre\/datecuenta-edad-adulta\/#primaryimage\"},\"thumbnailUrl\":\"https:\/\/www.datecuenta.org\/escuelalibre\/wp-content\/uploads\/2025\/03\/3-aniversario-datecuenta-ana-palacios.jpg\",\"articleSection\":[\"BLOG\"],\"inLanguage\":\"es\"},{\"@type\":\"WebPage\",\"@id\":\"https:\/\/www.datecuenta.org\/escuelalibre\/datecuenta-edad-adulta\/\",\"url\":\"https:\/\/www.datecuenta.org\/escuelalibre\/datecuenta-edad-adulta\/\",\"name\":\"DateCuenta llega a la edad adulta: 15 a\u00f1os de fotograf\u00eda para hacer un mundo mejor\",\"isPartOf\":{\"@id\":\"https:\/\/www.datecuenta.org\/escuelalibre\/#website\"},\"primaryImageOfPage\":{\"@id\":\"https:\/\/www.datecuenta.org\/escuelalibre\/datecuenta-edad-adulta\/#primaryimage\"},\"image\":{\"@id\":\"https:\/\/www.datecuenta.org\/escuelalibre\/datecuenta-edad-adulta\/#primaryimage\"},\"thumbnailUrl\":\"https:\/\/www.datecuenta.org\/escuelalibre\/wp-content\/uploads\/2025\/03\/3-aniversario-datecuenta-ana-palacios.jpg\",\"datePublished\":\"2025-03-19T14:34:57+00:00\",\"dateModified\":\"2025-03-19T21:15:25+00:00\",\"author\":{\"@id\":\"https:\/\/www.datecuenta.org\/escuelalibre\/#\/schema\/person\/2461c4b87eecd19501ff25c8158edfce\"},\"description\":\"DateCuenta ha cumplido 15 a\u00f1os arropada por personas a las que admiramos, que comulgan con nuestros principios y que utilizan la fotograf\u00eda para hacer un mundo mejor.\",\"breadcrumb\":{\"@id\":\"https:\/\/www.datecuenta.org\/escuelalibre\/datecuenta-edad-adulta\/#breadcrumb\"},\"inLanguage\":\"es\",\"potentialAction\":[{\"@type\":\"ReadAction\",\"target\":[\"https:\/\/www.datecuenta.org\/escuelalibre\/datecuenta-edad-adulta\/\"]}]},{\"@type\":\"ImageObject\",\"inLanguage\":\"es\",\"@id\":\"https:\/\/www.datecuenta.org\/escuelalibre\/datecuenta-edad-adulta\/#primaryimage\",\"url\":\"https:\/\/www.datecuenta.org\/escuelalibre\/wp-content\/uploads\/2025\/03\/3-aniversario-datecuenta-ana-palacios.jpg\",\"contentUrl\":\"https:\/\/www.datecuenta.org\/escuelalibre\/wp-content\/uploads\/2025\/03\/3-aniversario-datecuenta-ana-palacios.jpg\",\"width\":900,\"height\":600},{\"@type\":\"BreadcrumbList\",\"@id\":\"https:\/\/www.datecuenta.org\/escuelalibre\/datecuenta-edad-adulta\/#breadcrumb\",\"itemListElement\":[{\"@type\":\"ListItem\",\"position\":1,\"name\":\"Portada\",\"item\":\"https:\/\/www.datecuenta.org\/escuelalibre\/\"},{\"@type\":\"ListItem\",\"position\":2,\"name\":\"DateCuenta llega a la edad adulta: 15 a\u00f1os de fotograf\u00eda para hacer un mundo mejor\"}]},{\"@type\":\"WebSite\",\"@id\":\"https:\/\/www.datecuenta.org\/escuelalibre\/#website\",\"url\":\"https:\/\/www.datecuenta.org\/escuelalibre\/\",\"name\":\"Escuela de fotograf\u00eda en Barcelona | DateCuenta\",\"description\":\"\",\"potentialAction\":[{\"@type\":\"SearchAction\",\"target\":{\"@type\":\"EntryPoint\",\"urlTemplate\":\"https:\/\/www.datecuenta.org\/escuelalibre\/?s={search_term_string}\"},\"query-input\":{\"@type\":\"PropertyValueSpecification\",\"valueRequired\":true,\"valueName\":\"search_term_string\"}}],\"inLanguage\":\"es\"},{\"@type\":\"Person\",\"@id\":\"https:\/\/www.datecuenta.org\/escuelalibre\/#\/schema\/person\/2461c4b87eecd19501ff25c8158edfce\",\"name\":\"Date Cuenta\",\"image\":{\"@type\":\"ImageObject\",\"inLanguage\":\"es\",\"@id\":\"https:\/\/www.datecuenta.org\/escuelalibre\/#\/schema\/person\/image\/\",\"url\":\"https:\/\/secure.gravatar.com\/avatar\/cef072a10d2f235035add558d19bd890155332fc9d829546849b6af5dba440c4?s=96&d=mm&r=g\",\"contentUrl\":\"https:\/\/secure.gravatar.com\/avatar\/cef072a10d2f235035add558d19bd890155332fc9d829546849b6af5dba440c4?s=96&d=mm&r=g\",\"caption\":\"Date Cuenta\"}}]}<\/script>\n<!-- \/ Yoast SEO plugin. -->","yoast_head_json":{"title":"DateCuenta llega a la edad adulta: 15 a\u00f1os de fotograf\u00eda para hacer un mundo mejor","description":"DateCuenta ha cumplido 15 a\u00f1os arropada por personas a las que admiramos, que comulgan con nuestros principios y que utilizan la fotograf\u00eda para hacer un mundo mejor.","robots":{"index":"index","follow":"follow","max-snippet":"max-snippet:-1","max-image-preview":"max-image-preview:large","max-video-preview":"max-video-preview:-1"},"canonical":"https:\/\/www.datecuenta.org\/escuelalibre\/datecuenta-edad-adulta\/","og_locale":"es_ES","og_type":"article","og_title":"DateCuenta llega a la edad adulta: 15 a\u00f1os de fotograf\u00eda para hacer un mundo mejor","og_description":"DateCuenta ha cumplido 15 a\u00f1os arropada por personas a las que admiramos, que comulgan con nuestros principios y que utilizan la fotograf\u00eda para hacer un mundo mejor.","og_url":"https:\/\/www.datecuenta.org\/escuelalibre\/datecuenta-edad-adulta\/","og_site_name":"Escuela de fotograf\u00eda en Barcelona | DateCuenta","article_published_time":"2025-03-19T14:34:57+00:00","article_modified_time":"2025-03-19T21:15:25+00:00","og_image":[{"width":900,"height":600,"url":"http:\/\/www.datecuenta.org\/escuelalibre\/wp-content\/uploads\/2025\/03\/3-aniversario-datecuenta-ana-palacios.jpg","type":"image\/jpeg"}],"author":"Date Cuenta","twitter_card":"summary_large_image","twitter_misc":{"Escrito por":"Date Cuenta","Tiempo de lectura":"9 minutos"},"schema":{"@context":"https:\/\/schema.org","@graph":[{"@type":"Article","@id":"https:\/\/www.datecuenta.org\/escuelalibre\/datecuenta-edad-adulta\/#article","isPartOf":{"@id":"https:\/\/www.datecuenta.org\/escuelalibre\/datecuenta-edad-adulta\/"},"author":{"name":"Date Cuenta","@id":"https:\/\/www.datecuenta.org\/escuelalibre\/#\/schema\/person\/2461c4b87eecd19501ff25c8158edfce"},"headline":"DateCuenta llega a la edad adulta: 15 a\u00f1os de fotograf\u00eda para hacer un mundo mejor","datePublished":"2025-03-19T14:34:57+00:00","dateModified":"2025-03-19T21:15:25+00:00","mainEntityOfPage":{"@id":"https:\/\/www.datecuenta.org\/escuelalibre\/datecuenta-edad-adulta\/"},"wordCount":1676,"image":{"@id":"https:\/\/www.datecuenta.org\/escuelalibre\/datecuenta-edad-adulta\/#primaryimage"},"thumbnailUrl":"https:\/\/www.datecuenta.org\/escuelalibre\/wp-content\/uploads\/2025\/03\/3-aniversario-datecuenta-ana-palacios.jpg","articleSection":["BLOG"],"inLanguage":"es"},{"@type":"WebPage","@id":"https:\/\/www.datecuenta.org\/escuelalibre\/datecuenta-edad-adulta\/","url":"https:\/\/www.datecuenta.org\/escuelalibre\/datecuenta-edad-adulta\/","name":"DateCuenta llega a la edad adulta: 15 a\u00f1os de fotograf\u00eda para hacer un mundo mejor","isPartOf":{"@id":"https:\/\/www.datecuenta.org\/escuelalibre\/#website"},"primaryImageOfPage":{"@id":"https:\/\/www.datecuenta.org\/escuelalibre\/datecuenta-edad-adulta\/#primaryimage"},"image":{"@id":"https:\/\/www.datecuenta.org\/escuelalibre\/datecuenta-edad-adulta\/#primaryimage"},"thumbnailUrl":"https:\/\/www.datecuenta.org\/escuelalibre\/wp-content\/uploads\/2025\/03\/3-aniversario-datecuenta-ana-palacios.jpg","datePublished":"2025-03-19T14:34:57+00:00","dateModified":"2025-03-19T21:15:25+00:00","author":{"@id":"https:\/\/www.datecuenta.org\/escuelalibre\/#\/schema\/person\/2461c4b87eecd19501ff25c8158edfce"},"description":"DateCuenta ha cumplido 15 a\u00f1os arropada por personas a las que admiramos, que comulgan con nuestros principios y que utilizan la fotograf\u00eda para hacer un mundo mejor.","breadcrumb":{"@id":"https:\/\/www.datecuenta.org\/escuelalibre\/datecuenta-edad-adulta\/#breadcrumb"},"inLanguage":"es","potentialAction":[{"@type":"ReadAction","target":["https:\/\/www.datecuenta.org\/escuelalibre\/datecuenta-edad-adulta\/"]}]},{"@type":"ImageObject","inLanguage":"es","@id":"https:\/\/www.datecuenta.org\/escuelalibre\/datecuenta-edad-adulta\/#primaryimage","url":"https:\/\/www.datecuenta.org\/escuelalibre\/wp-content\/uploads\/2025\/03\/3-aniversario-datecuenta-ana-palacios.jpg","contentUrl":"https:\/\/www.datecuenta.org\/escuelalibre\/wp-content\/uploads\/2025\/03\/3-aniversario-datecuenta-ana-palacios.jpg","width":900,"height":600},{"@type":"BreadcrumbList","@id":"https:\/\/www.datecuenta.org\/escuelalibre\/datecuenta-edad-adulta\/#breadcrumb","itemListElement":[{"@type":"ListItem","position":1,"name":"Portada","item":"https:\/\/www.datecuenta.org\/escuelalibre\/"},{"@type":"ListItem","position":2,"name":"DateCuenta llega a la edad adulta: 15 a\u00f1os de fotograf\u00eda para hacer un mundo mejor"}]},{"@type":"WebSite","@id":"https:\/\/www.datecuenta.org\/escuelalibre\/#website","url":"https:\/\/www.datecuenta.org\/escuelalibre\/","name":"Escuela de fotograf\u00eda en Barcelona | DateCuenta","description":"","potentialAction":[{"@type":"SearchAction","target":{"@type":"EntryPoint","urlTemplate":"https:\/\/www.datecuenta.org\/escuelalibre\/?s={search_term_string}"},"query-input":{"@type":"PropertyValueSpecification","valueRequired":true,"valueName":"search_term_string"}}],"inLanguage":"es"},{"@type":"Person","@id":"https:\/\/www.datecuenta.org\/escuelalibre\/#\/schema\/person\/2461c4b87eecd19501ff25c8158edfce","name":"Date Cuenta","image":{"@type":"ImageObject","inLanguage":"es","@id":"https:\/\/www.datecuenta.org\/escuelalibre\/#\/schema\/person\/image\/","url":"https:\/\/secure.gravatar.com\/avatar\/cef072a10d2f235035add558d19bd890155332fc9d829546849b6af5dba440c4?s=96&d=mm&r=g","contentUrl":"https:\/\/secure.gravatar.com\/avatar\/cef072a10d2f235035add558d19bd890155332fc9d829546849b6af5dba440c4?s=96&d=mm&r=g","caption":"Date Cuenta"}}]}},"_links":{"self":[{"href":"https:\/\/www.datecuenta.org\/escuelalibre\/wp-json\/wp\/v2\/posts\/7218","targetHints":{"allow":["GET"]}}],"collection":[{"href":"https:\/\/www.datecuenta.org\/escuelalibre\/wp-json\/wp\/v2\/posts"}],"about":[{"href":"https:\/\/www.datecuenta.org\/escuelalibre\/wp-json\/wp\/v2\/types\/post"}],"author":[{"embeddable":true,"href":"https:\/\/www.datecuenta.org\/escuelalibre\/wp-json\/wp\/v2\/users\/1001002"}],"replies":[{"embeddable":true,"href":"https:\/\/www.datecuenta.org\/escuelalibre\/wp-json\/wp\/v2\/comments?post=7218"}],"version-history":[{"count":19,"href":"https:\/\/www.datecuenta.org\/escuelalibre\/wp-json\/wp\/v2\/posts\/7218\/revisions"}],"predecessor-version":[{"id":7261,"href":"https:\/\/www.datecuenta.org\/escuelalibre\/wp-json\/wp\/v2\/posts\/7218\/revisions\/7261"}],"wp:featuredmedia":[{"embeddable":true,"href":"https:\/\/www.datecuenta.org\/escuelalibre\/wp-json\/wp\/v2\/media\/7228"}],"wp:attachment":[{"href":"https:\/\/www.datecuenta.org\/escuelalibre\/wp-json\/wp\/v2\/media?parent=7218"}],"wp:term":[{"taxonomy":"category","embeddable":true,"href":"https:\/\/www.datecuenta.org\/escuelalibre\/wp-json\/wp\/v2\/categories?post=7218"},{"taxonomy":"post_tag","embeddable":true,"href":"https:\/\/www.datecuenta.org\/escuelalibre\/wp-json\/wp\/v2\/tags?post=7218"}],"curies":[{"name":"wp","href":"https:\/\/api.w.org\/{rel}","templated":true}]}}