{"id":7797,"date":"2026-03-15T12:59:38","date_gmt":"2026-03-15T12:59:38","guid":{"rendered":"https:\/\/www.datecuenta.org\/escuelalibre\/?p=7797"},"modified":"2026-03-15T17:41:55","modified_gmt":"2026-03-15T17:41:55","slug":"fotografia-biologia","status":"publish","type":"post","link":"https:\/\/www.datecuenta.org\/escuelalibre\/fotografia-biologia\/","title":{"rendered":"Fotograf\u00eda y biolog\u00eda para narrar el oc\u00e9ano"},"content":{"rendered":"<p>[et_pb_section fb_built=\u00bb1&#8243; _builder_version=\u00bb4.27.5&#8243; _module_preset=\u00bbdefault\u00bb global_colors_info=\u00bb{}\u00bb][et_pb_row _builder_version=\u00bb4.27.5&#8243; _module_preset=\u00bbdefault\u00bb global_colors_info=\u00bb{}\u00bb][et_pb_column type=\u00bb4_4&#8243; _builder_version=\u00bb4.27.5&#8243; _module_preset=\u00bbdefault\u00bb global_colors_info=\u00bb{}\u00bb][et_pb_text _builder_version=\u00bb4.27.5&#8243; _module_preset=\u00bbdefault\u00bb global_colors_info=\u00bb{}\u00bb]<\/p>\n<blockquote>\n<p><span>Llueve y en las calles que rodean Ca l\u2019Isidret, el gris del cielo se refleja en el acero de los charcos. Pero dentro de la sala, la luz es c\u00e1lida. Y lo es tambi\u00e9n el ambiente. Alumnos, profesores, amigos. Apasionados de la fotograf\u00eda todos. Aqu\u00ed todo el mundo se sienta en las primeras filas para escuchar a Jos\u00e9 A. Castellano. Es la <a href=\"https:\/\/www.datecuenta.org\/escuelalibre\/fotografia-submarina\/\">segunda masterclass de este a\u00f1o en DateCuenta<\/a>.<\/span><\/p>\n<\/blockquote>\n<p>[\/et_pb_text][et_pb_text _builder_version=\u00bb4.27.5&#8243; _module_preset=\u00bbdefault\u00bb hover_enabled=\u00bb0&#8243; global_colors_info=\u00bb{}\u00bb sticky_enabled=\u00bb0&#8243;]<\/p>\n<h2><span>Jose Castellano: narrar el oc\u00e9ano desde la biolog\u00eda<\/span><\/h2>\n<p><strong>Por LAURA CASTILLO | Fotograf\u00edas de SONIA GIM\u00c9NEZ<\/strong><\/p>\n<p><span>El ponente tambi\u00e9n juega en casa. Es <strong>uno de los cientos de estudiantes que han pasado por las aulas de esta escuela<\/strong> fundada en 2009 con la voluntad de ofrecer una formaci\u00f3n accesible, cr\u00edtica y muy pegada a la pr\u00e1ctica profesional. DateCuenta naci\u00f3 como un proyecto autogestionado por profesionales de la comunicaci\u00f3n y desde entonces ha formado a personas de decenas de nacionalidades interesadas en la fotograf\u00eda, el cine documental o el periodismo.<\/span><\/p>\n<p><span>Castellano forma parte de esa historia. Estudi\u00f3 zoolog\u00eda en Granada, vivi\u00f3 en Holanda donde se especializ\u00f3 en oceanograf\u00eda y termin\u00f3 descubriendo la fotograf\u00eda y el cine documental precisamente aqu\u00ed, en la escuela. Del laboratorio universitario salt\u00f3 al agua y, como \u00e9l mismo explica con una sonrisa, ya no volvi\u00f3 a salir. <strong>\u201cAntes que fot\u00f3grafo o buzo, soy bi\u00f3logo\u201d<\/strong>.<\/span><\/p>\n<p><span>Mientras habla, su equipo fotogr\u00e1fico descansa sobre la mesa como un ar\u00e1cnido dormido, protegido dentro de la carcasa estanca que lo acompa\u00f1a en cada inmersi\u00f3n. Un sistema complejo de lentes, brazos y flashes dise\u00f1ado para sobrevivir a la presi\u00f3n del agua y a la fragilidad de la electr\u00f3nica. Pero en esencia \u2014explica\u2014 sigue siendo una c\u00e1mara convencional. La diferencia no est\u00e1 tanto en la tecnolog\u00eda como en el medio.<\/span><\/p>\n<p>[\/et_pb_text][et_pb_image src=\u00bbhttp:\/\/www.datecuenta.org\/escuelalibre\/wp-content\/uploads\/2026\/03\/jose2.jpg\u00bb title_text=\u00bbjose2&#8243; _builder_version=\u00bb4.27.5&#8243; _module_preset=\u00bbdefault\u00bb global_colors_info=\u00bb{}\u00bb][\/et_pb_image][et_pb_text _builder_version=\u00bb4.27.5&#8243; _module_preset=\u00bbdefault\u00bb global_colors_info=\u00bb{}\u00bb]<\/p>\n<h2><span>Un mundo extra\u00f1o<\/span><\/h2>\n<p><span>Sumergirse en el medio marino es adentrarse en un universo extra\u00f1o. Un mundo f\u00edsico diferente, con <strong>reglas distintas a las del medio terrestre<\/strong>. Bajo el agua somos intrusos.<\/span><\/p>\n<p><span><strong>La primera barrera es la luz. La segunda, la densidad<\/strong>. El agua es aproximadamente ochocientas veces m\u00e1s densa que el aire, lo que significa que entre la c\u00e1mara y el sujeto se interponen miles de part\u00edculas en suspensi\u00f3n. <strong>Ese polvo invisible es la pesadilla del fot\u00f3grafo submarino<\/strong>: refleja la luz de los flashes, dispersa los contrastes y convierte la imagen en una tormenta de motas brillantes.<\/span><\/p>\n<p><span>Pero la transformaci\u00f3n m\u00e1s evidente ocurre con el color.<\/span><\/p>\n<p><strong>Conforme desciendes, los colores desaparecen.<\/strong> Primero se pierden los rojos, luego los naranjas y amarillos. A cierta profundidad todo queda sumergido en un azul verdoso uniforme. Los jardines multicolores del fondo marino se transforman en paisajes monocromos, planos, casi irreales.<\/p>\n<p>[\/et_pb_text][et_pb_image src=\u00bbhttp:\/\/www.datecuenta.org\/escuelalibre\/wp-content\/uploads\/2026\/03\/jose6.jpg\u00bb title_text=\u00bbjose6&#8243; _builder_version=\u00bb4.27.5&#8243; _module_preset=\u00bbdefault\u00bb global_colors_info=\u00bb{}\u00bb][\/et_pb_image][et_pb_text _builder_version=\u00bb4.27.5&#8243; _module_preset=\u00bbdefault\u00bb global_colors_info=\u00bb{}\u00bb]<\/p>\n<p><span>La tarea del fot\u00f3grafo consiste en recuperar lo que el agua nos oculta.<\/span><\/p>\n<p><span>Castellano explica que existen dos caminos. Uno es <strong>trabajar con la luz natural y reconstruir el color<\/strong> durante la edici\u00f3n posterior. El otro consiste en introducir luz artificial en la escena mediante<strong> flashes submarinos que devuelvan a los corales y a los peces su paleta original<\/strong>: rojos vibrantes, c\u00edtricos luminosos, azules el\u00e9ctricos, naranjas intensos, fucsias y verdes oliva.<\/span><\/p>\n<p><span>Domar esa luz requiere a\u00f1os de pr\u00e1ctica. Tambi\u00e9n dominar la t\u00e9cnica fotogr\u00e1fica cl\u00e1sica: velocidad, apertura del diafragma, distancia focal. Bajo el agua todo se mueve \u2014las corrientes, las part\u00edculas, los propios animales\u2014, de modo que la velocidad debe ser lo bastante alta como para congelar la escena. Y la apertura suele ser generosa para compensar la p\u00e9rdida de luz.<\/span><\/p>\n<p><span>En sus im\u00e1genes conviven dos mundos: <strong>el gran angular y el detalle microsc\u00f3pico<\/strong>. Para los paisajes submarinos utiliza lentes ojo de pez de 15 mil\u00edmetros que capturan la amplitud del entorno; para los retratos de criaturas diminutas recurre a objetivos macro de 100 mil\u00edmetros.<\/span><\/p>\n<p>[\/et_pb_text][et_pb_image src=\u00bbhttp:\/\/www.datecuenta.org\/escuelalibre\/wp-content\/uploads\/2026\/03\/jose3.jpg\u00bb title_text=\u00bbjose3&#8243; _builder_version=\u00bb4.27.5&#8243; _module_preset=\u00bbdefault\u00bb global_colors_info=\u00bb{}\u00bb][\/et_pb_image][et_pb_text _builder_version=\u00bb4.27.5&#8243; _module_preset=\u00bbdefault\u00bb global_colors_info=\u00bb{}\u00bb]<\/p>\n<h2><strong>Mirar como bi\u00f3logo<\/strong><\/h2>\n<p><span>Sin embargo, la t\u00e9cnica no es lo m\u00e1s importante. Castellano insiste en que su verdadera ventaja es la biolog\u00eda.<\/span><\/p>\n<p><span><strong>Conocer el comportamiento de las especies<\/strong> permite anticipar lo que va a ocurrir. Saber cu\u00e1ndo un pez limpiador se acercar\u00e1 a su hu\u00e9sped o cu\u00e1ndo un pez payado est\u00e1 desovando. En un entorno tan din\u00e1mico como el oc\u00e9ano, entender lo que est\u00e1s viendo es la base para construir una historia.<\/span><\/p>\n<p><span>Porque de eso se trata: de <strong>narrar<\/strong>.<\/span><\/p>\n<p><span>La fotograf\u00eda de naturaleza en tierra exige paciencia infinita y largas horas de espera. En el mar, en cambio, la interacci\u00f3n con los animales es m\u00e1s directa. Puedes acercarte, observarlos, incluso establecer una especie de di\u00e1logo silencioso.<\/span><\/p>\n<p><span>Entre sus proyectos m\u00e1s personales est\u00e1 una serie de <strong>retratos frontales de peces<\/strong>. Castellano reivindica el ingenio de estos animales, tan a menudo simplificados. Mirarlos de frente, a su misma altura, revela algo inesperado: individualidad, car\u00e1cter, incluso cierta expresividad.<\/span><\/p>\n<p><span>El resultado son im\u00e1genes que parecen m\u00e1s cercanas al retrato humano que a la fotograf\u00eda de naturaleza.<\/span><\/p>\n<p>Tambi\u00e9n explora otros lenguajes. <strong>El blanco y negro, por ejemplo, le permite desprenderse del exotismo crom\u00e1tico<\/strong> del oc\u00e9ano y centrarse en las formas, las texturas y las geometr\u00edas de un mundo que a veces parece propio de otros planetas. <\/p>\n<p>[\/et_pb_text][et_pb_image src=\u00bbhttp:\/\/www.datecuenta.org\/escuelalibre\/wp-content\/uploads\/2026\/03\/jose1.jpg\u00bb title_text=\u00bbjose1&#8243; _builder_version=\u00bb4.27.5&#8243; _module_preset=\u00bbdefault\u00bb global_colors_info=\u00bb{}\u00bb][\/et_pb_image][et_pb_text _builder_version=\u00bb4.27.5&#8243; _module_preset=\u00bbdefault\u00bb global_colors_info=\u00bb{}\u00bb]<\/p>\n<h2><strong>Contar lo que ocurre all\u00e1 abajo<\/strong><\/h2>\n<p><span>En el tramo final de la charla, Castellano vuelve al punto de partida: la biolog\u00eda.<\/span><\/p>\n<p><span>Para \u00e9l la fotograf\u00eda submarina no es solo una disciplina est\u00e9tica. Es tambi\u00e9n una herramienta de conocimiento y de conciencia ambiental. Mostrar lo que ocurre bajo la superficie \u2014c\u00f3mo viven los organismos, c\u00f3mo interact\u00faan, c\u00f3mo afecta la presencia humana a sus ecosistemas\u2014 es una forma de <strong>acercar el oc\u00e9ano a quienes nunca lo han visto de cerca<\/strong>.<\/span><\/p>\n<p><span>Contar historias desde la biolog\u00eda.<\/span><\/p>\n<p>Porque, al fin y al cabo, ser fot\u00f3grafo consiste precisamente en eso: en <strong>aprender a mirar el mundo con suficiente atenci\u00f3n como para poder contarlo<\/strong>.<\/p>\n<p>[\/et_pb_text][\/et_pb_column][\/et_pb_row][\/et_pb_section]<\/p>\n","protected":false},"excerpt":{"rendered":"<p>Llueve y en las calles que rodean Ca l\u2019Isidret, el gris del cielo se refleja en el acero de los charcos. Pero dentro de la sala, la luz es c\u00e1lida. Y lo es tambi\u00e9n el ambiente. Alumnos, profesores, amigos. Apasionados de la fotograf\u00eda todos. Aqu\u00ed todo el mundo se sienta en las primeras filas para [&hellip;]<\/p>\n","protected":false},"author":1001002,"featured_media":7803,"comment_status":"closed","ping_status":"closed","sticky":false,"template":"","format":"standard","meta":{"_et_pb_use_builder":"on","_et_pb_old_content":"","_et_gb_content_width":"","content-type":"","_monsterinsights_skip_tracking":false,"_monsterinsights_sitenote_active":false,"_monsterinsights_sitenote_note":"","_monsterinsights_sitenote_category":0,"_joinchat":[],"footnotes":""},"categories":[187],"tags":[],"class_list":["post-7797","post","type-post","status-publish","format-standard","has-post-thumbnail","hentry","category-noticias"],"yoast_head":"<!-- This site is optimized with the Yoast SEO plugin v26.9 - https:\/\/yoast.com\/product\/yoast-seo-wordpress\/ -->\n<title>Fotograf\u00eda y biolog\u00eda para narrar el oc\u00e9ano<\/title>\n<meta name=\"robots\" content=\"index, follow, max-snippet:-1, max-image-preview:large, max-video-preview:-1\" \/>\n<link rel=\"canonical\" href=\"https:\/\/www.datecuenta.org\/escuelalibre\/fotografia-biologia\/\" \/>\n<meta property=\"og:locale\" content=\"es_ES\" \/>\n<meta property=\"og:type\" content=\"article\" \/>\n<meta property=\"og:title\" content=\"Fotograf\u00eda y biolog\u00eda para narrar el oc\u00e9ano\" \/>\n<meta property=\"og:description\" content=\"Llueve y en las calles que rodean Ca l\u2019Isidret, el gris del cielo se refleja en el acero de los charcos. Pero dentro de la sala, la luz es c\u00e1lida. Y lo es tambi\u00e9n el ambiente. Alumnos, profesores, amigos. Apasionados de la fotograf\u00eda todos. Aqu\u00ed todo el mundo se sienta en las primeras filas para [&hellip;]\" \/>\n<meta property=\"og:url\" content=\"https:\/\/www.datecuenta.org\/escuelalibre\/fotografia-biologia\/\" \/>\n<meta property=\"og:site_name\" content=\"Escuela de fotograf\u00eda en Barcelona | DateCuenta\" \/>\n<meta property=\"article:published_time\" content=\"2026-03-15T12:59:38+00:00\" \/>\n<meta property=\"article:modified_time\" content=\"2026-03-15T17:41:55+00:00\" \/>\n<meta property=\"og:image\" content=\"http:\/\/www.datecuenta.org\/escuelalibre\/wp-content\/uploads\/2026\/03\/jose4.jpg\" \/>\n\t<meta property=\"og:image:width\" content=\"900\" \/>\n\t<meta property=\"og:image:height\" content=\"600\" \/>\n\t<meta property=\"og:image:type\" content=\"image\/jpeg\" \/>\n<meta name=\"author\" content=\"Date Cuenta\" \/>\n<meta name=\"twitter:card\" content=\"summary_large_image\" \/>\n<meta name=\"twitter:label1\" content=\"Escrito por\" \/>\n\t<meta name=\"twitter:data1\" content=\"Date Cuenta\" \/>\n\t<meta name=\"twitter:label2\" content=\"Tiempo de lectura\" \/>\n\t<meta name=\"twitter:data2\" content=\"1 minuto\" \/>\n<script type=\"application\/ld+json\" class=\"yoast-schema-graph\">{\"@context\":\"https:\/\/schema.org\",\"@graph\":[{\"@type\":\"Article\",\"@id\":\"https:\/\/www.datecuenta.org\/escuelalibre\/fotografia-biologia\/#article\",\"isPartOf\":{\"@id\":\"https:\/\/www.datecuenta.org\/escuelalibre\/fotografia-biologia\/\"},\"author\":{\"name\":\"Date Cuenta\",\"@id\":\"https:\/\/www.datecuenta.org\/escuelalibre\/#\/schema\/person\/2461c4b87eecd19501ff25c8158edfce\"},\"headline\":\"Fotograf\u00eda y biolog\u00eda para narrar el oc\u00e9ano\",\"datePublished\":\"2026-03-15T12:59:38+00:00\",\"dateModified\":\"2026-03-15T17:41:55+00:00\",\"mainEntityOfPage\":{\"@id\":\"https:\/\/www.datecuenta.org\/escuelalibre\/fotografia-biologia\/\"},\"wordCount\":1261,\"image\":{\"@id\":\"https:\/\/www.datecuenta.org\/escuelalibre\/fotografia-biologia\/#primaryimage\"},\"thumbnailUrl\":\"https:\/\/www.datecuenta.org\/escuelalibre\/wp-content\/uploads\/2026\/03\/jose4.jpg\",\"articleSection\":[\"BLOG\"],\"inLanguage\":\"es\"},{\"@type\":\"WebPage\",\"@id\":\"https:\/\/www.datecuenta.org\/escuelalibre\/fotografia-biologia\/\",\"url\":\"https:\/\/www.datecuenta.org\/escuelalibre\/fotografia-biologia\/\",\"name\":\"Fotograf\u00eda y biolog\u00eda para narrar el oc\u00e9ano\",\"isPartOf\":{\"@id\":\"https:\/\/www.datecuenta.org\/escuelalibre\/#website\"},\"primaryImageOfPage\":{\"@id\":\"https:\/\/www.datecuenta.org\/escuelalibre\/fotografia-biologia\/#primaryimage\"},\"image\":{\"@id\":\"https:\/\/www.datecuenta.org\/escuelalibre\/fotografia-biologia\/#primaryimage\"},\"thumbnailUrl\":\"https:\/\/www.datecuenta.org\/escuelalibre\/wp-content\/uploads\/2026\/03\/jose4.jpg\",\"datePublished\":\"2026-03-15T12:59:38+00:00\",\"dateModified\":\"2026-03-15T17:41:55+00:00\",\"author\":{\"@id\":\"https:\/\/www.datecuenta.org\/escuelalibre\/#\/schema\/person\/2461c4b87eecd19501ff25c8158edfce\"},\"breadcrumb\":{\"@id\":\"https:\/\/www.datecuenta.org\/escuelalibre\/fotografia-biologia\/#breadcrumb\"},\"inLanguage\":\"es\",\"potentialAction\":[{\"@type\":\"ReadAction\",\"target\":[\"https:\/\/www.datecuenta.org\/escuelalibre\/fotografia-biologia\/\"]}]},{\"@type\":\"ImageObject\",\"inLanguage\":\"es\",\"@id\":\"https:\/\/www.datecuenta.org\/escuelalibre\/fotografia-biologia\/#primaryimage\",\"url\":\"https:\/\/www.datecuenta.org\/escuelalibre\/wp-content\/uploads\/2026\/03\/jose4.jpg\",\"contentUrl\":\"https:\/\/www.datecuenta.org\/escuelalibre\/wp-content\/uploads\/2026\/03\/jose4.jpg\",\"width\":900,\"height\":600},{\"@type\":\"BreadcrumbList\",\"@id\":\"https:\/\/www.datecuenta.org\/escuelalibre\/fotografia-biologia\/#breadcrumb\",\"itemListElement\":[{\"@type\":\"ListItem\",\"position\":1,\"name\":\"Portada\",\"item\":\"https:\/\/www.datecuenta.org\/escuelalibre\/\"},{\"@type\":\"ListItem\",\"position\":2,\"name\":\"Fotograf\u00eda y biolog\u00eda para narrar el oc\u00e9ano\"}]},{\"@type\":\"WebSite\",\"@id\":\"https:\/\/www.datecuenta.org\/escuelalibre\/#website\",\"url\":\"https:\/\/www.datecuenta.org\/escuelalibre\/\",\"name\":\"Escuela de fotograf\u00eda en Barcelona | DateCuenta\",\"description\":\"\",\"potentialAction\":[{\"@type\":\"SearchAction\",\"target\":{\"@type\":\"EntryPoint\",\"urlTemplate\":\"https:\/\/www.datecuenta.org\/escuelalibre\/?s={search_term_string}\"},\"query-input\":{\"@type\":\"PropertyValueSpecification\",\"valueRequired\":true,\"valueName\":\"search_term_string\"}}],\"inLanguage\":\"es\"},{\"@type\":\"Person\",\"@id\":\"https:\/\/www.datecuenta.org\/escuelalibre\/#\/schema\/person\/2461c4b87eecd19501ff25c8158edfce\",\"name\":\"Date Cuenta\",\"image\":{\"@type\":\"ImageObject\",\"inLanguage\":\"es\",\"@id\":\"https:\/\/www.datecuenta.org\/escuelalibre\/#\/schema\/person\/image\/\",\"url\":\"https:\/\/secure.gravatar.com\/avatar\/cef072a10d2f235035add558d19bd890155332fc9d829546849b6af5dba440c4?s=96&d=mm&r=g\",\"contentUrl\":\"https:\/\/secure.gravatar.com\/avatar\/cef072a10d2f235035add558d19bd890155332fc9d829546849b6af5dba440c4?s=96&d=mm&r=g\",\"caption\":\"Date Cuenta\"}}]}<\/script>\n<!-- \/ Yoast SEO plugin. -->","yoast_head_json":{"title":"Fotograf\u00eda y biolog\u00eda para narrar el oc\u00e9ano","robots":{"index":"index","follow":"follow","max-snippet":"max-snippet:-1","max-image-preview":"max-image-preview:large","max-video-preview":"max-video-preview:-1"},"canonical":"https:\/\/www.datecuenta.org\/escuelalibre\/fotografia-biologia\/","og_locale":"es_ES","og_type":"article","og_title":"Fotograf\u00eda y biolog\u00eda para narrar el oc\u00e9ano","og_description":"Llueve y en las calles que rodean Ca l\u2019Isidret, el gris del cielo se refleja en el acero de los charcos. Pero dentro de la sala, la luz es c\u00e1lida. Y lo es tambi\u00e9n el ambiente. Alumnos, profesores, amigos. Apasionados de la fotograf\u00eda todos. Aqu\u00ed todo el mundo se sienta en las primeras filas para [&hellip;]","og_url":"https:\/\/www.datecuenta.org\/escuelalibre\/fotografia-biologia\/","og_site_name":"Escuela de fotograf\u00eda en Barcelona | DateCuenta","article_published_time":"2026-03-15T12:59:38+00:00","article_modified_time":"2026-03-15T17:41:55+00:00","og_image":[{"width":900,"height":600,"url":"http:\/\/www.datecuenta.org\/escuelalibre\/wp-content\/uploads\/2026\/03\/jose4.jpg","type":"image\/jpeg"}],"author":"Date Cuenta","twitter_card":"summary_large_image","twitter_misc":{"Escrito por":"Date Cuenta","Tiempo de lectura":"1 minuto"},"schema":{"@context":"https:\/\/schema.org","@graph":[{"@type":"Article","@id":"https:\/\/www.datecuenta.org\/escuelalibre\/fotografia-biologia\/#article","isPartOf":{"@id":"https:\/\/www.datecuenta.org\/escuelalibre\/fotografia-biologia\/"},"author":{"name":"Date Cuenta","@id":"https:\/\/www.datecuenta.org\/escuelalibre\/#\/schema\/person\/2461c4b87eecd19501ff25c8158edfce"},"headline":"Fotograf\u00eda y biolog\u00eda para narrar el oc\u00e9ano","datePublished":"2026-03-15T12:59:38+00:00","dateModified":"2026-03-15T17:41:55+00:00","mainEntityOfPage":{"@id":"https:\/\/www.datecuenta.org\/escuelalibre\/fotografia-biologia\/"},"wordCount":1261,"image":{"@id":"https:\/\/www.datecuenta.org\/escuelalibre\/fotografia-biologia\/#primaryimage"},"thumbnailUrl":"https:\/\/www.datecuenta.org\/escuelalibre\/wp-content\/uploads\/2026\/03\/jose4.jpg","articleSection":["BLOG"],"inLanguage":"es"},{"@type":"WebPage","@id":"https:\/\/www.datecuenta.org\/escuelalibre\/fotografia-biologia\/","url":"https:\/\/www.datecuenta.org\/escuelalibre\/fotografia-biologia\/","name":"Fotograf\u00eda y biolog\u00eda para narrar el oc\u00e9ano","isPartOf":{"@id":"https:\/\/www.datecuenta.org\/escuelalibre\/#website"},"primaryImageOfPage":{"@id":"https:\/\/www.datecuenta.org\/escuelalibre\/fotografia-biologia\/#primaryimage"},"image":{"@id":"https:\/\/www.datecuenta.org\/escuelalibre\/fotografia-biologia\/#primaryimage"},"thumbnailUrl":"https:\/\/www.datecuenta.org\/escuelalibre\/wp-content\/uploads\/2026\/03\/jose4.jpg","datePublished":"2026-03-15T12:59:38+00:00","dateModified":"2026-03-15T17:41:55+00:00","author":{"@id":"https:\/\/www.datecuenta.org\/escuelalibre\/#\/schema\/person\/2461c4b87eecd19501ff25c8158edfce"},"breadcrumb":{"@id":"https:\/\/www.datecuenta.org\/escuelalibre\/fotografia-biologia\/#breadcrumb"},"inLanguage":"es","potentialAction":[{"@type":"ReadAction","target":["https:\/\/www.datecuenta.org\/escuelalibre\/fotografia-biologia\/"]}]},{"@type":"ImageObject","inLanguage":"es","@id":"https:\/\/www.datecuenta.org\/escuelalibre\/fotografia-biologia\/#primaryimage","url":"https:\/\/www.datecuenta.org\/escuelalibre\/wp-content\/uploads\/2026\/03\/jose4.jpg","contentUrl":"https:\/\/www.datecuenta.org\/escuelalibre\/wp-content\/uploads\/2026\/03\/jose4.jpg","width":900,"height":600},{"@type":"BreadcrumbList","@id":"https:\/\/www.datecuenta.org\/escuelalibre\/fotografia-biologia\/#breadcrumb","itemListElement":[{"@type":"ListItem","position":1,"name":"Portada","item":"https:\/\/www.datecuenta.org\/escuelalibre\/"},{"@type":"ListItem","position":2,"name":"Fotograf\u00eda y biolog\u00eda para narrar el oc\u00e9ano"}]},{"@type":"WebSite","@id":"https:\/\/www.datecuenta.org\/escuelalibre\/#website","url":"https:\/\/www.datecuenta.org\/escuelalibre\/","name":"Escuela de fotograf\u00eda en Barcelona | DateCuenta","description":"","potentialAction":[{"@type":"SearchAction","target":{"@type":"EntryPoint","urlTemplate":"https:\/\/www.datecuenta.org\/escuelalibre\/?s={search_term_string}"},"query-input":{"@type":"PropertyValueSpecification","valueRequired":true,"valueName":"search_term_string"}}],"inLanguage":"es"},{"@type":"Person","@id":"https:\/\/www.datecuenta.org\/escuelalibre\/#\/schema\/person\/2461c4b87eecd19501ff25c8158edfce","name":"Date Cuenta","image":{"@type":"ImageObject","inLanguage":"es","@id":"https:\/\/www.datecuenta.org\/escuelalibre\/#\/schema\/person\/image\/","url":"https:\/\/secure.gravatar.com\/avatar\/cef072a10d2f235035add558d19bd890155332fc9d829546849b6af5dba440c4?s=96&d=mm&r=g","contentUrl":"https:\/\/secure.gravatar.com\/avatar\/cef072a10d2f235035add558d19bd890155332fc9d829546849b6af5dba440c4?s=96&d=mm&r=g","caption":"Date Cuenta"}}]}},"_links":{"self":[{"href":"https:\/\/www.datecuenta.org\/escuelalibre\/wp-json\/wp\/v2\/posts\/7797","targetHints":{"allow":["GET"]}}],"collection":[{"href":"https:\/\/www.datecuenta.org\/escuelalibre\/wp-json\/wp\/v2\/posts"}],"about":[{"href":"https:\/\/www.datecuenta.org\/escuelalibre\/wp-json\/wp\/v2\/types\/post"}],"author":[{"embeddable":true,"href":"https:\/\/www.datecuenta.org\/escuelalibre\/wp-json\/wp\/v2\/users\/1001002"}],"replies":[{"embeddable":true,"href":"https:\/\/www.datecuenta.org\/escuelalibre\/wp-json\/wp\/v2\/comments?post=7797"}],"version-history":[{"count":5,"href":"https:\/\/www.datecuenta.org\/escuelalibre\/wp-json\/wp\/v2\/posts\/7797\/revisions"}],"predecessor-version":[{"id":7812,"href":"https:\/\/www.datecuenta.org\/escuelalibre\/wp-json\/wp\/v2\/posts\/7797\/revisions\/7812"}],"wp:featuredmedia":[{"embeddable":true,"href":"https:\/\/www.datecuenta.org\/escuelalibre\/wp-json\/wp\/v2\/media\/7803"}],"wp:attachment":[{"href":"https:\/\/www.datecuenta.org\/escuelalibre\/wp-json\/wp\/v2\/media?parent=7797"}],"wp:term":[{"taxonomy":"category","embeddable":true,"href":"https:\/\/www.datecuenta.org\/escuelalibre\/wp-json\/wp\/v2\/categories?post=7797"},{"taxonomy":"post_tag","embeddable":true,"href":"https:\/\/www.datecuenta.org\/escuelalibre\/wp-json\/wp\/v2\/tags?post=7797"}],"curies":[{"name":"wp","href":"https:\/\/api.w.org\/{rel}","templated":true}]}}